{"id":2964,"date":"2024-12-23T09:34:32","date_gmt":"2024-12-23T12:34:32","guid":{"rendered":"https:\/\/prefeitosegestoes.com.br\/portal\/?p=2964"},"modified":"2024-12-23T09:34:32","modified_gmt":"2024-12-23T12:34:32","slug":"dino-determina-suspensao-de-pagamento-de-emendas-e-abertura-de-investigacao-da-pf","status":"publish","type":"post","link":"https:\/\/prefeitosegestoes.com.br\/portal\/dino-determina-suspensao-de-pagamento-de-emendas-e-abertura-de-investigacao-da-pf\/","title":{"rendered":"Dino determina suspens\u00e3o de pagamento de emendas e abertura de investiga\u00e7\u00e3o da PF"},"content":{"rendered":"<div class=\"mc-article-header\">\n<div class=\"row content-head mc-column non-featured \">\n<div class=\"medium-centered subtitle\">\n<h2 class=\"content-head__subtitle\">Decis\u00e3o do ministro suspende o pagamento de R$ 4,2 bilh\u00f5es em emendas de comiss\u00e3o. Libera\u00e7\u00e3o s\u00f3 poder\u00e1 ser feita se as indica\u00e7\u00f5es seguirem os crit\u00e9rios de transpar\u00eancia definidos pelo STF.<\/h2>\n<\/div>\n<\/div>\n<div><\/div>\n<div class=\"content__signa-share mc-column\">\n<div class=\"content__signature\">\n<div class=\"content-publication-data\">\n<div class=\"content-publication-data__text\">\n<p class=\"content-publication-data__from\" title=\"Vladimir Netto, Fernanda Vivas\">Por Vladimir Netto,\u00a0<a class=\"multi_signatures\" href=\"https:\/\/g1.globo.com\/autores\/fernanda-vivas\/\">Fernanda Vivas<\/a>, TV Globo\u00a0\u2014 Bras\u00edlia<\/p>\n<p class=\"content-publication-data__updated\"><time datetime=\"2024-12-23T08:23:02.080-03:00\">23\/12\/2024 08h23\u00a0<\/time><span class=\"content-publication-data__updated-relative\">\u00a0<time datetime=\"2024-12-23T09:14:41.199-03:00\">Atualizado\u00a0<time datetime=\"2024-12-23T09:14:41.199-03:00\">h\u00e1 11 minutos<\/time><\/time><\/span><\/p>\n<\/div>\n<\/div>\n<\/div>\n<\/div>\n<\/div>\n<div class=\"mc-article-body\">\n<article>\n<div id=\"chunk-bbt4s\">\n<div class=\"mc-column content-text active-extra-styles active-capital-letter\" data-block-type=\"unstyled\" data-block-weight=\"43\" data-block-id=\"1\">\n<p class=\" content-text__container theme-color-primary-first-letter\" data-track-category=\"Link no Texto\" data-track-links=\"\" data-mrf-recirculation=\"Mat\u00e9ria - Links no Texto\">O ministro Fl\u00e1vio Dino, do Supremo Tribunal Federal (<a class=\"\" href=\"https:\/\/g1.globo.com\/tudo-sobre\/supremo-tribunal-federal\/\" data-mrf-link=\"https:\/\/g1.globo.com\/tudo-sobre\/supremo-tribunal-federal\/\">STF<\/a>), determinou nesta segunda-feira (23) a\u00a0<strong>suspens\u00e3o do pagamento<\/strong>\u00a0de pouco mais de\u00a0<a class=\"\" href=\"https:\/\/g1.globo.com\/politica\/noticia\/2024\/12\/09\/emendas-dino-rejeita-pedido-da-agu-e-mantem-integra-da-decisao.ghtml\" data-mrf-link=\"https:\/\/g1.globo.com\/politica\/noticia\/2024\/12\/09\/emendas-dino-rejeita-pedido-da-agu-e-mantem-integra-da-decisao.ghtml\">R$ 4 bilh\u00f5es em emendas parlamentares<\/a>\u00a0e determinou que a\u00a0<a class=\"\" href=\"https:\/\/g1.globo.com\/tudo-sobre\/policia-federal\/\" data-mrf-link=\"https:\/\/g1.globo.com\/tudo-sobre\/policia-federal\/\">Pol\u00edcia Federal<\/a>\u00a0(PF) abra um inqu\u00e9rito para apurar a libera\u00e7\u00e3o deste valor.<\/p>\n<\/div>\n<\/div>\n<div class=\"wall protected-content\">\n<div id=\"chunk-3pudj\">\n<div class=\"mc-column content-text active-extra-styles \" data-block-type=\"unstyled\" data-block-weight=\"37\" data-block-id=\"3\">\n<p class=\" content-text__container \" data-track-category=\"Link no Texto\" data-track-links=\"\" data-mrf-recirculation=\"Mat\u00e9ria - Links no Texto\"><span class=\"highlight highlighted\">As<\/span><strong><span class=\"highlight highlighted\">\u00a0emendas parlamentares\u00a0<\/span><\/strong><span class=\"highlight highlighted\">s\u00e3o uma reserva dentro do Or\u00e7amento\u00a0<\/span>usadas conforme indica\u00e7\u00e3o de deputados e senadores. \u00c9 esse o dinheiro enviado pelos parlamentares \u00e0s suas bases eleitorais. A execu\u00e7\u00e3o do dinheiro \u00e9 de compet\u00eancia do governo federal.<\/p>\n<\/div>\n<\/div>\n<div id=\"chunk-a2eve\">\n<div class=\"mc-column content-text active-extra-styles\" data-block-type=\"raw\" data-block-weight=\"14\" data-block-id=\"4\">\n<ul class=\"content-unordered-list\">\n<li><a class=\"\" href=\"https:\/\/g1.globo.com\/politica\/noticia\/2024\/12\/02\/o-que-sao-emendas-parlamentares-e-o-que-dino-decidiu-ao-liberar-o-retorno-dos-pagamentos-entenda.ghtml\">O que s\u00e3o emendas parlamentares e o que Dino decidiu sobre os pagamentos? Entenda<\/a><\/li>\n<\/ul>\n<\/div>\n<\/div>\n<div id=\"chunk-fkq6l\">\n<div class=\"mc-column content-text active-extra-styles \" data-block-type=\"unstyled\" data-block-weight=\"25\" data-block-id=\"5\">\n<p class=\" content-text__container \" data-track-category=\"Link no Texto\" data-track-links=\"\" data-mrf-recirculation=\"Mat\u00e9ria - Links no Texto\">A decis\u00e3o de Dino foi uma resposta a um pedido do PSOL, que apontou irregularidades na destina\u00e7\u00e3o\u00a0<span class=\"highlight highlighted\">de R$ 4,2 bilh\u00f5es em emendas de comiss\u00e3o.<\/span><\/p>\n<\/div>\n<\/div>\n<div id=\"chunk-529r1\">\n<div class=\"bs-video-block mc-column   content-media content-video\" data-block-type=\"backstage-video\" data-block-id=\"6\">\n<div class=\"content-media__container\">\n<p class=\"content-media__description\">Governo publica portaria detalhando regras pra destravar emendas parlamentares<\/p>\n<\/div>\n<\/div>\n<\/div>\n<div id=\"chunk-dl6hj\">\n<div class=\"mc-column content-text active-extra-styles \" data-block-type=\"unstyled\" data-block-weight=\"34\" data-block-id=\"8\">\n<p class=\" content-text__container \" data-track-category=\"Link no Texto\" data-track-links=\"\" data-mrf-recirculation=\"Mat\u00e9ria - Links no Texto\">Esse tipo de emenda, que n\u00e3o tem pagamento obrigat\u00f3rio, \u00e9 indicada por colegiados tem\u00e1ticos no Congresso, tanto da C\u00e2mara, quanto do Senado. Essa modalidade foi turbinada ap\u00f3s o\u00a0<a class=\"\" href=\"https:\/\/g1.globo.com\/politica\/noticia\/2024\/08\/14\/alvo-do-stf-pagamento-de-emendas-de-comissao-aumentou-quase-6000percent-em-relacao-a-2022.ghtml\" data-mrf-link=\"https:\/\/g1.globo.com\/politica\/noticia\/2024\/08\/14\/alvo-do-stf-pagamento-de-emendas-de-comissao-aumentou-quase-6000percent-em-relacao-a-2022.ghtml\">STF derrubar as emendas de relator.<\/a><\/p>\n<\/div>\n<\/div>\n<div id=\"chunk-5jmq\">\n<div class=\"mc-column content-text active-extra-styles \" data-block-type=\"unstyled\" data-block-weight=\"17\" data-block-id=\"9\">\n<p class=\" content-text__container \" data-track-category=\"Link no Texto\" data-track-links=\"\" data-mrf-recirculation=\"Mat\u00e9ria - Links no Texto\">O PSOL questionou no STF o of\u00edcio que<a class=\"\" href=\"https:\/\/g1.globo.com\/politica\/noticia\/2024\/12\/13\/governo-atualiza-liberacao-de-emendas-parlamentares-r-7-bilhoes-ate-a-proxima-segunda-feira.ghtml\" data-mrf-link=\"https:\/\/g1.globo.com\/politica\/noticia\/2024\/12\/13\/governo-atualiza-liberacao-de-emendas-parlamentares-r-7-bilhoes-ate-a-proxima-segunda-feira.ghtml\">\u00a0autorizou o repasse dos recursos das emendas<\/a> de comiss\u00e3o.<\/p>\n<\/div>\n<\/div>\n<div id=\"chunk-6m58t\">\n<div class=\"mc-column content-text active-extra-styles\" data-block-type=\"raw\" data-block-weight=\"6\" data-block-id=\"10\">\n<div class=\"content-intertitle\">\n<h2>Como foi a libera\u00e7\u00e3o dos repasses?<\/h2>\n<\/div>\n<\/div>\n<\/div>\n<div id=\"chunk-5eq0m\">\n<div class=\"mc-column content-text active-extra-styles \" data-block-type=\"unstyled\" data-block-weight=\"35\" data-block-id=\"11\">\n<p class=\" content-text__container \" data-track-category=\"Link no Texto\" data-track-links=\"\" data-mrf-recirculation=\"Mat\u00e9ria - Links no Texto\">O documento que pediu a libera\u00e7\u00e3o do dinheiro foi enviado no dia 12 de dezembro ao Pal\u00e1cio do Planalto pelo presidente da C\u00e2mara, Arthur Lira (PP-AL) e assinado por 17 l\u00edderes de partidos na Casa.<\/p>\n<\/div>\n<\/div>\n<div id=\"chunk-75vb1\">\n<div class=\"mc-column content-text active-extra-styles\" data-block-type=\"raw\" data-block-weight=\"20\" data-block-id=\"12\">\n<ul class=\"content-unordered-list\">\n<li><strong>Relembre aqui:\u00a0<\/strong><a class=\"\" href=\"https:\/\/g1.globo.com\/politica\/blog\/valdo-cruz\/post\/2024\/12\/17\/planalto-concorda-com-manobra-de-lira-e-lideres-para-liberacao-de-r-42-bi-em-emendas-de-comissao.ghtml\">Planalto concorda com manobra de Lira e l\u00edderes para libera\u00e7\u00e3o de R$ 4,2 bi em emendas de comiss\u00e3o<\/a><\/li>\n<\/ul>\n<\/div>\n<\/div>\n<div id=\"chunk-ed52l\">\n<div class=\"mc-column content-text active-extra-styles \" data-block-type=\"unstyled\" data-block-weight=\"47\" data-block-id=\"13\">\n<p class=\" content-text__container \" data-track-category=\"Link no Texto\" data-track-links=\"\" data-mrf-recirculation=\"Mat\u00e9ria - Links no Texto\">No mesmo dia<strong>, Lira cancelou todas as sess\u00f5es de comiss\u00f5es<\/strong>\u00a0que estavam marcadas at\u00e9 20 de dezembro, \u00faltimo dia de trabalho na C\u00e2mara em 2025. A decis\u00e3o do parlamentar citou \u201ca necessidade de o Plen\u00e1rio da C\u00e2mara dos Deputados discutir e votar proposi\u00e7\u00f5es de relevante interesse nacional\u201d.<\/p>\n<\/div>\n<\/div>\n<div id=\"chunk-dkspf\">\n<div class=\"mc-column content-text active-extra-styles \" data-block-type=\"unstyled\" data-block-weight=\"38\" data-block-id=\"14\">\n<p class=\" content-text__container \" data-track-category=\"Link no Texto\" data-track-links=\"\" data-mrf-recirculation=\"Mat\u00e9ria - Links no Texto\">Naquela semana, o governo deixou de lado pautas caras ao governo e se debru\u00e7ou sobre projetos voltados para a seguran\u00e7a p\u00fablica, encabe\u00e7ados por parlamentares ligados a<a class=\"\" href=\"https:\/\/g1.globo.com\/politica\/noticia\/2024\/12\/13\/anistia-a-armas-castracao-quimica-internacoes-compulsorias-entenda-projetos-aprovados-pela-camara.ghtml\" data-mrf-link=\"https:\/\/g1.globo.com\/politica\/noticia\/2024\/12\/13\/anistia-a-armas-castracao-quimica-internacoes-compulsorias-entenda-projetos-aprovados-pela-camara.ghtml\"> for\u00e7as de seguran\u00e7a, a favor do armamento e de oposi\u00e7\u00e3o ao governo.<\/a><\/p>\n<\/div>\n<\/div>\n<div id=\"chunk-6lef\">\n<div class=\"mc-column content-text active-extra-styles\" data-block-type=\"raw\" data-block-weight=\"3\" data-block-id=\"15\">\n<div class=\"content-intertitle\">\n<h2>Avan\u00e7o ap\u00f3s libera\u00e7\u00e3o<\/h2>\n<\/div>\n<\/div>\n<\/div>\n<div id=\"chunk-a3rje\">\n<div class=\"mc-column content-text active-extra-styles \" data-block-type=\"unstyled\" data-block-weight=\"45\" data-block-id=\"17\">\n<p class=\" content-text__container \" data-track-category=\"Link no Texto\" data-track-links=\"\" data-mrf-recirculation=\"Mat\u00e9ria - Links no Texto\">Ap\u00f3s a libera\u00e7\u00e3o das emendas, os deputados fizeram um esfor\u00e7o concentrado e votaram a\u00a0<a class=\"\" href=\"https:\/\/g1.globo.com\/economia\/noticia\/2024\/12\/18\/principais-pontos-projeto-regulamentacao-reforma-tributaria-camara.ghtml\" data-mrf-link=\"https:\/\/g1.globo.com\/economia\/noticia\/2024\/12\/18\/principais-pontos-projeto-regulamentacao-reforma-tributaria-camara.ghtml\">regulamenta\u00e7\u00e3o da reforma tribut\u00e1ria<\/a>\u00a0e o\u00a0<a class=\"\" href=\"https:\/\/g1.globo.com\/politica\/noticia\/2024\/12\/20\/congresso-promulga-pec-do-ajuste-fiscal.ghtml\" data-mrf-link=\"https:\/\/g1.globo.com\/politica\/noticia\/2024\/12\/20\/congresso-promulga-pec-do-ajuste-fiscal.ghtml\">pacote de cortes de gastos<\/a>. Com a decis\u00e3o de Lira, os colegiados tem\u00e1ticos da C\u00e2mara n\u00e3o puderam deliberar sobre o destino das emendas de comiss\u00e3o.<\/p>\n<\/div>\n<\/div>\n<div id=\"chunk-f1bt\">\n<div class=\"bs-video-block mc-column   content-media content-video\" data-block-type=\"backstage-video\" data-block-id=\"18\">\n<div class=\"content-media__container\">\n<div class=\"content-video__bigger-player-description-fixer\">\n<article class=\"content-video\" data-ts-view=\"1734956448017\">\n<section class=\"content-video__video-container\">\n<div class=\"content-video__video\">\n<div id=\"wp3-player-2\" class=\"clappr-player video-rec-after-end--enabled clappr-detach--is-detached clappr-detach--is-detached__visible\" tabindex=\"9999\" data-player=\"\">\n<div class=\"dfp-ad-overlay dfp-ad-overlay--poster-mode\"><\/div>\n<div class=\"media-control media-control-hide vod h720 w360\">\n<div class=\"media-control-panel\">\n<div class=\"media-control-panel__lower\" data-controls=\"\">\n<div class=\"media-control-position__center\">\n<div class=\"bar-container media-control-element\" data-seekbar=\"\">\n<div class=\"seekbar\">\n<div class=\"bar-scrubber\" tabindex=\"-1\" role=\"slider\" data-seekbar=\"\" aria-valuemin=\"0\" aria-valuemax=\"668\" aria-valuenow=\"119\" aria-valuetext=\"Ponto do v\u00eddeo, 1 minuto e 59 segundos.\">\n<div class=\"bar-scrubber-icon\" data-seekbar=\"\">Fonte G1<\/div>\n<\/div>\n<\/div>\n<div class=\"thumb-preview thumb-preview--hidden\">\n<div class=\"thumb-preview__position\"><\/div>\n<\/div>\n<\/div>\n<div class=\"bar-container__placeholder\"><\/div>\n<\/div>\n<div class=\"opposites-container\">\n<div class=\"media-control-position__left\"><button class=\"media-control-button media-control-element pause\" data-playpause=\"\"><span class=\"visually-hidden\">Pausar<\/span><\/button><\/p>\n<div class=\"time-indicator media-control-element\"><span data-position=\"\">01:59<\/span><span class=\"separator\">\/<\/span><span data-duration=\"\">11:08<\/span><\/div>\n<\/div>\n<div class=\"media-control-position__between\"><\/div>\n<div class=\"media-control-position__right\">\n<div class=\"drawer-container volume-hide media-control-element\" data-volume=\"\">\n<div class=\"drawer-icon-container\" data-volume=\"\"><button class=\"drawer-icon media-control-button media-control-element\" data-volume=\"\"><span class=\"visually-hidden\">Ativar som<\/span><\/button><\/div>\n<div class=\"bar-container\" data-volume=\"\">\n<div class=\"bar-background\" data-volume=\"\">\n<div class=\"bar-fill-1\" data-volume=\"\"><\/div>\n<div class=\"bar-hover\" data-volume=\"\"><\/div>\n<\/div>\n<div class=\"bar-scrubber\" data-volume=\"\">\n<div class=\"bar-scrubber-icon\" data-volume=\"\"><\/div>\n<\/div>\n<\/div>\n<\/div>\n<p><button class=\"media-control-button media-control-element\" data-pip=\"\"><span class=\"visually-hidden\">Minimizar v\u00eddeo<\/span><\/button><button class=\"media-control-button media-control-element\" data-fullscreen=\"\"><span class=\"visually-hidden\">Tela cheia<\/span><\/button><\/div>\n<\/div>\n<\/div>\n<div class=\"media-control-panel__front-layer\">\n<div class=\"media-control-position__left\"><\/div>\n<div class=\"media-control-position__center\"><\/div>\n<div class=\"media-control-position__right\"><\/div>\n<\/div>\n<div class=\"media-control-panel__modal\"><\/div>\n<\/div>\n<\/div>\n<div class=\"unmute unmute--no-label\"><button class=\"unmute__button unmute__button--off\" tabindex=\"0\"><span class=\"visually-hidden\">Ativar som<\/span><\/button><\/div>\n<\/div>\n<div class=\"clappr-detach clappr-detach--visible\">\n<div class=\"clappr-detach__placeholder-background\"><\/div>\n<\/div>\n<\/div>\n<\/section>\n<\/article>\n<\/div>\n<p class=\"content-media__description\">Reforma tribut\u00e1ria: entenda como ficam os impostos<\/p>\n<\/div>\n<\/div>\n<\/div>\n<div id=\"chunk-81rkj\">\n<div class=\"mc-column content-text active-extra-styles \" data-block-type=\"unstyled\" data-block-weight=\"29\" data-block-id=\"19\">\n<p class=\" content-text__container \" data-track-category=\"Link no Texto\" data-track-links=\"\" data-mrf-recirculation=\"Mat\u00e9ria - Links no Texto\">Segundo a a\u00e7\u00e3o do PSOL, a medida impediu o registro da ata ou delibera\u00e7\u00e3o formal de 5,4 mil indica\u00e7\u00f5es de emenda em um total de R$ 4,2 bilh\u00f5es.<\/p>\n<\/div>\n<\/div>\n<div id=\"chunk-bebvp\">\n<div class=\"mc-column content-text active-extra-styles \" data-block-type=\"unstyled\" data-block-weight=\"43\" data-block-id=\"20\">\n<p class=\" content-text__container \" data-track-category=\"Link no Texto\" data-track-links=\"\" data-mrf-recirculation=\"Mat\u00e9ria - Links no Texto\">Ao STF, o partido afirmou que parte dessas emendas<strong>\u00a0teve novas indica\u00e7\u00f5es de destinos<\/strong>\u00a0em favor de Alagoas, estado de Lira, o que o PSOL apontou como ilegal.\u00a0<span class=\"highlight highlighted\">O governo federal, por meio da Casa Civil, n\u00e3o viu irregularidades e autorizou o repasse.<\/span><\/p>\n<\/div>\n<\/div>\n<div id=\"chunk-40roi\">\n<div class=\"content-ads content-ads--reveal\" data-block-type=\"ads\" data-block-id=\"21\">\n<div id=\"banner_materia__0e4a805e-2d37-48ab-b3b4-1902a96cb755\" class=\"tag-manager-publicidade-container mc-has-reveal mc-has-ad-lazyload tag-manager-publicidade-banner_materia__0e4a805e-2d37-48ab-b3b4-1902a96cb755 tag-manager-publicidade-container--carregado tag-manager-publicidade-container--visivel\" data-id=\"banner_materia__0e4a805e-2d37-48ab-b3b4-1902a96cb755\" data-google-query-id=\"CI_QvcPxvYoDFaZbuAQdETopMQ\">\n<div id=\"google_ads_iframe_\/95377733\/tvg_G1\/Politica_5__container__\"><iframe id=\"google_ads_iframe_\/95377733\/tvg_G1\/Politica_5\" tabindex=\"0\" title=\"3rd party ad content\" name=\"google_ads_iframe_\/95377733\/tvg_G1\/Politica_5\" width=\"970\" height=\"250\" frameborder=\"0\" marginwidth=\"0\" marginheight=\"0\" scrolling=\"no\" aria-label=\"Advertisement\" data-load-complete=\"true\" data-google-container-id=\"7\" data-mce-fragment=\"1\"><\/iframe><\/div>\n<\/div>\n<\/div>\n<\/div>\n<div id=\"chunk-8ssk0\">\n<div class=\"mc-column content-text active-extra-styles\" data-block-type=\"raw\" data-block-weight=\"24\" data-block-id=\"22\">\n<p class=\"content-text__container\" data-mrf-recirculation=\"Mat\u00e9ria - Links no Texto\">\n<ul class=\"content-unordered-list\">\n<li>Na decis\u00e3o, Dino determinou que a C\u00e2mara publique em at\u00e9 cinco dias as\u00a0<strong>atas das reuni\u00f5es das comiss\u00f5es\u00a0<\/strong>nas quais as emendas foram aprovadas.<\/li>\n<\/ul>\n<p>&nbsp;<\/p>\n<\/div>\n<\/div>\n<div id=\"chunk-frp0q\">\n<div class=\"mc-column content-text active-extra-styles \" data-block-type=\"unstyled\" data-block-weight=\"25\" data-block-id=\"23\">\n<p class=\" content-text__container \" data-track-category=\"Link no Texto\" data-track-links=\"\" data-mrf-recirculation=\"Mat\u00e9ria - Links no Texto\">Esses registros devem ser encaminhados \u00e0 Secretaria de Rela\u00e7\u00f5es Institucionais da Presid\u00eancia, chefiada pelo ministro Alexandre Padilha, respons\u00e1vel pela rela\u00e7\u00e3o do Planalto com o Congresso.<\/p>\n<\/div>\n<\/div>\n<div id=\"chunk-99kmb\">\n<div class=\"mc-column content-text active-extra-styles\" data-block-type=\"raw\" data-block-weight=\"58\" data-block-id=\"24\">\n<p class=\"content-text__container\" data-mrf-recirculation=\"Mat\u00e9ria - Links no Texto\">\n<ul class=\"content-unordered-list\">\n<li>O ministro do STF tamb\u00e9m decidiu que<strong>\u00a0o pagamento das emendas s\u00f3 poder\u00e1 ser feito\u00a0<\/strong>depois que essas atas chegarem ao Planalto e desde que\u00a0<span class=\"highlight highlighted\">sigam os crit\u00e9rios de transpar\u00eancia e rastreablidade definidos pela Corte em<\/span><a class=\"\" href=\"https:\/\/g1.globo.com\/politica\/noticia\/2024\/12\/09\/emendas-dino-rejeita-pedido-da-agu-e-mantem-integra-da-decisao.ghtml\"><span class=\"highlight highlighted\">\u00a0decis\u00e3o no \u00faltimo dia 4.<\/span><\/a><\/li>\n<li>Por fim, determinou que as emendas de 2025 s\u00f3 poder\u00e3o ser autorizadas caso os requisitos sejam cumpridos.<\/li>\n<\/ul>\n<p>&nbsp;<\/p>\n<\/div>\n<\/div>\n<div id=\"chunk-7h4nt\">\n<div class=\"mc-column content-text active-extra-styles\" data-block-type=\"raw\" data-block-weight=\"5\" data-block-id=\"25\">\n<p class=\"content-text__container\" data-mrf-recirculation=\"Mat\u00e9ria - Links no Texto\">\n<div class=\"content-intertitle\">\n<h2>O que s\u00e3o emendas parlamentares?<\/h2>\n<\/div>\n<p>&nbsp;<\/p>\n<\/div>\n<\/div>\n<div id=\"chunk-ckass\">\n<div class=\"mc-column content-text active-extra-styles \" data-block-type=\"unstyled\" data-block-weight=\"27\" data-block-id=\"26\">\n<p class=\" content-text__container \" data-track-category=\"Link no Texto\" data-track-links=\"\" data-mrf-recirculation=\"Mat\u00e9ria - Links no Texto\">As emendas parlamentares s\u00e3o uma reserva dentro do Or\u00e7amento usadas conforme indica\u00e7\u00e3o de deputados e senadores. \u00c9 esse o dinheiro enviado pelos parlamentares \u00e0s suas bases eleitorais.<\/p>\n<\/div>\n<\/div>\n<div id=\"chunk-4tumr\">\n<div class=\"mc-column content-text active-extra-styles \" data-block-type=\"unstyled\" data-block-weight=\"24\" data-block-id=\"27\">\n<p class=\" content-text__container \" data-track-category=\"Link no Texto\" data-track-links=\"\" data-mrf-recirculation=\"Mat\u00e9ria - Links no Texto\">A execu\u00e7\u00e3o do dinheiro \u00e9 de compet\u00eancia do governo federal. Ou seja, o Poder Executivo \u00e9 respons\u00e1vel por encaminhar os recursos destinados pelos parlamentares.<\/p>\n<\/div>\n<\/div>\n<div id=\"chunk-7scjl\">\n<div class=\"block-podcast\"><\/div>\n<\/div>\n<\/div>\n<\/article>\n<\/div>\n","protected":false},"excerpt":{"rendered":"<p>Decis\u00e3o do ministro suspende o pagamento de R$ 4,2 bilh\u00f5es em emendas de comiss\u00e3o. Libera\u00e7\u00e3o s\u00f3 poder\u00e1 ser feita se as indica\u00e7\u00f5es seguirem os crit\u00e9rios de transpar\u00eancia definidos pelo STF. Por Vladimir Netto,\u00a0Fernanda Vivas, TV Globo\u00a0\u2014 Bras\u00edlia 23\/12\/2024 08h23\u00a0\u00a0Atualizado\u00a0h\u00e1 11 minutos O ministro Fl\u00e1vio Dino, do Supremo Tribunal Federal (STF), determinou nesta segunda-feira (23) a\u00a0suspens\u00e3o [&hellip;]<\/p>\n","protected":false},"author":2,"featured_media":2965,"comment_status":"open","ping_status":"open","sticky":false,"template":"","format":"standard","meta":{"rop_custom_images_group":[],"rop_custom_messages_group":[],"rop_publish_now":"initial","rop_publish_now_accounts":{"twitter_850042665852968960_850042665852968960":""},"rop_publish_now_history":[],"rop_publish_now_status":"pending","footnotes":""},"categories":[15],"tags":[365,368,364,369,292,366,367,370,350,319],"class_list":["post-2964","post","type-post","status-publish","format-standard","has-post-thumbnail","hentry","category-destaques","tag-comissao","tag-dino","tag-emendas","tag-liberacao","tag-orcamento","tag-pf","tag-relator","tag-repasses","tag-stf","tag-transparencia"],"yoast_head":"<!-- This site is optimized with the Yoast SEO plugin v27.2 - https:\/\/yoast.com\/product\/yoast-seo-wordpress\/ -->\n<title>Dino determina suspens\u00e3o de pagamento de emendas e abertura de investiga\u00e7\u00e3o da PF - Prefeitos &amp; Gest\u00f5es<\/title>\n<meta name=\"robots\" content=\"index, follow, max-snippet:-1, max-image-preview:large, max-video-preview:-1\" \/>\n<link rel=\"canonical\" href=\"https:\/\/prefeitosegestoes.com.br\/portal\/dino-determina-suspensao-de-pagamento-de-emendas-e-abertura-de-investigacao-da-pf\/\" \/>\n<meta property=\"og:locale\" content=\"pt_BR\" \/>\n<meta property=\"og:type\" content=\"article\" \/>\n<meta property=\"og:title\" content=\"Dino determina suspens\u00e3o de pagamento de emendas e abertura de investiga\u00e7\u00e3o da PF - Prefeitos &amp; Gest\u00f5es\" \/>\n<meta property=\"og:description\" content=\"Decis\u00e3o do ministro suspende o pagamento de R$ 4,2 bilh\u00f5es em emendas de comiss\u00e3o. Libera\u00e7\u00e3o s\u00f3 poder\u00e1 ser feita se as indica\u00e7\u00f5es seguirem os crit\u00e9rios de transpar\u00eancia definidos pelo STF. Por Vladimir Netto,\u00a0Fernanda Vivas, TV Globo\u00a0\u2014 Bras\u00edlia 23\/12\/2024 08h23\u00a0\u00a0Atualizado\u00a0h\u00e1 11 minutos O ministro Fl\u00e1vio Dino, do Supremo Tribunal Federal (STF), determinou nesta segunda-feira (23) a\u00a0suspens\u00e3o [&hellip;]\" \/>\n<meta property=\"og:url\" content=\"https:\/\/prefeitosegestoes.com.br\/portal\/dino-determina-suspensao-de-pagamento-de-emendas-e-abertura-de-investigacao-da-pf\/\" \/>\n<meta property=\"og:site_name\" content=\"Prefeitos &amp; Gest\u00f5es\" \/>\n<meta property=\"article:publisher\" content=\"https:\/\/www.facebook.com\/prefeitosonline\" \/>\n<meta property=\"article:published_time\" content=\"2024-12-23T12:34:32+00:00\" \/>\n<meta property=\"og:image\" content=\"https:\/\/prefeitosegestoes.com.br\/portal\/wp-content\/uploads\/2024\/12\/lula5721.webp\" \/>\n\t<meta property=\"og:image:width\" content=\"1024\" \/>\n\t<meta property=\"og:image:height\" content=\"768\" \/>\n\t<meta property=\"og:image:type\" content=\"image\/webp\" \/>\n<meta name=\"author\" content=\"Prefeitos &amp; Gest\u00f5es\" \/>\n<meta name=\"twitter:card\" content=\"summary_large_image\" \/>\n<meta name=\"twitter:creator\" content=\"@PrefGestoes\" \/>\n<meta name=\"twitter:site\" content=\"@PrefGestoes\" \/>\n<meta name=\"twitter:label1\" content=\"Escrito por\" \/>\n\t<meta name=\"twitter:data1\" content=\"Prefeitos &amp; Gest\u00f5es\" \/>\n\t<meta name=\"twitter:label2\" content=\"Est. tempo de leitura\" \/>\n\t<meta name=\"twitter:data2\" content=\"4 minutos\" \/>\n<script type=\"application\/ld+json\" class=\"yoast-schema-graph\">{\"@context\":\"https:\/\/schema.org\",\"@graph\":[{\"@type\":\"Article\",\"@id\":\"https:\/\/prefeitosegestoes.com.br\/portal\/dino-determina-suspensao-de-pagamento-de-emendas-e-abertura-de-investigacao-da-pf\/#article\",\"isPartOf\":{\"@id\":\"https:\/\/prefeitosegestoes.com.br\/portal\/dino-determina-suspensao-de-pagamento-de-emendas-e-abertura-de-investigacao-da-pf\/\"},\"author\":{\"name\":\"Prefeitos &amp; Gest\u00f5es\",\"@id\":\"https:\/\/prefeitosegestoes.com.br\/portal\/#\/schema\/person\/d00059f2ec99963e7e1850d448ae94b8\"},\"headline\":\"Dino determina suspens\u00e3o de pagamento de emendas e abertura de investiga\u00e7\u00e3o da PF\",\"datePublished\":\"2024-12-23T12:34:32+00:00\",\"mainEntityOfPage\":{\"@id\":\"https:\/\/prefeitosegestoes.com.br\/portal\/dino-determina-suspensao-de-pagamento-de-emendas-e-abertura-de-investigacao-da-pf\/\"},\"wordCount\":759,\"commentCount\":0,\"publisher\":{\"@id\":\"https:\/\/prefeitosegestoes.com.br\/portal\/#organization\"},\"image\":{\"@id\":\"https:\/\/prefeitosegestoes.com.br\/portal\/dino-determina-suspensao-de-pagamento-de-emendas-e-abertura-de-investigacao-da-pf\/#primaryimage\"},\"thumbnailUrl\":\"https:\/\/prefeitosegestoes.com.br\/portal\/wp-content\/uploads\/2024\/12\/lula5721.webp\",\"keywords\":[\"Comiss\u00e3o\",\"Dino\",\"Emendas\",\"Libera\u00e7\u00e3o\",\"Or\u00e7amento\",\"PF\",\"Relator\",\"Repasses\",\"STF\",\"Transpar\u00eancia\"],\"articleSection\":[\"Destaques\"],\"inLanguage\":\"pt-BR\",\"potentialAction\":[{\"@type\":\"CommentAction\",\"name\":\"Comment\",\"target\":[\"https:\/\/prefeitosegestoes.com.br\/portal\/dino-determina-suspensao-de-pagamento-de-emendas-e-abertura-de-investigacao-da-pf\/#respond\"]}]},{\"@type\":\"WebPage\",\"@id\":\"https:\/\/prefeitosegestoes.com.br\/portal\/dino-determina-suspensao-de-pagamento-de-emendas-e-abertura-de-investigacao-da-pf\/\",\"url\":\"https:\/\/prefeitosegestoes.com.br\/portal\/dino-determina-suspensao-de-pagamento-de-emendas-e-abertura-de-investigacao-da-pf\/\",\"name\":\"Dino determina suspens\u00e3o de pagamento de emendas e abertura de investiga\u00e7\u00e3o da PF - Prefeitos &amp; Gest\u00f5es\",\"isPartOf\":{\"@id\":\"https:\/\/prefeitosegestoes.com.br\/portal\/#website\"},\"primaryImageOfPage\":{\"@id\":\"https:\/\/prefeitosegestoes.com.br\/portal\/dino-determina-suspensao-de-pagamento-de-emendas-e-abertura-de-investigacao-da-pf\/#primaryimage\"},\"image\":{\"@id\":\"https:\/\/prefeitosegestoes.com.br\/portal\/dino-determina-suspensao-de-pagamento-de-emendas-e-abertura-de-investigacao-da-pf\/#primaryimage\"},\"thumbnailUrl\":\"https:\/\/prefeitosegestoes.com.br\/portal\/wp-content\/uploads\/2024\/12\/lula5721.webp\",\"datePublished\":\"2024-12-23T12:34:32+00:00\",\"breadcrumb\":{\"@id\":\"https:\/\/prefeitosegestoes.com.br\/portal\/dino-determina-suspensao-de-pagamento-de-emendas-e-abertura-de-investigacao-da-pf\/#breadcrumb\"},\"inLanguage\":\"pt-BR\",\"potentialAction\":[{\"@type\":\"ReadAction\",\"target\":[\"https:\/\/prefeitosegestoes.com.br\/portal\/dino-determina-suspensao-de-pagamento-de-emendas-e-abertura-de-investigacao-da-pf\/\"]}]},{\"@type\":\"ImageObject\",\"inLanguage\":\"pt-BR\",\"@id\":\"https:\/\/prefeitosegestoes.com.br\/portal\/dino-determina-suspensao-de-pagamento-de-emendas-e-abertura-de-investigacao-da-pf\/#primaryimage\",\"url\":\"https:\/\/prefeitosegestoes.com.br\/portal\/wp-content\/uploads\/2024\/12\/lula5721.webp\",\"contentUrl\":\"https:\/\/prefeitosegestoes.com.br\/portal\/wp-content\/uploads\/2024\/12\/lula5721.webp\",\"width\":1024,\"height\":768},{\"@type\":\"BreadcrumbList\",\"@id\":\"https:\/\/prefeitosegestoes.com.br\/portal\/dino-determina-suspensao-de-pagamento-de-emendas-e-abertura-de-investigacao-da-pf\/#breadcrumb\",\"itemListElement\":[{\"@type\":\"ListItem\",\"position\":1,\"name\":\"In\u00edcio\",\"item\":\"https:\/\/prefeitosegestoes.com.br\/portal\/\"},{\"@type\":\"ListItem\",\"position\":2,\"name\":\"Dino determina suspens\u00e3o de pagamento de emendas e abertura de investiga\u00e7\u00e3o da PF\"}]},{\"@type\":\"WebSite\",\"@id\":\"https:\/\/prefeitosegestoes.com.br\/portal\/#website\",\"url\":\"https:\/\/prefeitosegestoes.com.br\/portal\/\",\"name\":\"Prefeitos & Gest\u00f5es\",\"description\":\"\",\"publisher\":{\"@id\":\"https:\/\/prefeitosegestoes.com.br\/portal\/#organization\"},\"potentialAction\":[{\"@type\":\"SearchAction\",\"target\":{\"@type\":\"EntryPoint\",\"urlTemplate\":\"https:\/\/prefeitosegestoes.com.br\/portal\/?s={search_term_string}\"},\"query-input\":{\"@type\":\"PropertyValueSpecification\",\"valueRequired\":true,\"valueName\":\"search_term_string\"}}],\"inLanguage\":\"pt-BR\"},{\"@type\":\"Organization\",\"@id\":\"https:\/\/prefeitosegestoes.com.br\/portal\/#organization\",\"name\":\"Prefeitos & Gest\u00f5es\",\"url\":\"https:\/\/prefeitosegestoes.com.br\/portal\/\",\"logo\":{\"@type\":\"ImageObject\",\"inLanguage\":\"pt-BR\",\"@id\":\"https:\/\/prefeitosegestoes.com.br\/portal\/#\/schema\/logo\/image\/\",\"url\":\"https:\/\/prefeitosegestoes.com.br\/portal\/wp-content\/uploads\/2024\/10\/lg_trans_prefeitos_2024_preto2.png\",\"contentUrl\":\"https:\/\/prefeitosegestoes.com.br\/portal\/wp-content\/uploads\/2024\/10\/lg_trans_prefeitos_2024_preto2.png\",\"width\":199,\"height\":122,\"caption\":\"Prefeitos & Gest\u00f5es\"},\"image\":{\"@id\":\"https:\/\/prefeitosegestoes.com.br\/portal\/#\/schema\/logo\/image\/\"},\"sameAs\":[\"https:\/\/www.facebook.com\/prefeitosonline\",\"https:\/\/x.com\/PrefGestoes\"]},{\"@type\":\"Person\",\"@id\":\"https:\/\/prefeitosegestoes.com.br\/portal\/#\/schema\/person\/d00059f2ec99963e7e1850d448ae94b8\",\"name\":\"Prefeitos &amp; Gest\u00f5es\",\"image\":{\"@type\":\"ImageObject\",\"inLanguage\":\"pt-BR\",\"@id\":\"https:\/\/secure.gravatar.com\/avatar\/738fb281e479212ed32c1a21a4307dda9f3af9292edb6918a16c9ce9fff5f48d?s=96&d=mm&r=g\",\"url\":\"https:\/\/secure.gravatar.com\/avatar\/738fb281e479212ed32c1a21a4307dda9f3af9292edb6918a16c9ce9fff5f48d?s=96&d=mm&r=g\",\"contentUrl\":\"https:\/\/secure.gravatar.com\/avatar\/738fb281e479212ed32c1a21a4307dda9f3af9292edb6918a16c9ce9fff5f48d?s=96&d=mm&r=g\",\"caption\":\"Prefeitos &amp; Gest\u00f5es\"},\"url\":\"https:\/\/prefeitosegestoes.com.br\/portal\/author\/prefeitosegestoes\/\"}]}<\/script>\n<!-- \/ Yoast SEO plugin. -->","yoast_head_json":{"title":"Dino determina suspens\u00e3o de pagamento de emendas e abertura de investiga\u00e7\u00e3o da PF - Prefeitos &amp; Gest\u00f5es","robots":{"index":"index","follow":"follow","max-snippet":"max-snippet:-1","max-image-preview":"max-image-preview:large","max-video-preview":"max-video-preview:-1"},"canonical":"https:\/\/prefeitosegestoes.com.br\/portal\/dino-determina-suspensao-de-pagamento-de-emendas-e-abertura-de-investigacao-da-pf\/","og_locale":"pt_BR","og_type":"article","og_title":"Dino determina suspens\u00e3o de pagamento de emendas e abertura de investiga\u00e7\u00e3o da PF - Prefeitos &amp; Gest\u00f5es","og_description":"Decis\u00e3o do ministro suspende o pagamento de R$ 4,2 bilh\u00f5es em emendas de comiss\u00e3o. Libera\u00e7\u00e3o s\u00f3 poder\u00e1 ser feita se as indica\u00e7\u00f5es seguirem os crit\u00e9rios de transpar\u00eancia definidos pelo STF. Por Vladimir Netto,\u00a0Fernanda Vivas, TV Globo\u00a0\u2014 Bras\u00edlia 23\/12\/2024 08h23\u00a0\u00a0Atualizado\u00a0h\u00e1 11 minutos O ministro Fl\u00e1vio Dino, do Supremo Tribunal Federal (STF), determinou nesta segunda-feira (23) a\u00a0suspens\u00e3o [&hellip;]","og_url":"https:\/\/prefeitosegestoes.com.br\/portal\/dino-determina-suspensao-de-pagamento-de-emendas-e-abertura-de-investigacao-da-pf\/","og_site_name":"Prefeitos &amp; Gest\u00f5es","article_publisher":"https:\/\/www.facebook.com\/prefeitosonline","article_published_time":"2024-12-23T12:34:32+00:00","og_image":[{"width":1024,"height":768,"url":"https:\/\/prefeitosegestoes.com.br\/portal\/wp-content\/uploads\/2024\/12\/lula5721.webp","type":"image\/webp"}],"author":"Prefeitos &amp; Gest\u00f5es","twitter_card":"summary_large_image","twitter_creator":"@PrefGestoes","twitter_site":"@PrefGestoes","twitter_misc":{"Escrito por":"Prefeitos &amp; Gest\u00f5es","Est. tempo de leitura":"4 minutos"},"schema":{"@context":"https:\/\/schema.org","@graph":[{"@type":"Article","@id":"https:\/\/prefeitosegestoes.com.br\/portal\/dino-determina-suspensao-de-pagamento-de-emendas-e-abertura-de-investigacao-da-pf\/#article","isPartOf":{"@id":"https:\/\/prefeitosegestoes.com.br\/portal\/dino-determina-suspensao-de-pagamento-de-emendas-e-abertura-de-investigacao-da-pf\/"},"author":{"name":"Prefeitos &amp; Gest\u00f5es","@id":"https:\/\/prefeitosegestoes.com.br\/portal\/#\/schema\/person\/d00059f2ec99963e7e1850d448ae94b8"},"headline":"Dino determina suspens\u00e3o de pagamento de emendas e abertura de investiga\u00e7\u00e3o da PF","datePublished":"2024-12-23T12:34:32+00:00","mainEntityOfPage":{"@id":"https:\/\/prefeitosegestoes.com.br\/portal\/dino-determina-suspensao-de-pagamento-de-emendas-e-abertura-de-investigacao-da-pf\/"},"wordCount":759,"commentCount":0,"publisher":{"@id":"https:\/\/prefeitosegestoes.com.br\/portal\/#organization"},"image":{"@id":"https:\/\/prefeitosegestoes.com.br\/portal\/dino-determina-suspensao-de-pagamento-de-emendas-e-abertura-de-investigacao-da-pf\/#primaryimage"},"thumbnailUrl":"https:\/\/prefeitosegestoes.com.br\/portal\/wp-content\/uploads\/2024\/12\/lula5721.webp","keywords":["Comiss\u00e3o","Dino","Emendas","Libera\u00e7\u00e3o","Or\u00e7amento","PF","Relator","Repasses","STF","Transpar\u00eancia"],"articleSection":["Destaques"],"inLanguage":"pt-BR","potentialAction":[{"@type":"CommentAction","name":"Comment","target":["https:\/\/prefeitosegestoes.com.br\/portal\/dino-determina-suspensao-de-pagamento-de-emendas-e-abertura-de-investigacao-da-pf\/#respond"]}]},{"@type":"WebPage","@id":"https:\/\/prefeitosegestoes.com.br\/portal\/dino-determina-suspensao-de-pagamento-de-emendas-e-abertura-de-investigacao-da-pf\/","url":"https:\/\/prefeitosegestoes.com.br\/portal\/dino-determina-suspensao-de-pagamento-de-emendas-e-abertura-de-investigacao-da-pf\/","name":"Dino determina suspens\u00e3o de pagamento de emendas e abertura de investiga\u00e7\u00e3o da PF - Prefeitos &amp; Gest\u00f5es","isPartOf":{"@id":"https:\/\/prefeitosegestoes.com.br\/portal\/#website"},"primaryImageOfPage":{"@id":"https:\/\/prefeitosegestoes.com.br\/portal\/dino-determina-suspensao-de-pagamento-de-emendas-e-abertura-de-investigacao-da-pf\/#primaryimage"},"image":{"@id":"https:\/\/prefeitosegestoes.com.br\/portal\/dino-determina-suspensao-de-pagamento-de-emendas-e-abertura-de-investigacao-da-pf\/#primaryimage"},"thumbnailUrl":"https:\/\/prefeitosegestoes.com.br\/portal\/wp-content\/uploads\/2024\/12\/lula5721.webp","datePublished":"2024-12-23T12:34:32+00:00","breadcrumb":{"@id":"https:\/\/prefeitosegestoes.com.br\/portal\/dino-determina-suspensao-de-pagamento-de-emendas-e-abertura-de-investigacao-da-pf\/#breadcrumb"},"inLanguage":"pt-BR","potentialAction":[{"@type":"ReadAction","target":["https:\/\/prefeitosegestoes.com.br\/portal\/dino-determina-suspensao-de-pagamento-de-emendas-e-abertura-de-investigacao-da-pf\/"]}]},{"@type":"ImageObject","inLanguage":"pt-BR","@id":"https:\/\/prefeitosegestoes.com.br\/portal\/dino-determina-suspensao-de-pagamento-de-emendas-e-abertura-de-investigacao-da-pf\/#primaryimage","url":"https:\/\/prefeitosegestoes.com.br\/portal\/wp-content\/uploads\/2024\/12\/lula5721.webp","contentUrl":"https:\/\/prefeitosegestoes.com.br\/portal\/wp-content\/uploads\/2024\/12\/lula5721.webp","width":1024,"height":768},{"@type":"BreadcrumbList","@id":"https:\/\/prefeitosegestoes.com.br\/portal\/dino-determina-suspensao-de-pagamento-de-emendas-e-abertura-de-investigacao-da-pf\/#breadcrumb","itemListElement":[{"@type":"ListItem","position":1,"name":"In\u00edcio","item":"https:\/\/prefeitosegestoes.com.br\/portal\/"},{"@type":"ListItem","position":2,"name":"Dino determina suspens\u00e3o de pagamento de emendas e abertura de investiga\u00e7\u00e3o da PF"}]},{"@type":"WebSite","@id":"https:\/\/prefeitosegestoes.com.br\/portal\/#website","url":"https:\/\/prefeitosegestoes.com.br\/portal\/","name":"Prefeitos & Gest\u00f5es","description":"","publisher":{"@id":"https:\/\/prefeitosegestoes.com.br\/portal\/#organization"},"potentialAction":[{"@type":"SearchAction","target":{"@type":"EntryPoint","urlTemplate":"https:\/\/prefeitosegestoes.com.br\/portal\/?s={search_term_string}"},"query-input":{"@type":"PropertyValueSpecification","valueRequired":true,"valueName":"search_term_string"}}],"inLanguage":"pt-BR"},{"@type":"Organization","@id":"https:\/\/prefeitosegestoes.com.br\/portal\/#organization","name":"Prefeitos & Gest\u00f5es","url":"https:\/\/prefeitosegestoes.com.br\/portal\/","logo":{"@type":"ImageObject","inLanguage":"pt-BR","@id":"https:\/\/prefeitosegestoes.com.br\/portal\/#\/schema\/logo\/image\/","url":"https:\/\/prefeitosegestoes.com.br\/portal\/wp-content\/uploads\/2024\/10\/lg_trans_prefeitos_2024_preto2.png","contentUrl":"https:\/\/prefeitosegestoes.com.br\/portal\/wp-content\/uploads\/2024\/10\/lg_trans_prefeitos_2024_preto2.png","width":199,"height":122,"caption":"Prefeitos & Gest\u00f5es"},"image":{"@id":"https:\/\/prefeitosegestoes.com.br\/portal\/#\/schema\/logo\/image\/"},"sameAs":["https:\/\/www.facebook.com\/prefeitosonline","https:\/\/x.com\/PrefGestoes"]},{"@type":"Person","@id":"https:\/\/prefeitosegestoes.com.br\/portal\/#\/schema\/person\/d00059f2ec99963e7e1850d448ae94b8","name":"Prefeitos &amp; Gest\u00f5es","image":{"@type":"ImageObject","inLanguage":"pt-BR","@id":"https:\/\/secure.gravatar.com\/avatar\/738fb281e479212ed32c1a21a4307dda9f3af9292edb6918a16c9ce9fff5f48d?s=96&d=mm&r=g","url":"https:\/\/secure.gravatar.com\/avatar\/738fb281e479212ed32c1a21a4307dda9f3af9292edb6918a16c9ce9fff5f48d?s=96&d=mm&r=g","contentUrl":"https:\/\/secure.gravatar.com\/avatar\/738fb281e479212ed32c1a21a4307dda9f3af9292edb6918a16c9ce9fff5f48d?s=96&d=mm&r=g","caption":"Prefeitos &amp; Gest\u00f5es"},"url":"https:\/\/prefeitosegestoes.com.br\/portal\/author\/prefeitosegestoes\/"}]}},"_links":{"self":[{"href":"https:\/\/prefeitosegestoes.com.br\/portal\/wp-json\/wp\/v2\/posts\/2964","targetHints":{"allow":["GET"]}}],"collection":[{"href":"https:\/\/prefeitosegestoes.com.br\/portal\/wp-json\/wp\/v2\/posts"}],"about":[{"href":"https:\/\/prefeitosegestoes.com.br\/portal\/wp-json\/wp\/v2\/types\/post"}],"author":[{"embeddable":true,"href":"https:\/\/prefeitosegestoes.com.br\/portal\/wp-json\/wp\/v2\/users\/2"}],"replies":[{"embeddable":true,"href":"https:\/\/prefeitosegestoes.com.br\/portal\/wp-json\/wp\/v2\/comments?post=2964"}],"version-history":[{"count":1,"href":"https:\/\/prefeitosegestoes.com.br\/portal\/wp-json\/wp\/v2\/posts\/2964\/revisions"}],"predecessor-version":[{"id":2966,"href":"https:\/\/prefeitosegestoes.com.br\/portal\/wp-json\/wp\/v2\/posts\/2964\/revisions\/2966"}],"wp:featuredmedia":[{"embeddable":true,"href":"https:\/\/prefeitosegestoes.com.br\/portal\/wp-json\/wp\/v2\/media\/2965"}],"wp:attachment":[{"href":"https:\/\/prefeitosegestoes.com.br\/portal\/wp-json\/wp\/v2\/media?parent=2964"}],"wp:term":[{"taxonomy":"category","embeddable":true,"href":"https:\/\/prefeitosegestoes.com.br\/portal\/wp-json\/wp\/v2\/categories?post=2964"},{"taxonomy":"post_tag","embeddable":true,"href":"https:\/\/prefeitosegestoes.com.br\/portal\/wp-json\/wp\/v2\/tags?post=2964"}],"curies":[{"name":"wp","href":"https:\/\/api.w.org\/{rel}","templated":true}]}}