{"id":2944,"date":"2024-12-07T10:46:10","date_gmt":"2024-12-07T13:46:10","guid":{"rendered":"https:\/\/prefeitosegestoes.com.br\/portal\/?p=2944"},"modified":"2024-12-07T10:46:10","modified_gmt":"2024-12-07T13:46:10","slug":"supremo-tem-maioria-para-validar-trabalho-intermitente","status":"publish","type":"post","link":"https:\/\/prefeitosegestoes.com.br\/portal\/supremo-tem-maioria-para-validar-trabalho-intermitente\/","title":{"rendered":"Supremo tem maioria para validar trabalho intermitente"},"content":{"rendered":"<div class=\"header-noticia full-width\">\n<h3 class=\"linha-fina-noticia\">Faltam os votos de quatro ministros para conclus\u00e3o do julgamento<\/h3>\n<\/div>\n<div class=\"subheader\">\n<div class=\"container-autoria\">\n<div class=\"autor-noticia\">Andr\u00e9 Richter &#8211; Rep\u00f3rter da Ag\u00eancia Brasil<\/div>\n<div class=\"container-data rowflex\">\n<div class=\"data\">Publicado em 06\/12\/2024 &#8211; 20:34<\/div>\n<\/div>\n<div class=\"local\">Bras\u00edlia<\/div>\n<\/div>\n<nav class=\"compartilhamento rowflex\"><\/nav>\n<\/div>\n<div class=\"capa-materia rel-position\">\n<figure><img decoding=\"async\" id=\"media-166809\" title=\"Marcello Casal JrAg\u00eancia Brasil\" src=\"https:\/\/imagens.ebc.com.br\/KB0AUgaaJptr-NM9qXwTkD-cOis=\/1170x700\/smart\/https:\/\/agenciabrasil.ebc.com.br\/sites\/default\/files\/thumbnails\/image\/stf_1908200974.jpg?itok=R6EXBTBP\" alt=\"Fachada do edif\u00edcio sede do Supremo Tribunal Federal - STF\" \/><figcaption class=\"credito-foto abs-position fullwidth\">\u00a9 Marcello Casal JrAg\u00eancia Brasil<\/figcaption><\/figure>\n<\/div>\n<div id=\"block-tts-block-tts\" class=\"block block-tts\">\n<div class=\"content\">\n<div id=\"tts-container\" class=\"container-audio rel-position\">\n<div class=\"title abs-position\">Vers\u00e3o em \u00e1udio<\/div>\n<\/div>\n<\/div>\n<\/div>\n<div class=\"conteudo-noticia\">\n<p>O Supremo Tribunal Federal (STF) formou nesta sexta-feira (6) maioria de votos para confirmar a constitucionalidade do contrato de trabalho intermitente, inserido na Consolida\u00e7\u00e3o das Leis do Trabalho (CLT) pela reforma trabalhista de 2017.<img decoding=\"async\" src=\"https:\/\/agenciabrasil.ebc.com.br\/ebc.png?id=1622813&amp;o=node\" \/><img decoding=\"async\" src=\"https:\/\/agenciabrasil.ebc.com.br\/ebc.gif?id=1622813&amp;o=node\" \/><\/p>\n<p>Pelo placar de 6 votos a 2, os ministros mantiveram as mudan\u00e7as na legisla\u00e7\u00e3o trabalhista para inserir o modelo de contrata\u00e7\u00e3o.<\/p>\n<p>O caso voltou a ser julgado no plen\u00e1rio virtual da Corte ap\u00f3s ser interrompido em setembro deste ano por um pedido de vista do ministro Cristiano Zanin, que votou nesta sexta-feira pela constitucionalidade da tese.<\/p>\n<p>Al\u00e9m de Zanin, os ministros Nunes Marques, Alexandre de Moraes, Andr\u00e9 Mendon\u00e7a, Luiz Fux e Gilmar Mendes se manifestaram a favor da legalidade das altera\u00e7\u00f5es na CLT.<\/p>\n<p>O relator, Edson Fachin, e a ministra Rosa Weber, que se manifestou antes da aposentadoria, consideraram o trabalho intermitente inconstitucional.<\/p>\n<p>Faltam os votos de quatro ministros. A vota\u00e7\u00e3o virtual prossegue at\u00e9 o dia 13 de dezembro.<\/p>\n<p>As a\u00e7\u00f5es no STF que contestam o trabalho intermitente foram protocoladas por sindicatos que atuam na defesa de frentistas, operadores de telemarketing e dos trabalhadores da ind\u00fastria.<\/p>\n<p>Para as entidades, o modelo favorece a precariza\u00e7\u00e3o da rela\u00e7\u00e3o de emprego e o pagamento de remunera\u00e7\u00f5es abaixo do sal\u00e1rio m\u00ednimo, al\u00e9m de impedir a organiza\u00e7\u00e3o coletiva dos trabalhadores.<\/p>\n<p>Conforme definido na reforma trabalhista, o trabalhador intermitente recebe por horas ou dias trabalhados, e tem f\u00e9rias, FGTS e d\u00e9cimo terceiro sal\u00e1rio de forma proporcional ao per\u00edodo trabalhado. No contrato, \u00e9 definido o valor da hora de trabalho, que n\u00e3o pode ser inferior ao sal\u00e1rio m\u00ednimo por hora ou \u00e0 remunera\u00e7\u00e3o dos demais empregados que exer\u00e7am a mesma fun\u00e7\u00e3o.<\/p>\n<p>O empregado deve ser convocado com, no m\u00ednimo, tr\u00eas dias corridos de anteced\u00eancia. No per\u00edodo de inatividade, pode prestar servi\u00e7os a outras empresas.<\/p>\n<p>Fonte: Ag\u00eancia Brasil<\/p>\n<\/div>\n","protected":false},"excerpt":{"rendered":"<p>Faltam os votos de quatro ministros para conclus\u00e3o do julgamento Andr\u00e9 Richter &#8211; Rep\u00f3rter da Ag\u00eancia Brasil Publicado em 06\/12\/2024 &#8211; 20:34 Bras\u00edlia \u00a9 Marcello Casal JrAg\u00eancia Brasil Vers\u00e3o em \u00e1udio O Supremo Tribunal Federal (STF) formou nesta sexta-feira (6) maioria de votos para confirmar a constitucionalidade do contrato de trabalho intermitente, inserido na Consolida\u00e7\u00e3o [&hellip;]<\/p>\n","protected":false},"author":2,"featured_media":2945,"comment_status":"open","ping_status":"open","sticky":false,"template":"","format":"standard","meta":{"rop_custom_images_group":[],"rop_custom_messages_group":[],"rop_publish_now":"initial","rop_publish_now_accounts":{"twitter_850042665852968960_850042665852968960":""},"rop_publish_now_history":[],"rop_publish_now_status":"pending","footnotes":""},"categories":[15],"tags":[349,350,351,218,259],"class_list":["post-2944","post","type-post","status-publish","format-standard","has-post-thumbnail","hentry","category-destaques","tag-intermitente","tag-stf","tag-supremo","tag-trabalho","tag-voto"],"yoast_head":"<!-- This site is optimized with the Yoast SEO plugin v27.2 - https:\/\/yoast.com\/product\/yoast-seo-wordpress\/ -->\n<title>Supremo tem maioria para validar trabalho intermitente - Prefeitos &amp; Gest\u00f5es<\/title>\n<meta name=\"robots\" content=\"index, follow, max-snippet:-1, max-image-preview:large, max-video-preview:-1\" \/>\n<link rel=\"canonical\" href=\"https:\/\/prefeitosegestoes.com.br\/portal\/supremo-tem-maioria-para-validar-trabalho-intermitente\/\" \/>\n<meta property=\"og:locale\" content=\"pt_BR\" \/>\n<meta property=\"og:type\" content=\"article\" \/>\n<meta property=\"og:title\" content=\"Supremo tem maioria para validar trabalho intermitente - Prefeitos &amp; Gest\u00f5es\" \/>\n<meta property=\"og:description\" content=\"Faltam os votos de quatro ministros para conclus\u00e3o do julgamento Andr\u00e9 Richter &#8211; Rep\u00f3rter da Ag\u00eancia Brasil Publicado em 06\/12\/2024 &#8211; 20:34 Bras\u00edlia \u00a9 Marcello Casal JrAg\u00eancia Brasil Vers\u00e3o em \u00e1udio O Supremo Tribunal Federal (STF) formou nesta sexta-feira (6) maioria de votos para confirmar a constitucionalidade do contrato de trabalho intermitente, inserido na Consolida\u00e7\u00e3o [&hellip;]\" \/>\n<meta property=\"og:url\" content=\"https:\/\/prefeitosegestoes.com.br\/portal\/supremo-tem-maioria-para-validar-trabalho-intermitente\/\" \/>\n<meta property=\"og:site_name\" content=\"Prefeitos &amp; Gest\u00f5es\" \/>\n<meta property=\"article:publisher\" content=\"https:\/\/www.facebook.com\/prefeitosonline\" \/>\n<meta property=\"article:published_time\" content=\"2024-12-07T13:46:10+00:00\" \/>\n<meta property=\"og:image\" content=\"https:\/\/prefeitosegestoes.com.br\/portal\/wp-content\/uploads\/2024\/12\/mg_5584.webp\" \/>\n\t<meta property=\"og:image:width\" content=\"1024\" \/>\n\t<meta property=\"og:image:height\" content=\"768\" \/>\n\t<meta property=\"og:image:type\" content=\"image\/webp\" \/>\n<meta name=\"author\" content=\"Prefeitos &amp; Gest\u00f5es\" \/>\n<meta name=\"twitter:card\" content=\"summary_large_image\" \/>\n<meta name=\"twitter:creator\" content=\"@PrefGestoes\" \/>\n<meta name=\"twitter:site\" content=\"@PrefGestoes\" \/>\n<meta name=\"twitter:label1\" content=\"Escrito por\" \/>\n\t<meta name=\"twitter:data1\" content=\"Prefeitos &amp; Gest\u00f5es\" \/>\n\t<meta name=\"twitter:label2\" content=\"Est. tempo de leitura\" \/>\n\t<meta name=\"twitter:data2\" content=\"3 minutos\" \/>\n<script type=\"application\/ld+json\" class=\"yoast-schema-graph\">{\"@context\":\"https:\/\/schema.org\",\"@graph\":[{\"@type\":\"Article\",\"@id\":\"https:\/\/prefeitosegestoes.com.br\/portal\/supremo-tem-maioria-para-validar-trabalho-intermitente\/#article\",\"isPartOf\":{\"@id\":\"https:\/\/prefeitosegestoes.com.br\/portal\/supremo-tem-maioria-para-validar-trabalho-intermitente\/\"},\"author\":{\"name\":\"Prefeitos &amp; Gest\u00f5es\",\"@id\":\"https:\/\/prefeitosegestoes.com.br\/portal\/#\/schema\/person\/d00059f2ec99963e7e1850d448ae94b8\"},\"headline\":\"Supremo tem maioria para validar trabalho intermitente\",\"datePublished\":\"2024-12-07T13:46:10+00:00\",\"mainEntityOfPage\":{\"@id\":\"https:\/\/prefeitosegestoes.com.br\/portal\/supremo-tem-maioria-para-validar-trabalho-intermitente\/\"},\"wordCount\":363,\"commentCount\":0,\"publisher\":{\"@id\":\"https:\/\/prefeitosegestoes.com.br\/portal\/#organization\"},\"image\":{\"@id\":\"https:\/\/prefeitosegestoes.com.br\/portal\/supremo-tem-maioria-para-validar-trabalho-intermitente\/#primaryimage\"},\"thumbnailUrl\":\"https:\/\/prefeitosegestoes.com.br\/portal\/wp-content\/uploads\/2024\/12\/mg_5584.webp\",\"keywords\":[\"Intermitente\",\"STF\",\"Supremo\",\"Trabalho\",\"Voto\"],\"articleSection\":[\"Destaques\"],\"inLanguage\":\"pt-BR\",\"potentialAction\":[{\"@type\":\"CommentAction\",\"name\":\"Comment\",\"target\":[\"https:\/\/prefeitosegestoes.com.br\/portal\/supremo-tem-maioria-para-validar-trabalho-intermitente\/#respond\"]}]},{\"@type\":\"WebPage\",\"@id\":\"https:\/\/prefeitosegestoes.com.br\/portal\/supremo-tem-maioria-para-validar-trabalho-intermitente\/\",\"url\":\"https:\/\/prefeitosegestoes.com.br\/portal\/supremo-tem-maioria-para-validar-trabalho-intermitente\/\",\"name\":\"Supremo tem maioria para validar trabalho intermitente - Prefeitos &amp; Gest\u00f5es\",\"isPartOf\":{\"@id\":\"https:\/\/prefeitosegestoes.com.br\/portal\/#website\"},\"primaryImageOfPage\":{\"@id\":\"https:\/\/prefeitosegestoes.com.br\/portal\/supremo-tem-maioria-para-validar-trabalho-intermitente\/#primaryimage\"},\"image\":{\"@id\":\"https:\/\/prefeitosegestoes.com.br\/portal\/supremo-tem-maioria-para-validar-trabalho-intermitente\/#primaryimage\"},\"thumbnailUrl\":\"https:\/\/prefeitosegestoes.com.br\/portal\/wp-content\/uploads\/2024\/12\/mg_5584.webp\",\"datePublished\":\"2024-12-07T13:46:10+00:00\",\"breadcrumb\":{\"@id\":\"https:\/\/prefeitosegestoes.com.br\/portal\/supremo-tem-maioria-para-validar-trabalho-intermitente\/#breadcrumb\"},\"inLanguage\":\"pt-BR\",\"potentialAction\":[{\"@type\":\"ReadAction\",\"target\":[\"https:\/\/prefeitosegestoes.com.br\/portal\/supremo-tem-maioria-para-validar-trabalho-intermitente\/\"]}]},{\"@type\":\"ImageObject\",\"inLanguage\":\"pt-BR\",\"@id\":\"https:\/\/prefeitosegestoes.com.br\/portal\/supremo-tem-maioria-para-validar-trabalho-intermitente\/#primaryimage\",\"url\":\"https:\/\/prefeitosegestoes.com.br\/portal\/wp-content\/uploads\/2024\/12\/mg_5584.webp\",\"contentUrl\":\"https:\/\/prefeitosegestoes.com.br\/portal\/wp-content\/uploads\/2024\/12\/mg_5584.webp\",\"width\":1024,\"height\":768},{\"@type\":\"BreadcrumbList\",\"@id\":\"https:\/\/prefeitosegestoes.com.br\/portal\/supremo-tem-maioria-para-validar-trabalho-intermitente\/#breadcrumb\",\"itemListElement\":[{\"@type\":\"ListItem\",\"position\":1,\"name\":\"In\u00edcio\",\"item\":\"https:\/\/prefeitosegestoes.com.br\/portal\/\"},{\"@type\":\"ListItem\",\"position\":2,\"name\":\"Supremo tem maioria para validar trabalho intermitente\"}]},{\"@type\":\"WebSite\",\"@id\":\"https:\/\/prefeitosegestoes.com.br\/portal\/#website\",\"url\":\"https:\/\/prefeitosegestoes.com.br\/portal\/\",\"name\":\"Prefeitos & Gest\u00f5es\",\"description\":\"\",\"publisher\":{\"@id\":\"https:\/\/prefeitosegestoes.com.br\/portal\/#organization\"},\"potentialAction\":[{\"@type\":\"SearchAction\",\"target\":{\"@type\":\"EntryPoint\",\"urlTemplate\":\"https:\/\/prefeitosegestoes.com.br\/portal\/?s={search_term_string}\"},\"query-input\":{\"@type\":\"PropertyValueSpecification\",\"valueRequired\":true,\"valueName\":\"search_term_string\"}}],\"inLanguage\":\"pt-BR\"},{\"@type\":\"Organization\",\"@id\":\"https:\/\/prefeitosegestoes.com.br\/portal\/#organization\",\"name\":\"Prefeitos & Gest\u00f5es\",\"url\":\"https:\/\/prefeitosegestoes.com.br\/portal\/\",\"logo\":{\"@type\":\"ImageObject\",\"inLanguage\":\"pt-BR\",\"@id\":\"https:\/\/prefeitosegestoes.com.br\/portal\/#\/schema\/logo\/image\/\",\"url\":\"https:\/\/prefeitosegestoes.com.br\/portal\/wp-content\/uploads\/2024\/10\/lg_trans_prefeitos_2024_preto2.png\",\"contentUrl\":\"https:\/\/prefeitosegestoes.com.br\/portal\/wp-content\/uploads\/2024\/10\/lg_trans_prefeitos_2024_preto2.png\",\"width\":199,\"height\":122,\"caption\":\"Prefeitos & Gest\u00f5es\"},\"image\":{\"@id\":\"https:\/\/prefeitosegestoes.com.br\/portal\/#\/schema\/logo\/image\/\"},\"sameAs\":[\"https:\/\/www.facebook.com\/prefeitosonline\",\"https:\/\/x.com\/PrefGestoes\"]},{\"@type\":\"Person\",\"@id\":\"https:\/\/prefeitosegestoes.com.br\/portal\/#\/schema\/person\/d00059f2ec99963e7e1850d448ae94b8\",\"name\":\"Prefeitos &amp; Gest\u00f5es\",\"image\":{\"@type\":\"ImageObject\",\"inLanguage\":\"pt-BR\",\"@id\":\"https:\/\/secure.gravatar.com\/avatar\/738fb281e479212ed32c1a21a4307dda9f3af9292edb6918a16c9ce9fff5f48d?s=96&d=mm&r=g\",\"url\":\"https:\/\/secure.gravatar.com\/avatar\/738fb281e479212ed32c1a21a4307dda9f3af9292edb6918a16c9ce9fff5f48d?s=96&d=mm&r=g\",\"contentUrl\":\"https:\/\/secure.gravatar.com\/avatar\/738fb281e479212ed32c1a21a4307dda9f3af9292edb6918a16c9ce9fff5f48d?s=96&d=mm&r=g\",\"caption\":\"Prefeitos &amp; Gest\u00f5es\"},\"url\":\"https:\/\/prefeitosegestoes.com.br\/portal\/author\/prefeitosegestoes\/\"}]}<\/script>\n<!-- \/ Yoast SEO plugin. -->","yoast_head_json":{"title":"Supremo tem maioria para validar trabalho intermitente - Prefeitos &amp; Gest\u00f5es","robots":{"index":"index","follow":"follow","max-snippet":"max-snippet:-1","max-image-preview":"max-image-preview:large","max-video-preview":"max-video-preview:-1"},"canonical":"https:\/\/prefeitosegestoes.com.br\/portal\/supremo-tem-maioria-para-validar-trabalho-intermitente\/","og_locale":"pt_BR","og_type":"article","og_title":"Supremo tem maioria para validar trabalho intermitente - Prefeitos &amp; Gest\u00f5es","og_description":"Faltam os votos de quatro ministros para conclus\u00e3o do julgamento Andr\u00e9 Richter &#8211; Rep\u00f3rter da Ag\u00eancia Brasil Publicado em 06\/12\/2024 &#8211; 20:34 Bras\u00edlia \u00a9 Marcello Casal JrAg\u00eancia Brasil Vers\u00e3o em \u00e1udio O Supremo Tribunal Federal (STF) formou nesta sexta-feira (6) maioria de votos para confirmar a constitucionalidade do contrato de trabalho intermitente, inserido na Consolida\u00e7\u00e3o [&hellip;]","og_url":"https:\/\/prefeitosegestoes.com.br\/portal\/supremo-tem-maioria-para-validar-trabalho-intermitente\/","og_site_name":"Prefeitos &amp; Gest\u00f5es","article_publisher":"https:\/\/www.facebook.com\/prefeitosonline","article_published_time":"2024-12-07T13:46:10+00:00","og_image":[{"width":1024,"height":768,"url":"https:\/\/prefeitosegestoes.com.br\/portal\/wp-content\/uploads\/2024\/12\/mg_5584.webp","type":"image\/webp"}],"author":"Prefeitos &amp; Gest\u00f5es","twitter_card":"summary_large_image","twitter_creator":"@PrefGestoes","twitter_site":"@PrefGestoes","twitter_misc":{"Escrito por":"Prefeitos &amp; Gest\u00f5es","Est. tempo de leitura":"3 minutos"},"schema":{"@context":"https:\/\/schema.org","@graph":[{"@type":"Article","@id":"https:\/\/prefeitosegestoes.com.br\/portal\/supremo-tem-maioria-para-validar-trabalho-intermitente\/#article","isPartOf":{"@id":"https:\/\/prefeitosegestoes.com.br\/portal\/supremo-tem-maioria-para-validar-trabalho-intermitente\/"},"author":{"name":"Prefeitos &amp; Gest\u00f5es","@id":"https:\/\/prefeitosegestoes.com.br\/portal\/#\/schema\/person\/d00059f2ec99963e7e1850d448ae94b8"},"headline":"Supremo tem maioria para validar trabalho intermitente","datePublished":"2024-12-07T13:46:10+00:00","mainEntityOfPage":{"@id":"https:\/\/prefeitosegestoes.com.br\/portal\/supremo-tem-maioria-para-validar-trabalho-intermitente\/"},"wordCount":363,"commentCount":0,"publisher":{"@id":"https:\/\/prefeitosegestoes.com.br\/portal\/#organization"},"image":{"@id":"https:\/\/prefeitosegestoes.com.br\/portal\/supremo-tem-maioria-para-validar-trabalho-intermitente\/#primaryimage"},"thumbnailUrl":"https:\/\/prefeitosegestoes.com.br\/portal\/wp-content\/uploads\/2024\/12\/mg_5584.webp","keywords":["Intermitente","STF","Supremo","Trabalho","Voto"],"articleSection":["Destaques"],"inLanguage":"pt-BR","potentialAction":[{"@type":"CommentAction","name":"Comment","target":["https:\/\/prefeitosegestoes.com.br\/portal\/supremo-tem-maioria-para-validar-trabalho-intermitente\/#respond"]}]},{"@type":"WebPage","@id":"https:\/\/prefeitosegestoes.com.br\/portal\/supremo-tem-maioria-para-validar-trabalho-intermitente\/","url":"https:\/\/prefeitosegestoes.com.br\/portal\/supremo-tem-maioria-para-validar-trabalho-intermitente\/","name":"Supremo tem maioria para validar trabalho intermitente - Prefeitos &amp; Gest\u00f5es","isPartOf":{"@id":"https:\/\/prefeitosegestoes.com.br\/portal\/#website"},"primaryImageOfPage":{"@id":"https:\/\/prefeitosegestoes.com.br\/portal\/supremo-tem-maioria-para-validar-trabalho-intermitente\/#primaryimage"},"image":{"@id":"https:\/\/prefeitosegestoes.com.br\/portal\/supremo-tem-maioria-para-validar-trabalho-intermitente\/#primaryimage"},"thumbnailUrl":"https:\/\/prefeitosegestoes.com.br\/portal\/wp-content\/uploads\/2024\/12\/mg_5584.webp","datePublished":"2024-12-07T13:46:10+00:00","breadcrumb":{"@id":"https:\/\/prefeitosegestoes.com.br\/portal\/supremo-tem-maioria-para-validar-trabalho-intermitente\/#breadcrumb"},"inLanguage":"pt-BR","potentialAction":[{"@type":"ReadAction","target":["https:\/\/prefeitosegestoes.com.br\/portal\/supremo-tem-maioria-para-validar-trabalho-intermitente\/"]}]},{"@type":"ImageObject","inLanguage":"pt-BR","@id":"https:\/\/prefeitosegestoes.com.br\/portal\/supremo-tem-maioria-para-validar-trabalho-intermitente\/#primaryimage","url":"https:\/\/prefeitosegestoes.com.br\/portal\/wp-content\/uploads\/2024\/12\/mg_5584.webp","contentUrl":"https:\/\/prefeitosegestoes.com.br\/portal\/wp-content\/uploads\/2024\/12\/mg_5584.webp","width":1024,"height":768},{"@type":"BreadcrumbList","@id":"https:\/\/prefeitosegestoes.com.br\/portal\/supremo-tem-maioria-para-validar-trabalho-intermitente\/#breadcrumb","itemListElement":[{"@type":"ListItem","position":1,"name":"In\u00edcio","item":"https:\/\/prefeitosegestoes.com.br\/portal\/"},{"@type":"ListItem","position":2,"name":"Supremo tem maioria para validar trabalho intermitente"}]},{"@type":"WebSite","@id":"https:\/\/prefeitosegestoes.com.br\/portal\/#website","url":"https:\/\/prefeitosegestoes.com.br\/portal\/","name":"Prefeitos & Gest\u00f5es","description":"","publisher":{"@id":"https:\/\/prefeitosegestoes.com.br\/portal\/#organization"},"potentialAction":[{"@type":"SearchAction","target":{"@type":"EntryPoint","urlTemplate":"https:\/\/prefeitosegestoes.com.br\/portal\/?s={search_term_string}"},"query-input":{"@type":"PropertyValueSpecification","valueRequired":true,"valueName":"search_term_string"}}],"inLanguage":"pt-BR"},{"@type":"Organization","@id":"https:\/\/prefeitosegestoes.com.br\/portal\/#organization","name":"Prefeitos & Gest\u00f5es","url":"https:\/\/prefeitosegestoes.com.br\/portal\/","logo":{"@type":"ImageObject","inLanguage":"pt-BR","@id":"https:\/\/prefeitosegestoes.com.br\/portal\/#\/schema\/logo\/image\/","url":"https:\/\/prefeitosegestoes.com.br\/portal\/wp-content\/uploads\/2024\/10\/lg_trans_prefeitos_2024_preto2.png","contentUrl":"https:\/\/prefeitosegestoes.com.br\/portal\/wp-content\/uploads\/2024\/10\/lg_trans_prefeitos_2024_preto2.png","width":199,"height":122,"caption":"Prefeitos & Gest\u00f5es"},"image":{"@id":"https:\/\/prefeitosegestoes.com.br\/portal\/#\/schema\/logo\/image\/"},"sameAs":["https:\/\/www.facebook.com\/prefeitosonline","https:\/\/x.com\/PrefGestoes"]},{"@type":"Person","@id":"https:\/\/prefeitosegestoes.com.br\/portal\/#\/schema\/person\/d00059f2ec99963e7e1850d448ae94b8","name":"Prefeitos &amp; Gest\u00f5es","image":{"@type":"ImageObject","inLanguage":"pt-BR","@id":"https:\/\/secure.gravatar.com\/avatar\/738fb281e479212ed32c1a21a4307dda9f3af9292edb6918a16c9ce9fff5f48d?s=96&d=mm&r=g","url":"https:\/\/secure.gravatar.com\/avatar\/738fb281e479212ed32c1a21a4307dda9f3af9292edb6918a16c9ce9fff5f48d?s=96&d=mm&r=g","contentUrl":"https:\/\/secure.gravatar.com\/avatar\/738fb281e479212ed32c1a21a4307dda9f3af9292edb6918a16c9ce9fff5f48d?s=96&d=mm&r=g","caption":"Prefeitos &amp; Gest\u00f5es"},"url":"https:\/\/prefeitosegestoes.com.br\/portal\/author\/prefeitosegestoes\/"}]}},"_links":{"self":[{"href":"https:\/\/prefeitosegestoes.com.br\/portal\/wp-json\/wp\/v2\/posts\/2944","targetHints":{"allow":["GET"]}}],"collection":[{"href":"https:\/\/prefeitosegestoes.com.br\/portal\/wp-json\/wp\/v2\/posts"}],"about":[{"href":"https:\/\/prefeitosegestoes.com.br\/portal\/wp-json\/wp\/v2\/types\/post"}],"author":[{"embeddable":true,"href":"https:\/\/prefeitosegestoes.com.br\/portal\/wp-json\/wp\/v2\/users\/2"}],"replies":[{"embeddable":true,"href":"https:\/\/prefeitosegestoes.com.br\/portal\/wp-json\/wp\/v2\/comments?post=2944"}],"version-history":[{"count":1,"href":"https:\/\/prefeitosegestoes.com.br\/portal\/wp-json\/wp\/v2\/posts\/2944\/revisions"}],"predecessor-version":[{"id":2946,"href":"https:\/\/prefeitosegestoes.com.br\/portal\/wp-json\/wp\/v2\/posts\/2944\/revisions\/2946"}],"wp:featuredmedia":[{"embeddable":true,"href":"https:\/\/prefeitosegestoes.com.br\/portal\/wp-json\/wp\/v2\/media\/2945"}],"wp:attachment":[{"href":"https:\/\/prefeitosegestoes.com.br\/portal\/wp-json\/wp\/v2\/media?parent=2944"}],"wp:term":[{"taxonomy":"category","embeddable":true,"href":"https:\/\/prefeitosegestoes.com.br\/portal\/wp-json\/wp\/v2\/categories?post=2944"},{"taxonomy":"post_tag","embeddable":true,"href":"https:\/\/prefeitosegestoes.com.br\/portal\/wp-json\/wp\/v2\/tags?post=2944"}],"curies":[{"name":"wp","href":"https:\/\/api.w.org\/{rel}","templated":true}]}}