{"id":2938,"date":"2024-12-07T10:29:08","date_gmt":"2024-12-07T13:29:08","guid":{"rendered":"https:\/\/prefeitosegestoes.com.br\/portal\/?p=2938"},"modified":"2024-12-07T10:29:08","modified_gmt":"2024-12-07T13:29:08","slug":"acordo-mercosul-ue-carne-suco-de-laranja-e-acucar-como-ficam-as-vendas-de-produtos-do-agro-para-uniao-europeia-apos-acordo","status":"publish","type":"post","link":"https:\/\/prefeitosegestoes.com.br\/portal\/acordo-mercosul-ue-carne-suco-de-laranja-e-acucar-como-ficam-as-vendas-de-produtos-do-agro-para-uniao-europeia-apos-acordo\/","title":{"rendered":"ACORDO MERCOSUL-UE: Carne, suco de laranja e a\u00e7\u00facar: como ficam as vendas de produtos do agro para Uni\u00e3o Europeia ap\u00f3s acordo"},"content":{"rendered":"<div class=\"glb-grid\"><main class=\"mc-body theme\"><\/p>\n<div class=\"mc-article-header\">\n<div class=\"row content-head mc-column non-featured \">\n<div class=\"medium-centered subtitle\">\n<h2 class=\"content-head__subtitle\"><\/h2>\n<div class=\"autor\">Foto Ricardo Stuckert \/ PR<\/div>\n<h2 class=\"content-head__subtitle\">Itens considerados sens\u00edveis, que concorr\u00eancia prejudicaria produtores locais, recebem tratamento diferenciado para a exporta\u00e7\u00e3o para o bloco europeu.<\/h2>\n<\/div>\n<\/div>\n<div class=\"content__signa-share mc-column\">\n<div class=\"content__signature\">\n<div class=\"content-publication-data\">\n<div class=\"content-publication-data__text\">\n<p class=\"content-publication-data__from\" title=\"Reda\u00e7\u00e3o g1\">Por\u00a0<a class=\"multi_signatures\" href=\"https:\/\/g1.globo.com\/autores\/redacao-g1\/\">Reda\u00e7\u00e3o g1<\/a><\/p>\n<p class=\"content-publication-data__updated\"><time datetime=\"2024-12-07T02:00:15.916-03:00\">07\/12\/2024 02h00\u00a0<\/time><span class=\"content-publication-data__updated-relative\">\u00a0<time datetime=\"2024-12-07T02:00:16.663-03:00\">Atualizado\u00a0<time datetime=\"2024-12-07T02:00:16.663-03:00\">h\u00e1 8 horas<\/time><\/time><\/span><\/p>\n<\/div>\n<\/div>\n<\/div>\n<\/div>\n<div class=\"glb-share-bar content__share-bar\">\n<div class=\"glb-share-bar_icons\">\n<div class=\"glb-share-bar_button-img\"><\/div>\n<div class=\"glb-share-bar_button-img\"><\/div>\n<\/div>\n<\/div>\n<\/div>\n<div class=\"mc-article-body\">\n<article>\n<div id=\"chunk-cou7q\">\n<div class=\"row medium-uncollapsed content-media content-photo\" data-block-type=\"backstage-photo\" data-block-id=\"1\">\n<div class=\" mc-column  content-media__container\">\n<div class=\"content-media-container glb-skeleton-box\">\n<figure class=\"content-media-figure\"><img decoding=\"async\" class=\"i-amphtml-fill-content i-amphtml-replaced-content\" src=\"https:\/\/s2-g1.glbimg.com\/Vj4uw_fBK8N6TUV-KMyCm1uFoHk=\/0x0:567x317\/984x0\/smart\/filters:strip_icc()\/i.s3.glbimg.com\/v1\/AUTH_59edd422c0c84a879bd37670ae4f538a\/internal_photos\/bs\/2024\/G\/W\/sBVhl1QKq8aOYaTABulQ\/fotojet-12-.jpg\" sizes=\"(max-width: 1680px) 648px, 100vw\" srcset=\"https:\/\/s2-g1.glbimg.com\/LVFuihZkLf0tjdq4ZRHXk9Ar1o8=\/0x0:567x317\/1000x0\/smart\/filters:strip_icc()\/i.s3.glbimg.com\/v1\/AUTH_59edd422c0c84a879bd37670ae4f538a\/internal_photos\/bs\/2024\/G\/W\/sBVhl1QKq8aOYaTABulQ\/fotojet-12-.jpg 1000w, https:\/\/s2-g1.glbimg.com\/Vj4uw_fBK8N6TUV-KMyCm1uFoHk=\/0x0:567x317\/984x0\/smart\/filters:strip_icc()\/i.s3.glbimg.com\/v1\/AUTH_59edd422c0c84a879bd37670ae4f538a\/internal_photos\/bs\/2024\/G\/W\/sBVhl1QKq8aOYaTABulQ\/fotojet-12-.jpg 984w, https:\/\/s2-g1.glbimg.com\/g0mKHGQLd1EL5Q5GvpeeCUcVzQU=\/0x0:567x317\/640x0\/smart\/filters:strip_icc()\/i.s3.glbimg.com\/v1\/AUTH_59edd422c0c84a879bd37670ae4f538a\/internal_photos\/bs\/2024\/G\/W\/sBVhl1QKq8aOYaTABulQ\/fotojet-12-.jpg 640w, https:\/\/s2-g1.glbimg.com\/hObs3DUnlVMVVCQJFkD_Xz7gOWc=\/0x0:567x317\/600x0\/smart\/filters:strip_icc()\/i.s3.glbimg.com\/v1\/AUTH_59edd422c0c84a879bd37670ae4f538a\/internal_photos\/bs\/2024\/G\/W\/sBVhl1QKq8aOYaTABulQ\/fotojet-12-.jpg 600w\" alt=\"A\u00e7\u00facar, suco de laranja e carne \u2014 Foto: Divulga\u00e7\u00e3o;divulga\u00e7\u00e3o; Minist\u00e9rio da Agricultura.\" \/><\/figure>\n<\/div>\n<p class=\"content-media__description  \">A\u00e7\u00facar, suco de laranja e carne \u2014 Foto: Divulga\u00e7\u00e3o; Minist\u00e9rio da Agricultura.<\/p>\n<\/div>\n<\/div>\n<\/div>\n<div id=\"chunk-11kbf\">\n<div class=\"mc-column mc-side-item__container\" data-block-type=\"ads\" data-block-id=\"3\">\n<div class=\"mc-side-item mc-side-item--right content-ads content-ads--side-ad\"><\/div>\n<\/div>\n<\/div>\n<div id=\"chunk-qlo8\">\n<div class=\"mc-column content-text active-extra-styles \" data-block-type=\"unstyled\" data-block-weight=\"42\" data-block-id=\"2\">\n<p class=\" content-text__container \" data-track-category=\"Link no Texto\" data-track-links=\"\" data-mrf-recirculation=\"Artigo - Links Texto\">O Brasil vai poder vender alimentos sem taxas para a\u00a0<a class=\"\" href=\"https:\/\/g1.globo.com\/tudo-sobre\/uniao-europeia\/\" data-mrf-link=\"https:\/\/g1.globo.com\/tudo-sobre\/uniao-europeia\/\">Uni\u00e3o Europeia<\/a>, depois do acordo comercial firmado entre o bloco e o\u00a0<a class=\"\" href=\"https:\/\/g1.globo.com\/tudo-sobre\/mercosul\/\" data-mrf-link=\"https:\/\/g1.globo.com\/tudo-sobre\/mercosul\/\">Mercosul<\/a>, divulgado ap\u00f3s a reuni\u00e3o dos l\u00edderes dos blocos na c\u00fapula do sul-americano, em\u00a0<a class=\"\" href=\"https:\/\/g1.globo.com\/mundo\/uruguai\/cidade\/montevideu.html\" data-mrf-link=\"https:\/\/g1.globo.com\/mundo\/uruguai\/cidade\/montevideu.html\">Montevid\u00e9u<\/a>, no\u00a0<a class=\"\" href=\"https:\/\/g1.globo.com\/tudo-sobre\/uruguai\/\" data-mrf-link=\"https:\/\/g1.globo.com\/tudo-sobre\/uruguai\/\">Uruguai<\/a>, na sexta-feira (6).<\/p>\n<\/div>\n<\/div>\n<div class=\"wall protected-content\">\n<div id=\"chunk-1retc\">\n<div class=\"mc-column content-text active-extra-styles \" data-block-type=\"unstyled\" data-block-weight=\"44\" data-block-id=\"4\">\n<p class=\" content-text__container \" data-track-category=\"Link no Texto\" data-track-links=\"\" data-mrf-recirculation=\"Artigo - Links Texto\">Alguns dos produtos que ter\u00e3o a sua tarifa de exporta\u00e7\u00e3o zerada s\u00e3o:\u00a0<span class=\"highlight highlighted\">carne de aves, a\u00e7\u00facar, etanol, arroz, mel, milho, sorgo, suco de laranja, cacha\u00e7a e frutas.\u00a0<\/span>Em suas redes sociais, o ministro da agricultura brasileira,\u00a0<span class=\"highlight highlighted\">disse que o caf\u00e9 tamb\u00e9m ter\u00e1 imposto zero.<\/span><\/p>\n<\/div>\n<\/div>\n<div id=\"chunk-9vdfq\">\n<div class=\"mc-column content-text active-extra-styles \" data-block-type=\"unstyled\" data-block-weight=\"15\" data-block-id=\"5\">\n<p class=\" content-text__container \" data-track-category=\"Link no Texto\" data-track-links=\"\" data-mrf-recirculation=\"Artigo - Links Texto\">Al\u00e9m deles, existe outros alimentos que ainda ter\u00e3o tarifa, mas reduzida,\u00a0<span class=\"highlight highlighted\">caso da carne bovina.<\/span><\/p>\n<\/div>\n<\/div>\n<div id=\"chunk-bd9f1\">\n<div class=\"mc-column content-text active-extra-styles \" data-block-type=\"unstyled\" data-block-weight=\"17\" data-block-id=\"7\">\n<p class=\" content-text__container \" data-track-category=\"Link no Texto\" data-track-links=\"\" data-mrf-recirculation=\"Artigo - Links Texto\">A\u00a0<a class=\"\" href=\"https:\/\/g1.globo.com\/tudo-sobre\/uniao-europeia\/\" data-mrf-link=\"https:\/\/g1.globo.com\/tudo-sobre\/uniao-europeia\/\">Uni\u00e3o Europeia<\/a>\u00a0representa, hoje, o segundo maior mercado importador do agroneg\u00f3cio brasileiro, atr\u00e1s apenas da China.<\/p>\n<\/div>\n<\/div>\n<div id=\"chunk-dlikn\">\n<div class=\"mc-column content-text active-extra-styles \" data-block-type=\"unstyled\" data-block-weight=\"31\" data-block-id=\"8\">\n<p class=\" content-text__container \" data-track-category=\"Link no Texto\" data-track-links=\"\" data-mrf-recirculation=\"Artigo - Links Texto\">Apesar do an\u00fancio, n\u00e3o existe uma previs\u00e3o de quando a medida entrar\u00e1 em pr\u00e1tica. O novo texto ainda deve passar por revis\u00e3o, tradu\u00e7\u00e3o, assinatura e ratifica\u00e7\u00e3o antes de entrar em vigor.<\/p>\n<\/div>\n<\/div>\n<div id=\"chunk-5r7rn\">\n<div class=\"mc-column content-text active-extra-styles \" data-block-type=\"unstyled\" data-block-weight=\"24\" data-block-id=\"9\">\n<p class=\" content-text__container \" data-track-category=\"Link no Texto\" data-track-links=\"\" data-mrf-recirculation=\"Artigo - Links Texto\">Essa negocia\u00e7\u00e3o acontece desde 1999.\u00a0<a class=\"\" href=\"https:\/\/g1.globo.com\/economia\/noticia\/2019\/06\/28\/acordo-entre-mercosul-e-uniao-europeia-o-que-preve-o-texto.ghtml\" data-mrf-link=\"https:\/\/g1.globo.com\/economia\/noticia\/2019\/06\/28\/acordo-entre-mercosul-e-uniao-europeia-o-que-preve-o-texto.ghtml\">A primeira etapa do tratado foi conclu\u00edda em 2019<\/a>\u00a0e, desde ent\u00e3o, o texto j\u00e1 passou por revis\u00f5es.<\/p>\n<\/div>\n<\/div>\n<div id=\"chunk-6goib\">\n<div class=\"mc-column content-text active-extra-styles \" data-block-type=\"unstyled\" data-block-weight=\"22\" data-block-id=\"10\">\n<p class=\" content-text__container \" data-track-category=\"Link no Texto\" data-track-links=\"\" data-mrf-recirculation=\"Artigo - Links Texto\"><span class=\"highlight highlighted\">O documento da nova vers\u00e3o do acordo n\u00e3o foi divulgado<\/span>. Mas informa\u00e7\u00f5es publicadas no site do\u00a0<a class=\"\" href=\"https:\/\/g1.globo.com\/tudo-sobre\/ministerio-relacoes-exteriores\/\" data-mrf-link=\"https:\/\/g1.globo.com\/tudo-sobre\/ministerio-relacoes-exteriores\/\">Minist\u00e9rio das Rela\u00e7\u00f5es Exteriores<\/a> adiantam que:<\/p>\n<\/div>\n<\/div>\n<div id=\"chunk-9l0b5\">\n<div class=\"mc-column content-text active-extra-styles\" data-block-type=\"raw\" data-block-weight=\"59\" data-block-id=\"11\">\n<ul class=\"content-unordered-list\">\n<li>ao todo, os europeus v\u00e3o zerar ou diminuir a tarifa de 95% de suas importa\u00e7\u00f5es do\u00a0<a class=\"\" href=\"https:\/\/g1.globo.com\/tudo-sobre\/mercosul\/\">Mercosul<\/a>, permanecendo apenas taxas para itens mais &#8220;sens\u00edveis&#8221;, que s\u00e3o aqueles que concorr\u00eancia massiva amea\u00e7aria os produtores locais e representam 3% dos produtos no acordo.<\/li>\n<li>j\u00e1 o bloco sul-americano vai eliminar ou diminuir gradualmente as taxas de 91% de produtos importados da Europa.<\/li>\n<\/ul>\n<\/div>\n<\/div>\n<div id=\"chunk-a42e1\">\n<div class=\"mc-column content-text active-extra-styles\" data-block-type=\"raw\" data-block-weight=\"3\" data-block-id=\"12\">\n<div class=\"content-intertitle\">\n<h2>Produtos com cota<\/h2>\n<\/div>\n<\/div>\n<\/div>\n<div id=\"chunk-a6kns\">\n<div class=\"mc-column content-text active-extra-styles \" data-block-type=\"unstyled\" data-block-weight=\"36\" data-block-id=\"13\">\n<p class=\" content-text__container \" data-track-category=\"Link no Texto\" data-track-links=\"\" data-mrf-recirculation=\"Artigo - Links Texto\">As exporta\u00e7\u00f5es do\u00a0<a class=\"\" href=\"https:\/\/g1.globo.com\/tudo-sobre\/mercosul\/\" data-mrf-link=\"https:\/\/g1.globo.com\/tudo-sobre\/mercosul\/\">Mercosul<\/a>\u00a0de alguns itens como, carnes, a\u00e7\u00facar, etanol e arroz,\u00a0<span class=\"highlight highlighted\">ter\u00e3o limite de cotas para o envio sem imposto.\u00a0<\/span>Considerados itens sens\u00edveis, essas cotas permitem a seguridade do mercado interno da\u00a0<a class=\"\" href=\"https:\/\/g1.globo.com\/tudo-sobre\/uniao-europeia\/\" data-mrf-link=\"https:\/\/g1.globo.com\/tudo-sobre\/uniao-europeia\/\">Uni\u00e3o Europeia<\/a>.<\/p>\n<\/div>\n<\/div>\n<div id=\"chunk-fivb4\">\n<div class=\"mc-column content-text active-extra-styles\" data-block-type=\"raw\" data-block-weight=\"354\" data-block-id=\"14\">\n<ul class=\"content-unordered-list\">\n<li><strong>Carne bovina:<\/strong>\u00a099 mil toneladas ter\u00e3o tarifa de 7,5% no momento em que o acordo entrar em vigor volume, taxa que poder\u00e1 ser aumentada em 6 etapas. Do montante total, 55% ser\u00e1 para carnes frescas e 45% para as congeladas. Tamb\u00e9m \u00e9 previsto o fim da taxa\u00e7\u00e3o para a cota de 10 mil toneladas reservada a cortes especiais (a chamada Cota Hilton, que j\u00e1 existe);<\/li>\n<li><strong>Carne de aves<\/strong>: 180 mil toneladas poder\u00e3o ser exportadas sem tarifas, em volume crescente em 6 est\u00e1gios. A quantidade \u00e9 dividida igualmente para carnes com e sem osso;<\/li>\n<li><strong>Carne su\u00edna<\/strong>: 25 mil toneladas poder\u00e3o ser exportadas com taxa de \u20ac 83 por tonelada em volume crescente em 6 est\u00e1gios;<\/li>\n<li><strong>A\u00e7\u00facar<\/strong>: elimina\u00e7\u00e3o de tarifas para uma cota de 180 mil toneladas para o a\u00e7\u00facar\u00a0<span class=\"highlight highlighted\">refinado\u00a0<\/span>produzido no Brasil e uma cota de 10 mil toneladas para o produto do Paraguai;<\/li>\n<li><strong>Etanol<\/strong>: ficam isentas de tarifas 450 mil toneladas de etanol para ind\u00fastria e 200 mil toneladas para combust\u00edveis ou outros usos, com um ter\u00e7o do imposto cobrado atualmente (de \u20ac 6,4 a \u20ac 3,4 por litro) e volume crescente em 6 etapas;<\/li>\n<li><strong>Arroz<\/strong>: cota de 60 mil toneladas poder\u00e1 ser exportada sem tarifas e essa taxa poder\u00e1 ser aumentada em 6 etapas;<\/li>\n<li><strong>Mel<\/strong>: 45 mil toneladas isentas de tarifas que podem aumentar em 6 est\u00e1gios;<\/li>\n<li><strong>Milho e sorgo<\/strong>: 1 milh\u00e3o de toneladas sem tarifas, volume crescente em 6 est\u00e1gios;<\/li>\n<li><strong>Suco de laranja:\u00a0<\/strong>diminui\u00e7\u00e3o das tarifas at\u00e9 serem zeradas no per\u00edodo de 7 a 10 anos, sendo que metade das importa\u00e7\u00f5es da\u00a0<a class=\"\" href=\"https:\/\/g1.globo.com\/tudo-sobre\/uniao-europeia\/\">Uni\u00e3o Europeia<\/a>\u00a0devem ser provenientes do\u00a0<a class=\"\" href=\"https:\/\/g1.globo.com\/tudo-sobre\/mercosul\/\">Mercosul<\/a>;<\/li>\n<li><strong>Cacha\u00e7a:\u00a0<\/strong>garrafas com menos de 2 litros n\u00e3o ser\u00e3o tarifadas por 4 anos. H\u00e1 ainda a elimina\u00e7\u00e3o da tarifa para at\u00e9 2.400 toneladas de cacha\u00e7a a granel, com volume crescente em 5 anos;<\/li>\n<li><strong>Queijos<\/strong>: 30 mil toneladas com volume crescente e tarifa decrescente em 10 anos (exclus\u00e3o de mu\u00e7arela);<\/li>\n<li><strong>Iogurte:<\/strong>\u00a0margem de prefer\u00eancia de 50% nas importa\u00e7\u00f5es europeia;<\/li>\n<li><strong>Manteiga:<\/strong>\u00a0margem de prefer\u00eancia de 30% nas importa\u00e7\u00f5es europeia;<\/li>\n<li><strong>Frutas:\u00a0<\/strong>frutas como abacates, lim\u00f5es, limas, mel\u00f5es e melancias, uvas de mesa e ma\u00e7as n\u00e3o estar\u00e3o sujeitas a cotas e ter\u00e3o suas tarifas completamente eliminadas<\/li>\n<\/ul>\n<\/div>\n<\/div>\n<div id=\"chunk-fbk1k\">\n<div class=\"mc-column content-text active-extra-styles \" data-block-type=\"unstyled\" data-block-weight=\"2\" data-block-id=\"16\">\n<p class=\" content-text__container \" data-track-category=\"Link no Texto\" data-track-links=\"\" data-mrf-recirculation=\"Artigo - Links Texto\"><strong>Veja mais:<\/strong><\/p>\n<\/div>\n<\/div>\n<div id=\"chunk-12b8m\">\n<div class=\"mc-column content-text active-extra-styles\" data-block-type=\"raw\" data-block-weight=\"11\" data-block-id=\"17\">\n<ul class=\"content-unordered-list\">\n<li><a class=\"\" href=\"https:\/\/g1.globo.com\/economia\/agronegocios\/noticia\/2024\/12\/06\/acordo-ue-mercosul-o-que-esta-em-jogo-para-o-agro-brasileiro.ghtml\">Acordo UE-Mercosul: o que est\u00e1 em jogo para o agro brasileiro<\/a><\/li>\n<\/ul>\n<p>Fonte G1<\/p>\n<\/div>\n<\/div>\n<\/div>\n<\/article>\n<\/div>\n<p><\/main><\/div>\n","protected":false},"excerpt":{"rendered":"<p>Foto Ricardo Stuckert \/ PR Itens considerados sens\u00edveis, que concorr\u00eancia prejudicaria produtores locais, recebem tratamento diferenciado para a exporta\u00e7\u00e3o para o bloco europeu. Por\u00a0Reda\u00e7\u00e3o g1 07\/12\/2024 02h00\u00a0\u00a0Atualizado\u00a0h\u00e1 8 horas A\u00e7\u00facar, suco de laranja e carne \u2014 Foto: Divulga\u00e7\u00e3o; Minist\u00e9rio da Agricultura. O Brasil vai poder vender alimentos sem taxas para a\u00a0Uni\u00e3o Europeia, depois do acordo [&hellip;]<\/p>\n","protected":false},"author":2,"featured_media":2939,"comment_status":"open","ping_status":"open","sticky":false,"template":"","format":"standard","meta":{"rop_custom_images_group":[],"rop_custom_messages_group":[],"rop_publish_now":"initial","rop_publish_now_accounts":{"twitter_850042665852968960_850042665852968960":""},"rop_publish_now_history":[],"rop_publish_now_status":"pending","footnotes":""},"categories":[15],"tags":[238,341,342,338,337,339,340],"class_list":["post-2938","post","type-post","status-publish","format-standard","has-post-thumbnail","hentry","category-destaques","tag-acordo","tag-exportacao","tag-importacao","tag-lula-ursula","tag-mercosul","tag-ue","tag-uruguai"],"yoast_head":"<!-- This site is optimized with the Yoast SEO plugin v27.2 - https:\/\/yoast.com\/product\/yoast-seo-wordpress\/ -->\n<title>ACORDO MERCOSUL-UE: Carne, suco de laranja e a\u00e7\u00facar: como ficam as vendas de produtos do agro para Uni\u00e3o Europeia ap\u00f3s acordo - Prefeitos &amp; Gest\u00f5es<\/title>\n<meta name=\"robots\" content=\"index, follow, max-snippet:-1, max-image-preview:large, max-video-preview:-1\" \/>\n<link rel=\"canonical\" href=\"https:\/\/prefeitosegestoes.com.br\/portal\/acordo-mercosul-ue-carne-suco-de-laranja-e-acucar-como-ficam-as-vendas-de-produtos-do-agro-para-uniao-europeia-apos-acordo\/\" \/>\n<meta property=\"og:locale\" content=\"pt_BR\" \/>\n<meta property=\"og:type\" content=\"article\" \/>\n<meta property=\"og:title\" content=\"ACORDO MERCOSUL-UE: Carne, suco de laranja e a\u00e7\u00facar: como ficam as vendas de produtos do agro para Uni\u00e3o Europeia ap\u00f3s acordo - Prefeitos &amp; Gest\u00f5es\" \/>\n<meta property=\"og:description\" content=\"Foto Ricardo Stuckert \/ PR Itens considerados sens\u00edveis, que concorr\u00eancia prejudicaria produtores locais, recebem tratamento diferenciado para a exporta\u00e7\u00e3o para o bloco europeu. Por\u00a0Reda\u00e7\u00e3o g1 07\/12\/2024 02h00\u00a0\u00a0Atualizado\u00a0h\u00e1 8 horas A\u00e7\u00facar, suco de laranja e carne \u2014 Foto: Divulga\u00e7\u00e3o; Minist\u00e9rio da Agricultura. O Brasil vai poder vender alimentos sem taxas para a\u00a0Uni\u00e3o Europeia, depois do acordo [&hellip;]\" \/>\n<meta property=\"og:url\" content=\"https:\/\/prefeitosegestoes.com.br\/portal\/acordo-mercosul-ue-carne-suco-de-laranja-e-acucar-como-ficam-as-vendas-de-produtos-do-agro-para-uniao-europeia-apos-acordo\/\" \/>\n<meta property=\"og:site_name\" content=\"Prefeitos &amp; Gest\u00f5es\" \/>\n<meta property=\"article:publisher\" content=\"https:\/\/www.facebook.com\/prefeitosonline\" \/>\n<meta property=\"article:published_time\" content=\"2024-12-07T13:29:08+00:00\" \/>\n<meta property=\"og:image\" content=\"https:\/\/prefeitosegestoes.com.br\/portal\/wp-content\/uploads\/2024\/12\/54185914657_cfc818631a_z.webp\" \/>\n\t<meta property=\"og:image:width\" content=\"1024\" \/>\n\t<meta property=\"og:image:height\" content=\"768\" \/>\n\t<meta property=\"og:image:type\" content=\"image\/webp\" \/>\n<meta name=\"author\" content=\"Prefeitos &amp; Gest\u00f5es\" \/>\n<meta name=\"twitter:card\" content=\"summary_large_image\" \/>\n<meta name=\"twitter:creator\" content=\"@PrefGestoes\" \/>\n<meta name=\"twitter:site\" content=\"@PrefGestoes\" \/>\n<meta name=\"twitter:label1\" content=\"Escrito por\" \/>\n\t<meta name=\"twitter:data1\" content=\"Prefeitos &amp; Gest\u00f5es\" \/>\n\t<meta name=\"twitter:label2\" content=\"Est. tempo de leitura\" \/>\n\t<meta name=\"twitter:data2\" content=\"5 minutos\" \/>\n<script type=\"application\/ld+json\" class=\"yoast-schema-graph\">{\"@context\":\"https:\/\/schema.org\",\"@graph\":[{\"@type\":\"Article\",\"@id\":\"https:\/\/prefeitosegestoes.com.br\/portal\/acordo-mercosul-ue-carne-suco-de-laranja-e-acucar-como-ficam-as-vendas-de-produtos-do-agro-para-uniao-europeia-apos-acordo\/#article\",\"isPartOf\":{\"@id\":\"https:\/\/prefeitosegestoes.com.br\/portal\/acordo-mercosul-ue-carne-suco-de-laranja-e-acucar-como-ficam-as-vendas-de-produtos-do-agro-para-uniao-europeia-apos-acordo\/\"},\"author\":{\"name\":\"Prefeitos &amp; Gest\u00f5es\",\"@id\":\"https:\/\/prefeitosegestoes.com.br\/portal\/#\/schema\/person\/d00059f2ec99963e7e1850d448ae94b8\"},\"headline\":\"ACORDO MERCOSUL-UE: Carne, suco de laranja e a\u00e7\u00facar: como ficam as vendas de produtos do agro para Uni\u00e3o Europeia ap\u00f3s acordo\",\"datePublished\":\"2024-12-07T13:29:08+00:00\",\"mainEntityOfPage\":{\"@id\":\"https:\/\/prefeitosegestoes.com.br\/portal\/acordo-mercosul-ue-carne-suco-de-laranja-e-acucar-como-ficam-as-vendas-de-produtos-do-agro-para-uniao-europeia-apos-acordo\/\"},\"wordCount\":769,\"commentCount\":0,\"publisher\":{\"@id\":\"https:\/\/prefeitosegestoes.com.br\/portal\/#organization\"},\"image\":{\"@id\":\"https:\/\/prefeitosegestoes.com.br\/portal\/acordo-mercosul-ue-carne-suco-de-laranja-e-acucar-como-ficam-as-vendas-de-produtos-do-agro-para-uniao-europeia-apos-acordo\/#primaryimage\"},\"thumbnailUrl\":\"https:\/\/prefeitosegestoes.com.br\/portal\/wp-content\/uploads\/2024\/12\/54185914657_cfc818631a_z.webp\",\"keywords\":[\"Acordo\",\"Exporta\u00e7\u00e3o\",\"Importa\u00e7\u00e3o\",\"Lula Ursula\",\"Mercosul\",\"UE\",\"Uruguai\"],\"articleSection\":[\"Destaques\"],\"inLanguage\":\"pt-BR\",\"potentialAction\":[{\"@type\":\"CommentAction\",\"name\":\"Comment\",\"target\":[\"https:\/\/prefeitosegestoes.com.br\/portal\/acordo-mercosul-ue-carne-suco-de-laranja-e-acucar-como-ficam-as-vendas-de-produtos-do-agro-para-uniao-europeia-apos-acordo\/#respond\"]}]},{\"@type\":\"WebPage\",\"@id\":\"https:\/\/prefeitosegestoes.com.br\/portal\/acordo-mercosul-ue-carne-suco-de-laranja-e-acucar-como-ficam-as-vendas-de-produtos-do-agro-para-uniao-europeia-apos-acordo\/\",\"url\":\"https:\/\/prefeitosegestoes.com.br\/portal\/acordo-mercosul-ue-carne-suco-de-laranja-e-acucar-como-ficam-as-vendas-de-produtos-do-agro-para-uniao-europeia-apos-acordo\/\",\"name\":\"ACORDO MERCOSUL-UE: Carne, suco de laranja e a\u00e7\u00facar: como ficam as vendas de produtos do agro para Uni\u00e3o Europeia ap\u00f3s acordo - Prefeitos &amp; Gest\u00f5es\",\"isPartOf\":{\"@id\":\"https:\/\/prefeitosegestoes.com.br\/portal\/#website\"},\"primaryImageOfPage\":{\"@id\":\"https:\/\/prefeitosegestoes.com.br\/portal\/acordo-mercosul-ue-carne-suco-de-laranja-e-acucar-como-ficam-as-vendas-de-produtos-do-agro-para-uniao-europeia-apos-acordo\/#primaryimage\"},\"image\":{\"@id\":\"https:\/\/prefeitosegestoes.com.br\/portal\/acordo-mercosul-ue-carne-suco-de-laranja-e-acucar-como-ficam-as-vendas-de-produtos-do-agro-para-uniao-europeia-apos-acordo\/#primaryimage\"},\"thumbnailUrl\":\"https:\/\/prefeitosegestoes.com.br\/portal\/wp-content\/uploads\/2024\/12\/54185914657_cfc818631a_z.webp\",\"datePublished\":\"2024-12-07T13:29:08+00:00\",\"breadcrumb\":{\"@id\":\"https:\/\/prefeitosegestoes.com.br\/portal\/acordo-mercosul-ue-carne-suco-de-laranja-e-acucar-como-ficam-as-vendas-de-produtos-do-agro-para-uniao-europeia-apos-acordo\/#breadcrumb\"},\"inLanguage\":\"pt-BR\",\"potentialAction\":[{\"@type\":\"ReadAction\",\"target\":[\"https:\/\/prefeitosegestoes.com.br\/portal\/acordo-mercosul-ue-carne-suco-de-laranja-e-acucar-como-ficam-as-vendas-de-produtos-do-agro-para-uniao-europeia-apos-acordo\/\"]}]},{\"@type\":\"ImageObject\",\"inLanguage\":\"pt-BR\",\"@id\":\"https:\/\/prefeitosegestoes.com.br\/portal\/acordo-mercosul-ue-carne-suco-de-laranja-e-acucar-como-ficam-as-vendas-de-produtos-do-agro-para-uniao-europeia-apos-acordo\/#primaryimage\",\"url\":\"https:\/\/prefeitosegestoes.com.br\/portal\/wp-content\/uploads\/2024\/12\/54185914657_cfc818631a_z.webp\",\"contentUrl\":\"https:\/\/prefeitosegestoes.com.br\/portal\/wp-content\/uploads\/2024\/12\/54185914657_cfc818631a_z.webp\",\"width\":1024,\"height\":768},{\"@type\":\"BreadcrumbList\",\"@id\":\"https:\/\/prefeitosegestoes.com.br\/portal\/acordo-mercosul-ue-carne-suco-de-laranja-e-acucar-como-ficam-as-vendas-de-produtos-do-agro-para-uniao-europeia-apos-acordo\/#breadcrumb\",\"itemListElement\":[{\"@type\":\"ListItem\",\"position\":1,\"name\":\"In\u00edcio\",\"item\":\"https:\/\/prefeitosegestoes.com.br\/portal\/\"},{\"@type\":\"ListItem\",\"position\":2,\"name\":\"ACORDO MERCOSUL-UE: Carne, suco de laranja e a\u00e7\u00facar: como ficam as vendas de produtos do agro para Uni\u00e3o Europeia ap\u00f3s acordo\"}]},{\"@type\":\"WebSite\",\"@id\":\"https:\/\/prefeitosegestoes.com.br\/portal\/#website\",\"url\":\"https:\/\/prefeitosegestoes.com.br\/portal\/\",\"name\":\"Prefeitos & Gest\u00f5es\",\"description\":\"\",\"publisher\":{\"@id\":\"https:\/\/prefeitosegestoes.com.br\/portal\/#organization\"},\"potentialAction\":[{\"@type\":\"SearchAction\",\"target\":{\"@type\":\"EntryPoint\",\"urlTemplate\":\"https:\/\/prefeitosegestoes.com.br\/portal\/?s={search_term_string}\"},\"query-input\":{\"@type\":\"PropertyValueSpecification\",\"valueRequired\":true,\"valueName\":\"search_term_string\"}}],\"inLanguage\":\"pt-BR\"},{\"@type\":\"Organization\",\"@id\":\"https:\/\/prefeitosegestoes.com.br\/portal\/#organization\",\"name\":\"Prefeitos & Gest\u00f5es\",\"url\":\"https:\/\/prefeitosegestoes.com.br\/portal\/\",\"logo\":{\"@type\":\"ImageObject\",\"inLanguage\":\"pt-BR\",\"@id\":\"https:\/\/prefeitosegestoes.com.br\/portal\/#\/schema\/logo\/image\/\",\"url\":\"https:\/\/prefeitosegestoes.com.br\/portal\/wp-content\/uploads\/2024\/10\/lg_trans_prefeitos_2024_preto2.png\",\"contentUrl\":\"https:\/\/prefeitosegestoes.com.br\/portal\/wp-content\/uploads\/2024\/10\/lg_trans_prefeitos_2024_preto2.png\",\"width\":199,\"height\":122,\"caption\":\"Prefeitos & Gest\u00f5es\"},\"image\":{\"@id\":\"https:\/\/prefeitosegestoes.com.br\/portal\/#\/schema\/logo\/image\/\"},\"sameAs\":[\"https:\/\/www.facebook.com\/prefeitosonline\",\"https:\/\/x.com\/PrefGestoes\"]},{\"@type\":\"Person\",\"@id\":\"https:\/\/prefeitosegestoes.com.br\/portal\/#\/schema\/person\/d00059f2ec99963e7e1850d448ae94b8\",\"name\":\"Prefeitos &amp; Gest\u00f5es\",\"image\":{\"@type\":\"ImageObject\",\"inLanguage\":\"pt-BR\",\"@id\":\"https:\/\/secure.gravatar.com\/avatar\/738fb281e479212ed32c1a21a4307dda9f3af9292edb6918a16c9ce9fff5f48d?s=96&d=mm&r=g\",\"url\":\"https:\/\/secure.gravatar.com\/avatar\/738fb281e479212ed32c1a21a4307dda9f3af9292edb6918a16c9ce9fff5f48d?s=96&d=mm&r=g\",\"contentUrl\":\"https:\/\/secure.gravatar.com\/avatar\/738fb281e479212ed32c1a21a4307dda9f3af9292edb6918a16c9ce9fff5f48d?s=96&d=mm&r=g\",\"caption\":\"Prefeitos &amp; Gest\u00f5es\"},\"url\":\"https:\/\/prefeitosegestoes.com.br\/portal\/author\/prefeitosegestoes\/\"}]}<\/script>\n<!-- \/ Yoast SEO plugin. -->","yoast_head_json":{"title":"ACORDO MERCOSUL-UE: Carne, suco de laranja e a\u00e7\u00facar: como ficam as vendas de produtos do agro para Uni\u00e3o Europeia ap\u00f3s acordo - Prefeitos &amp; Gest\u00f5es","robots":{"index":"index","follow":"follow","max-snippet":"max-snippet:-1","max-image-preview":"max-image-preview:large","max-video-preview":"max-video-preview:-1"},"canonical":"https:\/\/prefeitosegestoes.com.br\/portal\/acordo-mercosul-ue-carne-suco-de-laranja-e-acucar-como-ficam-as-vendas-de-produtos-do-agro-para-uniao-europeia-apos-acordo\/","og_locale":"pt_BR","og_type":"article","og_title":"ACORDO MERCOSUL-UE: Carne, suco de laranja e a\u00e7\u00facar: como ficam as vendas de produtos do agro para Uni\u00e3o Europeia ap\u00f3s acordo - Prefeitos &amp; Gest\u00f5es","og_description":"Foto Ricardo Stuckert \/ PR Itens considerados sens\u00edveis, que concorr\u00eancia prejudicaria produtores locais, recebem tratamento diferenciado para a exporta\u00e7\u00e3o para o bloco europeu. Por\u00a0Reda\u00e7\u00e3o g1 07\/12\/2024 02h00\u00a0\u00a0Atualizado\u00a0h\u00e1 8 horas A\u00e7\u00facar, suco de laranja e carne \u2014 Foto: Divulga\u00e7\u00e3o; Minist\u00e9rio da Agricultura. O Brasil vai poder vender alimentos sem taxas para a\u00a0Uni\u00e3o Europeia, depois do acordo [&hellip;]","og_url":"https:\/\/prefeitosegestoes.com.br\/portal\/acordo-mercosul-ue-carne-suco-de-laranja-e-acucar-como-ficam-as-vendas-de-produtos-do-agro-para-uniao-europeia-apos-acordo\/","og_site_name":"Prefeitos &amp; Gest\u00f5es","article_publisher":"https:\/\/www.facebook.com\/prefeitosonline","article_published_time":"2024-12-07T13:29:08+00:00","og_image":[{"width":1024,"height":768,"url":"https:\/\/prefeitosegestoes.com.br\/portal\/wp-content\/uploads\/2024\/12\/54185914657_cfc818631a_z.webp","type":"image\/webp"}],"author":"Prefeitos &amp; Gest\u00f5es","twitter_card":"summary_large_image","twitter_creator":"@PrefGestoes","twitter_site":"@PrefGestoes","twitter_misc":{"Escrito por":"Prefeitos &amp; Gest\u00f5es","Est. tempo de leitura":"5 minutos"},"schema":{"@context":"https:\/\/schema.org","@graph":[{"@type":"Article","@id":"https:\/\/prefeitosegestoes.com.br\/portal\/acordo-mercosul-ue-carne-suco-de-laranja-e-acucar-como-ficam-as-vendas-de-produtos-do-agro-para-uniao-europeia-apos-acordo\/#article","isPartOf":{"@id":"https:\/\/prefeitosegestoes.com.br\/portal\/acordo-mercosul-ue-carne-suco-de-laranja-e-acucar-como-ficam-as-vendas-de-produtos-do-agro-para-uniao-europeia-apos-acordo\/"},"author":{"name":"Prefeitos &amp; Gest\u00f5es","@id":"https:\/\/prefeitosegestoes.com.br\/portal\/#\/schema\/person\/d00059f2ec99963e7e1850d448ae94b8"},"headline":"ACORDO MERCOSUL-UE: Carne, suco de laranja e a\u00e7\u00facar: como ficam as vendas de produtos do agro para Uni\u00e3o Europeia ap\u00f3s acordo","datePublished":"2024-12-07T13:29:08+00:00","mainEntityOfPage":{"@id":"https:\/\/prefeitosegestoes.com.br\/portal\/acordo-mercosul-ue-carne-suco-de-laranja-e-acucar-como-ficam-as-vendas-de-produtos-do-agro-para-uniao-europeia-apos-acordo\/"},"wordCount":769,"commentCount":0,"publisher":{"@id":"https:\/\/prefeitosegestoes.com.br\/portal\/#organization"},"image":{"@id":"https:\/\/prefeitosegestoes.com.br\/portal\/acordo-mercosul-ue-carne-suco-de-laranja-e-acucar-como-ficam-as-vendas-de-produtos-do-agro-para-uniao-europeia-apos-acordo\/#primaryimage"},"thumbnailUrl":"https:\/\/prefeitosegestoes.com.br\/portal\/wp-content\/uploads\/2024\/12\/54185914657_cfc818631a_z.webp","keywords":["Acordo","Exporta\u00e7\u00e3o","Importa\u00e7\u00e3o","Lula Ursula","Mercosul","UE","Uruguai"],"articleSection":["Destaques"],"inLanguage":"pt-BR","potentialAction":[{"@type":"CommentAction","name":"Comment","target":["https:\/\/prefeitosegestoes.com.br\/portal\/acordo-mercosul-ue-carne-suco-de-laranja-e-acucar-como-ficam-as-vendas-de-produtos-do-agro-para-uniao-europeia-apos-acordo\/#respond"]}]},{"@type":"WebPage","@id":"https:\/\/prefeitosegestoes.com.br\/portal\/acordo-mercosul-ue-carne-suco-de-laranja-e-acucar-como-ficam-as-vendas-de-produtos-do-agro-para-uniao-europeia-apos-acordo\/","url":"https:\/\/prefeitosegestoes.com.br\/portal\/acordo-mercosul-ue-carne-suco-de-laranja-e-acucar-como-ficam-as-vendas-de-produtos-do-agro-para-uniao-europeia-apos-acordo\/","name":"ACORDO MERCOSUL-UE: Carne, suco de laranja e a\u00e7\u00facar: como ficam as vendas de produtos do agro para Uni\u00e3o Europeia ap\u00f3s acordo - Prefeitos &amp; Gest\u00f5es","isPartOf":{"@id":"https:\/\/prefeitosegestoes.com.br\/portal\/#website"},"primaryImageOfPage":{"@id":"https:\/\/prefeitosegestoes.com.br\/portal\/acordo-mercosul-ue-carne-suco-de-laranja-e-acucar-como-ficam-as-vendas-de-produtos-do-agro-para-uniao-europeia-apos-acordo\/#primaryimage"},"image":{"@id":"https:\/\/prefeitosegestoes.com.br\/portal\/acordo-mercosul-ue-carne-suco-de-laranja-e-acucar-como-ficam-as-vendas-de-produtos-do-agro-para-uniao-europeia-apos-acordo\/#primaryimage"},"thumbnailUrl":"https:\/\/prefeitosegestoes.com.br\/portal\/wp-content\/uploads\/2024\/12\/54185914657_cfc818631a_z.webp","datePublished":"2024-12-07T13:29:08+00:00","breadcrumb":{"@id":"https:\/\/prefeitosegestoes.com.br\/portal\/acordo-mercosul-ue-carne-suco-de-laranja-e-acucar-como-ficam-as-vendas-de-produtos-do-agro-para-uniao-europeia-apos-acordo\/#breadcrumb"},"inLanguage":"pt-BR","potentialAction":[{"@type":"ReadAction","target":["https:\/\/prefeitosegestoes.com.br\/portal\/acordo-mercosul-ue-carne-suco-de-laranja-e-acucar-como-ficam-as-vendas-de-produtos-do-agro-para-uniao-europeia-apos-acordo\/"]}]},{"@type":"ImageObject","inLanguage":"pt-BR","@id":"https:\/\/prefeitosegestoes.com.br\/portal\/acordo-mercosul-ue-carne-suco-de-laranja-e-acucar-como-ficam-as-vendas-de-produtos-do-agro-para-uniao-europeia-apos-acordo\/#primaryimage","url":"https:\/\/prefeitosegestoes.com.br\/portal\/wp-content\/uploads\/2024\/12\/54185914657_cfc818631a_z.webp","contentUrl":"https:\/\/prefeitosegestoes.com.br\/portal\/wp-content\/uploads\/2024\/12\/54185914657_cfc818631a_z.webp","width":1024,"height":768},{"@type":"BreadcrumbList","@id":"https:\/\/prefeitosegestoes.com.br\/portal\/acordo-mercosul-ue-carne-suco-de-laranja-e-acucar-como-ficam-as-vendas-de-produtos-do-agro-para-uniao-europeia-apos-acordo\/#breadcrumb","itemListElement":[{"@type":"ListItem","position":1,"name":"In\u00edcio","item":"https:\/\/prefeitosegestoes.com.br\/portal\/"},{"@type":"ListItem","position":2,"name":"ACORDO MERCOSUL-UE: Carne, suco de laranja e a\u00e7\u00facar: como ficam as vendas de produtos do agro para Uni\u00e3o Europeia ap\u00f3s acordo"}]},{"@type":"WebSite","@id":"https:\/\/prefeitosegestoes.com.br\/portal\/#website","url":"https:\/\/prefeitosegestoes.com.br\/portal\/","name":"Prefeitos & Gest\u00f5es","description":"","publisher":{"@id":"https:\/\/prefeitosegestoes.com.br\/portal\/#organization"},"potentialAction":[{"@type":"SearchAction","target":{"@type":"EntryPoint","urlTemplate":"https:\/\/prefeitosegestoes.com.br\/portal\/?s={search_term_string}"},"query-input":{"@type":"PropertyValueSpecification","valueRequired":true,"valueName":"search_term_string"}}],"inLanguage":"pt-BR"},{"@type":"Organization","@id":"https:\/\/prefeitosegestoes.com.br\/portal\/#organization","name":"Prefeitos & Gest\u00f5es","url":"https:\/\/prefeitosegestoes.com.br\/portal\/","logo":{"@type":"ImageObject","inLanguage":"pt-BR","@id":"https:\/\/prefeitosegestoes.com.br\/portal\/#\/schema\/logo\/image\/","url":"https:\/\/prefeitosegestoes.com.br\/portal\/wp-content\/uploads\/2024\/10\/lg_trans_prefeitos_2024_preto2.png","contentUrl":"https:\/\/prefeitosegestoes.com.br\/portal\/wp-content\/uploads\/2024\/10\/lg_trans_prefeitos_2024_preto2.png","width":199,"height":122,"caption":"Prefeitos & Gest\u00f5es"},"image":{"@id":"https:\/\/prefeitosegestoes.com.br\/portal\/#\/schema\/logo\/image\/"},"sameAs":["https:\/\/www.facebook.com\/prefeitosonline","https:\/\/x.com\/PrefGestoes"]},{"@type":"Person","@id":"https:\/\/prefeitosegestoes.com.br\/portal\/#\/schema\/person\/d00059f2ec99963e7e1850d448ae94b8","name":"Prefeitos &amp; Gest\u00f5es","image":{"@type":"ImageObject","inLanguage":"pt-BR","@id":"https:\/\/secure.gravatar.com\/avatar\/738fb281e479212ed32c1a21a4307dda9f3af9292edb6918a16c9ce9fff5f48d?s=96&d=mm&r=g","url":"https:\/\/secure.gravatar.com\/avatar\/738fb281e479212ed32c1a21a4307dda9f3af9292edb6918a16c9ce9fff5f48d?s=96&d=mm&r=g","contentUrl":"https:\/\/secure.gravatar.com\/avatar\/738fb281e479212ed32c1a21a4307dda9f3af9292edb6918a16c9ce9fff5f48d?s=96&d=mm&r=g","caption":"Prefeitos &amp; Gest\u00f5es"},"url":"https:\/\/prefeitosegestoes.com.br\/portal\/author\/prefeitosegestoes\/"}]}},"_links":{"self":[{"href":"https:\/\/prefeitosegestoes.com.br\/portal\/wp-json\/wp\/v2\/posts\/2938","targetHints":{"allow":["GET"]}}],"collection":[{"href":"https:\/\/prefeitosegestoes.com.br\/portal\/wp-json\/wp\/v2\/posts"}],"about":[{"href":"https:\/\/prefeitosegestoes.com.br\/portal\/wp-json\/wp\/v2\/types\/post"}],"author":[{"embeddable":true,"href":"https:\/\/prefeitosegestoes.com.br\/portal\/wp-json\/wp\/v2\/users\/2"}],"replies":[{"embeddable":true,"href":"https:\/\/prefeitosegestoes.com.br\/portal\/wp-json\/wp\/v2\/comments?post=2938"}],"version-history":[{"count":1,"href":"https:\/\/prefeitosegestoes.com.br\/portal\/wp-json\/wp\/v2\/posts\/2938\/revisions"}],"predecessor-version":[{"id":2940,"href":"https:\/\/prefeitosegestoes.com.br\/portal\/wp-json\/wp\/v2\/posts\/2938\/revisions\/2940"}],"wp:featuredmedia":[{"embeddable":true,"href":"https:\/\/prefeitosegestoes.com.br\/portal\/wp-json\/wp\/v2\/media\/2939"}],"wp:attachment":[{"href":"https:\/\/prefeitosegestoes.com.br\/portal\/wp-json\/wp\/v2\/media?parent=2938"}],"wp:term":[{"taxonomy":"category","embeddable":true,"href":"https:\/\/prefeitosegestoes.com.br\/portal\/wp-json\/wp\/v2\/categories?post=2938"},{"taxonomy":"post_tag","embeddable":true,"href":"https:\/\/prefeitosegestoes.com.br\/portal\/wp-json\/wp\/v2\/tags?post=2938"}],"curies":[{"name":"wp","href":"https:\/\/api.w.org\/{rel}","templated":true}]}}