{"id":2932,"date":"2024-11-28T18:44:05","date_gmt":"2024-11-28T21:44:05","guid":{"rendered":"https:\/\/prefeitosegestoes.com.br\/portal\/?p=2932"},"modified":"2024-11-28T18:45:05","modified_gmt":"2024-11-28T21:45:05","slug":"governo-e-congresso-esperam-votar-corte-de-gastos-ainda-neste-ano","status":"publish","type":"post","link":"https:\/\/prefeitosegestoes.com.br\/portal\/governo-e-congresso-esperam-votar-corte-de-gastos-ainda-neste-ano\/","title":{"rendered":"Governo e Congresso esperam votar corte de gastos ainda neste ano"},"content":{"rendered":"<div class=\"autor-noticia\">\n<p>Foto: Fabio Rodrigues-Pozzebom\/ Ag\u00eancia Brasil<\/p>\n<div><\/div>\n<p>Lucas Pordeus Le\u00f3n \u2013 Rep\u00f3rter da Ag\u00eancia Brasil<\/p>\n<\/div>\n<div class=\"container-data rowflex\">\n<div class=\"data\">Publicado em 28\/11\/2024 &#8211; 14:24<\/div>\n<\/div>\n<div class=\"local\">Bras\u00edlia<\/div>\n<div><\/div>\n<div>\n<p>As medidas de corte de gastos obrigat\u00f3rios apresentadas pelo governo federal nesta semana devem ser votadas na C\u00e2mara dos Deputados e no Senado at\u00e9 o fim deste ano, segundo preveem o Executivo e as lideran\u00e7as do Congresso Nacional.<img decoding=\"async\" src=\"https:\/\/agenciabrasil.ebc.com.br\/ebc.png?id=1621656&amp;o=node\" \/><img decoding=\"async\" src=\"https:\/\/agenciabrasil.ebc.com.br\/ebc.gif?id=1621656&amp;o=node\" \/><\/p>\n<p>Como restam apenas tr\u00eas semanas para o in\u00edcio do recesso parlamentar, a ideia \u00e9 que o\u00a0<a href=\"https:\/\/agenciabrasil.ebc.com.br\/economia\/noticia\/2024-11\/pacote-de-corte-de-gastos-preve-economia-de-r-327-bi-em-cinco-anos\" target=\"_blank\" rel=\"noopener\">projeto de lei complementar (PLC) e a Proposta de Emenda \u00e0 Constitui\u00e7\u00e3o (PEC) que tratam do corte de gastos<\/a>\u00a0sejam apreciados na C\u00e2mara nas pr\u00f3ximas duas semanas e, no Senado, na \u00faltima semana de trabalhos legislativos, entre 16 e 20 de dezembro.<\/p>\n<p>Por outro lado, a reforma tribut\u00e1ria da renda s\u00f3 dever\u00e1 ser apreciada em 2025 com objetivo de come\u00e7ar a valer em 1\u00ba de janeiro de 2026. \u00a0As medidas preveem a\u00a0<a href=\"https:\/\/agenciabrasil.ebc.com.br\/economia\/noticia\/2024-11\/haddad-anuncia-isencao-de-ir-para-quem-ganha-ate-r-5-mil\" target=\"_blank\" rel=\"noopener\">isen\u00e7\u00e3o do Imposto de Renda\u00a0<\/a>(IR) para quem ganha at\u00e9 R$ 5 mil e a taxa\u00e7\u00e3o extra de 10% para quem recebe acima de R$ 50 mil.<\/p>\n<p>Em reuni\u00e3o com os ministros da Fazenda, Fernando Haddad, e das Rela\u00e7\u00f5es Institucionais, Alexandre Padilha, nesta quarta-feira (28), o presidente do Senado, Rodrigo Pacheco (PSD-MG), comprometeu-se a votar os textos ainda neste ano.<\/p>\n<p>\u201cNosso compromisso no Senado \u00e9 que, t\u00e3o logo a C\u00e2mara dos Deputados aprecie a PEC e o PLC, o Senado submeta diretamente ao plen\u00e1rio para que possa ser ratificado em revis\u00e3o \u00e0quilo que a C\u00e2mara fizer em rela\u00e7\u00e3o a esse pacote\u201d, explicou Pacheco. Segundo o senador, por enquanto, n\u00e3o foram apresentadas pelas lideran\u00e7as restri\u00e7\u00f5es ao pacote.<\/p>\n<p>Em reuni\u00e3o com l\u00edderes da C\u00e2mara na noite desta quarta-feira (27), o presidente da Casa, Arthur Lira (PP-AL), tamb\u00e9m se comprometeu a analisar os projetos ainda neste ano, segundo confirmou a assessoria do parlamentar alagoano.<\/p>\n<p>Fernando Haddad destacou que as lideran\u00e7as receberam bem as medidas. \u201cA rea\u00e7\u00e3o dos l\u00edderes foi bastante favor\u00e1vel, um esp\u00edrito de abertura muito grande para o di\u00e1logo. Ent\u00e3o, sa\u00edmos daqui com a esperan\u00e7a de que vamos construir um bom arranjo para o final do ano e para ter um or\u00e7amento com execu\u00e7\u00e3o mais tranquila no ano que vem\u201d, comentou.<\/p>\n<p>O ministro Padilha, respons\u00e1vel pela articula\u00e7\u00e3o com o Congresso Nacional, informou que os textos dos projetos ainda n\u00e3o foram enviados, pois havia uma determina\u00e7\u00e3o de primeiro apresentar as ideias, avaliar a receptividade e, em seguida, enviar as mat\u00e9rias.<\/p>\n<p>\u201cO que eu ouvi \u00e9 o compromisso dos l\u00edderes da C\u00e2mara, de todos os partidos, dos l\u00edderes do Senado, de todos os partidos, expresso aqui pelo presidente do Senado, todo esfor\u00e7o para concluirmos a vota\u00e7\u00e3o at\u00e9 o final do ano, para que a gente possa construir a pe\u00e7a or\u00e7ament\u00e1ria do ano que vem\u201d, destacou.<\/p>\n<p>Al\u00e9m do pacote de corte de gastos, o Senado tem a regulamenta\u00e7\u00e3o da reforma tribut\u00e1ria do consumo para votar. \u00a0Antes do fim do ano, a C\u00e2mara e o Senado devem analisar tamb\u00e9m os projetos de Diretrizes Or\u00e7ament\u00e1rias (LDO) e da Lei Or\u00e7ament\u00e1ria (LOA) de 2025. Isso sem contar uma s\u00e9rie de projetos que est\u00e3o na pauta das duas Casas, como os que tratam da amplia\u00e7\u00e3o da imunidade tribut\u00e1ria para igrejas, da regula\u00e7\u00e3o da Intelig\u00eancia Artificial e dos jogos de azar no Brasil.<\/p>\n<h2>Oposi\u00e7\u00e3o<\/h2>\n<p>Enquanto isso, o l\u00edder da oposi\u00e7\u00e3o no Senado, Marco Rog\u00e9rio (PL-RO), criticou o an\u00fancio do governo por incluir, junto com o corte de gastos, medidas para isen\u00e7\u00e3o do Imposto de Renda. \u201cPor que o mercado age de forma desconfiada, desconfort\u00e1vel, negativa? Porque o governo tira com a m\u00e3o e d\u00e1 com a outra. Ent\u00e3o, \u00e9 um governo que n\u00e3o tem compromisso com a agenda fiscal\u201d, afirmou.<\/p>\n<p>Questionado por jornalistas se a oposi\u00e7\u00e3o ficar\u00e1 contra a isen\u00e7\u00e3o do IR para quem ganha at\u00e9 R$ 5 mil, o l\u00edder da oposi\u00e7\u00e3o disse que \u201c\u00e9 preciso estudar com profundidade todas as medidas, todas as propostas que est\u00e3o sendo apresentadas\u201d.<\/p>\n<p>Sobre o corte de gastos, Marco Rog\u00e9rio indicou que ficar\u00e1 contra. \u201cA oposi\u00e7\u00e3o sempre defendeu a pauta do controle de gastos, sempre defendeu o equil\u00edbrio fiscal. N\u00e3o \u00e9 agora que n\u00f3s vamos mudar o nosso discurso, mas n\u00e3o vamos embarcar numa proposta que \u00e9 um grande faz de conta, uma proposta que promete muito e n\u00e3o entrega quase nada\u201d, completou.<\/p>\n<h2>Renda<\/h2>\n<p>Sobre a reforma da renda, o ministro da Fazenda, Fernando Haddad, informou que ser\u00e1 analisada separadamente do corte de gastos e que a ideia do governo \u00e9 que seja uma mudan\u00e7a neutra, ou seja, a isen\u00e7\u00e3o dos que ganham menos ter\u00e1 que ser compensada pela taxa\u00e7\u00e3o dos que ganham mais.<\/p>\n<p>\u201cA reforma, tanto do consumo quanto da renda, \u00e9 neutra do ponto de vista fiscal. Ningu\u00e9m est\u00e1 disposto a votar uma reforma que n\u00e3o seja neutra. Isso ser\u00e1 observado na lei ordin\u00e1ria que regula a mat\u00e9ria da reforma da renda\u201d, afirmou Haddad.<\/p>\n<h2>Entenda<\/h2>\n<p>Diante do aumento dos gastos obrigat\u00f3rios, que amea\u00e7am romper os limites impostos pelo arcabou\u00e7o fiscal do governo, foi apresentada na noite desta quarta-feira, e detalhada hoje, uma s\u00e9rie de medidas de conten\u00e7\u00e3o de despesas.<\/p>\n<p>O pacote prev\u00ea redu\u00e7\u00e3o de gasto com reajuste do sal\u00e1rio m\u00ednimo, benef\u00edcio de presta\u00e7\u00e3o continuada, emendas parlamentares e previd\u00eancia de militares, entre outras despesas. Estima-se que a redu\u00e7\u00e3o some R$ 327 bilh\u00f5es em cinco anos.<\/p>\n<p>Ao mesmo tempo, o governo anunciou a previs\u00e3o de submeter ao Congresso Nacional, no pr\u00f3ximo ano, uma proposta de reforma tribut\u00e1ria da renda, com previs\u00e3o de isentar do Imposto de Renda quem recebe at\u00e9 R$ 5 mil. Para compensar a perda de arrecada\u00e7\u00e3o, o governo prop\u00f5e taxar 10% a mais quem recebe acima de R$ 50 mil por m\u00eas.<\/p>\n<div class=\"noticias-relacionadas rel-position rowflex\">\n<div class=\"title abs-position\">Fonte: Ag\u00eancia BrasilEBC<\/div>\n<div class=\"capa-noticia-relacionada\"><\/div>\n<\/div>\n<\/div>\n","protected":false},"excerpt":{"rendered":"<p>Foto: Fabio Rodrigues-Pozzebom\/ Ag\u00eancia Brasil Lucas Pordeus Le\u00f3n \u2013 Rep\u00f3rter da Ag\u00eancia Brasil Publicado em 28\/11\/2024 &#8211; 14:24 Bras\u00edlia As medidas de corte de gastos obrigat\u00f3rios apresentadas pelo governo federal nesta semana devem ser votadas na C\u00e2mara dos Deputados e no Senado at\u00e9 o fim deste ano, segundo preveem o Executivo e as lideran\u00e7as do [&hellip;]<\/p>\n","protected":false},"author":2,"featured_media":2933,"comment_status":"open","ping_status":"open","sticky":false,"template":"","format":"standard","meta":{"rop_custom_images_group":[],"rop_custom_messages_group":[],"rop_publish_now":"initial","rop_publish_now_accounts":{"twitter_850042665852968960_850042665852968960":""},"rop_publish_now_history":[],"rop_publish_now_status":"pending","footnotes":""},"categories":[15],"tags":[332,228,229,333,334,331,336,335],"class_list":["post-2932","post","type-post","status-publish","format-standard","has-post-thumbnail","hentry","category-destaques","tag-contencao","tag-gastos","tag-governo","tag-haddad","tag-i","tag-pacote","tag-pacote-de-gastos","tag-tebet"],"yoast_head":"<!-- This site is optimized with the Yoast SEO plugin v27.2 - https:\/\/yoast.com\/product\/yoast-seo-wordpress\/ -->\n<title>Governo e Congresso esperam votar corte de gastos ainda neste ano - Prefeitos &amp; Gest\u00f5es<\/title>\n<meta name=\"robots\" content=\"index, follow, max-snippet:-1, max-image-preview:large, max-video-preview:-1\" \/>\n<link rel=\"canonical\" href=\"https:\/\/prefeitosegestoes.com.br\/portal\/governo-e-congresso-esperam-votar-corte-de-gastos-ainda-neste-ano\/\" \/>\n<meta property=\"og:locale\" content=\"pt_BR\" \/>\n<meta property=\"og:type\" content=\"article\" \/>\n<meta property=\"og:title\" content=\"Governo e Congresso esperam votar corte de gastos ainda neste ano - Prefeitos &amp; Gest\u00f5es\" \/>\n<meta property=\"og:description\" content=\"Foto: Fabio Rodrigues-Pozzebom\/ Ag\u00eancia Brasil Lucas Pordeus Le\u00f3n \u2013 Rep\u00f3rter da Ag\u00eancia Brasil Publicado em 28\/11\/2024 &#8211; 14:24 Bras\u00edlia As medidas de corte de gastos obrigat\u00f3rios apresentadas pelo governo federal nesta semana devem ser votadas na C\u00e2mara dos Deputados e no Senado at\u00e9 o fim deste ano, segundo preveem o Executivo e as lideran\u00e7as do [&hellip;]\" \/>\n<meta property=\"og:url\" content=\"https:\/\/prefeitosegestoes.com.br\/portal\/governo-e-congresso-esperam-votar-corte-de-gastos-ainda-neste-ano\/\" \/>\n<meta property=\"og:site_name\" content=\"Prefeitos &amp; Gest\u00f5es\" \/>\n<meta property=\"article:publisher\" content=\"https:\/\/www.facebook.com\/prefeitosonline\" \/>\n<meta property=\"article:published_time\" content=\"2024-11-28T21:44:05+00:00\" \/>\n<meta property=\"article:modified_time\" content=\"2024-11-28T21:45:05+00:00\" \/>\n<meta property=\"og:image\" content=\"https:\/\/prefeitosegestoes.com.br\/portal\/wp-content\/uploads\/2024\/11\/pzzb3476_0.webp\" \/>\n\t<meta property=\"og:image:width\" content=\"1024\" \/>\n\t<meta property=\"og:image:height\" content=\"768\" \/>\n\t<meta property=\"og:image:type\" content=\"image\/webp\" \/>\n<meta name=\"author\" content=\"Prefeitos &amp; Gest\u00f5es\" \/>\n<meta name=\"twitter:card\" content=\"summary_large_image\" \/>\n<meta name=\"twitter:creator\" content=\"@PrefGestoes\" \/>\n<meta name=\"twitter:site\" content=\"@PrefGestoes\" \/>\n<meta name=\"twitter:label1\" content=\"Escrito por\" \/>\n\t<meta name=\"twitter:data1\" content=\"Prefeitos &amp; Gest\u00f5es\" \/>\n\t<meta name=\"twitter:label2\" content=\"Est. tempo de leitura\" \/>\n\t<meta name=\"twitter:data2\" content=\"6 minutos\" \/>\n<script type=\"application\/ld+json\" class=\"yoast-schema-graph\">{\"@context\":\"https:\/\/schema.org\",\"@graph\":[{\"@type\":\"Article\",\"@id\":\"https:\/\/prefeitosegestoes.com.br\/portal\/governo-e-congresso-esperam-votar-corte-de-gastos-ainda-neste-ano\/#article\",\"isPartOf\":{\"@id\":\"https:\/\/prefeitosegestoes.com.br\/portal\/governo-e-congresso-esperam-votar-corte-de-gastos-ainda-neste-ano\/\"},\"author\":{\"name\":\"Prefeitos &amp; Gest\u00f5es\",\"@id\":\"https:\/\/prefeitosegestoes.com.br\/portal\/#\/schema\/person\/d00059f2ec99963e7e1850d448ae94b8\"},\"headline\":\"Governo e Congresso esperam votar corte de gastos ainda neste ano\",\"datePublished\":\"2024-11-28T21:44:05+00:00\",\"dateModified\":\"2024-11-28T21:45:05+00:00\",\"mainEntityOfPage\":{\"@id\":\"https:\/\/prefeitosegestoes.com.br\/portal\/governo-e-congresso-esperam-votar-corte-de-gastos-ainda-neste-ano\/\"},\"wordCount\":1023,\"commentCount\":0,\"publisher\":{\"@id\":\"https:\/\/prefeitosegestoes.com.br\/portal\/#organization\"},\"image\":{\"@id\":\"https:\/\/prefeitosegestoes.com.br\/portal\/governo-e-congresso-esperam-votar-corte-de-gastos-ainda-neste-ano\/#primaryimage\"},\"thumbnailUrl\":\"https:\/\/prefeitosegestoes.com.br\/portal\/wp-content\/uploads\/2024\/11\/pzzb3476_0.webp\",\"keywords\":[\"Conten\u00e7\u00e3o\",\"Gastos\",\"Governo\",\"Haddad\",\"I\",\"Pacote\",\"Pacote de Gastos\",\"Tebet\"],\"articleSection\":[\"Destaques\"],\"inLanguage\":\"pt-BR\",\"potentialAction\":[{\"@type\":\"CommentAction\",\"name\":\"Comment\",\"target\":[\"https:\/\/prefeitosegestoes.com.br\/portal\/governo-e-congresso-esperam-votar-corte-de-gastos-ainda-neste-ano\/#respond\"]}]},{\"@type\":\"WebPage\",\"@id\":\"https:\/\/prefeitosegestoes.com.br\/portal\/governo-e-congresso-esperam-votar-corte-de-gastos-ainda-neste-ano\/\",\"url\":\"https:\/\/prefeitosegestoes.com.br\/portal\/governo-e-congresso-esperam-votar-corte-de-gastos-ainda-neste-ano\/\",\"name\":\"Governo e Congresso esperam votar corte de gastos ainda neste ano - Prefeitos &amp; Gest\u00f5es\",\"isPartOf\":{\"@id\":\"https:\/\/prefeitosegestoes.com.br\/portal\/#website\"},\"primaryImageOfPage\":{\"@id\":\"https:\/\/prefeitosegestoes.com.br\/portal\/governo-e-congresso-esperam-votar-corte-de-gastos-ainda-neste-ano\/#primaryimage\"},\"image\":{\"@id\":\"https:\/\/prefeitosegestoes.com.br\/portal\/governo-e-congresso-esperam-votar-corte-de-gastos-ainda-neste-ano\/#primaryimage\"},\"thumbnailUrl\":\"https:\/\/prefeitosegestoes.com.br\/portal\/wp-content\/uploads\/2024\/11\/pzzb3476_0.webp\",\"datePublished\":\"2024-11-28T21:44:05+00:00\",\"dateModified\":\"2024-11-28T21:45:05+00:00\",\"breadcrumb\":{\"@id\":\"https:\/\/prefeitosegestoes.com.br\/portal\/governo-e-congresso-esperam-votar-corte-de-gastos-ainda-neste-ano\/#breadcrumb\"},\"inLanguage\":\"pt-BR\",\"potentialAction\":[{\"@type\":\"ReadAction\",\"target\":[\"https:\/\/prefeitosegestoes.com.br\/portal\/governo-e-congresso-esperam-votar-corte-de-gastos-ainda-neste-ano\/\"]}]},{\"@type\":\"ImageObject\",\"inLanguage\":\"pt-BR\",\"@id\":\"https:\/\/prefeitosegestoes.com.br\/portal\/governo-e-congresso-esperam-votar-corte-de-gastos-ainda-neste-ano\/#primaryimage\",\"url\":\"https:\/\/prefeitosegestoes.com.br\/portal\/wp-content\/uploads\/2024\/11\/pzzb3476_0.webp\",\"contentUrl\":\"https:\/\/prefeitosegestoes.com.br\/portal\/wp-content\/uploads\/2024\/11\/pzzb3476_0.webp\",\"width\":1024,\"height\":768},{\"@type\":\"BreadcrumbList\",\"@id\":\"https:\/\/prefeitosegestoes.com.br\/portal\/governo-e-congresso-esperam-votar-corte-de-gastos-ainda-neste-ano\/#breadcrumb\",\"itemListElement\":[{\"@type\":\"ListItem\",\"position\":1,\"name\":\"In\u00edcio\",\"item\":\"https:\/\/prefeitosegestoes.com.br\/portal\/\"},{\"@type\":\"ListItem\",\"position\":2,\"name\":\"Governo e Congresso esperam votar corte de gastos ainda neste ano\"}]},{\"@type\":\"WebSite\",\"@id\":\"https:\/\/prefeitosegestoes.com.br\/portal\/#website\",\"url\":\"https:\/\/prefeitosegestoes.com.br\/portal\/\",\"name\":\"Prefeitos & Gest\u00f5es\",\"description\":\"\",\"publisher\":{\"@id\":\"https:\/\/prefeitosegestoes.com.br\/portal\/#organization\"},\"potentialAction\":[{\"@type\":\"SearchAction\",\"target\":{\"@type\":\"EntryPoint\",\"urlTemplate\":\"https:\/\/prefeitosegestoes.com.br\/portal\/?s={search_term_string}\"},\"query-input\":{\"@type\":\"PropertyValueSpecification\",\"valueRequired\":true,\"valueName\":\"search_term_string\"}}],\"inLanguage\":\"pt-BR\"},{\"@type\":\"Organization\",\"@id\":\"https:\/\/prefeitosegestoes.com.br\/portal\/#organization\",\"name\":\"Prefeitos & Gest\u00f5es\",\"url\":\"https:\/\/prefeitosegestoes.com.br\/portal\/\",\"logo\":{\"@type\":\"ImageObject\",\"inLanguage\":\"pt-BR\",\"@id\":\"https:\/\/prefeitosegestoes.com.br\/portal\/#\/schema\/logo\/image\/\",\"url\":\"https:\/\/prefeitosegestoes.com.br\/portal\/wp-content\/uploads\/2024\/10\/lg_trans_prefeitos_2024_preto2.png\",\"contentUrl\":\"https:\/\/prefeitosegestoes.com.br\/portal\/wp-content\/uploads\/2024\/10\/lg_trans_prefeitos_2024_preto2.png\",\"width\":199,\"height\":122,\"caption\":\"Prefeitos & Gest\u00f5es\"},\"image\":{\"@id\":\"https:\/\/prefeitosegestoes.com.br\/portal\/#\/schema\/logo\/image\/\"},\"sameAs\":[\"https:\/\/www.facebook.com\/prefeitosonline\",\"https:\/\/x.com\/PrefGestoes\"]},{\"@type\":\"Person\",\"@id\":\"https:\/\/prefeitosegestoes.com.br\/portal\/#\/schema\/person\/d00059f2ec99963e7e1850d448ae94b8\",\"name\":\"Prefeitos &amp; Gest\u00f5es\",\"image\":{\"@type\":\"ImageObject\",\"inLanguage\":\"pt-BR\",\"@id\":\"https:\/\/secure.gravatar.com\/avatar\/738fb281e479212ed32c1a21a4307dda9f3af9292edb6918a16c9ce9fff5f48d?s=96&d=mm&r=g\",\"url\":\"https:\/\/secure.gravatar.com\/avatar\/738fb281e479212ed32c1a21a4307dda9f3af9292edb6918a16c9ce9fff5f48d?s=96&d=mm&r=g\",\"contentUrl\":\"https:\/\/secure.gravatar.com\/avatar\/738fb281e479212ed32c1a21a4307dda9f3af9292edb6918a16c9ce9fff5f48d?s=96&d=mm&r=g\",\"caption\":\"Prefeitos &amp; Gest\u00f5es\"},\"url\":\"https:\/\/prefeitosegestoes.com.br\/portal\/author\/prefeitosegestoes\/\"}]}<\/script>\n<!-- \/ Yoast SEO plugin. -->","yoast_head_json":{"title":"Governo e Congresso esperam votar corte de gastos ainda neste ano - Prefeitos &amp; Gest\u00f5es","robots":{"index":"index","follow":"follow","max-snippet":"max-snippet:-1","max-image-preview":"max-image-preview:large","max-video-preview":"max-video-preview:-1"},"canonical":"https:\/\/prefeitosegestoes.com.br\/portal\/governo-e-congresso-esperam-votar-corte-de-gastos-ainda-neste-ano\/","og_locale":"pt_BR","og_type":"article","og_title":"Governo e Congresso esperam votar corte de gastos ainda neste ano - Prefeitos &amp; Gest\u00f5es","og_description":"Foto: Fabio Rodrigues-Pozzebom\/ Ag\u00eancia Brasil Lucas Pordeus Le\u00f3n \u2013 Rep\u00f3rter da Ag\u00eancia Brasil Publicado em 28\/11\/2024 &#8211; 14:24 Bras\u00edlia As medidas de corte de gastos obrigat\u00f3rios apresentadas pelo governo federal nesta semana devem ser votadas na C\u00e2mara dos Deputados e no Senado at\u00e9 o fim deste ano, segundo preveem o Executivo e as lideran\u00e7as do [&hellip;]","og_url":"https:\/\/prefeitosegestoes.com.br\/portal\/governo-e-congresso-esperam-votar-corte-de-gastos-ainda-neste-ano\/","og_site_name":"Prefeitos &amp; Gest\u00f5es","article_publisher":"https:\/\/www.facebook.com\/prefeitosonline","article_published_time":"2024-11-28T21:44:05+00:00","article_modified_time":"2024-11-28T21:45:05+00:00","og_image":[{"width":1024,"height":768,"url":"https:\/\/prefeitosegestoes.com.br\/portal\/wp-content\/uploads\/2024\/11\/pzzb3476_0.webp","type":"image\/webp"}],"author":"Prefeitos &amp; Gest\u00f5es","twitter_card":"summary_large_image","twitter_creator":"@PrefGestoes","twitter_site":"@PrefGestoes","twitter_misc":{"Escrito por":"Prefeitos &amp; Gest\u00f5es","Est. tempo de leitura":"6 minutos"},"schema":{"@context":"https:\/\/schema.org","@graph":[{"@type":"Article","@id":"https:\/\/prefeitosegestoes.com.br\/portal\/governo-e-congresso-esperam-votar-corte-de-gastos-ainda-neste-ano\/#article","isPartOf":{"@id":"https:\/\/prefeitosegestoes.com.br\/portal\/governo-e-congresso-esperam-votar-corte-de-gastos-ainda-neste-ano\/"},"author":{"name":"Prefeitos &amp; Gest\u00f5es","@id":"https:\/\/prefeitosegestoes.com.br\/portal\/#\/schema\/person\/d00059f2ec99963e7e1850d448ae94b8"},"headline":"Governo e Congresso esperam votar corte de gastos ainda neste ano","datePublished":"2024-11-28T21:44:05+00:00","dateModified":"2024-11-28T21:45:05+00:00","mainEntityOfPage":{"@id":"https:\/\/prefeitosegestoes.com.br\/portal\/governo-e-congresso-esperam-votar-corte-de-gastos-ainda-neste-ano\/"},"wordCount":1023,"commentCount":0,"publisher":{"@id":"https:\/\/prefeitosegestoes.com.br\/portal\/#organization"},"image":{"@id":"https:\/\/prefeitosegestoes.com.br\/portal\/governo-e-congresso-esperam-votar-corte-de-gastos-ainda-neste-ano\/#primaryimage"},"thumbnailUrl":"https:\/\/prefeitosegestoes.com.br\/portal\/wp-content\/uploads\/2024\/11\/pzzb3476_0.webp","keywords":["Conten\u00e7\u00e3o","Gastos","Governo","Haddad","I","Pacote","Pacote de Gastos","Tebet"],"articleSection":["Destaques"],"inLanguage":"pt-BR","potentialAction":[{"@type":"CommentAction","name":"Comment","target":["https:\/\/prefeitosegestoes.com.br\/portal\/governo-e-congresso-esperam-votar-corte-de-gastos-ainda-neste-ano\/#respond"]}]},{"@type":"WebPage","@id":"https:\/\/prefeitosegestoes.com.br\/portal\/governo-e-congresso-esperam-votar-corte-de-gastos-ainda-neste-ano\/","url":"https:\/\/prefeitosegestoes.com.br\/portal\/governo-e-congresso-esperam-votar-corte-de-gastos-ainda-neste-ano\/","name":"Governo e Congresso esperam votar corte de gastos ainda neste ano - Prefeitos &amp; Gest\u00f5es","isPartOf":{"@id":"https:\/\/prefeitosegestoes.com.br\/portal\/#website"},"primaryImageOfPage":{"@id":"https:\/\/prefeitosegestoes.com.br\/portal\/governo-e-congresso-esperam-votar-corte-de-gastos-ainda-neste-ano\/#primaryimage"},"image":{"@id":"https:\/\/prefeitosegestoes.com.br\/portal\/governo-e-congresso-esperam-votar-corte-de-gastos-ainda-neste-ano\/#primaryimage"},"thumbnailUrl":"https:\/\/prefeitosegestoes.com.br\/portal\/wp-content\/uploads\/2024\/11\/pzzb3476_0.webp","datePublished":"2024-11-28T21:44:05+00:00","dateModified":"2024-11-28T21:45:05+00:00","breadcrumb":{"@id":"https:\/\/prefeitosegestoes.com.br\/portal\/governo-e-congresso-esperam-votar-corte-de-gastos-ainda-neste-ano\/#breadcrumb"},"inLanguage":"pt-BR","potentialAction":[{"@type":"ReadAction","target":["https:\/\/prefeitosegestoes.com.br\/portal\/governo-e-congresso-esperam-votar-corte-de-gastos-ainda-neste-ano\/"]}]},{"@type":"ImageObject","inLanguage":"pt-BR","@id":"https:\/\/prefeitosegestoes.com.br\/portal\/governo-e-congresso-esperam-votar-corte-de-gastos-ainda-neste-ano\/#primaryimage","url":"https:\/\/prefeitosegestoes.com.br\/portal\/wp-content\/uploads\/2024\/11\/pzzb3476_0.webp","contentUrl":"https:\/\/prefeitosegestoes.com.br\/portal\/wp-content\/uploads\/2024\/11\/pzzb3476_0.webp","width":1024,"height":768},{"@type":"BreadcrumbList","@id":"https:\/\/prefeitosegestoes.com.br\/portal\/governo-e-congresso-esperam-votar-corte-de-gastos-ainda-neste-ano\/#breadcrumb","itemListElement":[{"@type":"ListItem","position":1,"name":"In\u00edcio","item":"https:\/\/prefeitosegestoes.com.br\/portal\/"},{"@type":"ListItem","position":2,"name":"Governo e Congresso esperam votar corte de gastos ainda neste ano"}]},{"@type":"WebSite","@id":"https:\/\/prefeitosegestoes.com.br\/portal\/#website","url":"https:\/\/prefeitosegestoes.com.br\/portal\/","name":"Prefeitos & Gest\u00f5es","description":"","publisher":{"@id":"https:\/\/prefeitosegestoes.com.br\/portal\/#organization"},"potentialAction":[{"@type":"SearchAction","target":{"@type":"EntryPoint","urlTemplate":"https:\/\/prefeitosegestoes.com.br\/portal\/?s={search_term_string}"},"query-input":{"@type":"PropertyValueSpecification","valueRequired":true,"valueName":"search_term_string"}}],"inLanguage":"pt-BR"},{"@type":"Organization","@id":"https:\/\/prefeitosegestoes.com.br\/portal\/#organization","name":"Prefeitos & Gest\u00f5es","url":"https:\/\/prefeitosegestoes.com.br\/portal\/","logo":{"@type":"ImageObject","inLanguage":"pt-BR","@id":"https:\/\/prefeitosegestoes.com.br\/portal\/#\/schema\/logo\/image\/","url":"https:\/\/prefeitosegestoes.com.br\/portal\/wp-content\/uploads\/2024\/10\/lg_trans_prefeitos_2024_preto2.png","contentUrl":"https:\/\/prefeitosegestoes.com.br\/portal\/wp-content\/uploads\/2024\/10\/lg_trans_prefeitos_2024_preto2.png","width":199,"height":122,"caption":"Prefeitos & Gest\u00f5es"},"image":{"@id":"https:\/\/prefeitosegestoes.com.br\/portal\/#\/schema\/logo\/image\/"},"sameAs":["https:\/\/www.facebook.com\/prefeitosonline","https:\/\/x.com\/PrefGestoes"]},{"@type":"Person","@id":"https:\/\/prefeitosegestoes.com.br\/portal\/#\/schema\/person\/d00059f2ec99963e7e1850d448ae94b8","name":"Prefeitos &amp; Gest\u00f5es","image":{"@type":"ImageObject","inLanguage":"pt-BR","@id":"https:\/\/secure.gravatar.com\/avatar\/738fb281e479212ed32c1a21a4307dda9f3af9292edb6918a16c9ce9fff5f48d?s=96&d=mm&r=g","url":"https:\/\/secure.gravatar.com\/avatar\/738fb281e479212ed32c1a21a4307dda9f3af9292edb6918a16c9ce9fff5f48d?s=96&d=mm&r=g","contentUrl":"https:\/\/secure.gravatar.com\/avatar\/738fb281e479212ed32c1a21a4307dda9f3af9292edb6918a16c9ce9fff5f48d?s=96&d=mm&r=g","caption":"Prefeitos &amp; Gest\u00f5es"},"url":"https:\/\/prefeitosegestoes.com.br\/portal\/author\/prefeitosegestoes\/"}]}},"_links":{"self":[{"href":"https:\/\/prefeitosegestoes.com.br\/portal\/wp-json\/wp\/v2\/posts\/2932","targetHints":{"allow":["GET"]}}],"collection":[{"href":"https:\/\/prefeitosegestoes.com.br\/portal\/wp-json\/wp\/v2\/posts"}],"about":[{"href":"https:\/\/prefeitosegestoes.com.br\/portal\/wp-json\/wp\/v2\/types\/post"}],"author":[{"embeddable":true,"href":"https:\/\/prefeitosegestoes.com.br\/portal\/wp-json\/wp\/v2\/users\/2"}],"replies":[{"embeddable":true,"href":"https:\/\/prefeitosegestoes.com.br\/portal\/wp-json\/wp\/v2\/comments?post=2932"}],"version-history":[{"count":2,"href":"https:\/\/prefeitosegestoes.com.br\/portal\/wp-json\/wp\/v2\/posts\/2932\/revisions"}],"predecessor-version":[{"id":2935,"href":"https:\/\/prefeitosegestoes.com.br\/portal\/wp-json\/wp\/v2\/posts\/2932\/revisions\/2935"}],"wp:featuredmedia":[{"embeddable":true,"href":"https:\/\/prefeitosegestoes.com.br\/portal\/wp-json\/wp\/v2\/media\/2933"}],"wp:attachment":[{"href":"https:\/\/prefeitosegestoes.com.br\/portal\/wp-json\/wp\/v2\/media?parent=2932"}],"wp:term":[{"taxonomy":"category","embeddable":true,"href":"https:\/\/prefeitosegestoes.com.br\/portal\/wp-json\/wp\/v2\/categories?post=2932"},{"taxonomy":"post_tag","embeddable":true,"href":"https:\/\/prefeitosegestoes.com.br\/portal\/wp-json\/wp\/v2\/tags?post=2932"}],"curies":[{"name":"wp","href":"https:\/\/api.w.org\/{rel}","templated":true}]}}