{"id":2929,"date":"2024-11-28T18:35:07","date_gmt":"2024-11-28T21:35:07","guid":{"rendered":"https:\/\/prefeitosegestoes.com.br\/portal\/?p=2929"},"modified":"2024-11-28T18:35:07","modified_gmt":"2024-11-28T21:35:07","slug":"ibge-605-dos-municipios-brasileiros-tem-coleta-seletiva-do-lixo","status":"publish","type":"post","link":"https:\/\/prefeitosegestoes.com.br\/portal\/ibge-605-dos-municipios-brasileiros-tem-coleta-seletiva-do-lixo\/","title":{"rendered":"IBGE: 60,5% dos munic\u00edpios brasileiros t\u00eam coleta seletiva do lixo"},"content":{"rendered":"<p>Foto:Fernando Fraz\u00e3o\/Ag\u00eancia Brasil<\/p>\n<p>Indicativos s\u00e3o positivos; regi\u00e3o Sul lidera com 81,9% das cidades com coleta seletiva<\/p>\n<p>Marcela Ferreira<br \/>\n28 nov<br \/>\n2024<br \/>\n&#8211; 09h59<\/p>\n<p>A coleta seletiva de lixo no Brasil teve um saldo positivo segundo dados divulgados nesta quinta-feira, 28, pela Pesquisa de Informa\u00e7\u00f5es B\u00e1sicas Municipais (MUNIC) 2023, do Instituto Brasileiro de Geografia e Estat\u00edstica (IBGE).<\/p>\n<p>Receba as principais not\u00edcias direto no WhatsApp! Inscreva-se no canal do Terra<\/p>\n<p>De acordo com os dados do MUNIC 2023, 60,5% dos munic\u00edpios brasileiros tinham coleta seletiva do lixo. Isso significa que mais da metade dos<\/p>\n<p>dos res\u00edduos foram separados e descartados corretamente, sendo recicl\u00e1veis ou n\u00e3o.<\/p>\n<p>Not\u00edcias relacionadas<\/p>\n<p>Comida no lixo e busca de diesel para gerador: os preju\u00edzos com o apag\u00e3o em Pinheiros<\/p>\n<p>As casas feitas de lixo que dispensam ar-condicionado no deserto<\/p>\n<p>&#8216;At\u00e9 2030, o Brasil n\u00e3o vai ter mais lix\u00f5es&#8217;, diz CEO da Orizon<\/p>\n<p>A coleta seletiva \u00e9 um sistema de recolhimento de res\u00edduos s\u00f3lidos que separa os materiais recicl\u00e1veis dos n\u00e3o recicl\u00e1veis, facilitando o seu reaproveitamento pelos catadores e pelas ind\u00fastrias de reciclagem. J\u00e1 a coleta de lixo convencional \u00e9 um sistema de recolhimento de res\u00edduos que n\u00e3o \u00e9 diferenciado por tipo, ou seja, todo o lixo gerado \u00e9 coletado junto e levado diretamente para os aterros sanit\u00e1rios.<\/p>\n<p>Coleta seletiva em n\u00fameros<\/p>\n<p>Conforme o IBGE, no Brasil, 60,5% das cidades possu\u00edam coleta seletiva de res\u00edduos em 2023. Desse n\u00famero 3.364 cidades possuem o servi\u00e7o, enquanto 2.192 n\u00e3o faziam coleta seletiva. Oito cidades n\u00e3o realizavam o manejo de res\u00edduos, e seis n\u00e3o informaram os dados.<\/p>\n<p>Analisando por regi\u00f5es, o Sul e o Sudeste sa\u00edram na frente com 81,9% e 80,6%, respectivamente, de coleta seletiva dos res\u00edduos. O Centro-Oeste apareceu em seguida, com 51,3%. O Norte e Nordeste foram as regi\u00f5es com o menor \u00edndice de coleta seletiva em 2023, com 37,0% e 33,5%.<\/p>\n<p>Disposi\u00e7\u00e3o adequada dos res\u00edduos<\/p>\n<p>A coleta seletiva ajuda no processo de reutiliza\u00e7\u00e3o de materiais recicl\u00e1veis<br \/>\nFoto: Divulga\u00e7\u00e3o\/Recicla Latas\/Ag\u00eancia Brasil<br \/>\nSegundo Fernanda Malta, gerente da Pesquisa Nacional de Saneamento B\u00e1sico (PNSB), a principal diferen\u00e7a entre os tipos de coleta \u00e9 que a seletiva \u00e9 capaz de dar uma nova finalidade ao lixo que \u00e9 recicl\u00e1vel, evitando que os materiais reaproveit\u00e1veis sejam levados para aterros.<br \/>\n\u201cA gente tem aqui [na coleta seletiva] a pessoa fazendo essa separa\u00e7\u00e3o, para depois a gente poder fazer um reuso, reciclagem, dar uma disposi\u00e7\u00e3o adequada para aquele res\u00edduo. E na coleta convencional \u00e9 tudo misturado. \u00c9 muito complicado quando voc\u00ea vai ao aterro sanit\u00e1rio \u2013 a gente teve a oportunidade de fazer visitas t\u00e9cnicas \u2013, que voc\u00ea v\u00ea o caminh\u00e3o, o monte de res\u00edduo ali, que poderia ter sido selecionado e ter sido utilizado de outra forma, que n\u00e3o ir para o aterro sanit\u00e1rio, e fazer aquelas montanhas de lixo\u201d, explica.<\/p>\n<p>Para Fernanda, o saldo da coleta seletiva conforme o n\u00famero divulgado pelo MUNIC 2023 \u00e9 positivo. \u201c\u00c9 um indicador bem bom. Ele est\u00e1 acima dos 50%. Ent\u00e3o na parte da gest\u00e3o da coleta seletiva, a gente tem, claro que o Sul tem esse destaque, mas assim, no Brasil a gente tem um percentual alto da gest\u00e3o da coleta\u201d.<\/p>\n<p>Apesar do n\u00famero alto, os problemas enfrentados na coleta seletiva ainda n\u00e3o foram investigados nesta pesquisa. Isso porque a an\u00e1lise diz respeito apenas \u00e0 gest\u00e3o da coleta seletiva nas grandes regi\u00f5es do Brasil, e n\u00e3o detalha como ela tem sido feita.<\/p>\n<p>A gerente da pesquisa tamb\u00e9m destaca o importante papel dos catadores de recicl\u00e1veis, que colaboram para que o n\u00famero tenha sido alto no ano de 2023. Esses trabalhadores, cuja profiss\u00e3o \u00e9 reconhecida na Classifica\u00e7\u00e3o Brasileira de Ocupa\u00e7\u00f5es (CBO), s\u00e3o profissionais que se organizam de forma aut\u00f4noma, informal ou em entidades, para selecionar e vender os res\u00edduos reaproveit\u00e1veis.<\/p>\n<p>Tipos de res\u00edduos<br \/>\nDe acordo com a resolu\u00e7\u00e3o do Conselho Nacional do Meio Ambiente (Conama), o lixo pode ser definido em algumas categorias, e separado dentro delas para facilitar o descarte correto e a coleta seletiva. Os tipos s\u00e3o separados por cores, para facilitar a distin\u00e7\u00e3o. Eles s\u00e3o:<\/p>\n<p>Azul: papel e papel\u00e3o;<br \/>\nVermelho: pl\u00e1stico;<br \/>\nAmarelo: metal;<br \/>\nVerde: vidro;<br \/>\nPreto: madeira;<br \/>\nLaranja: res\u00edduos perigosos;<br \/>\nBranco: res\u00edduos ambulatoriais e de servi\u00e7os de sa\u00fade;<br \/>\nRoxo: res\u00edduos radioativos;<br \/>\nMarrom: res\u00edduos org\u00e2nicos;<br \/>\nCinza: res\u00edduo geral n\u00e3o recicl\u00e1vel ou misturado, ou contaminado, n\u00e3o pass\u00edvel de separa\u00e7\u00e3o.<\/p>\n<p>Fonte: https:\/\/www.terra.com.br\/planeta\/ibge-605-dos-municipios-brasileiros-tem-coleta-seletiva-do-lixo,42461c4a731151a6cb77651a803641430brdm8a1.html?utm_source=clipboard<\/p>\n<p>&nbsp;<\/p>\n","protected":false},"excerpt":{"rendered":"<p>Foto:Fernando Fraz\u00e3o\/Ag\u00eancia Brasil Indicativos s\u00e3o positivos; regi\u00e3o Sul lidera com 81,9% das cidades com coleta seletiva Marcela Ferreira 28 nov 2024 &#8211; 09h59 A coleta seletiva de lixo no Brasil teve um saldo positivo segundo dados divulgados nesta quinta-feira, 28, pela Pesquisa de Informa\u00e7\u00f5es B\u00e1sicas Municipais (MUNIC) 2023, do Instituto Brasileiro de Geografia e Estat\u00edstica [&hellip;]<\/p>\n","protected":false},"author":2,"featured_media":2930,"comment_status":"open","ping_status":"open","sticky":false,"template":"","format":"standard","meta":{"rop_custom_images_group":[],"rop_custom_messages_group":[],"rop_publish_now":"initial","rop_publish_now_accounts":{"twitter_850042665852968960_850042665852968960":""},"rop_publish_now_history":[],"rop_publish_now_status":"pending","footnotes":""},"categories":[15],"tags":[328,330,127,113,123,329],"class_list":["post-2929","post","type-post","status-publish","format-standard","has-post-thumbnail","hentry","category-destaques","tag-coleta-seletiva","tag-conama","tag-gestao","tag-meio-ambiente","tag-municipios","tag-pesquisa"],"yoast_head":"<!-- This site is optimized with the Yoast SEO plugin v27.2 - https:\/\/yoast.com\/product\/yoast-seo-wordpress\/ -->\n<title>IBGE: 60,5% dos munic\u00edpios brasileiros t\u00eam coleta seletiva do lixo - Prefeitos &amp; Gest\u00f5es<\/title>\n<meta name=\"robots\" content=\"index, follow, max-snippet:-1, max-image-preview:large, max-video-preview:-1\" \/>\n<link rel=\"canonical\" href=\"https:\/\/prefeitosegestoes.com.br\/portal\/ibge-605-dos-municipios-brasileiros-tem-coleta-seletiva-do-lixo\/\" \/>\n<meta property=\"og:locale\" content=\"pt_BR\" \/>\n<meta property=\"og:type\" content=\"article\" \/>\n<meta property=\"og:title\" content=\"IBGE: 60,5% dos munic\u00edpios brasileiros t\u00eam coleta seletiva do lixo - Prefeitos &amp; Gest\u00f5es\" \/>\n<meta property=\"og:description\" content=\"Foto:Fernando Fraz\u00e3o\/Ag\u00eancia Brasil Indicativos s\u00e3o positivos; regi\u00e3o Sul lidera com 81,9% das cidades com coleta seletiva Marcela Ferreira 28 nov 2024 &#8211; 09h59 A coleta seletiva de lixo no Brasil teve um saldo positivo segundo dados divulgados nesta quinta-feira, 28, pela Pesquisa de Informa\u00e7\u00f5es B\u00e1sicas Municipais (MUNIC) 2023, do Instituto Brasileiro de Geografia e Estat\u00edstica [&hellip;]\" \/>\n<meta property=\"og:url\" content=\"https:\/\/prefeitosegestoes.com.br\/portal\/ibge-605-dos-municipios-brasileiros-tem-coleta-seletiva-do-lixo\/\" \/>\n<meta property=\"og:site_name\" content=\"Prefeitos &amp; Gest\u00f5es\" \/>\n<meta property=\"article:publisher\" content=\"https:\/\/www.facebook.com\/prefeitosonline\" \/>\n<meta property=\"article:published_time\" content=\"2024-11-28T21:35:07+00:00\" \/>\n<meta property=\"og:image\" content=\"https:\/\/prefeitosegestoes.com.br\/portal\/wp-content\/uploads\/2024\/11\/mg_8408.webp\" \/>\n\t<meta property=\"og:image:width\" content=\"1024\" \/>\n\t<meta property=\"og:image:height\" content=\"768\" \/>\n\t<meta property=\"og:image:type\" content=\"image\/webp\" \/>\n<meta name=\"author\" content=\"Prefeitos &amp; Gest\u00f5es\" \/>\n<meta name=\"twitter:card\" content=\"summary_large_image\" \/>\n<meta name=\"twitter:creator\" content=\"@PrefGestoes\" \/>\n<meta name=\"twitter:site\" content=\"@PrefGestoes\" \/>\n<meta name=\"twitter:label1\" content=\"Escrito por\" \/>\n\t<meta name=\"twitter:data1\" content=\"Prefeitos &amp; Gest\u00f5es\" \/>\n\t<meta name=\"twitter:label2\" content=\"Est. tempo de leitura\" \/>\n\t<meta name=\"twitter:data2\" content=\"5 minutos\" \/>\n<script type=\"application\/ld+json\" class=\"yoast-schema-graph\">{\"@context\":\"https:\/\/schema.org\",\"@graph\":[{\"@type\":\"Article\",\"@id\":\"https:\/\/prefeitosegestoes.com.br\/portal\/ibge-605-dos-municipios-brasileiros-tem-coleta-seletiva-do-lixo\/#article\",\"isPartOf\":{\"@id\":\"https:\/\/prefeitosegestoes.com.br\/portal\/ibge-605-dos-municipios-brasileiros-tem-coleta-seletiva-do-lixo\/\"},\"author\":{\"name\":\"Prefeitos &amp; Gest\u00f5es\",\"@id\":\"https:\/\/prefeitosegestoes.com.br\/portal\/#\/schema\/person\/d00059f2ec99963e7e1850d448ae94b8\"},\"headline\":\"IBGE: 60,5% dos munic\u00edpios brasileiros t\u00eam coleta seletiva do lixo\",\"datePublished\":\"2024-11-28T21:35:07+00:00\",\"mainEntityOfPage\":{\"@id\":\"https:\/\/prefeitosegestoes.com.br\/portal\/ibge-605-dos-municipios-brasileiros-tem-coleta-seletiva-do-lixo\/\"},\"wordCount\":801,\"commentCount\":0,\"publisher\":{\"@id\":\"https:\/\/prefeitosegestoes.com.br\/portal\/#organization\"},\"image\":{\"@id\":\"https:\/\/prefeitosegestoes.com.br\/portal\/ibge-605-dos-municipios-brasileiros-tem-coleta-seletiva-do-lixo\/#primaryimage\"},\"thumbnailUrl\":\"https:\/\/prefeitosegestoes.com.br\/portal\/wp-content\/uploads\/2024\/11\/mg_8408.webp\",\"keywords\":[\"Coleta Seletiva\",\"Conama\",\"Gest\u00e3o\",\"Meio Ambiente\",\"Munic\u00edpios\",\"Pesquisa\"],\"articleSection\":[\"Destaques\"],\"inLanguage\":\"pt-BR\",\"potentialAction\":[{\"@type\":\"CommentAction\",\"name\":\"Comment\",\"target\":[\"https:\/\/prefeitosegestoes.com.br\/portal\/ibge-605-dos-municipios-brasileiros-tem-coleta-seletiva-do-lixo\/#respond\"]}]},{\"@type\":\"WebPage\",\"@id\":\"https:\/\/prefeitosegestoes.com.br\/portal\/ibge-605-dos-municipios-brasileiros-tem-coleta-seletiva-do-lixo\/\",\"url\":\"https:\/\/prefeitosegestoes.com.br\/portal\/ibge-605-dos-municipios-brasileiros-tem-coleta-seletiva-do-lixo\/\",\"name\":\"IBGE: 60,5% dos munic\u00edpios brasileiros t\u00eam coleta seletiva do lixo - Prefeitos &amp; Gest\u00f5es\",\"isPartOf\":{\"@id\":\"https:\/\/prefeitosegestoes.com.br\/portal\/#website\"},\"primaryImageOfPage\":{\"@id\":\"https:\/\/prefeitosegestoes.com.br\/portal\/ibge-605-dos-municipios-brasileiros-tem-coleta-seletiva-do-lixo\/#primaryimage\"},\"image\":{\"@id\":\"https:\/\/prefeitosegestoes.com.br\/portal\/ibge-605-dos-municipios-brasileiros-tem-coleta-seletiva-do-lixo\/#primaryimage\"},\"thumbnailUrl\":\"https:\/\/prefeitosegestoes.com.br\/portal\/wp-content\/uploads\/2024\/11\/mg_8408.webp\",\"datePublished\":\"2024-11-28T21:35:07+00:00\",\"breadcrumb\":{\"@id\":\"https:\/\/prefeitosegestoes.com.br\/portal\/ibge-605-dos-municipios-brasileiros-tem-coleta-seletiva-do-lixo\/#breadcrumb\"},\"inLanguage\":\"pt-BR\",\"potentialAction\":[{\"@type\":\"ReadAction\",\"target\":[\"https:\/\/prefeitosegestoes.com.br\/portal\/ibge-605-dos-municipios-brasileiros-tem-coleta-seletiva-do-lixo\/\"]}]},{\"@type\":\"ImageObject\",\"inLanguage\":\"pt-BR\",\"@id\":\"https:\/\/prefeitosegestoes.com.br\/portal\/ibge-605-dos-municipios-brasileiros-tem-coleta-seletiva-do-lixo\/#primaryimage\",\"url\":\"https:\/\/prefeitosegestoes.com.br\/portal\/wp-content\/uploads\/2024\/11\/mg_8408.webp\",\"contentUrl\":\"https:\/\/prefeitosegestoes.com.br\/portal\/wp-content\/uploads\/2024\/11\/mg_8408.webp\",\"width\":1024,\"height\":768},{\"@type\":\"BreadcrumbList\",\"@id\":\"https:\/\/prefeitosegestoes.com.br\/portal\/ibge-605-dos-municipios-brasileiros-tem-coleta-seletiva-do-lixo\/#breadcrumb\",\"itemListElement\":[{\"@type\":\"ListItem\",\"position\":1,\"name\":\"In\u00edcio\",\"item\":\"https:\/\/prefeitosegestoes.com.br\/portal\/\"},{\"@type\":\"ListItem\",\"position\":2,\"name\":\"IBGE: 60,5% dos munic\u00edpios brasileiros t\u00eam coleta seletiva do lixo\"}]},{\"@type\":\"WebSite\",\"@id\":\"https:\/\/prefeitosegestoes.com.br\/portal\/#website\",\"url\":\"https:\/\/prefeitosegestoes.com.br\/portal\/\",\"name\":\"Prefeitos & Gest\u00f5es\",\"description\":\"\",\"publisher\":{\"@id\":\"https:\/\/prefeitosegestoes.com.br\/portal\/#organization\"},\"potentialAction\":[{\"@type\":\"SearchAction\",\"target\":{\"@type\":\"EntryPoint\",\"urlTemplate\":\"https:\/\/prefeitosegestoes.com.br\/portal\/?s={search_term_string}\"},\"query-input\":{\"@type\":\"PropertyValueSpecification\",\"valueRequired\":true,\"valueName\":\"search_term_string\"}}],\"inLanguage\":\"pt-BR\"},{\"@type\":\"Organization\",\"@id\":\"https:\/\/prefeitosegestoes.com.br\/portal\/#organization\",\"name\":\"Prefeitos & Gest\u00f5es\",\"url\":\"https:\/\/prefeitosegestoes.com.br\/portal\/\",\"logo\":{\"@type\":\"ImageObject\",\"inLanguage\":\"pt-BR\",\"@id\":\"https:\/\/prefeitosegestoes.com.br\/portal\/#\/schema\/logo\/image\/\",\"url\":\"https:\/\/prefeitosegestoes.com.br\/portal\/wp-content\/uploads\/2024\/10\/lg_trans_prefeitos_2024_preto2.png\",\"contentUrl\":\"https:\/\/prefeitosegestoes.com.br\/portal\/wp-content\/uploads\/2024\/10\/lg_trans_prefeitos_2024_preto2.png\",\"width\":199,\"height\":122,\"caption\":\"Prefeitos & Gest\u00f5es\"},\"image\":{\"@id\":\"https:\/\/prefeitosegestoes.com.br\/portal\/#\/schema\/logo\/image\/\"},\"sameAs\":[\"https:\/\/www.facebook.com\/prefeitosonline\",\"https:\/\/x.com\/PrefGestoes\"]},{\"@type\":\"Person\",\"@id\":\"https:\/\/prefeitosegestoes.com.br\/portal\/#\/schema\/person\/d00059f2ec99963e7e1850d448ae94b8\",\"name\":\"Prefeitos &amp; Gest\u00f5es\",\"image\":{\"@type\":\"ImageObject\",\"inLanguage\":\"pt-BR\",\"@id\":\"https:\/\/secure.gravatar.com\/avatar\/738fb281e479212ed32c1a21a4307dda9f3af9292edb6918a16c9ce9fff5f48d?s=96&d=mm&r=g\",\"url\":\"https:\/\/secure.gravatar.com\/avatar\/738fb281e479212ed32c1a21a4307dda9f3af9292edb6918a16c9ce9fff5f48d?s=96&d=mm&r=g\",\"contentUrl\":\"https:\/\/secure.gravatar.com\/avatar\/738fb281e479212ed32c1a21a4307dda9f3af9292edb6918a16c9ce9fff5f48d?s=96&d=mm&r=g\",\"caption\":\"Prefeitos &amp; Gest\u00f5es\"},\"url\":\"https:\/\/prefeitosegestoes.com.br\/portal\/author\/prefeitosegestoes\/\"}]}<\/script>\n<!-- \/ Yoast SEO plugin. -->","yoast_head_json":{"title":"IBGE: 60,5% dos munic\u00edpios brasileiros t\u00eam coleta seletiva do lixo - Prefeitos &amp; Gest\u00f5es","robots":{"index":"index","follow":"follow","max-snippet":"max-snippet:-1","max-image-preview":"max-image-preview:large","max-video-preview":"max-video-preview:-1"},"canonical":"https:\/\/prefeitosegestoes.com.br\/portal\/ibge-605-dos-municipios-brasileiros-tem-coleta-seletiva-do-lixo\/","og_locale":"pt_BR","og_type":"article","og_title":"IBGE: 60,5% dos munic\u00edpios brasileiros t\u00eam coleta seletiva do lixo - Prefeitos &amp; Gest\u00f5es","og_description":"Foto:Fernando Fraz\u00e3o\/Ag\u00eancia Brasil Indicativos s\u00e3o positivos; regi\u00e3o Sul lidera com 81,9% das cidades com coleta seletiva Marcela Ferreira 28 nov 2024 &#8211; 09h59 A coleta seletiva de lixo no Brasil teve um saldo positivo segundo dados divulgados nesta quinta-feira, 28, pela Pesquisa de Informa\u00e7\u00f5es B\u00e1sicas Municipais (MUNIC) 2023, do Instituto Brasileiro de Geografia e Estat\u00edstica [&hellip;]","og_url":"https:\/\/prefeitosegestoes.com.br\/portal\/ibge-605-dos-municipios-brasileiros-tem-coleta-seletiva-do-lixo\/","og_site_name":"Prefeitos &amp; Gest\u00f5es","article_publisher":"https:\/\/www.facebook.com\/prefeitosonline","article_published_time":"2024-11-28T21:35:07+00:00","og_image":[{"width":1024,"height":768,"url":"https:\/\/prefeitosegestoes.com.br\/portal\/wp-content\/uploads\/2024\/11\/mg_8408.webp","type":"image\/webp"}],"author":"Prefeitos &amp; Gest\u00f5es","twitter_card":"summary_large_image","twitter_creator":"@PrefGestoes","twitter_site":"@PrefGestoes","twitter_misc":{"Escrito por":"Prefeitos &amp; Gest\u00f5es","Est. tempo de leitura":"5 minutos"},"schema":{"@context":"https:\/\/schema.org","@graph":[{"@type":"Article","@id":"https:\/\/prefeitosegestoes.com.br\/portal\/ibge-605-dos-municipios-brasileiros-tem-coleta-seletiva-do-lixo\/#article","isPartOf":{"@id":"https:\/\/prefeitosegestoes.com.br\/portal\/ibge-605-dos-municipios-brasileiros-tem-coleta-seletiva-do-lixo\/"},"author":{"name":"Prefeitos &amp; Gest\u00f5es","@id":"https:\/\/prefeitosegestoes.com.br\/portal\/#\/schema\/person\/d00059f2ec99963e7e1850d448ae94b8"},"headline":"IBGE: 60,5% dos munic\u00edpios brasileiros t\u00eam coleta seletiva do lixo","datePublished":"2024-11-28T21:35:07+00:00","mainEntityOfPage":{"@id":"https:\/\/prefeitosegestoes.com.br\/portal\/ibge-605-dos-municipios-brasileiros-tem-coleta-seletiva-do-lixo\/"},"wordCount":801,"commentCount":0,"publisher":{"@id":"https:\/\/prefeitosegestoes.com.br\/portal\/#organization"},"image":{"@id":"https:\/\/prefeitosegestoes.com.br\/portal\/ibge-605-dos-municipios-brasileiros-tem-coleta-seletiva-do-lixo\/#primaryimage"},"thumbnailUrl":"https:\/\/prefeitosegestoes.com.br\/portal\/wp-content\/uploads\/2024\/11\/mg_8408.webp","keywords":["Coleta Seletiva","Conama","Gest\u00e3o","Meio Ambiente","Munic\u00edpios","Pesquisa"],"articleSection":["Destaques"],"inLanguage":"pt-BR","potentialAction":[{"@type":"CommentAction","name":"Comment","target":["https:\/\/prefeitosegestoes.com.br\/portal\/ibge-605-dos-municipios-brasileiros-tem-coleta-seletiva-do-lixo\/#respond"]}]},{"@type":"WebPage","@id":"https:\/\/prefeitosegestoes.com.br\/portal\/ibge-605-dos-municipios-brasileiros-tem-coleta-seletiva-do-lixo\/","url":"https:\/\/prefeitosegestoes.com.br\/portal\/ibge-605-dos-municipios-brasileiros-tem-coleta-seletiva-do-lixo\/","name":"IBGE: 60,5% dos munic\u00edpios brasileiros t\u00eam coleta seletiva do lixo - Prefeitos &amp; Gest\u00f5es","isPartOf":{"@id":"https:\/\/prefeitosegestoes.com.br\/portal\/#website"},"primaryImageOfPage":{"@id":"https:\/\/prefeitosegestoes.com.br\/portal\/ibge-605-dos-municipios-brasileiros-tem-coleta-seletiva-do-lixo\/#primaryimage"},"image":{"@id":"https:\/\/prefeitosegestoes.com.br\/portal\/ibge-605-dos-municipios-brasileiros-tem-coleta-seletiva-do-lixo\/#primaryimage"},"thumbnailUrl":"https:\/\/prefeitosegestoes.com.br\/portal\/wp-content\/uploads\/2024\/11\/mg_8408.webp","datePublished":"2024-11-28T21:35:07+00:00","breadcrumb":{"@id":"https:\/\/prefeitosegestoes.com.br\/portal\/ibge-605-dos-municipios-brasileiros-tem-coleta-seletiva-do-lixo\/#breadcrumb"},"inLanguage":"pt-BR","potentialAction":[{"@type":"ReadAction","target":["https:\/\/prefeitosegestoes.com.br\/portal\/ibge-605-dos-municipios-brasileiros-tem-coleta-seletiva-do-lixo\/"]}]},{"@type":"ImageObject","inLanguage":"pt-BR","@id":"https:\/\/prefeitosegestoes.com.br\/portal\/ibge-605-dos-municipios-brasileiros-tem-coleta-seletiva-do-lixo\/#primaryimage","url":"https:\/\/prefeitosegestoes.com.br\/portal\/wp-content\/uploads\/2024\/11\/mg_8408.webp","contentUrl":"https:\/\/prefeitosegestoes.com.br\/portal\/wp-content\/uploads\/2024\/11\/mg_8408.webp","width":1024,"height":768},{"@type":"BreadcrumbList","@id":"https:\/\/prefeitosegestoes.com.br\/portal\/ibge-605-dos-municipios-brasileiros-tem-coleta-seletiva-do-lixo\/#breadcrumb","itemListElement":[{"@type":"ListItem","position":1,"name":"In\u00edcio","item":"https:\/\/prefeitosegestoes.com.br\/portal\/"},{"@type":"ListItem","position":2,"name":"IBGE: 60,5% dos munic\u00edpios brasileiros t\u00eam coleta seletiva do lixo"}]},{"@type":"WebSite","@id":"https:\/\/prefeitosegestoes.com.br\/portal\/#website","url":"https:\/\/prefeitosegestoes.com.br\/portal\/","name":"Prefeitos & Gest\u00f5es","description":"","publisher":{"@id":"https:\/\/prefeitosegestoes.com.br\/portal\/#organization"},"potentialAction":[{"@type":"SearchAction","target":{"@type":"EntryPoint","urlTemplate":"https:\/\/prefeitosegestoes.com.br\/portal\/?s={search_term_string}"},"query-input":{"@type":"PropertyValueSpecification","valueRequired":true,"valueName":"search_term_string"}}],"inLanguage":"pt-BR"},{"@type":"Organization","@id":"https:\/\/prefeitosegestoes.com.br\/portal\/#organization","name":"Prefeitos & Gest\u00f5es","url":"https:\/\/prefeitosegestoes.com.br\/portal\/","logo":{"@type":"ImageObject","inLanguage":"pt-BR","@id":"https:\/\/prefeitosegestoes.com.br\/portal\/#\/schema\/logo\/image\/","url":"https:\/\/prefeitosegestoes.com.br\/portal\/wp-content\/uploads\/2024\/10\/lg_trans_prefeitos_2024_preto2.png","contentUrl":"https:\/\/prefeitosegestoes.com.br\/portal\/wp-content\/uploads\/2024\/10\/lg_trans_prefeitos_2024_preto2.png","width":199,"height":122,"caption":"Prefeitos & Gest\u00f5es"},"image":{"@id":"https:\/\/prefeitosegestoes.com.br\/portal\/#\/schema\/logo\/image\/"},"sameAs":["https:\/\/www.facebook.com\/prefeitosonline","https:\/\/x.com\/PrefGestoes"]},{"@type":"Person","@id":"https:\/\/prefeitosegestoes.com.br\/portal\/#\/schema\/person\/d00059f2ec99963e7e1850d448ae94b8","name":"Prefeitos &amp; Gest\u00f5es","image":{"@type":"ImageObject","inLanguage":"pt-BR","@id":"https:\/\/secure.gravatar.com\/avatar\/738fb281e479212ed32c1a21a4307dda9f3af9292edb6918a16c9ce9fff5f48d?s=96&d=mm&r=g","url":"https:\/\/secure.gravatar.com\/avatar\/738fb281e479212ed32c1a21a4307dda9f3af9292edb6918a16c9ce9fff5f48d?s=96&d=mm&r=g","contentUrl":"https:\/\/secure.gravatar.com\/avatar\/738fb281e479212ed32c1a21a4307dda9f3af9292edb6918a16c9ce9fff5f48d?s=96&d=mm&r=g","caption":"Prefeitos &amp; Gest\u00f5es"},"url":"https:\/\/prefeitosegestoes.com.br\/portal\/author\/prefeitosegestoes\/"}]}},"_links":{"self":[{"href":"https:\/\/prefeitosegestoes.com.br\/portal\/wp-json\/wp\/v2\/posts\/2929","targetHints":{"allow":["GET"]}}],"collection":[{"href":"https:\/\/prefeitosegestoes.com.br\/portal\/wp-json\/wp\/v2\/posts"}],"about":[{"href":"https:\/\/prefeitosegestoes.com.br\/portal\/wp-json\/wp\/v2\/types\/post"}],"author":[{"embeddable":true,"href":"https:\/\/prefeitosegestoes.com.br\/portal\/wp-json\/wp\/v2\/users\/2"}],"replies":[{"embeddable":true,"href":"https:\/\/prefeitosegestoes.com.br\/portal\/wp-json\/wp\/v2\/comments?post=2929"}],"version-history":[{"count":1,"href":"https:\/\/prefeitosegestoes.com.br\/portal\/wp-json\/wp\/v2\/posts\/2929\/revisions"}],"predecessor-version":[{"id":2931,"href":"https:\/\/prefeitosegestoes.com.br\/portal\/wp-json\/wp\/v2\/posts\/2929\/revisions\/2931"}],"wp:featuredmedia":[{"embeddable":true,"href":"https:\/\/prefeitosegestoes.com.br\/portal\/wp-json\/wp\/v2\/media\/2930"}],"wp:attachment":[{"href":"https:\/\/prefeitosegestoes.com.br\/portal\/wp-json\/wp\/v2\/media?parent=2929"}],"wp:term":[{"taxonomy":"category","embeddable":true,"href":"https:\/\/prefeitosegestoes.com.br\/portal\/wp-json\/wp\/v2\/categories?post=2929"},{"taxonomy":"post_tag","embeddable":true,"href":"https:\/\/prefeitosegestoes.com.br\/portal\/wp-json\/wp\/v2\/tags?post=2929"}],"curies":[{"name":"wp","href":"https:\/\/api.w.org\/{rel}","templated":true}]}}