{"id":2917,"date":"2024-11-27T12:26:17","date_gmt":"2024-11-27T15:26:17","guid":{"rendered":"https:\/\/prefeitosegestoes.com.br\/portal\/?p=2917"},"modified":"2024-11-27T12:26:17","modified_gmt":"2024-11-27T15:26:17","slug":"lutam-contra-a-miseria-as-cidades-mais-pobres-de-minas-gerais","status":"publish","type":"post","link":"https:\/\/prefeitosegestoes.com.br\/portal\/lutam-contra-a-miseria-as-cidades-mais-pobres-de-minas-gerais\/","title":{"rendered":"LUTAM CONTRA A MIS\u00c9RIA! As Cidades Mais Pobres de Minas Gerais"},"content":{"rendered":"<p><a href=\"https:\/\/www.youtube.com\/watch?v=IxXaNdnFlRM\">LUTAM CONTRA A MIS\u00c9RIA! As Cidades Mais Pobres de Minas Gerais!<\/a><\/p>\n<div id=\"below\" class=\"style-scope ytd-watch-flexy\">\n<div id=\"limited-state\" class=\"attached-message style-scope ytd-watch-flexy\"><\/div>\n<div id=\"above-the-fold\" class=\"style-scope ytd-watch-metadata\">\n<div id=\"title\" class=\"style-scope ytd-watch-metadata\">\n<h1 class=\"style-scope ytd-watch-metadata\">Cidades Mais Pobres de Minas Gerais!<\/h1>\n<\/div>\n<div id=\"top-row\" class=\"style-scope ytd-watch-metadata\">\n<div id=\"actions\" class=\"item style-scope ytd-watch-metadata\">\n<div id=\"actions-inner\" class=\"style-scope ytd-watch-metadata\">\n<div id=\"menu\" class=\"style-scope ytd-watch-metadata\">\n<div id=\"flexible-item-buttons\" class=\"style-scope ytd-menu-renderer\">\n<div class=\"yt-spec-touch-feedback-shape yt-spec-touch-feedback-shape--touch-response\" aria-hidden=\"true\">\n<div class=\"yt-spec-touch-feedback-shape__fill\"><\/div>\n<\/div>\n<div class=\"yt-spec-button-shape-next__icon\" aria-hidden=\"true\"><\/div>\n<\/div>\n<\/div>\n<\/div>\n<\/div>\n<\/div>\n<div id=\"bottom-row\" class=\"style-scope ytd-watch-metadata\">\n<div id=\"description\" class=\"item style-scope ytd-watch-metadata\">\n<div id=\"description-inner\" class=\"style-scope ytd-watch-metadata\">\n<div id=\"info-container\" class=\"style-scope ytd-watch-info-text\"><span class=\"style-scope yt-formatted-string bold\" dir=\"auto\">4<\/span> <a class=\"yt-simple-endpoint style-scope yt-formatted-string bold\" dir=\"auto\" spellcheck=\"false\" href=\"https:\/\/www.youtube.com\/hashtag\/minasgerais\">#MinasGerais<\/a> <a class=\"yt-simple-endpoint style-scope yt-formatted-string bold\" dir=\"auto\" spellcheck=\"false\" href=\"https:\/\/www.youtube.com\/hashtag\/cidadespobres\">#CidadesPobres<\/a> <a class=\"yt-simple-endpoint style-scope yt-formatted-string bold\" dir=\"auto\" spellcheck=\"false\" href=\"https:\/\/www.youtube.com\/hashtag\/desigualdadeecon%C3%B4mica\">#DesigualdadeEcon\u00f4mica<\/a><\/div>\n<p><span class=\"yt-core-attributed-string yt-core-attributed-string--white-space-pre-wrap\" dir=\"auto\"><span class=\"yt-core-attributed-string--link-inherit-color\" dir=\"auto\">Descubra as realidades menos conhecidas de Minas Gerais neste v\u00eddeo que explora as 9 cidades mais pobres do estado em 2024. De \u00e1reas rurais esquecidas a comunidades enfrentando desafios econ\u00f4micos profundos, mergulhamos nas hist\u00f3rias por tr\u00e1s das estat\u00edsticas. Aprenda sobre as cidades que est\u00e3o no lado menos vis\u00edvel da riqueza de Minas, explorando o que significa viver nessas regi\u00f5es e como elas enfrentam suas pr\u00f3prias batalhas di\u00e1rias. Se voc\u00ea est\u00e1 interessado em entender mais sobre as din\u00e2micas sociais e econ\u00f4micas do interior de Minas Gerais, este v\u00eddeo \u00e9 para voc\u00ea. Prepare-se para uma jornada informativa e reflexiva sobre as cidades menos favorecidas do estado.<\/span><\/span><\/div>\n<\/div>\n<div><\/div>\n<div>Fonte: <span class=\"yt-core-attributed-string--link-inherit-color\" dir=\"auto\"><a class=\"yt-core-attributed-string__link yt-core-attributed-string__link--call-to-action-color\" tabindex=\"0\" href=\"https:\/\/www.youtube.com\/hashtag\/minasgerais\" target=\"\" rel=\"noopener\">#MinasGerais<\/a><\/span> <span class=\"yt-core-attributed-string--link-inherit-color\" dir=\"auto\"><a class=\"yt-core-attributed-string__link yt-core-attributed-string__link--call-to-action-color\" tabindex=\"0\" href=\"https:\/\/www.youtube.com\/hashtag\/cidadespobres\" target=\"\" rel=\"noopener\">#CidadesPobres<\/a><\/span> <span class=\"yt-core-attributed-string--link-inherit-color\" dir=\"auto\"><a class=\"yt-core-attributed-string__link yt-core-attributed-string__link--call-to-action-color\" tabindex=\"0\" href=\"https:\/\/www.youtube.com\/hashtag\/desigualdadeecon%C3%B4mica\" target=\"\" rel=\"noopener\">#DesigualdadeEcon\u00f4mica<\/a><\/span> <span class=\"yt-core-attributed-string--link-inherit-color\" dir=\"auto\"><a class=\"yt-core-attributed-string__link yt-core-attributed-string__link--call-to-action-color\" tabindex=\"0\" href=\"https:\/\/www.youtube.com\/hashtag\/realidadesdointerior\" target=\"\" rel=\"noopener\">#RealidadesDoInterior<\/a><\/span> <span class=\"yt-core-attributed-string--link-inherit-color\" dir=\"auto\"><a class=\"yt-core-attributed-string__link yt-core-attributed-string__link--call-to-action-color\" tabindex=\"0\" href=\"https:\/\/www.youtube.com\/hashtag\/valedojequitinhonha\" target=\"\" rel=\"noopener\">#ValeDoJequitinhonha<\/a><\/span> <span class=\"yt-core-attributed-string--link-inherit-color\" dir=\"auto\"><a class=\"yt-core-attributed-string__link yt-core-attributed-string__link--call-to-action-color\" tabindex=\"0\" href=\"https:\/\/www.youtube.com\/hashtag\/economiaregional\" target=\"\" rel=\"noopener\">#EconomiaRegional<\/a><\/span> <span class=\"yt-core-attributed-string--link-inherit-color\" dir=\"auto\"><a class=\"yt-core-attributed-string__link yt-core-attributed-string__link--call-to-action-color\" tabindex=\"0\" href=\"https:\/\/www.youtube.com\/hashtag\/pobrezanobrasil\" target=\"\" rel=\"noopener\">#PobrezaNoBrasil<\/a><\/span> <span class=\"yt-core-attributed-string--link-inherit-color\" dir=\"auto\"><a class=\"yt-core-attributed-string__link yt-core-attributed-string__link--call-to-action-color\" tabindex=\"0\" href=\"https:\/\/www.youtube.com\/hashtag\/cidadesesquecidas\" target=\"\" rel=\"noopener\">#CidadesEsquecidas<\/a><\/span> <span class=\"yt-core-attributed-string--link-inherit-color\" dir=\"auto\"><a class=\"yt-core-attributed-string__link yt-core-attributed-string__link--call-to-action-color\" tabindex=\"0\" href=\"https:\/\/www.youtube.com\/hashtag\/desafiosrurais\" target=\"\" rel=\"noopener\">#DesafiosRurais<\/a><\/span> <span class=\"yt-core-attributed-string--link-inherit-color\" dir=\"auto\"><a class=\"yt-core-attributed-string__link yt-core-attributed-string__link--call-to-action-color\" tabindex=\"0\" href=\"https:\/\/www.youtube.com\/hashtag\/comunidadescarentes\" target=\"\" rel=\"noopener\">#ComunidadesCarentes<\/a><\/span><\/div>\n<\/div>\n<\/div>\n<\/div>\n","protected":false},"excerpt":{"rendered":"<p>LUTAM CONTRA A MIS\u00c9RIA! As Cidades Mais Pobres de Minas Gerais! Cidades Mais Pobres de Minas Gerais! 4 #MinasGerais #CidadesPobres #DesigualdadeEcon\u00f4mica Descubra as realidades menos conhecidas de Minas Gerais neste v\u00eddeo que explora as 9 cidades mais pobres do estado em 2024. De \u00e1reas rurais esquecidas a comunidades enfrentando desafios econ\u00f4micos profundos, mergulhamos nas hist\u00f3rias [&hellip;]<\/p>\n","protected":false},"author":2,"featured_media":2868,"comment_status":"open","ping_status":"open","sticky":false,"template":"","format":"standard","meta":{"rop_custom_images_group":[],"rop_custom_messages_group":[],"rop_publish_now":"initial","rop_publish_now_accounts":{"twitter_850042665852968960_850042665852968960":""},"rop_publish_now_history":[],"rop_publish_now_status":"pending","footnotes":""},"categories":[9],"tags":[327,287,123,282],"class_list":["post-2917","post","type-post","status-publish","format-standard","has-post-thumbnail","hentry","category-municipios","tag-chapada-no-niorte","tag-minas-gerais","tag-municipios","tag-pobreza"],"yoast_head":"<!-- This site is optimized with the Yoast SEO plugin v27.2 - https:\/\/yoast.com\/product\/yoast-seo-wordpress\/ -->\n<title>LUTAM CONTRA A MIS\u00c9RIA! As Cidades Mais Pobres de Minas Gerais - Prefeitos &amp; Gest\u00f5es<\/title>\n<meta name=\"robots\" content=\"index, follow, max-snippet:-1, max-image-preview:large, max-video-preview:-1\" \/>\n<link rel=\"canonical\" href=\"https:\/\/prefeitosegestoes.com.br\/portal\/lutam-contra-a-miseria-as-cidades-mais-pobres-de-minas-gerais\/\" \/>\n<meta property=\"og:locale\" content=\"pt_BR\" \/>\n<meta property=\"og:type\" content=\"article\" \/>\n<meta property=\"og:title\" content=\"LUTAM CONTRA A MIS\u00c9RIA! As Cidades Mais Pobres de Minas Gerais - Prefeitos &amp; Gest\u00f5es\" \/>\n<meta property=\"og:description\" content=\"LUTAM CONTRA A MIS\u00c9RIA! As Cidades Mais Pobres de Minas Gerais! Cidades Mais Pobres de Minas Gerais! 4 #MinasGerais #CidadesPobres #DesigualdadeEcon\u00f4mica Descubra as realidades menos conhecidas de Minas Gerais neste v\u00eddeo que explora as 9 cidades mais pobres do estado em 2024. De \u00e1reas rurais esquecidas a comunidades enfrentando desafios econ\u00f4micos profundos, mergulhamos nas hist\u00f3rias [&hellip;]\" \/>\n<meta property=\"og:url\" content=\"https:\/\/prefeitosegestoes.com.br\/portal\/lutam-contra-a-miseria-as-cidades-mais-pobres-de-minas-gerais\/\" \/>\n<meta property=\"og:site_name\" content=\"Prefeitos &amp; Gest\u00f5es\" \/>\n<meta property=\"article:publisher\" content=\"https:\/\/www.facebook.com\/prefeitosonline\" \/>\n<meta property=\"article:published_time\" content=\"2024-11-27T15:26:17+00:00\" \/>\n<meta property=\"og:image\" content=\"https:\/\/prefeitosegestoes.com.br\/portal\/wp-content\/uploads\/2024\/11\/TGerra-da-saudade.jpg\" \/>\n\t<meta property=\"og:image:width\" content=\"480\" \/>\n\t<meta property=\"og:image:height\" content=\"360\" \/>\n\t<meta property=\"og:image:type\" content=\"image\/jpeg\" \/>\n<meta name=\"author\" content=\"Prefeitos &amp; Gest\u00f5es\" \/>\n<meta name=\"twitter:card\" content=\"summary_large_image\" \/>\n<meta name=\"twitter:creator\" content=\"@PrefGestoes\" \/>\n<meta name=\"twitter:site\" content=\"@PrefGestoes\" \/>\n<meta name=\"twitter:label1\" content=\"Escrito por\" \/>\n\t<meta name=\"twitter:data1\" content=\"Prefeitos &amp; Gest\u00f5es\" \/>\n\t<meta name=\"twitter:label2\" content=\"Est. tempo de leitura\" \/>\n\t<meta name=\"twitter:data2\" content=\"1 minuto\" \/>\n<script type=\"application\/ld+json\" class=\"yoast-schema-graph\">{\"@context\":\"https:\/\/schema.org\",\"@graph\":[{\"@type\":\"Article\",\"@id\":\"https:\/\/prefeitosegestoes.com.br\/portal\/lutam-contra-a-miseria-as-cidades-mais-pobres-de-minas-gerais\/#article\",\"isPartOf\":{\"@id\":\"https:\/\/prefeitosegestoes.com.br\/portal\/lutam-contra-a-miseria-as-cidades-mais-pobres-de-minas-gerais\/\"},\"author\":{\"name\":\"Prefeitos &amp; Gest\u00f5es\",\"@id\":\"https:\/\/prefeitosegestoes.com.br\/portal\/#\/schema\/person\/d00059f2ec99963e7e1850d448ae94b8\"},\"headline\":\"LUTAM CONTRA A MIS\u00c9RIA! As Cidades Mais Pobres de Minas Gerais\",\"datePublished\":\"2024-11-27T15:26:17+00:00\",\"mainEntityOfPage\":{\"@id\":\"https:\/\/prefeitosegestoes.com.br\/portal\/lutam-contra-a-miseria-as-cidades-mais-pobres-de-minas-gerais\/\"},\"wordCount\":160,\"commentCount\":0,\"publisher\":{\"@id\":\"https:\/\/prefeitosegestoes.com.br\/portal\/#organization\"},\"image\":{\"@id\":\"https:\/\/prefeitosegestoes.com.br\/portal\/lutam-contra-a-miseria-as-cidades-mais-pobres-de-minas-gerais\/#primaryimage\"},\"thumbnailUrl\":\"https:\/\/prefeitosegestoes.com.br\/portal\/wp-content\/uploads\/2024\/11\/TGerra-da-saudade.jpg\",\"keywords\":[\"Chapada no Niorte\",\"Minas Gerais\",\"Munic\u00edpios\",\"Pobreza\"],\"articleSection\":[\"Munic\u00edpios\"],\"inLanguage\":\"pt-BR\",\"potentialAction\":[{\"@type\":\"CommentAction\",\"name\":\"Comment\",\"target\":[\"https:\/\/prefeitosegestoes.com.br\/portal\/lutam-contra-a-miseria-as-cidades-mais-pobres-de-minas-gerais\/#respond\"]}]},{\"@type\":\"WebPage\",\"@id\":\"https:\/\/prefeitosegestoes.com.br\/portal\/lutam-contra-a-miseria-as-cidades-mais-pobres-de-minas-gerais\/\",\"url\":\"https:\/\/prefeitosegestoes.com.br\/portal\/lutam-contra-a-miseria-as-cidades-mais-pobres-de-minas-gerais\/\",\"name\":\"LUTAM CONTRA A MIS\u00c9RIA! As Cidades Mais Pobres de Minas Gerais - Prefeitos &amp; Gest\u00f5es\",\"isPartOf\":{\"@id\":\"https:\/\/prefeitosegestoes.com.br\/portal\/#website\"},\"primaryImageOfPage\":{\"@id\":\"https:\/\/prefeitosegestoes.com.br\/portal\/lutam-contra-a-miseria-as-cidades-mais-pobres-de-minas-gerais\/#primaryimage\"},\"image\":{\"@id\":\"https:\/\/prefeitosegestoes.com.br\/portal\/lutam-contra-a-miseria-as-cidades-mais-pobres-de-minas-gerais\/#primaryimage\"},\"thumbnailUrl\":\"https:\/\/prefeitosegestoes.com.br\/portal\/wp-content\/uploads\/2024\/11\/TGerra-da-saudade.jpg\",\"datePublished\":\"2024-11-27T15:26:17+00:00\",\"breadcrumb\":{\"@id\":\"https:\/\/prefeitosegestoes.com.br\/portal\/lutam-contra-a-miseria-as-cidades-mais-pobres-de-minas-gerais\/#breadcrumb\"},\"inLanguage\":\"pt-BR\",\"potentialAction\":[{\"@type\":\"ReadAction\",\"target\":[\"https:\/\/prefeitosegestoes.com.br\/portal\/lutam-contra-a-miseria-as-cidades-mais-pobres-de-minas-gerais\/\"]}]},{\"@type\":\"ImageObject\",\"inLanguage\":\"pt-BR\",\"@id\":\"https:\/\/prefeitosegestoes.com.br\/portal\/lutam-contra-a-miseria-as-cidades-mais-pobres-de-minas-gerais\/#primaryimage\",\"url\":\"https:\/\/prefeitosegestoes.com.br\/portal\/wp-content\/uploads\/2024\/11\/TGerra-da-saudade.jpg\",\"contentUrl\":\"https:\/\/prefeitosegestoes.com.br\/portal\/wp-content\/uploads\/2024\/11\/TGerra-da-saudade.jpg\",\"width\":480,\"height\":360},{\"@type\":\"BreadcrumbList\",\"@id\":\"https:\/\/prefeitosegestoes.com.br\/portal\/lutam-contra-a-miseria-as-cidades-mais-pobres-de-minas-gerais\/#breadcrumb\",\"itemListElement\":[{\"@type\":\"ListItem\",\"position\":1,\"name\":\"In\u00edcio\",\"item\":\"https:\/\/prefeitosegestoes.com.br\/portal\/\"},{\"@type\":\"ListItem\",\"position\":2,\"name\":\"LUTAM CONTRA A MIS\u00c9RIA! As Cidades Mais Pobres de Minas Gerais\"}]},{\"@type\":\"WebSite\",\"@id\":\"https:\/\/prefeitosegestoes.com.br\/portal\/#website\",\"url\":\"https:\/\/prefeitosegestoes.com.br\/portal\/\",\"name\":\"Prefeitos & Gest\u00f5es\",\"description\":\"\",\"publisher\":{\"@id\":\"https:\/\/prefeitosegestoes.com.br\/portal\/#organization\"},\"potentialAction\":[{\"@type\":\"SearchAction\",\"target\":{\"@type\":\"EntryPoint\",\"urlTemplate\":\"https:\/\/prefeitosegestoes.com.br\/portal\/?s={search_term_string}\"},\"query-input\":{\"@type\":\"PropertyValueSpecification\",\"valueRequired\":true,\"valueName\":\"search_term_string\"}}],\"inLanguage\":\"pt-BR\"},{\"@type\":\"Organization\",\"@id\":\"https:\/\/prefeitosegestoes.com.br\/portal\/#organization\",\"name\":\"Prefeitos & Gest\u00f5es\",\"url\":\"https:\/\/prefeitosegestoes.com.br\/portal\/\",\"logo\":{\"@type\":\"ImageObject\",\"inLanguage\":\"pt-BR\",\"@id\":\"https:\/\/prefeitosegestoes.com.br\/portal\/#\/schema\/logo\/image\/\",\"url\":\"https:\/\/prefeitosegestoes.com.br\/portal\/wp-content\/uploads\/2024\/10\/lg_trans_prefeitos_2024_preto2.png\",\"contentUrl\":\"https:\/\/prefeitosegestoes.com.br\/portal\/wp-content\/uploads\/2024\/10\/lg_trans_prefeitos_2024_preto2.png\",\"width\":199,\"height\":122,\"caption\":\"Prefeitos & Gest\u00f5es\"},\"image\":{\"@id\":\"https:\/\/prefeitosegestoes.com.br\/portal\/#\/schema\/logo\/image\/\"},\"sameAs\":[\"https:\/\/www.facebook.com\/prefeitosonline\",\"https:\/\/x.com\/PrefGestoes\"]},{\"@type\":\"Person\",\"@id\":\"https:\/\/prefeitosegestoes.com.br\/portal\/#\/schema\/person\/d00059f2ec99963e7e1850d448ae94b8\",\"name\":\"Prefeitos &amp; Gest\u00f5es\",\"image\":{\"@type\":\"ImageObject\",\"inLanguage\":\"pt-BR\",\"@id\":\"https:\/\/secure.gravatar.com\/avatar\/738fb281e479212ed32c1a21a4307dda9f3af9292edb6918a16c9ce9fff5f48d?s=96&d=mm&r=g\",\"url\":\"https:\/\/secure.gravatar.com\/avatar\/738fb281e479212ed32c1a21a4307dda9f3af9292edb6918a16c9ce9fff5f48d?s=96&d=mm&r=g\",\"contentUrl\":\"https:\/\/secure.gravatar.com\/avatar\/738fb281e479212ed32c1a21a4307dda9f3af9292edb6918a16c9ce9fff5f48d?s=96&d=mm&r=g\",\"caption\":\"Prefeitos &amp; Gest\u00f5es\"},\"url\":\"https:\/\/prefeitosegestoes.com.br\/portal\/author\/prefeitosegestoes\/\"}]}<\/script>\n<!-- \/ Yoast SEO plugin. -->","yoast_head_json":{"title":"LUTAM CONTRA A MIS\u00c9RIA! As Cidades Mais Pobres de Minas Gerais - Prefeitos &amp; Gest\u00f5es","robots":{"index":"index","follow":"follow","max-snippet":"max-snippet:-1","max-image-preview":"max-image-preview:large","max-video-preview":"max-video-preview:-1"},"canonical":"https:\/\/prefeitosegestoes.com.br\/portal\/lutam-contra-a-miseria-as-cidades-mais-pobres-de-minas-gerais\/","og_locale":"pt_BR","og_type":"article","og_title":"LUTAM CONTRA A MIS\u00c9RIA! As Cidades Mais Pobres de Minas Gerais - Prefeitos &amp; Gest\u00f5es","og_description":"LUTAM CONTRA A MIS\u00c9RIA! As Cidades Mais Pobres de Minas Gerais! Cidades Mais Pobres de Minas Gerais! 4 #MinasGerais #CidadesPobres #DesigualdadeEcon\u00f4mica Descubra as realidades menos conhecidas de Minas Gerais neste v\u00eddeo que explora as 9 cidades mais pobres do estado em 2024. De \u00e1reas rurais esquecidas a comunidades enfrentando desafios econ\u00f4micos profundos, mergulhamos nas hist\u00f3rias [&hellip;]","og_url":"https:\/\/prefeitosegestoes.com.br\/portal\/lutam-contra-a-miseria-as-cidades-mais-pobres-de-minas-gerais\/","og_site_name":"Prefeitos &amp; Gest\u00f5es","article_publisher":"https:\/\/www.facebook.com\/prefeitosonline","article_published_time":"2024-11-27T15:26:17+00:00","og_image":[{"width":480,"height":360,"url":"https:\/\/prefeitosegestoes.com.br\/portal\/wp-content\/uploads\/2024\/11\/TGerra-da-saudade.jpg","type":"image\/jpeg"}],"author":"Prefeitos &amp; Gest\u00f5es","twitter_card":"summary_large_image","twitter_creator":"@PrefGestoes","twitter_site":"@PrefGestoes","twitter_misc":{"Escrito por":"Prefeitos &amp; Gest\u00f5es","Est. tempo de leitura":"1 minuto"},"schema":{"@context":"https:\/\/schema.org","@graph":[{"@type":"Article","@id":"https:\/\/prefeitosegestoes.com.br\/portal\/lutam-contra-a-miseria-as-cidades-mais-pobres-de-minas-gerais\/#article","isPartOf":{"@id":"https:\/\/prefeitosegestoes.com.br\/portal\/lutam-contra-a-miseria-as-cidades-mais-pobres-de-minas-gerais\/"},"author":{"name":"Prefeitos &amp; Gest\u00f5es","@id":"https:\/\/prefeitosegestoes.com.br\/portal\/#\/schema\/person\/d00059f2ec99963e7e1850d448ae94b8"},"headline":"LUTAM CONTRA A MIS\u00c9RIA! As Cidades Mais Pobres de Minas Gerais","datePublished":"2024-11-27T15:26:17+00:00","mainEntityOfPage":{"@id":"https:\/\/prefeitosegestoes.com.br\/portal\/lutam-contra-a-miseria-as-cidades-mais-pobres-de-minas-gerais\/"},"wordCount":160,"commentCount":0,"publisher":{"@id":"https:\/\/prefeitosegestoes.com.br\/portal\/#organization"},"image":{"@id":"https:\/\/prefeitosegestoes.com.br\/portal\/lutam-contra-a-miseria-as-cidades-mais-pobres-de-minas-gerais\/#primaryimage"},"thumbnailUrl":"https:\/\/prefeitosegestoes.com.br\/portal\/wp-content\/uploads\/2024\/11\/TGerra-da-saudade.jpg","keywords":["Chapada no Niorte","Minas Gerais","Munic\u00edpios","Pobreza"],"articleSection":["Munic\u00edpios"],"inLanguage":"pt-BR","potentialAction":[{"@type":"CommentAction","name":"Comment","target":["https:\/\/prefeitosegestoes.com.br\/portal\/lutam-contra-a-miseria-as-cidades-mais-pobres-de-minas-gerais\/#respond"]}]},{"@type":"WebPage","@id":"https:\/\/prefeitosegestoes.com.br\/portal\/lutam-contra-a-miseria-as-cidades-mais-pobres-de-minas-gerais\/","url":"https:\/\/prefeitosegestoes.com.br\/portal\/lutam-contra-a-miseria-as-cidades-mais-pobres-de-minas-gerais\/","name":"LUTAM CONTRA A MIS\u00c9RIA! As Cidades Mais Pobres de Minas Gerais - Prefeitos &amp; Gest\u00f5es","isPartOf":{"@id":"https:\/\/prefeitosegestoes.com.br\/portal\/#website"},"primaryImageOfPage":{"@id":"https:\/\/prefeitosegestoes.com.br\/portal\/lutam-contra-a-miseria-as-cidades-mais-pobres-de-minas-gerais\/#primaryimage"},"image":{"@id":"https:\/\/prefeitosegestoes.com.br\/portal\/lutam-contra-a-miseria-as-cidades-mais-pobres-de-minas-gerais\/#primaryimage"},"thumbnailUrl":"https:\/\/prefeitosegestoes.com.br\/portal\/wp-content\/uploads\/2024\/11\/TGerra-da-saudade.jpg","datePublished":"2024-11-27T15:26:17+00:00","breadcrumb":{"@id":"https:\/\/prefeitosegestoes.com.br\/portal\/lutam-contra-a-miseria-as-cidades-mais-pobres-de-minas-gerais\/#breadcrumb"},"inLanguage":"pt-BR","potentialAction":[{"@type":"ReadAction","target":["https:\/\/prefeitosegestoes.com.br\/portal\/lutam-contra-a-miseria-as-cidades-mais-pobres-de-minas-gerais\/"]}]},{"@type":"ImageObject","inLanguage":"pt-BR","@id":"https:\/\/prefeitosegestoes.com.br\/portal\/lutam-contra-a-miseria-as-cidades-mais-pobres-de-minas-gerais\/#primaryimage","url":"https:\/\/prefeitosegestoes.com.br\/portal\/wp-content\/uploads\/2024\/11\/TGerra-da-saudade.jpg","contentUrl":"https:\/\/prefeitosegestoes.com.br\/portal\/wp-content\/uploads\/2024\/11\/TGerra-da-saudade.jpg","width":480,"height":360},{"@type":"BreadcrumbList","@id":"https:\/\/prefeitosegestoes.com.br\/portal\/lutam-contra-a-miseria-as-cidades-mais-pobres-de-minas-gerais\/#breadcrumb","itemListElement":[{"@type":"ListItem","position":1,"name":"In\u00edcio","item":"https:\/\/prefeitosegestoes.com.br\/portal\/"},{"@type":"ListItem","position":2,"name":"LUTAM CONTRA A MIS\u00c9RIA! As Cidades Mais Pobres de Minas Gerais"}]},{"@type":"WebSite","@id":"https:\/\/prefeitosegestoes.com.br\/portal\/#website","url":"https:\/\/prefeitosegestoes.com.br\/portal\/","name":"Prefeitos & Gest\u00f5es","description":"","publisher":{"@id":"https:\/\/prefeitosegestoes.com.br\/portal\/#organization"},"potentialAction":[{"@type":"SearchAction","target":{"@type":"EntryPoint","urlTemplate":"https:\/\/prefeitosegestoes.com.br\/portal\/?s={search_term_string}"},"query-input":{"@type":"PropertyValueSpecification","valueRequired":true,"valueName":"search_term_string"}}],"inLanguage":"pt-BR"},{"@type":"Organization","@id":"https:\/\/prefeitosegestoes.com.br\/portal\/#organization","name":"Prefeitos & Gest\u00f5es","url":"https:\/\/prefeitosegestoes.com.br\/portal\/","logo":{"@type":"ImageObject","inLanguage":"pt-BR","@id":"https:\/\/prefeitosegestoes.com.br\/portal\/#\/schema\/logo\/image\/","url":"https:\/\/prefeitosegestoes.com.br\/portal\/wp-content\/uploads\/2024\/10\/lg_trans_prefeitos_2024_preto2.png","contentUrl":"https:\/\/prefeitosegestoes.com.br\/portal\/wp-content\/uploads\/2024\/10\/lg_trans_prefeitos_2024_preto2.png","width":199,"height":122,"caption":"Prefeitos & Gest\u00f5es"},"image":{"@id":"https:\/\/prefeitosegestoes.com.br\/portal\/#\/schema\/logo\/image\/"},"sameAs":["https:\/\/www.facebook.com\/prefeitosonline","https:\/\/x.com\/PrefGestoes"]},{"@type":"Person","@id":"https:\/\/prefeitosegestoes.com.br\/portal\/#\/schema\/person\/d00059f2ec99963e7e1850d448ae94b8","name":"Prefeitos &amp; Gest\u00f5es","image":{"@type":"ImageObject","inLanguage":"pt-BR","@id":"https:\/\/secure.gravatar.com\/avatar\/738fb281e479212ed32c1a21a4307dda9f3af9292edb6918a16c9ce9fff5f48d?s=96&d=mm&r=g","url":"https:\/\/secure.gravatar.com\/avatar\/738fb281e479212ed32c1a21a4307dda9f3af9292edb6918a16c9ce9fff5f48d?s=96&d=mm&r=g","contentUrl":"https:\/\/secure.gravatar.com\/avatar\/738fb281e479212ed32c1a21a4307dda9f3af9292edb6918a16c9ce9fff5f48d?s=96&d=mm&r=g","caption":"Prefeitos &amp; Gest\u00f5es"},"url":"https:\/\/prefeitosegestoes.com.br\/portal\/author\/prefeitosegestoes\/"}]}},"_links":{"self":[{"href":"https:\/\/prefeitosegestoes.com.br\/portal\/wp-json\/wp\/v2\/posts\/2917","targetHints":{"allow":["GET"]}}],"collection":[{"href":"https:\/\/prefeitosegestoes.com.br\/portal\/wp-json\/wp\/v2\/posts"}],"about":[{"href":"https:\/\/prefeitosegestoes.com.br\/portal\/wp-json\/wp\/v2\/types\/post"}],"author":[{"embeddable":true,"href":"https:\/\/prefeitosegestoes.com.br\/portal\/wp-json\/wp\/v2\/users\/2"}],"replies":[{"embeddable":true,"href":"https:\/\/prefeitosegestoes.com.br\/portal\/wp-json\/wp\/v2\/comments?post=2917"}],"version-history":[{"count":1,"href":"https:\/\/prefeitosegestoes.com.br\/portal\/wp-json\/wp\/v2\/posts\/2917\/revisions"}],"predecessor-version":[{"id":2918,"href":"https:\/\/prefeitosegestoes.com.br\/portal\/wp-json\/wp\/v2\/posts\/2917\/revisions\/2918"}],"wp:featuredmedia":[{"embeddable":true,"href":"https:\/\/prefeitosegestoes.com.br\/portal\/wp-json\/wp\/v2\/media\/2868"}],"wp:attachment":[{"href":"https:\/\/prefeitosegestoes.com.br\/portal\/wp-json\/wp\/v2\/media?parent=2917"}],"wp:term":[{"taxonomy":"category","embeddable":true,"href":"https:\/\/prefeitosegestoes.com.br\/portal\/wp-json\/wp\/v2\/categories?post=2917"},{"taxonomy":"post_tag","embeddable":true,"href":"https:\/\/prefeitosegestoes.com.br\/portal\/wp-json\/wp\/v2\/tags?post=2917"}],"curies":[{"name":"wp","href":"https:\/\/api.w.org\/{rel}","templated":true}]}}