{"id":2911,"date":"2024-11-27T09:12:45","date_gmt":"2024-11-27T12:12:45","guid":{"rendered":"https:\/\/prefeitosegestoes.com.br\/portal\/?p=2911"},"modified":"2024-11-27T09:12:45","modified_gmt":"2024-11-27T12:12:45","slug":"lula-sanciona-lei-de-transparencia-de-emendas-parlamentares-sem-vetos","status":"publish","type":"post","link":"https:\/\/prefeitosegestoes.com.br\/portal\/lula-sanciona-lei-de-transparencia-de-emendas-parlamentares-sem-vetos\/","title":{"rendered":"Lula sanciona lei de transpar\u00eancia de emendas parlamentares sem vetos"},"content":{"rendered":"<section class=\"\">\n<div class=\"container container-full\">\n<div class=\"\">\n<div class=\"px-12 px-lg-0\">\n<div class=\"row justify-content-between position-relative align-items-end\">\n<div class=\"col-6\">\n<p class=\"color-gray font-sm font-medium text-uppercase text-decoration-none mt-1 mb-0\"><a class=\"author url fn\" title=\"Posts por \u00c2ndrea Malcher\" href=\"https:\/\/congressoemfoco.uol.com.br\/author\/andrea\/\" rel=\"author\">Foto: <\/a>Fabio Rodrigues-Pozzebom\/ Ag\u00eancia Brasil<\/p>\n<p class=\"color-gray font-sm font-medium text-uppercase text-decoration-none mt-1 mb-0\"><a class=\"author url fn\" title=\"Posts por \u00c2ndrea Malcher\" href=\"https:\/\/congressoemfoco.uol.com.br\/author\/andrea\/\" rel=\"author\">\u00c2ndrea Malcher<\/a><\/p>\n<p class=\"font-xs color-gray lh-11 my-1\">26.11.2024 11:53\u00a0<i class=\"icon-comments\" aria-hidden=\"true\"><\/i><\/p>\n<\/div>\n<\/div>\n<\/div>\n<\/div>\n<\/div>\n<\/section>\n<section class=\"\">\n<div class=\"container\">\n<div class=\"row\">\n<div class=\"col-12 col-lg-7 order-1 order-lg-2\">\n<div class=\"post-article\">\n<article class=\"clearfix\">\n<div id=\"modal-ready\">\n<p class=\"first-paragraph\">O presidente Lula sancionou sem vetos, nesta ter\u00e7a-feira (26), o projeto de lei complementar (PLP) que estabelece regras de maior transpar\u00eancia e rastreabilidade \u00e0s\u00a0<a href=\"https:\/\/congressoemfoco.uol.com.br\/area\/congresso-nacional\/senado-conclui-votacao-de-projeto-das-emendas-parlamentares-assista\/\">emendas parlamentares<\/a>. A lei foi publicada no\u00a0<em>Di\u00e1rio Oficial da Uni\u00e3o<\/em>\u00a0<em>(DOU)<\/em>. Em agosto, o ministro\u00a0 Fl\u00e1vio Dino, do Supremo Tribunal Federal (STF), suspendeu o pagamento do recurso.<\/p>\n<p><a href=\"https:\/\/congressoemfoco.uol.com.br\/wp-content\/uploads\/2024\/11\/PLP-175-2024.pdf\">Leia a \u00edntegra da lei sobre emendas parlamentares<\/a><\/p>\n<p>O PLP 175\/2024 foi articulado pelo governo, STF e Congresso e o\u00a0<a href=\"https:\/\/congressoemfoco.uol.com.br\/area\/congresso-nacional\/entidades-apontam-que-projeto-de-transparencia-de-emendas-ainda-nao-atende-ao-stf\/\">impasse<\/a> acabou travando a tramita\u00e7\u00e3o das pe\u00e7as or\u00e7ament\u00e1rias de 2025. Com a pend\u00eancia sobre as emendas e a espera pelo detalhamento do ajuste fiscal anunciado pelo governo federal, a Comiss\u00e3o Mista de Or\u00e7amento (CMO) adiou a reuni\u00e3o prevista para esta ter\u00e7a que daria o pontap\u00e9 inicial \u2013 atrasado \u2013 da tramita\u00e7\u00e3o dos projetos de lei de diretrizes or\u00e7ament\u00e1ria (PLDO) e or\u00e7ament\u00e1ria anual (PLOA).<\/p>\n<p>O\u00a0<a href=\"https:\/\/congressoemfoco.uol.com.br\/area\/congresso-nacional\/stf-congresso-e-governo-fazem-acordo-para-maior-transparencia-em-emendas\/\">acordo entre os Poderes<\/a>\u00a0\u00e9 de autoria do deputado Rubens Pereira Jr. (PT-MA) e a reda\u00e7\u00e3o final trouxe oito emendas de bancada por estado. Os parlamentares tamb\u00e9m devem usar 50% dos recursos das emendas de comiss\u00e3o para a\u00e7\u00f5es de sa\u00fade, independente do tema do colegiado.<\/p>\n<p>Apesar da aparente resolu\u00e7\u00e3o, o governo saiu derrotado das vota\u00e7\u00f5es da C\u00e2mara e Senado, pois a ideia era poder contingenciar e bloquear a execu\u00e7\u00e3o das emendas em casos de aumento de despesas sem a necessidade do aval do Congresso. No entanto, os parlamentares retiraram a possibilidade de bloqueio, permitindo apenas o contingenciamento, que ocorreria em casos de frustra\u00e7\u00e3o de receitas.<\/p>\n<p>No caso das emendas de transfer\u00eancia especial, conhecidas como emendas Pix, o parlamentar autor deve indicar o ente beneficiado, o objeto e o valor assim que apontar o recurso e obras inacabadas dever\u00e3o ser priorizadas.<\/p>\n<p><span class=\"publicidade-texto\">Publicidade<\/span>Para as emendas de bancada o montante deve ser destinado a projetos e a\u00e7\u00f5es estruturantes, como sa\u00fade, educa\u00e7\u00e3o, infraestrutura e habita\u00e7\u00e3o. Fica proibido a individualiza\u00e7\u00e3o das a\u00e7\u00f5es nas indica\u00e7\u00f5es dos membros da bancada.<\/p>\n<p>A nova lei deve ser analisada pelo ministro Fl\u00e1vio Dino.<\/p>\n<p>Fonte: Congresso em foco<\/p>\n<p>&nbsp;<\/p>\n<\/div>\n<\/article>\n<\/div>\n<\/div>\n<\/div>\n<\/div>\n<\/section>\n","protected":false},"excerpt":{"rendered":"<p>Foto: Fabio Rodrigues-Pozzebom\/ Ag\u00eancia Brasil \u00c2ndrea Malcher 26.11.2024 11:53\u00a0 O presidente Lula sancionou sem vetos, nesta ter\u00e7a-feira (26), o projeto de lei complementar (PLP) que estabelece regras de maior transpar\u00eancia e rastreabilidade \u00e0s\u00a0emendas parlamentares. A lei foi publicada no\u00a0Di\u00e1rio Oficial da Uni\u00e3o\u00a0(DOU). Em agosto, o ministro\u00a0 Fl\u00e1vio Dino, do Supremo Tribunal Federal (STF), suspendeu o [&hellip;]<\/p>\n","protected":false},"author":2,"featured_media":2912,"comment_status":"open","ping_status":"open","sticky":false,"template":"","format":"standard","meta":{"rop_custom_images_group":[],"rop_custom_messages_group":[],"rop_publish_now":"initial","rop_publish_now_accounts":{"twitter_850042665852968960_850042665852968960":""},"rop_publish_now_history":[],"rop_publish_now_status":"pending","footnotes":""},"categories":[9],"tags":[318,317,269,320,319,321],"class_list":["post-2911","post","type-post","status-publish","format-standard","has-post-thumbnail","hentry","category-municipios","tag-emendas-parlamentares","tag-lei","tag-lula","tag-sanciona","tag-transparencia","tag-vetos"],"yoast_head":"<!-- This site is optimized with the Yoast SEO plugin v27.2 - https:\/\/yoast.com\/product\/yoast-seo-wordpress\/ -->\n<title>Lula sanciona lei de transpar\u00eancia de emendas parlamentares sem vetos - Prefeitos &amp; Gest\u00f5es<\/title>\n<meta name=\"robots\" content=\"index, follow, max-snippet:-1, max-image-preview:large, max-video-preview:-1\" \/>\n<link rel=\"canonical\" href=\"https:\/\/prefeitosegestoes.com.br\/portal\/lula-sanciona-lei-de-transparencia-de-emendas-parlamentares-sem-vetos\/\" \/>\n<meta property=\"og:locale\" content=\"pt_BR\" \/>\n<meta property=\"og:type\" content=\"article\" \/>\n<meta property=\"og:title\" content=\"Lula sanciona lei de transpar\u00eancia de emendas parlamentares sem vetos - Prefeitos &amp; Gest\u00f5es\" \/>\n<meta property=\"og:description\" content=\"Foto: Fabio Rodrigues-Pozzebom\/ Ag\u00eancia Brasil \u00c2ndrea Malcher 26.11.2024 11:53\u00a0 O presidente Lula sancionou sem vetos, nesta ter\u00e7a-feira (26), o projeto de lei complementar (PLP) que estabelece regras de maior transpar\u00eancia e rastreabilidade \u00e0s\u00a0emendas parlamentares. A lei foi publicada no\u00a0Di\u00e1rio Oficial da Uni\u00e3o\u00a0(DOU). Em agosto, o ministro\u00a0 Fl\u00e1vio Dino, do Supremo Tribunal Federal (STF), suspendeu o [&hellip;]\" \/>\n<meta property=\"og:url\" content=\"https:\/\/prefeitosegestoes.com.br\/portal\/lula-sanciona-lei-de-transparencia-de-emendas-parlamentares-sem-vetos\/\" \/>\n<meta property=\"og:site_name\" content=\"Prefeitos &amp; Gest\u00f5es\" \/>\n<meta property=\"article:publisher\" content=\"https:\/\/www.facebook.com\/prefeitosonline\" \/>\n<meta property=\"article:published_time\" content=\"2024-11-27T12:12:45+00:00\" \/>\n<meta property=\"og:image\" content=\"https:\/\/prefeitosegestoes.com.br\/portal\/wp-content\/uploads\/2024\/11\/pzzb2206.webp\" \/>\n\t<meta property=\"og:image:width\" content=\"1024\" \/>\n\t<meta property=\"og:image:height\" content=\"768\" \/>\n\t<meta property=\"og:image:type\" content=\"image\/webp\" \/>\n<meta name=\"author\" content=\"Prefeitos &amp; Gest\u00f5es\" \/>\n<meta name=\"twitter:card\" content=\"summary_large_image\" \/>\n<meta name=\"twitter:creator\" content=\"@PrefGestoes\" \/>\n<meta name=\"twitter:site\" content=\"@PrefGestoes\" \/>\n<meta name=\"twitter:label1\" content=\"Escrito por\" \/>\n\t<meta name=\"twitter:data1\" content=\"Prefeitos &amp; Gest\u00f5es\" \/>\n\t<meta name=\"twitter:label2\" content=\"Est. tempo de leitura\" \/>\n\t<meta name=\"twitter:data2\" content=\"3 minutos\" \/>\n<script type=\"application\/ld+json\" class=\"yoast-schema-graph\">{\"@context\":\"https:\/\/schema.org\",\"@graph\":[{\"@type\":\"Article\",\"@id\":\"https:\/\/prefeitosegestoes.com.br\/portal\/lula-sanciona-lei-de-transparencia-de-emendas-parlamentares-sem-vetos\/#article\",\"isPartOf\":{\"@id\":\"https:\/\/prefeitosegestoes.com.br\/portal\/lula-sanciona-lei-de-transparencia-de-emendas-parlamentares-sem-vetos\/\"},\"author\":{\"name\":\"Prefeitos &amp; Gest\u00f5es\",\"@id\":\"https:\/\/prefeitosegestoes.com.br\/portal\/#\/schema\/person\/d00059f2ec99963e7e1850d448ae94b8\"},\"headline\":\"Lula sanciona lei de transpar\u00eancia de emendas parlamentares sem vetos\",\"datePublished\":\"2024-11-27T12:12:45+00:00\",\"mainEntityOfPage\":{\"@id\":\"https:\/\/prefeitosegestoes.com.br\/portal\/lula-sanciona-lei-de-transparencia-de-emendas-parlamentares-sem-vetos\/\"},\"wordCount\":375,\"commentCount\":0,\"publisher\":{\"@id\":\"https:\/\/prefeitosegestoes.com.br\/portal\/#organization\"},\"image\":{\"@id\":\"https:\/\/prefeitosegestoes.com.br\/portal\/lula-sanciona-lei-de-transparencia-de-emendas-parlamentares-sem-vetos\/#primaryimage\"},\"thumbnailUrl\":\"https:\/\/prefeitosegestoes.com.br\/portal\/wp-content\/uploads\/2024\/11\/pzzb2206.webp\",\"keywords\":[\"Emendas Parlamentares\",\"Lei\",\"Lula\",\"Sanciona\",\"Transpar\u00eancia\",\"Vetos\"],\"articleSection\":[\"Munic\u00edpios\"],\"inLanguage\":\"pt-BR\",\"potentialAction\":[{\"@type\":\"CommentAction\",\"name\":\"Comment\",\"target\":[\"https:\/\/prefeitosegestoes.com.br\/portal\/lula-sanciona-lei-de-transparencia-de-emendas-parlamentares-sem-vetos\/#respond\"]}]},{\"@type\":\"WebPage\",\"@id\":\"https:\/\/prefeitosegestoes.com.br\/portal\/lula-sanciona-lei-de-transparencia-de-emendas-parlamentares-sem-vetos\/\",\"url\":\"https:\/\/prefeitosegestoes.com.br\/portal\/lula-sanciona-lei-de-transparencia-de-emendas-parlamentares-sem-vetos\/\",\"name\":\"Lula sanciona lei de transpar\u00eancia de emendas parlamentares sem vetos - Prefeitos &amp; Gest\u00f5es\",\"isPartOf\":{\"@id\":\"https:\/\/prefeitosegestoes.com.br\/portal\/#website\"},\"primaryImageOfPage\":{\"@id\":\"https:\/\/prefeitosegestoes.com.br\/portal\/lula-sanciona-lei-de-transparencia-de-emendas-parlamentares-sem-vetos\/#primaryimage\"},\"image\":{\"@id\":\"https:\/\/prefeitosegestoes.com.br\/portal\/lula-sanciona-lei-de-transparencia-de-emendas-parlamentares-sem-vetos\/#primaryimage\"},\"thumbnailUrl\":\"https:\/\/prefeitosegestoes.com.br\/portal\/wp-content\/uploads\/2024\/11\/pzzb2206.webp\",\"datePublished\":\"2024-11-27T12:12:45+00:00\",\"breadcrumb\":{\"@id\":\"https:\/\/prefeitosegestoes.com.br\/portal\/lula-sanciona-lei-de-transparencia-de-emendas-parlamentares-sem-vetos\/#breadcrumb\"},\"inLanguage\":\"pt-BR\",\"potentialAction\":[{\"@type\":\"ReadAction\",\"target\":[\"https:\/\/prefeitosegestoes.com.br\/portal\/lula-sanciona-lei-de-transparencia-de-emendas-parlamentares-sem-vetos\/\"]}]},{\"@type\":\"ImageObject\",\"inLanguage\":\"pt-BR\",\"@id\":\"https:\/\/prefeitosegestoes.com.br\/portal\/lula-sanciona-lei-de-transparencia-de-emendas-parlamentares-sem-vetos\/#primaryimage\",\"url\":\"https:\/\/prefeitosegestoes.com.br\/portal\/wp-content\/uploads\/2024\/11\/pzzb2206.webp\",\"contentUrl\":\"https:\/\/prefeitosegestoes.com.br\/portal\/wp-content\/uploads\/2024\/11\/pzzb2206.webp\",\"width\":1024,\"height\":768},{\"@type\":\"BreadcrumbList\",\"@id\":\"https:\/\/prefeitosegestoes.com.br\/portal\/lula-sanciona-lei-de-transparencia-de-emendas-parlamentares-sem-vetos\/#breadcrumb\",\"itemListElement\":[{\"@type\":\"ListItem\",\"position\":1,\"name\":\"In\u00edcio\",\"item\":\"https:\/\/prefeitosegestoes.com.br\/portal\/\"},{\"@type\":\"ListItem\",\"position\":2,\"name\":\"Lula sanciona lei de transpar\u00eancia de emendas parlamentares sem vetos\"}]},{\"@type\":\"WebSite\",\"@id\":\"https:\/\/prefeitosegestoes.com.br\/portal\/#website\",\"url\":\"https:\/\/prefeitosegestoes.com.br\/portal\/\",\"name\":\"Prefeitos & Gest\u00f5es\",\"description\":\"\",\"publisher\":{\"@id\":\"https:\/\/prefeitosegestoes.com.br\/portal\/#organization\"},\"potentialAction\":[{\"@type\":\"SearchAction\",\"target\":{\"@type\":\"EntryPoint\",\"urlTemplate\":\"https:\/\/prefeitosegestoes.com.br\/portal\/?s={search_term_string}\"},\"query-input\":{\"@type\":\"PropertyValueSpecification\",\"valueRequired\":true,\"valueName\":\"search_term_string\"}}],\"inLanguage\":\"pt-BR\"},{\"@type\":\"Organization\",\"@id\":\"https:\/\/prefeitosegestoes.com.br\/portal\/#organization\",\"name\":\"Prefeitos & Gest\u00f5es\",\"url\":\"https:\/\/prefeitosegestoes.com.br\/portal\/\",\"logo\":{\"@type\":\"ImageObject\",\"inLanguage\":\"pt-BR\",\"@id\":\"https:\/\/prefeitosegestoes.com.br\/portal\/#\/schema\/logo\/image\/\",\"url\":\"https:\/\/prefeitosegestoes.com.br\/portal\/wp-content\/uploads\/2024\/10\/lg_trans_prefeitos_2024_preto2.png\",\"contentUrl\":\"https:\/\/prefeitosegestoes.com.br\/portal\/wp-content\/uploads\/2024\/10\/lg_trans_prefeitos_2024_preto2.png\",\"width\":199,\"height\":122,\"caption\":\"Prefeitos & Gest\u00f5es\"},\"image\":{\"@id\":\"https:\/\/prefeitosegestoes.com.br\/portal\/#\/schema\/logo\/image\/\"},\"sameAs\":[\"https:\/\/www.facebook.com\/prefeitosonline\",\"https:\/\/x.com\/PrefGestoes\"]},{\"@type\":\"Person\",\"@id\":\"https:\/\/prefeitosegestoes.com.br\/portal\/#\/schema\/person\/d00059f2ec99963e7e1850d448ae94b8\",\"name\":\"Prefeitos &amp; Gest\u00f5es\",\"image\":{\"@type\":\"ImageObject\",\"inLanguage\":\"pt-BR\",\"@id\":\"https:\/\/secure.gravatar.com\/avatar\/738fb281e479212ed32c1a21a4307dda9f3af9292edb6918a16c9ce9fff5f48d?s=96&d=mm&r=g\",\"url\":\"https:\/\/secure.gravatar.com\/avatar\/738fb281e479212ed32c1a21a4307dda9f3af9292edb6918a16c9ce9fff5f48d?s=96&d=mm&r=g\",\"contentUrl\":\"https:\/\/secure.gravatar.com\/avatar\/738fb281e479212ed32c1a21a4307dda9f3af9292edb6918a16c9ce9fff5f48d?s=96&d=mm&r=g\",\"caption\":\"Prefeitos &amp; Gest\u00f5es\"},\"url\":\"https:\/\/prefeitosegestoes.com.br\/portal\/author\/prefeitosegestoes\/\"}]}<\/script>\n<!-- \/ Yoast SEO plugin. -->","yoast_head_json":{"title":"Lula sanciona lei de transpar\u00eancia de emendas parlamentares sem vetos - Prefeitos &amp; Gest\u00f5es","robots":{"index":"index","follow":"follow","max-snippet":"max-snippet:-1","max-image-preview":"max-image-preview:large","max-video-preview":"max-video-preview:-1"},"canonical":"https:\/\/prefeitosegestoes.com.br\/portal\/lula-sanciona-lei-de-transparencia-de-emendas-parlamentares-sem-vetos\/","og_locale":"pt_BR","og_type":"article","og_title":"Lula sanciona lei de transpar\u00eancia de emendas parlamentares sem vetos - Prefeitos &amp; Gest\u00f5es","og_description":"Foto: Fabio Rodrigues-Pozzebom\/ Ag\u00eancia Brasil \u00c2ndrea Malcher 26.11.2024 11:53\u00a0 O presidente Lula sancionou sem vetos, nesta ter\u00e7a-feira (26), o projeto de lei complementar (PLP) que estabelece regras de maior transpar\u00eancia e rastreabilidade \u00e0s\u00a0emendas parlamentares. A lei foi publicada no\u00a0Di\u00e1rio Oficial da Uni\u00e3o\u00a0(DOU). Em agosto, o ministro\u00a0 Fl\u00e1vio Dino, do Supremo Tribunal Federal (STF), suspendeu o [&hellip;]","og_url":"https:\/\/prefeitosegestoes.com.br\/portal\/lula-sanciona-lei-de-transparencia-de-emendas-parlamentares-sem-vetos\/","og_site_name":"Prefeitos &amp; Gest\u00f5es","article_publisher":"https:\/\/www.facebook.com\/prefeitosonline","article_published_time":"2024-11-27T12:12:45+00:00","og_image":[{"width":1024,"height":768,"url":"https:\/\/prefeitosegestoes.com.br\/portal\/wp-content\/uploads\/2024\/11\/pzzb2206.webp","type":"image\/webp"}],"author":"Prefeitos &amp; Gest\u00f5es","twitter_card":"summary_large_image","twitter_creator":"@PrefGestoes","twitter_site":"@PrefGestoes","twitter_misc":{"Escrito por":"Prefeitos &amp; Gest\u00f5es","Est. tempo de leitura":"3 minutos"},"schema":{"@context":"https:\/\/schema.org","@graph":[{"@type":"Article","@id":"https:\/\/prefeitosegestoes.com.br\/portal\/lula-sanciona-lei-de-transparencia-de-emendas-parlamentares-sem-vetos\/#article","isPartOf":{"@id":"https:\/\/prefeitosegestoes.com.br\/portal\/lula-sanciona-lei-de-transparencia-de-emendas-parlamentares-sem-vetos\/"},"author":{"name":"Prefeitos &amp; Gest\u00f5es","@id":"https:\/\/prefeitosegestoes.com.br\/portal\/#\/schema\/person\/d00059f2ec99963e7e1850d448ae94b8"},"headline":"Lula sanciona lei de transpar\u00eancia de emendas parlamentares sem vetos","datePublished":"2024-11-27T12:12:45+00:00","mainEntityOfPage":{"@id":"https:\/\/prefeitosegestoes.com.br\/portal\/lula-sanciona-lei-de-transparencia-de-emendas-parlamentares-sem-vetos\/"},"wordCount":375,"commentCount":0,"publisher":{"@id":"https:\/\/prefeitosegestoes.com.br\/portal\/#organization"},"image":{"@id":"https:\/\/prefeitosegestoes.com.br\/portal\/lula-sanciona-lei-de-transparencia-de-emendas-parlamentares-sem-vetos\/#primaryimage"},"thumbnailUrl":"https:\/\/prefeitosegestoes.com.br\/portal\/wp-content\/uploads\/2024\/11\/pzzb2206.webp","keywords":["Emendas Parlamentares","Lei","Lula","Sanciona","Transpar\u00eancia","Vetos"],"articleSection":["Munic\u00edpios"],"inLanguage":"pt-BR","potentialAction":[{"@type":"CommentAction","name":"Comment","target":["https:\/\/prefeitosegestoes.com.br\/portal\/lula-sanciona-lei-de-transparencia-de-emendas-parlamentares-sem-vetos\/#respond"]}]},{"@type":"WebPage","@id":"https:\/\/prefeitosegestoes.com.br\/portal\/lula-sanciona-lei-de-transparencia-de-emendas-parlamentares-sem-vetos\/","url":"https:\/\/prefeitosegestoes.com.br\/portal\/lula-sanciona-lei-de-transparencia-de-emendas-parlamentares-sem-vetos\/","name":"Lula sanciona lei de transpar\u00eancia de emendas parlamentares sem vetos - Prefeitos &amp; Gest\u00f5es","isPartOf":{"@id":"https:\/\/prefeitosegestoes.com.br\/portal\/#website"},"primaryImageOfPage":{"@id":"https:\/\/prefeitosegestoes.com.br\/portal\/lula-sanciona-lei-de-transparencia-de-emendas-parlamentares-sem-vetos\/#primaryimage"},"image":{"@id":"https:\/\/prefeitosegestoes.com.br\/portal\/lula-sanciona-lei-de-transparencia-de-emendas-parlamentares-sem-vetos\/#primaryimage"},"thumbnailUrl":"https:\/\/prefeitosegestoes.com.br\/portal\/wp-content\/uploads\/2024\/11\/pzzb2206.webp","datePublished":"2024-11-27T12:12:45+00:00","breadcrumb":{"@id":"https:\/\/prefeitosegestoes.com.br\/portal\/lula-sanciona-lei-de-transparencia-de-emendas-parlamentares-sem-vetos\/#breadcrumb"},"inLanguage":"pt-BR","potentialAction":[{"@type":"ReadAction","target":["https:\/\/prefeitosegestoes.com.br\/portal\/lula-sanciona-lei-de-transparencia-de-emendas-parlamentares-sem-vetos\/"]}]},{"@type":"ImageObject","inLanguage":"pt-BR","@id":"https:\/\/prefeitosegestoes.com.br\/portal\/lula-sanciona-lei-de-transparencia-de-emendas-parlamentares-sem-vetos\/#primaryimage","url":"https:\/\/prefeitosegestoes.com.br\/portal\/wp-content\/uploads\/2024\/11\/pzzb2206.webp","contentUrl":"https:\/\/prefeitosegestoes.com.br\/portal\/wp-content\/uploads\/2024\/11\/pzzb2206.webp","width":1024,"height":768},{"@type":"BreadcrumbList","@id":"https:\/\/prefeitosegestoes.com.br\/portal\/lula-sanciona-lei-de-transparencia-de-emendas-parlamentares-sem-vetos\/#breadcrumb","itemListElement":[{"@type":"ListItem","position":1,"name":"In\u00edcio","item":"https:\/\/prefeitosegestoes.com.br\/portal\/"},{"@type":"ListItem","position":2,"name":"Lula sanciona lei de transpar\u00eancia de emendas parlamentares sem vetos"}]},{"@type":"WebSite","@id":"https:\/\/prefeitosegestoes.com.br\/portal\/#website","url":"https:\/\/prefeitosegestoes.com.br\/portal\/","name":"Prefeitos & Gest\u00f5es","description":"","publisher":{"@id":"https:\/\/prefeitosegestoes.com.br\/portal\/#organization"},"potentialAction":[{"@type":"SearchAction","target":{"@type":"EntryPoint","urlTemplate":"https:\/\/prefeitosegestoes.com.br\/portal\/?s={search_term_string}"},"query-input":{"@type":"PropertyValueSpecification","valueRequired":true,"valueName":"search_term_string"}}],"inLanguage":"pt-BR"},{"@type":"Organization","@id":"https:\/\/prefeitosegestoes.com.br\/portal\/#organization","name":"Prefeitos & Gest\u00f5es","url":"https:\/\/prefeitosegestoes.com.br\/portal\/","logo":{"@type":"ImageObject","inLanguage":"pt-BR","@id":"https:\/\/prefeitosegestoes.com.br\/portal\/#\/schema\/logo\/image\/","url":"https:\/\/prefeitosegestoes.com.br\/portal\/wp-content\/uploads\/2024\/10\/lg_trans_prefeitos_2024_preto2.png","contentUrl":"https:\/\/prefeitosegestoes.com.br\/portal\/wp-content\/uploads\/2024\/10\/lg_trans_prefeitos_2024_preto2.png","width":199,"height":122,"caption":"Prefeitos & Gest\u00f5es"},"image":{"@id":"https:\/\/prefeitosegestoes.com.br\/portal\/#\/schema\/logo\/image\/"},"sameAs":["https:\/\/www.facebook.com\/prefeitosonline","https:\/\/x.com\/PrefGestoes"]},{"@type":"Person","@id":"https:\/\/prefeitosegestoes.com.br\/portal\/#\/schema\/person\/d00059f2ec99963e7e1850d448ae94b8","name":"Prefeitos &amp; Gest\u00f5es","image":{"@type":"ImageObject","inLanguage":"pt-BR","@id":"https:\/\/secure.gravatar.com\/avatar\/738fb281e479212ed32c1a21a4307dda9f3af9292edb6918a16c9ce9fff5f48d?s=96&d=mm&r=g","url":"https:\/\/secure.gravatar.com\/avatar\/738fb281e479212ed32c1a21a4307dda9f3af9292edb6918a16c9ce9fff5f48d?s=96&d=mm&r=g","contentUrl":"https:\/\/secure.gravatar.com\/avatar\/738fb281e479212ed32c1a21a4307dda9f3af9292edb6918a16c9ce9fff5f48d?s=96&d=mm&r=g","caption":"Prefeitos &amp; Gest\u00f5es"},"url":"https:\/\/prefeitosegestoes.com.br\/portal\/author\/prefeitosegestoes\/"}]}},"_links":{"self":[{"href":"https:\/\/prefeitosegestoes.com.br\/portal\/wp-json\/wp\/v2\/posts\/2911","targetHints":{"allow":["GET"]}}],"collection":[{"href":"https:\/\/prefeitosegestoes.com.br\/portal\/wp-json\/wp\/v2\/posts"}],"about":[{"href":"https:\/\/prefeitosegestoes.com.br\/portal\/wp-json\/wp\/v2\/types\/post"}],"author":[{"embeddable":true,"href":"https:\/\/prefeitosegestoes.com.br\/portal\/wp-json\/wp\/v2\/users\/2"}],"replies":[{"embeddable":true,"href":"https:\/\/prefeitosegestoes.com.br\/portal\/wp-json\/wp\/v2\/comments?post=2911"}],"version-history":[{"count":1,"href":"https:\/\/prefeitosegestoes.com.br\/portal\/wp-json\/wp\/v2\/posts\/2911\/revisions"}],"predecessor-version":[{"id":2913,"href":"https:\/\/prefeitosegestoes.com.br\/portal\/wp-json\/wp\/v2\/posts\/2911\/revisions\/2913"}],"wp:featuredmedia":[{"embeddable":true,"href":"https:\/\/prefeitosegestoes.com.br\/portal\/wp-json\/wp\/v2\/media\/2912"}],"wp:attachment":[{"href":"https:\/\/prefeitosegestoes.com.br\/portal\/wp-json\/wp\/v2\/media?parent=2911"}],"wp:term":[{"taxonomy":"category","embeddable":true,"href":"https:\/\/prefeitosegestoes.com.br\/portal\/wp-json\/wp\/v2\/categories?post=2911"},{"taxonomy":"post_tag","embeddable":true,"href":"https:\/\/prefeitosegestoes.com.br\/portal\/wp-json\/wp\/v2\/tags?post=2911"}],"curies":[{"name":"wp","href":"https:\/\/api.w.org\/{rel}","templated":true}]}}