{"id":2906,"date":"2024-11-27T08:56:33","date_gmt":"2024-11-27T11:56:33","guid":{"rendered":"https:\/\/prefeitosegestoes.com.br\/portal\/?p=2906"},"modified":"2024-11-27T08:58:21","modified_gmt":"2024-11-27T11:58:21","slug":"confira-os-prefeitos-eleitos-em-segundo-turno-em-todo-o-pais","status":"publish","type":"post","link":"https:\/\/prefeitosegestoes.com.br\/portal\/confira-os-prefeitos-eleitos-em-segundo-turno-em-todo-o-pais\/","title":{"rendered":"Confira os prefeitos eleitos em segundo turno em todo o pa\u00eds"},"content":{"rendered":"<h6 class=\"color-gray font-sm font-medium text-uppercase text-decoration-none mt-1 mb-0\"><a class=\"author url fn\" title=\"Posts por \u00c2ndrea Malcher\" href=\"https:\/\/congressoemfoco.uol.com.br\/author\/andrea\/\" rel=\"author\">Foto: <\/a>Tomaz Silva\/Ag\u00eancia Brasil<\/h6>\n<p class=\"color-gray font-sm font-medium text-uppercase text-decoration-none mt-1 mb-0\"><a class=\"author url fn\" title=\"Posts por \u00c2ndrea Malcher\" href=\"https:\/\/congressoemfoco.uol.com.br\/author\/andrea\/\" rel=\"author\">\u00c2ndrea Malcher<\/a><\/p>\n<p class=\"font-xs color-gray lh-11 my-1\">27.10.2024 19:57\u00a0<i class=\"icon-comments\" aria-hidden=\"true\"><\/i>\u00a00<\/p>\n<div class=\"font-xs font-medium color-gray lh-11 mb-0\"><a class=\"color-gray text-decoration-none text-uppercase\" href=\"https:\/\/congressoemfoco.uol.com.br\/area\/pais\/confira-os-prefeitos-eleitos-em-segundo-turno-em-todo-o-pais\/#\" data-bs-toggle=\"modal\" data-bs-target=\"#modal-projeto-bula-45736\"><span class=\"color-blue-dark position-relative\"><i class=\"icon-projeto-bula\" aria-hidden=\"true\"><\/i>\u00a0<\/span>Nota\u00a0<\/a>Em\u00a0<span class=\"byline-links\"><a class=\"color-gray text-uppercase\" href=\"https:\/\/congressoemfoco.uol.com.br\/category\/pais\">Pa\u00eds<\/a><\/span><\/div>\n<div>\n<div class=\"post-article\">\n<article class=\"clearfix\">\n<div id=\"modal-ready\">\n<p class=\"first-paragraph\">Nestas elei\u00e7\u00f5es municipais,\u00a0<a href=\"https:\/\/congressoemfoco.uol.com.br\/area\/pais\/psd-e-mdb-lideram-em-numero-de-capitais-pl-tem-maior-crescimento-veja-os-eleitos\/\">51 munic\u00edpios decidiram a disputa em segundo turno<\/a>. Destes,\u00a0<a href=\"https:\/\/congressoemfoco.uol.com.br\/area\/pais\/psd-e-mdb-lideram-em-numero-de-capitais-pl-tem-maior-crescimento-veja-os-eleitos\/\">15 foram capitais de estados<\/a>. No geral, a segunda rodada de vota\u00e7\u00f5es foi realizada em quase metade das 104 cidades brasileiras com mais de 200 mil eleitores, condi\u00e7\u00e3o que torna poss\u00edvel a realiza\u00e7\u00e3o do segundo turno.<\/p>\n<p>Neste domingo (27), o primeiro prefeito confirmado, por volta das 17h30, foi Igor Normando (MDB), em Bel\u00e9m (PA), que disputou contra o deputado federal \u00c9der Mauro (PL). O primeiro turno terminou com 11 capitais j\u00e1 elegendo o comando das prefeituras.<\/p>\n<p>Confira os eleitos no segundo turno das elei\u00e7\u00f5es de 2024:<br \/>\n<em>Pesquise por ordem alfab\u00e9tica em cada campo e use a seta para ver a lista completa<\/em><\/p>\n<p><iframe id=\"datawrapper-chart-a2cw3\" class=\"entered lazyloaded\" title=\"Prefeitos eleitos no segundo turno\" src=\"https:\/\/datawrapper.dwcdn.net\/a2cw3\/2\/\" height=\"1046\" frameborder=\"0\" scrolling=\"no\" aria-label=\"Table\" data-external=\"1\" data-rocket-lazyload=\"fitvidscompatible\" data-lazy-src=\"https:\/\/datawrapper.dwcdn.net\/a2cw3\/2\/\" data-ll-status=\"loaded\"><\/iframe>\u00e3o, Capitais, Urna, Eleitor, Vota\u00e7\u00e3o, zona eleitores,<\/p>\n<p><strong>Saiba mais sobre cada resultado nas capitais:<\/strong><\/p>\n<p>Igor Normando (MDB) &#8211;\u00a0<a href=\"https:\/\/congressoemfoco.uol.com.br\/area\/pais\/primeiro-resultado-igor-normando-e-prefeito-eleito-em-belem-com-5637\/\"><strong>Bel\u00e9m (PA)<\/strong><\/a><br \/>\nAb\u00edlio Brunini (PL) &#8211;\u00a0<a href=\"https:\/\/congressoemfoco.uol.com.br\/area\/pais\/cuiaba-em-embate-entre-pl-e-pt-bolsonarista-abilio-brunini-e-eleito\/\"><strong>Cuiab\u00e1 (MT)<\/strong><\/a><br \/>\nC\u00edcero Lucena (PP) &#8211;\u00a0<a href=\"https:\/\/congressoemfoco.uol.com.br\/area\/pais\/cicero-lucena-vence-marcelo-queiroga-e-e-reeleito-prefeito-de-joao-pessoa\/\"><strong>Jo\u00e3o Pessoa (PB)<\/strong><\/a><br \/>\nL\u00e9o Moraes (Podemos) &#8211;\u00a0<a href=\"https:\/\/congressoemfoco.uol.com.br\/area\/pais\/porto-velho-leo-moraes-vence-a-disputa-para-prefeitura\/\"><strong>Porto Velho (RO)<\/strong><\/a><br \/>\nDavid Almeida (Avante) &#8211;\u00a0<a href=\"https:\/\/congressoemfoco.uol.com.br\/area\/pais\/david-almeida-e-releito-prefeito-de-manaus\/\"><strong>Manaus (AM)<\/strong><\/a><br \/>\nEduardo Siqueira Campos (Podemos) &#8211;\u00a0<a href=\"https:\/\/congressoemfoco.uol.com.br\/area\/pais\/eduardo-siqueira-campos-e-eleito-prefeito-de-palmas\/\"><strong>Palmas (TO)<\/strong><\/a><br \/>\nEm\u00edlia Corr\u00eaa (PL) &#8211;\u00a0<a href=\"https:\/\/congressoemfoco.uol.com.br\/area\/pais\/emilia-correa-do-pl-derrota-luiz-roberto-e-e-a-nova-prefeita-de-aracaju\/\"><strong>Aracaju (SE)<\/strong><\/a><br \/>\nAdriane Lopes (PP) &#8211;\u00a0<a href=\"https:\/\/congressoemfoco.uol.com.br\/area\/pais\/adriane-lopes-vence-rose-modesto-e-e-reeleita-prefeita-de-campo-grande-rose-modesto-vence-adriane-lopes-e-e-a-nova-prefeita-de-campo-grande\/\"><strong>Campo Grande (MS)<\/strong><\/a><br \/>\nEduardo Pimentel (PSD) &#8211;\u00a0<a href=\"https:\/\/congressoemfoco.uol.com.br\/area\/pais\/eduardo-pimentel-e-eleito-prefeito-de-curitiba\/\"><strong>Curitiba (PR)<\/strong><\/a><br \/>\nPaulinho Freire (Uni\u00e3o) &#8211;\u00a0<a href=\"https:\/\/congressoemfoco.uol.com.br\/area\/pais\/paulinho-freire-do-uniao-derrota-a-petista-natalia-bonavides-em-natal\/\"><strong>Natal (RN)<\/strong><\/a><br \/>\nSebasti\u00e3o Melo (MDB) &#8211;\u00a0<a href=\"https:\/\/congressoemfoco.uol.com.br\/area\/pais\/porto-alegre-sebastiao-melo-e-reeleito-para-prefeito\/\"><strong>Porto Alegre (RS)<\/strong><\/a><br \/>\nSandro Mabel (Uni\u00e3o) &#8211;\u00a0<a href=\"https:\/\/congressoemfoco.uol.com.br\/area\/pais\/caiado-derrota-bolsonaro-em-goiania-sandro-mabel-e-eleito-prefeito\/\"><strong>Goi\u00e2nia (GO)<\/strong><\/a><br \/>\nEvandro Leit\u00e3o (PT) &#8211;\u00a0<a href=\"https:\/\/congressoemfoco.uol.com.br\/area\/pais\/pt-vence-bolsonarista-em-fortaleza-e-volta-a-comandar-uma-capital\/\"><strong>Fortaleza (CE)<\/strong><\/a><br \/>\nRicardo Nunes (MDB) &#8211;\u00a0<a href=\"https:\/\/congressoemfoco.uol.com.br\/area\/pais\/ricardo-nunes-e-reeleito-prefeito-em-sao-paulo\/\"><strong>S\u00e3o Paulo (SP)<\/strong><\/a><br \/>\nFuad Noman (PSD) &#8211;\u00a0<strong><a href=\"https:\/\/congressoemfoco.uol.com.br\/area\/pais\/fuad-noman-se-reelege-em-belo-horizonte\/\">Belo Horizonte (MG)<\/a><\/strong><\/p>\n<\/div>\n<\/article>\n<\/div>\n<div class=\"post-article__author\">\n<p class=\"post-article__author-title\">Autoria<\/p>\n<div class=\"row gx-3 mb-10\">\n<div class=\"col-3 col-lg-2\">\n<figure class=\"post-article__author-avatar\"><img decoding=\"async\" class=\"avatar avatar-150 photo entered lazyloaded\" src=\"https:\/\/congressoemfoco.uol.com.br\/wp-content\/uploads\/2024\/10\/WhatsApp-Image-2024-10-28-at-17.29.57-150x150.jpeg\" srcset=\"https:\/\/congressoemfoco.uol.com.br\/wp-content\/uploads\/2024\/10\/WhatsApp-Image-2024-10-28-at-17.29.57-300x300.jpeg 2x\" alt=\"\u00c2ndrea Malcher\" width=\"150\" height=\"150\" data-lazy-srcset=\"https:\/\/congressoemfoco.uol.com.br\/wp-content\/uploads\/2024\/10\/WhatsApp-Image-2024-10-28-at-17.29.57-300x300.jpeg 2x\" data-lazy-src=\"https:\/\/congressoemfoco.uol.com.br\/wp-content\/uploads\/2024\/10\/WhatsApp-Image-2024-10-28-at-17.29.57-150x150.jpeg\" data-ll-status=\"loaded\" \/><\/figure>\n<\/div>\n<div class=\"col-9 col-lg-10\">\n<div class=\"post-article__author-bio\">\n<p><strong class=\"text-uppercase\">\u00c2ndrea Malcher<\/strong>\u00a0Rep\u00f3rter formada em Jornalismo e em Audiovisual, ambos pela Universidade de Bras\u00edlia (UnB), com passagens pelo SBT News e pelo Correio Braziliense.<\/p>\n<p>Fonte: Congresso em Foco<\/p>\n<\/div>\n<\/div>\n<\/div>\n<\/div>\n<\/div>\n","protected":false},"excerpt":{"rendered":"<p>Foto: Tomaz Silva\/Ag\u00eancia Brasil \u00c2ndrea Malcher 27.10.2024 19:57\u00a0\u00a00 \u00a0Nota\u00a0Em\u00a0Pa\u00eds Nestas elei\u00e7\u00f5es municipais,\u00a051 munic\u00edpios decidiram a disputa em segundo turno. Destes,\u00a015 foram capitais de estados. No geral, a segunda rodada de vota\u00e7\u00f5es foi realizada em quase metade das 104 cidades brasileiras com mais de 200 mil eleitores, condi\u00e7\u00e3o que torna poss\u00edvel a realiza\u00e7\u00e3o do segundo turno. [&hellip;]<\/p>\n","protected":false},"author":2,"featured_media":2907,"comment_status":"open","ping_status":"open","sticky":false,"template":"","format":"standard","meta":{"rop_custom_images_group":[],"rop_custom_messages_group":[],"rop_publish_now":"initial","rop_publish_now_accounts":{"twitter_850042665852968960_850042665852968960":""},"rop_publish_now_history":[],"rop_publish_now_status":"pending","footnotes":""},"categories":[15],"tags":[312,201,314,316,313,193,315],"class_list":["post-2906","post","type-post","status-publish","format-standard","has-post-thumbnail","hentry","category-destaques","tag-capitais","tag-eleicao","tag-eleitor","tag-prefeitos","tag-urna","tag-votacao","tag-zona-eleitores"],"yoast_head":"<!-- This site is optimized with the Yoast SEO plugin v27.2 - https:\/\/yoast.com\/product\/yoast-seo-wordpress\/ -->\n<title>Confira os prefeitos eleitos em segundo turno em todo o pa\u00eds - Prefeitos &amp; Gest\u00f5es<\/title>\n<meta name=\"robots\" content=\"index, follow, max-snippet:-1, max-image-preview:large, max-video-preview:-1\" \/>\n<link rel=\"canonical\" href=\"https:\/\/prefeitosegestoes.com.br\/portal\/confira-os-prefeitos-eleitos-em-segundo-turno-em-todo-o-pais\/\" \/>\n<meta property=\"og:locale\" content=\"pt_BR\" \/>\n<meta property=\"og:type\" content=\"article\" \/>\n<meta property=\"og:title\" content=\"Confira os prefeitos eleitos em segundo turno em todo o pa\u00eds - Prefeitos &amp; Gest\u00f5es\" \/>\n<meta property=\"og:description\" content=\"Foto: Tomaz Silva\/Ag\u00eancia Brasil \u00c2ndrea Malcher 27.10.2024 19:57\u00a0\u00a00 \u00a0Nota\u00a0Em\u00a0Pa\u00eds Nestas elei\u00e7\u00f5es municipais,\u00a051 munic\u00edpios decidiram a disputa em segundo turno. Destes,\u00a015 foram capitais de estados. No geral, a segunda rodada de vota\u00e7\u00f5es foi realizada em quase metade das 104 cidades brasileiras com mais de 200 mil eleitores, condi\u00e7\u00e3o que torna poss\u00edvel a realiza\u00e7\u00e3o do segundo turno. [&hellip;]\" \/>\n<meta property=\"og:url\" content=\"https:\/\/prefeitosegestoes.com.br\/portal\/confira-os-prefeitos-eleitos-em-segundo-turno-em-todo-o-pais\/\" \/>\n<meta property=\"og:site_name\" content=\"Prefeitos &amp; Gest\u00f5es\" \/>\n<meta property=\"article:publisher\" content=\"https:\/\/www.facebook.com\/prefeitosonline\" \/>\n<meta property=\"article:published_time\" content=\"2024-11-27T11:56:33+00:00\" \/>\n<meta property=\"article:modified_time\" content=\"2024-11-27T11:58:21+00:00\" \/>\n<meta property=\"og:image\" content=\"https:\/\/prefeitosegestoes.com.br\/portal\/wp-content\/uploads\/2024\/11\/toms7772-2.webp\" \/>\n\t<meta property=\"og:image:width\" content=\"1024\" \/>\n\t<meta property=\"og:image:height\" content=\"768\" \/>\n\t<meta property=\"og:image:type\" content=\"image\/webp\" \/>\n<meta name=\"author\" content=\"Prefeitos &amp; Gest\u00f5es\" \/>\n<meta name=\"twitter:card\" content=\"summary_large_image\" \/>\n<meta name=\"twitter:creator\" content=\"@PrefGestoes\" \/>\n<meta name=\"twitter:site\" content=\"@PrefGestoes\" \/>\n<meta name=\"twitter:label1\" content=\"Escrito por\" \/>\n\t<meta name=\"twitter:data1\" content=\"Prefeitos &amp; Gest\u00f5es\" \/>\n\t<meta name=\"twitter:label2\" content=\"Est. tempo de leitura\" \/>\n\t<meta name=\"twitter:data2\" content=\"2 minutos\" \/>\n<script type=\"application\/ld+json\" class=\"yoast-schema-graph\">{\"@context\":\"https:\/\/schema.org\",\"@graph\":[{\"@type\":\"Article\",\"@id\":\"https:\/\/prefeitosegestoes.com.br\/portal\/confira-os-prefeitos-eleitos-em-segundo-turno-em-todo-o-pais\/#article\",\"isPartOf\":{\"@id\":\"https:\/\/prefeitosegestoes.com.br\/portal\/confira-os-prefeitos-eleitos-em-segundo-turno-em-todo-o-pais\/\"},\"author\":{\"name\":\"Prefeitos &amp; Gest\u00f5es\",\"@id\":\"https:\/\/prefeitosegestoes.com.br\/portal\/#\/schema\/person\/d00059f2ec99963e7e1850d448ae94b8\"},\"headline\":\"Confira os prefeitos eleitos em segundo turno em todo o pa\u00eds\",\"datePublished\":\"2024-11-27T11:56:33+00:00\",\"dateModified\":\"2024-11-27T11:58:21+00:00\",\"mainEntityOfPage\":{\"@id\":\"https:\/\/prefeitosegestoes.com.br\/portal\/confira-os-prefeitos-eleitos-em-segundo-turno-em-todo-o-pais\/\"},\"wordCount\":296,\"commentCount\":0,\"publisher\":{\"@id\":\"https:\/\/prefeitosegestoes.com.br\/portal\/#organization\"},\"image\":{\"@id\":\"https:\/\/prefeitosegestoes.com.br\/portal\/confira-os-prefeitos-eleitos-em-segundo-turno-em-todo-o-pais\/#primaryimage\"},\"thumbnailUrl\":\"https:\/\/prefeitosegestoes.com.br\/portal\/wp-content\/uploads\/2024\/11\/toms7772-2.webp\",\"keywords\":[\"Capitais\",\"Elei\u00e7\u00e3o\",\"Eleitor\",\"prefeitos\",\"Urna\",\"Vota\u00e7\u00e3o\",\"zona eleitores\"],\"articleSection\":[\"Destaques\"],\"inLanguage\":\"pt-BR\",\"potentialAction\":[{\"@type\":\"CommentAction\",\"name\":\"Comment\",\"target\":[\"https:\/\/prefeitosegestoes.com.br\/portal\/confira-os-prefeitos-eleitos-em-segundo-turno-em-todo-o-pais\/#respond\"]}]},{\"@type\":\"WebPage\",\"@id\":\"https:\/\/prefeitosegestoes.com.br\/portal\/confira-os-prefeitos-eleitos-em-segundo-turno-em-todo-o-pais\/\",\"url\":\"https:\/\/prefeitosegestoes.com.br\/portal\/confira-os-prefeitos-eleitos-em-segundo-turno-em-todo-o-pais\/\",\"name\":\"Confira os prefeitos eleitos em segundo turno em todo o pa\u00eds - Prefeitos &amp; Gest\u00f5es\",\"isPartOf\":{\"@id\":\"https:\/\/prefeitosegestoes.com.br\/portal\/#website\"},\"primaryImageOfPage\":{\"@id\":\"https:\/\/prefeitosegestoes.com.br\/portal\/confira-os-prefeitos-eleitos-em-segundo-turno-em-todo-o-pais\/#primaryimage\"},\"image\":{\"@id\":\"https:\/\/prefeitosegestoes.com.br\/portal\/confira-os-prefeitos-eleitos-em-segundo-turno-em-todo-o-pais\/#primaryimage\"},\"thumbnailUrl\":\"https:\/\/prefeitosegestoes.com.br\/portal\/wp-content\/uploads\/2024\/11\/toms7772-2.webp\",\"datePublished\":\"2024-11-27T11:56:33+00:00\",\"dateModified\":\"2024-11-27T11:58:21+00:00\",\"breadcrumb\":{\"@id\":\"https:\/\/prefeitosegestoes.com.br\/portal\/confira-os-prefeitos-eleitos-em-segundo-turno-em-todo-o-pais\/#breadcrumb\"},\"inLanguage\":\"pt-BR\",\"potentialAction\":[{\"@type\":\"ReadAction\",\"target\":[\"https:\/\/prefeitosegestoes.com.br\/portal\/confira-os-prefeitos-eleitos-em-segundo-turno-em-todo-o-pais\/\"]}]},{\"@type\":\"ImageObject\",\"inLanguage\":\"pt-BR\",\"@id\":\"https:\/\/prefeitosegestoes.com.br\/portal\/confira-os-prefeitos-eleitos-em-segundo-turno-em-todo-o-pais\/#primaryimage\",\"url\":\"https:\/\/prefeitosegestoes.com.br\/portal\/wp-content\/uploads\/2024\/11\/toms7772-2.webp\",\"contentUrl\":\"https:\/\/prefeitosegestoes.com.br\/portal\/wp-content\/uploads\/2024\/11\/toms7772-2.webp\",\"width\":1024,\"height\":768},{\"@type\":\"BreadcrumbList\",\"@id\":\"https:\/\/prefeitosegestoes.com.br\/portal\/confira-os-prefeitos-eleitos-em-segundo-turno-em-todo-o-pais\/#breadcrumb\",\"itemListElement\":[{\"@type\":\"ListItem\",\"position\":1,\"name\":\"In\u00edcio\",\"item\":\"https:\/\/prefeitosegestoes.com.br\/portal\/\"},{\"@type\":\"ListItem\",\"position\":2,\"name\":\"Confira os prefeitos eleitos em segundo turno em todo o pa\u00eds\"}]},{\"@type\":\"WebSite\",\"@id\":\"https:\/\/prefeitosegestoes.com.br\/portal\/#website\",\"url\":\"https:\/\/prefeitosegestoes.com.br\/portal\/\",\"name\":\"Prefeitos & Gest\u00f5es\",\"description\":\"\",\"publisher\":{\"@id\":\"https:\/\/prefeitosegestoes.com.br\/portal\/#organization\"},\"potentialAction\":[{\"@type\":\"SearchAction\",\"target\":{\"@type\":\"EntryPoint\",\"urlTemplate\":\"https:\/\/prefeitosegestoes.com.br\/portal\/?s={search_term_string}\"},\"query-input\":{\"@type\":\"PropertyValueSpecification\",\"valueRequired\":true,\"valueName\":\"search_term_string\"}}],\"inLanguage\":\"pt-BR\"},{\"@type\":\"Organization\",\"@id\":\"https:\/\/prefeitosegestoes.com.br\/portal\/#organization\",\"name\":\"Prefeitos & Gest\u00f5es\",\"url\":\"https:\/\/prefeitosegestoes.com.br\/portal\/\",\"logo\":{\"@type\":\"ImageObject\",\"inLanguage\":\"pt-BR\",\"@id\":\"https:\/\/prefeitosegestoes.com.br\/portal\/#\/schema\/logo\/image\/\",\"url\":\"https:\/\/prefeitosegestoes.com.br\/portal\/wp-content\/uploads\/2024\/10\/lg_trans_prefeitos_2024_preto2.png\",\"contentUrl\":\"https:\/\/prefeitosegestoes.com.br\/portal\/wp-content\/uploads\/2024\/10\/lg_trans_prefeitos_2024_preto2.png\",\"width\":199,\"height\":122,\"caption\":\"Prefeitos & Gest\u00f5es\"},\"image\":{\"@id\":\"https:\/\/prefeitosegestoes.com.br\/portal\/#\/schema\/logo\/image\/\"},\"sameAs\":[\"https:\/\/www.facebook.com\/prefeitosonline\",\"https:\/\/x.com\/PrefGestoes\"]},{\"@type\":\"Person\",\"@id\":\"https:\/\/prefeitosegestoes.com.br\/portal\/#\/schema\/person\/d00059f2ec99963e7e1850d448ae94b8\",\"name\":\"Prefeitos &amp; Gest\u00f5es\",\"image\":{\"@type\":\"ImageObject\",\"inLanguage\":\"pt-BR\",\"@id\":\"https:\/\/secure.gravatar.com\/avatar\/738fb281e479212ed32c1a21a4307dda9f3af9292edb6918a16c9ce9fff5f48d?s=96&d=mm&r=g\",\"url\":\"https:\/\/secure.gravatar.com\/avatar\/738fb281e479212ed32c1a21a4307dda9f3af9292edb6918a16c9ce9fff5f48d?s=96&d=mm&r=g\",\"contentUrl\":\"https:\/\/secure.gravatar.com\/avatar\/738fb281e479212ed32c1a21a4307dda9f3af9292edb6918a16c9ce9fff5f48d?s=96&d=mm&r=g\",\"caption\":\"Prefeitos &amp; Gest\u00f5es\"},\"url\":\"https:\/\/prefeitosegestoes.com.br\/portal\/author\/prefeitosegestoes\/\"}]}<\/script>\n<!-- \/ Yoast SEO plugin. -->","yoast_head_json":{"title":"Confira os prefeitos eleitos em segundo turno em todo o pa\u00eds - Prefeitos &amp; Gest\u00f5es","robots":{"index":"index","follow":"follow","max-snippet":"max-snippet:-1","max-image-preview":"max-image-preview:large","max-video-preview":"max-video-preview:-1"},"canonical":"https:\/\/prefeitosegestoes.com.br\/portal\/confira-os-prefeitos-eleitos-em-segundo-turno-em-todo-o-pais\/","og_locale":"pt_BR","og_type":"article","og_title":"Confira os prefeitos eleitos em segundo turno em todo o pa\u00eds - Prefeitos &amp; Gest\u00f5es","og_description":"Foto: Tomaz Silva\/Ag\u00eancia Brasil \u00c2ndrea Malcher 27.10.2024 19:57\u00a0\u00a00 \u00a0Nota\u00a0Em\u00a0Pa\u00eds Nestas elei\u00e7\u00f5es municipais,\u00a051 munic\u00edpios decidiram a disputa em segundo turno. Destes,\u00a015 foram capitais de estados. No geral, a segunda rodada de vota\u00e7\u00f5es foi realizada em quase metade das 104 cidades brasileiras com mais de 200 mil eleitores, condi\u00e7\u00e3o que torna poss\u00edvel a realiza\u00e7\u00e3o do segundo turno. [&hellip;]","og_url":"https:\/\/prefeitosegestoes.com.br\/portal\/confira-os-prefeitos-eleitos-em-segundo-turno-em-todo-o-pais\/","og_site_name":"Prefeitos &amp; Gest\u00f5es","article_publisher":"https:\/\/www.facebook.com\/prefeitosonline","article_published_time":"2024-11-27T11:56:33+00:00","article_modified_time":"2024-11-27T11:58:21+00:00","og_image":[{"width":1024,"height":768,"url":"https:\/\/prefeitosegestoes.com.br\/portal\/wp-content\/uploads\/2024\/11\/toms7772-2.webp","type":"image\/webp"}],"author":"Prefeitos &amp; Gest\u00f5es","twitter_card":"summary_large_image","twitter_creator":"@PrefGestoes","twitter_site":"@PrefGestoes","twitter_misc":{"Escrito por":"Prefeitos &amp; Gest\u00f5es","Est. tempo de leitura":"2 minutos"},"schema":{"@context":"https:\/\/schema.org","@graph":[{"@type":"Article","@id":"https:\/\/prefeitosegestoes.com.br\/portal\/confira-os-prefeitos-eleitos-em-segundo-turno-em-todo-o-pais\/#article","isPartOf":{"@id":"https:\/\/prefeitosegestoes.com.br\/portal\/confira-os-prefeitos-eleitos-em-segundo-turno-em-todo-o-pais\/"},"author":{"name":"Prefeitos &amp; Gest\u00f5es","@id":"https:\/\/prefeitosegestoes.com.br\/portal\/#\/schema\/person\/d00059f2ec99963e7e1850d448ae94b8"},"headline":"Confira os prefeitos eleitos em segundo turno em todo o pa\u00eds","datePublished":"2024-11-27T11:56:33+00:00","dateModified":"2024-11-27T11:58:21+00:00","mainEntityOfPage":{"@id":"https:\/\/prefeitosegestoes.com.br\/portal\/confira-os-prefeitos-eleitos-em-segundo-turno-em-todo-o-pais\/"},"wordCount":296,"commentCount":0,"publisher":{"@id":"https:\/\/prefeitosegestoes.com.br\/portal\/#organization"},"image":{"@id":"https:\/\/prefeitosegestoes.com.br\/portal\/confira-os-prefeitos-eleitos-em-segundo-turno-em-todo-o-pais\/#primaryimage"},"thumbnailUrl":"https:\/\/prefeitosegestoes.com.br\/portal\/wp-content\/uploads\/2024\/11\/toms7772-2.webp","keywords":["Capitais","Elei\u00e7\u00e3o","Eleitor","prefeitos","Urna","Vota\u00e7\u00e3o","zona eleitores"],"articleSection":["Destaques"],"inLanguage":"pt-BR","potentialAction":[{"@type":"CommentAction","name":"Comment","target":["https:\/\/prefeitosegestoes.com.br\/portal\/confira-os-prefeitos-eleitos-em-segundo-turno-em-todo-o-pais\/#respond"]}]},{"@type":"WebPage","@id":"https:\/\/prefeitosegestoes.com.br\/portal\/confira-os-prefeitos-eleitos-em-segundo-turno-em-todo-o-pais\/","url":"https:\/\/prefeitosegestoes.com.br\/portal\/confira-os-prefeitos-eleitos-em-segundo-turno-em-todo-o-pais\/","name":"Confira os prefeitos eleitos em segundo turno em todo o pa\u00eds - Prefeitos &amp; Gest\u00f5es","isPartOf":{"@id":"https:\/\/prefeitosegestoes.com.br\/portal\/#website"},"primaryImageOfPage":{"@id":"https:\/\/prefeitosegestoes.com.br\/portal\/confira-os-prefeitos-eleitos-em-segundo-turno-em-todo-o-pais\/#primaryimage"},"image":{"@id":"https:\/\/prefeitosegestoes.com.br\/portal\/confira-os-prefeitos-eleitos-em-segundo-turno-em-todo-o-pais\/#primaryimage"},"thumbnailUrl":"https:\/\/prefeitosegestoes.com.br\/portal\/wp-content\/uploads\/2024\/11\/toms7772-2.webp","datePublished":"2024-11-27T11:56:33+00:00","dateModified":"2024-11-27T11:58:21+00:00","breadcrumb":{"@id":"https:\/\/prefeitosegestoes.com.br\/portal\/confira-os-prefeitos-eleitos-em-segundo-turno-em-todo-o-pais\/#breadcrumb"},"inLanguage":"pt-BR","potentialAction":[{"@type":"ReadAction","target":["https:\/\/prefeitosegestoes.com.br\/portal\/confira-os-prefeitos-eleitos-em-segundo-turno-em-todo-o-pais\/"]}]},{"@type":"ImageObject","inLanguage":"pt-BR","@id":"https:\/\/prefeitosegestoes.com.br\/portal\/confira-os-prefeitos-eleitos-em-segundo-turno-em-todo-o-pais\/#primaryimage","url":"https:\/\/prefeitosegestoes.com.br\/portal\/wp-content\/uploads\/2024\/11\/toms7772-2.webp","contentUrl":"https:\/\/prefeitosegestoes.com.br\/portal\/wp-content\/uploads\/2024\/11\/toms7772-2.webp","width":1024,"height":768},{"@type":"BreadcrumbList","@id":"https:\/\/prefeitosegestoes.com.br\/portal\/confira-os-prefeitos-eleitos-em-segundo-turno-em-todo-o-pais\/#breadcrumb","itemListElement":[{"@type":"ListItem","position":1,"name":"In\u00edcio","item":"https:\/\/prefeitosegestoes.com.br\/portal\/"},{"@type":"ListItem","position":2,"name":"Confira os prefeitos eleitos em segundo turno em todo o pa\u00eds"}]},{"@type":"WebSite","@id":"https:\/\/prefeitosegestoes.com.br\/portal\/#website","url":"https:\/\/prefeitosegestoes.com.br\/portal\/","name":"Prefeitos & Gest\u00f5es","description":"","publisher":{"@id":"https:\/\/prefeitosegestoes.com.br\/portal\/#organization"},"potentialAction":[{"@type":"SearchAction","target":{"@type":"EntryPoint","urlTemplate":"https:\/\/prefeitosegestoes.com.br\/portal\/?s={search_term_string}"},"query-input":{"@type":"PropertyValueSpecification","valueRequired":true,"valueName":"search_term_string"}}],"inLanguage":"pt-BR"},{"@type":"Organization","@id":"https:\/\/prefeitosegestoes.com.br\/portal\/#organization","name":"Prefeitos & Gest\u00f5es","url":"https:\/\/prefeitosegestoes.com.br\/portal\/","logo":{"@type":"ImageObject","inLanguage":"pt-BR","@id":"https:\/\/prefeitosegestoes.com.br\/portal\/#\/schema\/logo\/image\/","url":"https:\/\/prefeitosegestoes.com.br\/portal\/wp-content\/uploads\/2024\/10\/lg_trans_prefeitos_2024_preto2.png","contentUrl":"https:\/\/prefeitosegestoes.com.br\/portal\/wp-content\/uploads\/2024\/10\/lg_trans_prefeitos_2024_preto2.png","width":199,"height":122,"caption":"Prefeitos & Gest\u00f5es"},"image":{"@id":"https:\/\/prefeitosegestoes.com.br\/portal\/#\/schema\/logo\/image\/"},"sameAs":["https:\/\/www.facebook.com\/prefeitosonline","https:\/\/x.com\/PrefGestoes"]},{"@type":"Person","@id":"https:\/\/prefeitosegestoes.com.br\/portal\/#\/schema\/person\/d00059f2ec99963e7e1850d448ae94b8","name":"Prefeitos &amp; Gest\u00f5es","image":{"@type":"ImageObject","inLanguage":"pt-BR","@id":"https:\/\/secure.gravatar.com\/avatar\/738fb281e479212ed32c1a21a4307dda9f3af9292edb6918a16c9ce9fff5f48d?s=96&d=mm&r=g","url":"https:\/\/secure.gravatar.com\/avatar\/738fb281e479212ed32c1a21a4307dda9f3af9292edb6918a16c9ce9fff5f48d?s=96&d=mm&r=g","contentUrl":"https:\/\/secure.gravatar.com\/avatar\/738fb281e479212ed32c1a21a4307dda9f3af9292edb6918a16c9ce9fff5f48d?s=96&d=mm&r=g","caption":"Prefeitos &amp; Gest\u00f5es"},"url":"https:\/\/prefeitosegestoes.com.br\/portal\/author\/prefeitosegestoes\/"}]}},"_links":{"self":[{"href":"https:\/\/prefeitosegestoes.com.br\/portal\/wp-json\/wp\/v2\/posts\/2906","targetHints":{"allow":["GET"]}}],"collection":[{"href":"https:\/\/prefeitosegestoes.com.br\/portal\/wp-json\/wp\/v2\/posts"}],"about":[{"href":"https:\/\/prefeitosegestoes.com.br\/portal\/wp-json\/wp\/v2\/types\/post"}],"author":[{"embeddable":true,"href":"https:\/\/prefeitosegestoes.com.br\/portal\/wp-json\/wp\/v2\/users\/2"}],"replies":[{"embeddable":true,"href":"https:\/\/prefeitosegestoes.com.br\/portal\/wp-json\/wp\/v2\/comments?post=2906"}],"version-history":[{"count":3,"href":"https:\/\/prefeitosegestoes.com.br\/portal\/wp-json\/wp\/v2\/posts\/2906\/revisions"}],"predecessor-version":[{"id":2910,"href":"https:\/\/prefeitosegestoes.com.br\/portal\/wp-json\/wp\/v2\/posts\/2906\/revisions\/2910"}],"wp:featuredmedia":[{"embeddable":true,"href":"https:\/\/prefeitosegestoes.com.br\/portal\/wp-json\/wp\/v2\/media\/2907"}],"wp:attachment":[{"href":"https:\/\/prefeitosegestoes.com.br\/portal\/wp-json\/wp\/v2\/media?parent=2906"}],"wp:term":[{"taxonomy":"category","embeddable":true,"href":"https:\/\/prefeitosegestoes.com.br\/portal\/wp-json\/wp\/v2\/categories?post=2906"},{"taxonomy":"post_tag","embeddable":true,"href":"https:\/\/prefeitosegestoes.com.br\/portal\/wp-json\/wp\/v2\/tags?post=2906"}],"curies":[{"name":"wp","href":"https:\/\/api.w.org\/{rel}","templated":true}]}}