{"id":2894,"date":"2024-11-24T09:15:58","date_gmt":"2024-11-24T12:15:58","guid":{"rendered":"https:\/\/prefeitosegestoes.com.br\/portal\/?p=2894"},"modified":"2024-11-24T09:17:34","modified_gmt":"2024-11-24T12:17:34","slug":"chefe-da-onu-critica-falta-de-ambicao-da-cop29-apos-impasse-e-acordo-de-u-300-bi","status":"publish","type":"post","link":"https:\/\/prefeitosegestoes.com.br\/portal\/chefe-da-onu-critica-falta-de-ambicao-da-cop29-apos-impasse-e-acordo-de-u-300-bi\/","title":{"rendered":"Chefe da ONU critica falta de ambi\u00e7\u00e3o da COP29 ap\u00f3s impasse e acordo de U$$ 300 bi"},"content":{"rendered":"<h6>Foto: Bruno Peres\/Ag\u00eancia Brasil<\/h6>\n<h2>Chefe da ONU critica falta de ambi\u00e7\u00e3o da COP29 e defende que acordo financeiro seja &#8216;base&#8217; para mais avan\u00e7os<\/h2>\n<h2 class=\"content-head__subtitle\">Pa\u00edses concordaram em oferecer US$ 300 bi (R$ (1,7 trilh\u00e3o) por ano para financiar o combate \u00e0s mudan\u00e7as clim\u00e1ticas. Valor \u00e9 inferior ao US$ 1,3 trilh\u00e3o cobrado por pa\u00edses em desenvolvimento.<\/h2>\n<div class=\"glb-grid\">\n<p>&nbsp;<\/p>\n<div class=\"mc-article-header\">\n<div class=\"content__signa-share mc-column\">\n<div class=\"content__signature\">\n<div class=\"content-publication-data\">\n<div class=\"content-publication-data__text\">\n<p class=\"content-publication-data__from\" title=\"Reda\u00e7\u00e3o g1\">Por\u00a0<a class=\"multi_signatures\" href=\"https:\/\/g1.globo.com\/autores\/redacao-g1\/\">Reda\u00e7\u00e3o g1<\/a><\/p>\n<p class=\"content-publication-data__updated\"><time datetime=\"2024-11-24T10:48:31.555Z\">24\/11\/2024 07h48\u00a0<\/time><span class=\"content-publication-data__updated-relative\">\u00a0<time datetime=\"2024-11-24T11:36:00.189Z\">Atualizado\u00a0<time datetime=\"2024-11-24T11:36:00.189Z\">h\u00e1 24 minutos<\/time><\/time><\/span><\/p>\n<\/div>\n<\/div>\n<\/div>\n<\/div>\n<\/div>\n<div class=\"mc-article-body\">\n<article>\n<div id=\"chunk-6o1gh\">\n<div class=\"row medium-uncollapsed content-media content-photo\" data-block-type=\"backstage-photo\" data-block-id=\"1\">\n<div class=\" mc-column content-media__container\">\n<div class=\"content-media-container glb-skeleton-box\">\n<figure class=\"content-media-figure\"><img decoding=\"async\" class=\"i-amphtml-fill-content i-amphtml-replaced-content\" src=\"https:\/\/s2-g1.glbimg.com\/ykDuzB-AoangkhXUah_W-wpuEcA=\/0x0:1920x1080\/984x0\/smart\/filters:strip_icc()\/i.s3.glbimg.com\/v1\/AUTH_59edd422c0c84a879bd37670ae4f538a\/internal_photos\/bs\/2024\/V\/q\/5BdXwAQBAeoBI5WLEj3Q\/globo-canal-5-20240924-1800-frame-328858.jpeg\" sizes=\"(max-width: 1680px) 648px, 100vw\" srcset=\"https:\/\/s2-g1.glbimg.com\/P2X9KDanWbPfTDYfRv0vZTfxg2A=\/0x0:1920x1080\/1000x0\/smart\/filters:strip_icc()\/i.s3.glbimg.com\/v1\/AUTH_59edd422c0c84a879bd37670ae4f538a\/internal_photos\/bs\/2024\/V\/q\/5BdXwAQBAeoBI5WLEj3Q\/globo-canal-5-20240924-1800-frame-328858.jpeg 1000w, https:\/\/s2-g1.glbimg.com\/ykDuzB-AoangkhXUah_W-wpuEcA=\/0x0:1920x1080\/984x0\/smart\/filters:strip_icc()\/i.s3.glbimg.com\/v1\/AUTH_59edd422c0c84a879bd37670ae4f538a\/internal_photos\/bs\/2024\/V\/q\/5BdXwAQBAeoBI5WLEj3Q\/globo-canal-5-20240924-1800-frame-328858.jpeg 984w, https:\/\/s2-g1.glbimg.com\/Eoy-SOAJOOPVWXSz2EtQR8uCqoc=\/0x0:1920x1080\/640x0\/smart\/filters:strip_icc()\/i.s3.glbimg.com\/v1\/AUTH_59edd422c0c84a879bd37670ae4f538a\/internal_photos\/bs\/2024\/V\/q\/5BdXwAQBAeoBI5WLEj3Q\/globo-canal-5-20240924-1800-frame-328858.jpeg 640w, https:\/\/s2-g1.glbimg.com\/TKMjT7Ph2f2ZOIipas6ukG-JLIQ=\/0x0:1920x1080\/600x0\/smart\/filters:strip_icc()\/i.s3.glbimg.com\/v1\/AUTH_59edd422c0c84a879bd37670ae4f538a\/internal_photos\/bs\/2024\/V\/q\/5BdXwAQBAeoBI5WLEj3Q\/globo-canal-5-20240924-1800-frame-328858.jpeg 600w\" alt=\"Secret\u00e1rio-geral das Na\u00e7\u00f5es Unidas, Ant\u00f3nio Guterres (foto dea arquivo) \u2014 Foto: Reprodu\u00e7\u00e3o\/TV Globo\" \/><\/figure>\n<\/div>\n<p class=\"content-media__description \">Secret\u00e1rio-geral das Na\u00e7\u00f5es Unidas, Ant\u00f3nio Guterres (foto dea arquivo) \u2014 Foto: Reprodu\u00e7\u00e3o\/TV Globo<\/p>\n<\/div>\n<\/div>\n<\/div>\n<div id=\"chunk-7l1r5\">\n<div class=\"mc-column content-text active-extra-styles \" data-block-type=\"unstyled\" data-block-weight=\"47\" data-block-id=\"2\">\n<p class=\" content-text__container \" data-track-category=\"Link no Texto\" data-track-links=\"\" data-mrf-recirculation=\"Artigo - Links Texto\">O secret\u00e1rio-geral da Organiza\u00e7\u00e3o das Na\u00e7\u00f5es Unidas (<a class=\"\" href=\"https:\/\/g1.globo.com\/tudo-sobre\/onu\/\" data-mrf-link=\"https:\/\/g1.globo.com\/tudo-sobre\/onu\/\">ONU<\/a>),\u00a0<a class=\"\" href=\"https:\/\/g1.globo.com\/tudo-sobre\/antonio-guterres\/\" data-mrf-link=\"https:\/\/g1.globo.com\/tudo-sobre\/antonio-guterres\/\">Ant\u00f3nio Guterres<\/a>, criticou\u00a0<a class=\"\" href=\"https:\/\/g1.globo.com\/meio-ambiente\/noticia\/2024\/11\/22\/cop29-rascunho-do-texto-final-decepciona-com-meta-de-financiamento-inaceitavel.ghtml\" data-mrf-link=\"https:\/\/g1.globo.com\/meio-ambiente\/noticia\/2024\/11\/22\/cop29-rascunho-do-texto-final-decepciona-com-meta-de-financiamento-inaceitavel.ghtml\">falta de ambi\u00e7\u00e3o da COP29\u00a0<\/a>tanto nas metas de redu\u00e7\u00e3o de emiss\u00f5es de gases de efeito estufa quanto na defini\u00e7\u00e3o de um valor mais expressivo para apoiar pa\u00edses em desenvolvimento no combate \u00e0s mudan\u00e7as clim\u00e1ticas.<\/p>\n<\/div>\n<\/div>\n<div class=\"wall protected-content\">\n<div id=\"chunk-dmqnq\">\n<div class=\"mc-column content-text active-extra-styles \" data-block-type=\"unstyled\" data-block-weight=\"50\" data-block-id=\"4\">\n<p class=\" content-text__container \" data-track-category=\"Link no Texto\" data-track-links=\"\" data-mrf-recirculation=\"Artigo - Links Texto\">As cr\u00edticas de Guterres foram divulgadas ap\u00f3s os pa\u00edses concordarem em oferecer US$ 300 bi (R$ (1,7 trilh\u00e3o) por ano para as chamadas &#8220;a\u00e7\u00f5es de mitiga\u00e7\u00e3o&#8221;: medidas de adapta\u00e7\u00e3o \u00e0s mudan\u00e7as j\u00e1 causadas pelo aumento da temperatura global e prepara\u00e7\u00e3o contra eventos extremos do clima (secas, tempestades e etc).<\/p>\n<\/div>\n<\/div>\n<div id=\"chunk-djtb9\">\n<div class=\"mc-column content-text active-extra-styles \" data-block-type=\"unstyled\" data-block-weight=\"38\" data-block-id=\"5\">\n<p class=\" content-text__container \" data-track-category=\"Link no Texto\" data-track-links=\"\" data-mrf-recirculation=\"Artigo - Links Texto\">O acordo fechado na COP29 apenas sugere que os pa\u00edses devem alcan\u00e7ar, ao menos. US$ 1,3 trilh\u00e3o (R$ 7,54 trilh\u00f5es) at\u00e9 2035, mas n\u00e3o explica como esse valor ser\u00e1 arrecadado, se por doa\u00e7\u00f5es, empr\u00e9stimos ou investimentos privados.<\/p>\n<\/div>\n<\/div>\n<div id=\"chunk-9of7s\">\n<div class=\"mc-column content-text active-extra-styles\" data-block-type=\"raw\" data-block-weight=\"45\" data-block-id=\"7\">\n<blockquote class=\"content-blockquote theme-border-color-primary-before\"><p>&#8220;Esperava um resultado mais ambicioso &#8211; tanto no financiamento quanto na mitiga\u00e7\u00e3o &#8211; para fazer frente ao grande desafio que enfrentamos&#8221;, declarou Guterres em nota, ao mesmo tempo, em que chamou &#8220;os governos para verem este acordo como uma [apenas uma] base [para mais avan\u00e7os]&#8221;.<\/p><\/blockquote>\n<\/div>\n<\/div>\n<div id=\"chunk-dntvp\">\n<div class=\"mc-column content-text active-extra-styles \" data-block-type=\"unstyled\" data-block-weight=\"38\" data-block-id=\"8\">\n<p class=\" content-text__container \" data-track-category=\"Link no Texto\" data-track-links=\"\" data-mrf-recirculation=\"Artigo - Links Texto\">\ud83c\udf0e\u00a0<strong>CONTEXTO:\u00a0<\/strong>A COP29 \u00e9 um evento que re\u00fane governos do mundo inteiro, diplomatas, cientistas, membros da sociedade civil e diversas entidades privadas com o objetivo de debater e buscar solu\u00e7\u00f5es para a crise clim\u00e1tica causada pelo homem.<\/p>\n<\/div>\n<\/div>\n<div id=\"chunk-81gor\">\n<div class=\"mc-column content-text active-extra-styles\" data-block-type=\"raw\" data-block-weight=\"84\" data-block-id=\"9\">\n<ul class=\"content-unordered-list\">\n<li>O valor de US$ 300 bilh\u00f5es foi US$ 50 bilh\u00f5es (R$ 290 bilh\u00f5es) maior do que o proposto no rascunho do texto, intitulado &#8220;COP das Finan\u00e7as&#8221;.<\/li>\n<li>Entretanto, est\u00e1\u00a0<span class=\"highlight highlighted\">muito aqu\u00e9m do US$ 1,3 trilh\u00e3o<\/span>\u00a0pleiteado por pa\u00edses em desenvolvimento, incluindo a ministra do Meio Ambiente do Brasil.<\/li>\n<li>A c\u00fapula deveria ter sido encerrado na sexta-feira (22), mas foi prorrogada por um dia para que negociadores de quase 200 pa\u00edses tentassem chegar a um acordo sobre o plano de financiamento clim\u00e1tico para a pr\u00f3xima d\u00e9cada.<\/li>\n<\/ul>\n<\/div>\n<\/div>\n<div id=\"chunk-b7q4g\">\n<div class=\"mc-column content-text active-extra-styles\" data-block-type=\"raw\" data-block-weight=\"5\" data-block-id=\"10\">\n<div class=\"content-intertitle\">\n<h2>ONU cobra compromisso e a\u00e7\u00e3o<\/h2>\n<\/div>\n<\/div>\n<\/div>\n<div id=\"chunk-ff8nc\">\n<div class=\"mc-column content-text active-extra-styles \" data-block-type=\"unstyled\" data-block-weight=\"32\" data-block-id=\"11\">\n<p class=\" content-text__container \" data-track-category=\"Link no Texto\" data-track-links=\"\" data-mrf-recirculation=\"Artigo - Links Texto\">O acordo &#8220;deve ser cumprido por completo e a tempo&#8221;, acrescentou Guterres. &#8220;Os compromissos devem se tornar efetivos rapidamente. Todos os pa\u00edses devem se unir para o objetivo ser cumprido&#8221;, completou Guterres.<\/p>\n<\/div>\n<\/div>\n<div id=\"chunk-74ibd\">\n<div class=\"mc-column content-text active-extra-styles \" data-block-type=\"unstyled\" data-block-weight=\"53\" data-block-id=\"13\">\n<p class=\" content-text__container \" data-track-category=\"Link no Texto\" data-track-links=\"\" data-mrf-recirculation=\"Artigo - Links Texto\">O chefe da ONU para o Clima, Simon Stiell, afirmou que &#8220;n\u00e3o \u00e9 o momento de dar voltas da vit\u00f3ria&#8221;. &#8220;Nenhum pa\u00eds conseguiu o que queria, e vamos partir de Baku com uma montanha de trabalho ainda por fazer. Sendo assim, n\u00e3o \u00e9 o momento de dar voltas da vit\u00f3ria&#8221;, afirmou Stiell<\/p>\n<\/div>\n<\/div>\n<div id=\"chunk-ckc8j\">\n<div class=\"mc-column content-text active-extra-styles \" data-block-type=\"unstyled\" data-block-weight=\"22\" data-block-id=\"14\">\n<p class=\" content-text__container \" data-track-category=\"Link no Texto\" data-track-links=\"\" data-mrf-recirculation=\"Artigo - Links Texto\">O resultado do acordo alcan\u00e7ado em Baku, no Azerbaij\u00e3o, tamb\u00e9m foi recebido com decep\u00e7\u00e3o por entidades ambientais e pa\u00edses em desenvolvimento.<\/p>\n<\/div>\n<\/div>\n<div id=\"chunk-eiqc9\">\n<div class=\"mc-column content-text active-extra-styles \" data-block-type=\"unstyled\" data-block-weight=\"39\" data-block-id=\"15\">\n<p class=\" content-text__container \" data-track-category=\"Link no Texto\" data-track-links=\"\" data-mrf-recirculation=\"Artigo - Links Texto\">O representante da \u00cdndia, por exemplo, se op\u00f4s \u00e0 ado\u00e7\u00e3o do acordo, enquanto o da Bol\u00edvia disse que o documento &#8220;consagra a injusti\u00e7a clim\u00e1tica&#8221; e &#8220;consolida um sistema injusto&#8221;. A negociadora da Nig\u00e9ria chamou o valor acordado de &#8220;piada&#8221;.<\/p>\n<\/div>\n<\/div>\n<div id=\"chunk-618ob\">\n<div class=\"mc-column content-text active-extra-styles \" data-block-type=\"unstyled\" data-block-weight=\"32\" data-block-id=\"16\">\n<p class=\" content-text__container \" data-track-category=\"Link no Texto\" data-track-links=\"\" data-mrf-recirculation=\"Artigo - Links Texto\">&#8220;Este objetivo n\u00e3o \u00e9 o que esper\u00e1vamos conseguir. Depois de anos de discuss\u00f5es, n\u00e3o \u00e9 ambicioso para n\u00f3s&#8221;, disse Evans Njewa, diplomata do Malau\u00ed e chefe do bloco de Pa\u00edses Menos Desenvolvidos.<\/p>\n<\/div>\n<\/div>\n<div id=\"chunk-3f39g\">\n<div class=\"mc-column content-text active-extra-styles\" data-block-type=\"raw\" data-block-weight=\"41\" data-block-id=\"19\">\n<blockquote class=\"content-blockquote theme-border-color-primary-before\"><p>&#8220;Esta COP foi um desastre para o mundo em desenvolvimento. \u00c9 uma trai\u00e7\u00e3o \u00e0s pessoas e ao planeta, por parte dos pa\u00edses ricos que afirmam levar a s\u00e9rio as altera\u00e7\u00f5es clim\u00e1ticas&#8221;, disse Mohamed Adow, diretor do &#8220;think tank&#8221; Power Shift Africa.<\/p><\/blockquote>\n<\/div>\n<\/div>\n<div id=\"chunk-5n1lq\">\n<div class=\"mc-column content-text active-extra-styles \" data-block-type=\"unstyled\" data-block-weight=\"30\" data-block-id=\"20\">\n<p class=\" content-text__container \" data-track-category=\"Link no Texto\" data-track-links=\"\" data-mrf-recirculation=\"Artigo - Links Texto\">As delega\u00e7\u00f5es dos pequenos Estados insulares e dos pa\u00edses em desenvolvimento, por sua vez,\u00a0<a class=\"\" href=\"https:\/\/g1.globo.com\/meio-ambiente\/noticia\/2024\/11\/23\/pequenos-estados-insulares-e-paises-em-desenvolvimento-abandonam-negociacao-da-cop29.ghtml\" data-mrf-link=\"https:\/\/g1.globo.com\/meio-ambiente\/noticia\/2024\/11\/23\/pequenos-estados-insulares-e-paises-em-desenvolvimento-abandonam-negociacao-da-cop29.ghtml\">chegaram a abandonar a reuni\u00e3o para protestar contra o projeto de acordo que estava sendo preparado.<\/a><\/p>\n<\/div>\n<\/div>\n<div id=\"chunk-62qea\">\n<div class=\"mc-column content-text active-extra-styles \" data-block-type=\"unstyled\" data-block-weight=\"20\" data-block-id=\"21\">\n<p class=\" content-text__container \" data-track-category=\"Link no Texto\" data-track-links=\"\" data-mrf-recirculation=\"Artigo - Links Texto\">&#8220;Consideramos que n\u00e3o fomos ouvidos&#8221;, declarou Cedric Schuster, enviado de Samoa em nome da alian\u00e7a dos pequenos Estados insulares (Aosis).<\/p>\n<\/div>\n<\/div>\n<div id=\"chunk-33l3m\">\n<div class=\"mc-column content-text active-extra-styles \" data-block-type=\"unstyled\" data-block-weight=\"46\" data-block-id=\"22\">\n<p class=\" content-text__container \" data-track-category=\"Link no Texto\" data-track-links=\"\" data-mrf-recirculation=\"Artigo - Links Texto\">J\u00e1 a ativista Greta Thunberg publicou um post em suas redes sociais escreveu: &#8220;\u00e0 medida que a reuni\u00e3o clim\u00e1tica da COP29 chega ao fim, n\u00e3o deveria ser surpresa que mais uma COP esteja fracassando. O rascunho atual \u00e9 um completo desastre&#8221;.\u00a0<em>Veja o post abaixo.<\/em><\/p>\n<\/div>\n<\/div>\n<div id=\"chunk-ch3qh\">\n<div class=\"mc-column content-text active-extra-styles\" data-block-type=\"raw\" data-block-weight=\"4\" data-block-id=\"25\">\n<div class=\"content-intertitle\">\n<h2>Resultado antes da COP30<\/h2>\n<\/div>\n<\/div>\n<\/div>\n<div id=\"chunk-egun8\">\n<div class=\"mc-column content-text active-extra-styles \" data-block-type=\"unstyled\" data-block-weight=\"33\" data-block-id=\"26\">\n<p class=\" content-text__container \" data-track-category=\"Link no Texto\" data-track-links=\"\" data-mrf-recirculation=\"Artigo - Links Texto\">O secret\u00e1rio-geral da ONU instou ainda os pa\u00edses a desenvolverem novos planos de a\u00e7\u00e3o clim\u00e1tica para toda a economia muito antes da COP30, que ser\u00e1 realizada em Bel\u00e9m (PA), em novembro de 2025.<\/p>\n<\/div>\n<\/div>\n<div id=\"chunk-6j14n\">\n<div class=\"mc-column content-text active-extra-styles \" data-block-type=\"unstyled\" data-block-weight=\"56\" data-block-id=\"27\">\n<p class=\" content-text__container \" data-track-category=\"Link no Texto\" data-track-links=\"\" data-mrf-recirculation=\"Artigo - Links Texto\">\ud83c\udf0e Vale destacar que se a COP de Baku n\u00e3o alcan\u00e7ar os resultados esperados, a responsabilidade sobre a pr\u00f3xima confer\u00eancia, a COP30 no Brasil, aumentar\u00e1 ainda mais. Isso porque, ap\u00f3s anos de negocia\u00e7\u00f5es dif\u00edceis e avan\u00e7os limitados, ser\u00e1 essencial que os pa\u00edses apresentem metas mais claras e a\u00e7\u00f5es pr\u00e1ticas para que a confer\u00eancia traga avan\u00e7os concretos.<\/p>\n<\/div>\n<\/div>\n<div id=\"chunk-72dju\">\n<div class=\"mc-column content-text active-extra-styles \" data-block-type=\"unstyled\" data-block-weight=\"43\" data-block-id=\"28\">\n<p class=\" content-text__container \" data-track-category=\"Link no Texto\" data-track-links=\"\" data-mrf-recirculation=\"Artigo - Links Texto\">\ud83c\udf0e E at\u00e9 l\u00e1, os pa\u00edses membros da confer\u00eancia precisar\u00e3o apresentar a segunda rodada das suas contribui\u00e7\u00f5es nacionalmente determinadas (NDC, na sigla em ingl\u00eas) para o Acordo do Clima de Paris. Segundo o acordo,\u00a0<span class=\"highlight highlighted\">as NDCs s\u00e3o apresentadas a cada cinco anos.<\/span><\/p>\n<\/div>\n<\/div>\n<div id=\"chunk-ahp6v\">\n<div class=\"mc-column content-text active-extra-styles \" data-block-type=\"unstyled\" data-block-weight=\"32\" data-block-id=\"29\">\n<p class=\" content-text__container \" data-track-category=\"Link no Texto\" data-track-links=\"\" data-mrf-recirculation=\"Artigo - Links Texto\">Para a meta refletir em algo concreto, fact\u00edvel e justo ao longo do tempo, o Acordo de Paris prev\u00ea que cada NDC subsequente deve representar uma progress\u00e3o em rela\u00e7\u00e3o \u00e0 NDC anterior.<\/p>\n<\/div>\n<\/div>\n<div id=\"chunk-2igb5\">\n<div class=\"mc-column content-text active-extra-styles \" data-block-type=\"unstyled\" data-block-weight=\"26\" data-block-id=\"30\">\n<p class=\" content-text__container \" data-track-category=\"Link no Texto\" data-track-links=\"\" data-mrf-recirculation=\"Artigo - Links Texto\">Apesar disso, embora as partes tenham a obriga\u00e7\u00e3o legal de ter uma NDC, caso suas medidas listadas n\u00e3o sejam cumpridas,\u00a0<strong>elas n\u00e3o ser\u00e3o responsabilizadas por isso.<\/strong><\/p>\n<\/div>\n<\/div>\n<div id=\"chunk-1igs1\">\n<div class=\"mc-column content-text active-extra-styles\" data-block-type=\"raw\" data-block-weight=\"2\" data-block-id=\"31\">\n<div class=\"content-intertitle\">\n<h2>Combust\u00edveis f\u00f3sseis<\/h2>\n<\/div>\n<\/div>\n<\/div>\n<div id=\"chunk-6c7ru\">\n<div class=\"mc-column content-text active-extra-styles \" data-block-type=\"unstyled\" data-block-weight=\"37\" data-block-id=\"32\">\n<p class=\" content-text__container \" data-track-category=\"Link no Texto\" data-track-links=\"\" data-mrf-recirculation=\"Artigo - Links Texto\">Por fim, Ant\u00f3nio Guterres afirmou em nota que &#8220;o fim da era dos combust\u00edveis f\u00f3sseis \u00e9 um inevit\u00e1vel econ\u00f4mico. Os novos planos nacionais devem acelerar a mudan\u00e7a e ajudar a garantir que se realize com justi\u00e7a&#8221;.<\/p>\n<\/div>\n<\/div>\n<div id=\"chunk-3i6f7\">\n<div class=\"mc-column content-text active-extra-styles \" data-block-type=\"unstyled\" data-block-weight=\"52\" data-block-id=\"34\">\n<p class=\" content-text__container \" data-track-category=\"Link no Texto\" data-track-links=\"\" data-mrf-recirculation=\"Artigo - Links Texto\">O governador do Par\u00e1 Helder Barbalho (MDB), um dos anfitri\u00f5es da confer\u00eancia, disse em 10 de novembro que as propostas que o\u00a0<a class=\"\" href=\"https:\/\/g1.globo.com\/pa\/para\/noticia\/2024\/11\/10\/anfitriao-da-cop-30-em-belem-helder-barbalho-diz-que-espera-participacao-dos-eua-pais-precisa-sintonizar-estrategia-as-urgencias-ambientais.ghtml\" data-mrf-link=\"https:\/\/g1.globo.com\/pa\/para\/noticia\/2024\/11\/10\/anfitriao-da-cop-30-em-belem-helder-barbalho-diz-que-espera-participacao-dos-eua-pais-precisa-sintonizar-estrategia-as-urgencias-ambientais.ghtml\">Brasil deve levar \u00e0 COP envolvem estrat\u00e9gias para equilibrar as emiss\u00f5es geradas por pa\u00edses,<\/a> como os EUA, por meio de tecnologias j\u00e1 implantadas na Amaz\u00f4nia, como o mercado de carbono.<\/p>\n<\/div>\n<\/div>\n<div id=\"chunk-br9pn\">\n<div class=\"mc-column content-text active-extra-styles\" data-block-type=\"raw\" data-block-weight=\"65\" data-block-id=\"35\">\n<blockquote class=\"content-blockquote theme-border-color-primary-before\"><p>&#8220;A economia norte-americana \u00e9 fortemente atrelada \u00e0 ind\u00fastria, a maior respons\u00e1vel pelas emiss\u00f5es de gases de efeito estufa. O que se busca, neste momento, \u00e9 a neutraliza\u00e7\u00e3o das emiss\u00f5es seja com tecnologias que possam reduzir as plantas que emitem, principalmente com a transi\u00e7\u00e3o energ\u00e9tica que reduz a depend\u00eancia de combust\u00edveis f\u00f3sseis, mas tamb\u00e9m o mercado de carbono que \u00e9 uma grande solu\u00e7\u00e3o para neutraliza\u00e7\u00e3o&#8221;, explicou.<\/p><\/blockquote>\n<\/div>\n<\/div>\n<div id=\"chunk-71el5\">\n<div class=\"mc-column content-text active-extra-styles \" data-block-type=\"unstyled\" data-block-weight=\"58\" data-block-id=\"36\">\n<p class=\" content-text__container \" data-track-category=\"Link no Texto\" data-track-links=\"\" data-mrf-recirculation=\"Artigo - Links Texto\">\u274c Vale destacar que o documento final da confer\u00eancia, que encerrou ontem, n\u00e3o fez men\u00e7\u00e3o \u00e0 &#8220;transi\u00e7\u00e3o dos combust\u00edveis f\u00f3sseis&#8221;, que foi um dos pontos centrais no acordo da COP28 em Dubai. Na c\u00fapula do ano passado, apesar de alguns avan\u00e7os, os pa\u00edses reunidos concordaram que \u00e9 necess\u00e1rio come\u00e7ar a se afastar dos combust\u00edveis f\u00f3sseis, especialmente nesta d\u00e9cada.<\/p>\n<\/div>\n<\/div>\n<div id=\"chunk-12bgc\">\n<div class=\"mc-column content-text active-extra-styles \" data-block-type=\"unstyled\" data-block-weight=\"49\" data-block-id=\"37\">\n<p class=\" content-text__container \" data-track-category=\"Link no Texto\" data-track-links=\"\" data-mrf-recirculation=\"Artigo - Links Texto\">Tanto que ambientalistas esperavam que a COP29 trouxesse mais avan\u00e7os em dire\u00e7\u00e3o a um plano mais definitivo e com compromissos mais claros sobre a redu\u00e7\u00e3o do uso de combust\u00edveis f\u00f3sseis, principalmente nos pa\u00edses que dependem desses recursos, como os grandes produtores de petr\u00f3leo \u2013 o que tamb\u00e9m \u00e3o ocorreu.<\/p>\n<\/div>\n<\/div>\n<div data-track-category=\"multicontent\" data-track-action=\"multicontent\" data-track-noninteraction=\"false\" data-track-scroll=\"ultimo chunk conteudo\" data-track-value=\"view\">\n<div id=\"chunk-80rpo\">\n<div class=\"mc-column content-text active-extra-styles \" data-block-type=\"unstyled\" data-block-weight=\"35\" data-block-id=\"39\">\n<p class=\" content-text__container \" data-track-category=\"Link no Texto\" data-track-links=\"\" data-mrf-recirculation=\"Artigo - Links Texto\">Dessa forma, secret\u00e1rio-geral da ONU disse em sua mensagem que os ativistas devem continuar pressionando os pa\u00edses sobre esse tema. &#8220;As Na\u00e7\u00f5es Unidas est\u00e3o com voc\u00eas. Nossa luta continua e nunca fraquejaremos.<\/p>\n<\/div>\n<\/div>\n<\/div>\n<\/div>\n<\/article>\n<\/div>\n<p>Fonte: G1 SP<\/p>\n<\/div>\n","protected":false},"excerpt":{"rendered":"<p>Foto: Bruno Peres\/Ag\u00eancia Brasil Chefe da ONU critica falta de ambi\u00e7\u00e3o da COP29 e defende que acordo financeiro seja &#8216;base&#8217; para mais avan\u00e7os Pa\u00edses concordaram em oferecer US$ 300 bi (R$ (1,7 trilh\u00e3o) por ano para financiar o combate \u00e0s mudan\u00e7as clim\u00e1ticas. Valor \u00e9 inferior ao US$ 1,3 trilh\u00e3o cobrado por pa\u00edses em desenvolvimento. &nbsp; [&hellip;]<\/p>\n","protected":false},"author":2,"featured_media":2895,"comment_status":"open","ping_status":"open","sticky":false,"template":"","format":"standard","meta":{"rop_custom_images_group":[],"rop_custom_messages_group":[],"rop_publish_now":"initial","rop_publish_now_accounts":{"twitter_850042665852968960_850042665852968960":""},"rop_publish_now_history":[],"rop_publish_now_status":"pending","footnotes":""},"categories":[15],"tags":[238,305,306,304,303],"class_list":["post-2894","post","type-post","status-publish","format-standard","has-post-thumbnail","hentry","category-destaques","tag-acordo","tag-ativistas","tag-combustiveis-fosseis","tag-cop-29-enchentes","tag-crise-climatica"],"yoast_head":"<!-- This site is optimized with the Yoast SEO plugin v27.2 - https:\/\/yoast.com\/product\/yoast-seo-wordpress\/ -->\n<title>Chefe da ONU critica falta de ambi\u00e7\u00e3o da COP29 ap\u00f3s impasse e acordo de U$$ 300 bi - Prefeitos &amp; Gest\u00f5es<\/title>\n<meta name=\"robots\" content=\"index, follow, max-snippet:-1, max-image-preview:large, max-video-preview:-1\" \/>\n<link rel=\"canonical\" href=\"https:\/\/prefeitosegestoes.com.br\/portal\/chefe-da-onu-critica-falta-de-ambicao-da-cop29-apos-impasse-e-acordo-de-u-300-bi\/\" \/>\n<meta property=\"og:locale\" content=\"pt_BR\" \/>\n<meta property=\"og:type\" content=\"article\" \/>\n<meta property=\"og:title\" content=\"Chefe da ONU critica falta de ambi\u00e7\u00e3o da COP29 ap\u00f3s impasse e acordo de U$$ 300 bi - Prefeitos &amp; Gest\u00f5es\" \/>\n<meta property=\"og:description\" content=\"Foto: Bruno Peres\/Ag\u00eancia Brasil Chefe da ONU critica falta de ambi\u00e7\u00e3o da COP29 e defende que acordo financeiro seja &#8216;base&#8217; para mais avan\u00e7os Pa\u00edses concordaram em oferecer US$ 300 bi (R$ (1,7 trilh\u00e3o) por ano para financiar o combate \u00e0s mudan\u00e7as clim\u00e1ticas. Valor \u00e9 inferior ao US$ 1,3 trilh\u00e3o cobrado por pa\u00edses em desenvolvimento. &nbsp; [&hellip;]\" \/>\n<meta property=\"og:url\" content=\"https:\/\/prefeitosegestoes.com.br\/portal\/chefe-da-onu-critica-falta-de-ambicao-da-cop29-apos-impasse-e-acordo-de-u-300-bi\/\" \/>\n<meta property=\"og:site_name\" content=\"Prefeitos &amp; Gest\u00f5es\" \/>\n<meta property=\"article:publisher\" content=\"https:\/\/www.facebook.com\/prefeitosonline\" \/>\n<meta property=\"article:published_time\" content=\"2024-11-24T12:15:58+00:00\" \/>\n<meta property=\"article:modified_time\" content=\"2024-11-24T12:17:34+00:00\" \/>\n<meta property=\"og:image\" content=\"https:\/\/prefeitosegestoes.com.br\/portal\/wp-content\/uploads\/2024\/11\/mg_3625-1.webp\" \/>\n\t<meta property=\"og:image:width\" content=\"1024\" \/>\n\t<meta property=\"og:image:height\" content=\"768\" \/>\n\t<meta property=\"og:image:type\" content=\"image\/webp\" \/>\n<meta name=\"author\" content=\"Prefeitos &amp; Gest\u00f5es\" \/>\n<meta name=\"twitter:card\" content=\"summary_large_image\" \/>\n<meta name=\"twitter:creator\" content=\"@PrefGestoes\" \/>\n<meta name=\"twitter:site\" content=\"@PrefGestoes\" \/>\n<meta name=\"twitter:label1\" content=\"Escrito por\" \/>\n\t<meta name=\"twitter:data1\" content=\"Prefeitos &amp; Gest\u00f5es\" \/>\n\t<meta name=\"twitter:label2\" content=\"Est. tempo de leitura\" \/>\n\t<meta name=\"twitter:data2\" content=\"7 minutos\" \/>\n<script type=\"application\/ld+json\" class=\"yoast-schema-graph\">{\"@context\":\"https:\/\/schema.org\",\"@graph\":[{\"@type\":\"Article\",\"@id\":\"https:\/\/prefeitosegestoes.com.br\/portal\/chefe-da-onu-critica-falta-de-ambicao-da-cop29-apos-impasse-e-acordo-de-u-300-bi\/#article\",\"isPartOf\":{\"@id\":\"https:\/\/prefeitosegestoes.com.br\/portal\/chefe-da-onu-critica-falta-de-ambicao-da-cop29-apos-impasse-e-acordo-de-u-300-bi\/\"},\"author\":{\"name\":\"Prefeitos &amp; Gest\u00f5es\",\"@id\":\"https:\/\/prefeitosegestoes.com.br\/portal\/#\/schema\/person\/d00059f2ec99963e7e1850d448ae94b8\"},\"headline\":\"Chefe da ONU critica falta de ambi\u00e7\u00e3o da COP29 ap\u00f3s impasse e acordo de U$$ 300 bi\",\"datePublished\":\"2024-11-24T12:15:58+00:00\",\"dateModified\":\"2024-11-24T12:17:34+00:00\",\"mainEntityOfPage\":{\"@id\":\"https:\/\/prefeitosegestoes.com.br\/portal\/chefe-da-onu-critica-falta-de-ambicao-da-cop29-apos-impasse-e-acordo-de-u-300-bi\/\"},\"wordCount\":1341,\"commentCount\":0,\"publisher\":{\"@id\":\"https:\/\/prefeitosegestoes.com.br\/portal\/#organization\"},\"image\":{\"@id\":\"https:\/\/prefeitosegestoes.com.br\/portal\/chefe-da-onu-critica-falta-de-ambicao-da-cop29-apos-impasse-e-acordo-de-u-300-bi\/#primaryimage\"},\"thumbnailUrl\":\"https:\/\/prefeitosegestoes.com.br\/portal\/wp-content\/uploads\/2024\/11\/mg_3625-1.webp\",\"keywords\":[\"Acordo\",\"Ativistas\",\"Combust\u00edveis F\u00f3sseis\",\"COP 29. Enchentes\",\"Crise clim\u00e1tica\"],\"articleSection\":[\"Destaques\"],\"inLanguage\":\"pt-BR\",\"potentialAction\":[{\"@type\":\"CommentAction\",\"name\":\"Comment\",\"target\":[\"https:\/\/prefeitosegestoes.com.br\/portal\/chefe-da-onu-critica-falta-de-ambicao-da-cop29-apos-impasse-e-acordo-de-u-300-bi\/#respond\"]}]},{\"@type\":\"WebPage\",\"@id\":\"https:\/\/prefeitosegestoes.com.br\/portal\/chefe-da-onu-critica-falta-de-ambicao-da-cop29-apos-impasse-e-acordo-de-u-300-bi\/\",\"url\":\"https:\/\/prefeitosegestoes.com.br\/portal\/chefe-da-onu-critica-falta-de-ambicao-da-cop29-apos-impasse-e-acordo-de-u-300-bi\/\",\"name\":\"Chefe da ONU critica falta de ambi\u00e7\u00e3o da COP29 ap\u00f3s impasse e acordo de U$$ 300 bi - Prefeitos &amp; Gest\u00f5es\",\"isPartOf\":{\"@id\":\"https:\/\/prefeitosegestoes.com.br\/portal\/#website\"},\"primaryImageOfPage\":{\"@id\":\"https:\/\/prefeitosegestoes.com.br\/portal\/chefe-da-onu-critica-falta-de-ambicao-da-cop29-apos-impasse-e-acordo-de-u-300-bi\/#primaryimage\"},\"image\":{\"@id\":\"https:\/\/prefeitosegestoes.com.br\/portal\/chefe-da-onu-critica-falta-de-ambicao-da-cop29-apos-impasse-e-acordo-de-u-300-bi\/#primaryimage\"},\"thumbnailUrl\":\"https:\/\/prefeitosegestoes.com.br\/portal\/wp-content\/uploads\/2024\/11\/mg_3625-1.webp\",\"datePublished\":\"2024-11-24T12:15:58+00:00\",\"dateModified\":\"2024-11-24T12:17:34+00:00\",\"breadcrumb\":{\"@id\":\"https:\/\/prefeitosegestoes.com.br\/portal\/chefe-da-onu-critica-falta-de-ambicao-da-cop29-apos-impasse-e-acordo-de-u-300-bi\/#breadcrumb\"},\"inLanguage\":\"pt-BR\",\"potentialAction\":[{\"@type\":\"ReadAction\",\"target\":[\"https:\/\/prefeitosegestoes.com.br\/portal\/chefe-da-onu-critica-falta-de-ambicao-da-cop29-apos-impasse-e-acordo-de-u-300-bi\/\"]}]},{\"@type\":\"ImageObject\",\"inLanguage\":\"pt-BR\",\"@id\":\"https:\/\/prefeitosegestoes.com.br\/portal\/chefe-da-onu-critica-falta-de-ambicao-da-cop29-apos-impasse-e-acordo-de-u-300-bi\/#primaryimage\",\"url\":\"https:\/\/prefeitosegestoes.com.br\/portal\/wp-content\/uploads\/2024\/11\/mg_3625-1.webp\",\"contentUrl\":\"https:\/\/prefeitosegestoes.com.br\/portal\/wp-content\/uploads\/2024\/11\/mg_3625-1.webp\",\"width\":1024,\"height\":768},{\"@type\":\"BreadcrumbList\",\"@id\":\"https:\/\/prefeitosegestoes.com.br\/portal\/chefe-da-onu-critica-falta-de-ambicao-da-cop29-apos-impasse-e-acordo-de-u-300-bi\/#breadcrumb\",\"itemListElement\":[{\"@type\":\"ListItem\",\"position\":1,\"name\":\"In\u00edcio\",\"item\":\"https:\/\/prefeitosegestoes.com.br\/portal\/\"},{\"@type\":\"ListItem\",\"position\":2,\"name\":\"Chefe da ONU critica falta de ambi\u00e7\u00e3o da COP29 ap\u00f3s impasse e acordo de U$$ 300 bi\"}]},{\"@type\":\"WebSite\",\"@id\":\"https:\/\/prefeitosegestoes.com.br\/portal\/#website\",\"url\":\"https:\/\/prefeitosegestoes.com.br\/portal\/\",\"name\":\"Prefeitos & Gest\u00f5es\",\"description\":\"\",\"publisher\":{\"@id\":\"https:\/\/prefeitosegestoes.com.br\/portal\/#organization\"},\"potentialAction\":[{\"@type\":\"SearchAction\",\"target\":{\"@type\":\"EntryPoint\",\"urlTemplate\":\"https:\/\/prefeitosegestoes.com.br\/portal\/?s={search_term_string}\"},\"query-input\":{\"@type\":\"PropertyValueSpecification\",\"valueRequired\":true,\"valueName\":\"search_term_string\"}}],\"inLanguage\":\"pt-BR\"},{\"@type\":\"Organization\",\"@id\":\"https:\/\/prefeitosegestoes.com.br\/portal\/#organization\",\"name\":\"Prefeitos & Gest\u00f5es\",\"url\":\"https:\/\/prefeitosegestoes.com.br\/portal\/\",\"logo\":{\"@type\":\"ImageObject\",\"inLanguage\":\"pt-BR\",\"@id\":\"https:\/\/prefeitosegestoes.com.br\/portal\/#\/schema\/logo\/image\/\",\"url\":\"https:\/\/prefeitosegestoes.com.br\/portal\/wp-content\/uploads\/2024\/10\/lg_trans_prefeitos_2024_preto2.png\",\"contentUrl\":\"https:\/\/prefeitosegestoes.com.br\/portal\/wp-content\/uploads\/2024\/10\/lg_trans_prefeitos_2024_preto2.png\",\"width\":199,\"height\":122,\"caption\":\"Prefeitos & Gest\u00f5es\"},\"image\":{\"@id\":\"https:\/\/prefeitosegestoes.com.br\/portal\/#\/schema\/logo\/image\/\"},\"sameAs\":[\"https:\/\/www.facebook.com\/prefeitosonline\",\"https:\/\/x.com\/PrefGestoes\"]},{\"@type\":\"Person\",\"@id\":\"https:\/\/prefeitosegestoes.com.br\/portal\/#\/schema\/person\/d00059f2ec99963e7e1850d448ae94b8\",\"name\":\"Prefeitos &amp; Gest\u00f5es\",\"image\":{\"@type\":\"ImageObject\",\"inLanguage\":\"pt-BR\",\"@id\":\"https:\/\/secure.gravatar.com\/avatar\/738fb281e479212ed32c1a21a4307dda9f3af9292edb6918a16c9ce9fff5f48d?s=96&d=mm&r=g\",\"url\":\"https:\/\/secure.gravatar.com\/avatar\/738fb281e479212ed32c1a21a4307dda9f3af9292edb6918a16c9ce9fff5f48d?s=96&d=mm&r=g\",\"contentUrl\":\"https:\/\/secure.gravatar.com\/avatar\/738fb281e479212ed32c1a21a4307dda9f3af9292edb6918a16c9ce9fff5f48d?s=96&d=mm&r=g\",\"caption\":\"Prefeitos &amp; Gest\u00f5es\"},\"url\":\"https:\/\/prefeitosegestoes.com.br\/portal\/author\/prefeitosegestoes\/\"}]}<\/script>\n<!-- \/ Yoast SEO plugin. -->","yoast_head_json":{"title":"Chefe da ONU critica falta de ambi\u00e7\u00e3o da COP29 ap\u00f3s impasse e acordo de U$$ 300 bi - Prefeitos &amp; Gest\u00f5es","robots":{"index":"index","follow":"follow","max-snippet":"max-snippet:-1","max-image-preview":"max-image-preview:large","max-video-preview":"max-video-preview:-1"},"canonical":"https:\/\/prefeitosegestoes.com.br\/portal\/chefe-da-onu-critica-falta-de-ambicao-da-cop29-apos-impasse-e-acordo-de-u-300-bi\/","og_locale":"pt_BR","og_type":"article","og_title":"Chefe da ONU critica falta de ambi\u00e7\u00e3o da COP29 ap\u00f3s impasse e acordo de U$$ 300 bi - Prefeitos &amp; Gest\u00f5es","og_description":"Foto: Bruno Peres\/Ag\u00eancia Brasil Chefe da ONU critica falta de ambi\u00e7\u00e3o da COP29 e defende que acordo financeiro seja &#8216;base&#8217; para mais avan\u00e7os Pa\u00edses concordaram em oferecer US$ 300 bi (R$ (1,7 trilh\u00e3o) por ano para financiar o combate \u00e0s mudan\u00e7as clim\u00e1ticas. Valor \u00e9 inferior ao US$ 1,3 trilh\u00e3o cobrado por pa\u00edses em desenvolvimento. &nbsp; [&hellip;]","og_url":"https:\/\/prefeitosegestoes.com.br\/portal\/chefe-da-onu-critica-falta-de-ambicao-da-cop29-apos-impasse-e-acordo-de-u-300-bi\/","og_site_name":"Prefeitos &amp; Gest\u00f5es","article_publisher":"https:\/\/www.facebook.com\/prefeitosonline","article_published_time":"2024-11-24T12:15:58+00:00","article_modified_time":"2024-11-24T12:17:34+00:00","og_image":[{"width":1024,"height":768,"url":"https:\/\/prefeitosegestoes.com.br\/portal\/wp-content\/uploads\/2024\/11\/mg_3625-1.webp","type":"image\/webp"}],"author":"Prefeitos &amp; Gest\u00f5es","twitter_card":"summary_large_image","twitter_creator":"@PrefGestoes","twitter_site":"@PrefGestoes","twitter_misc":{"Escrito por":"Prefeitos &amp; Gest\u00f5es","Est. tempo de leitura":"7 minutos"},"schema":{"@context":"https:\/\/schema.org","@graph":[{"@type":"Article","@id":"https:\/\/prefeitosegestoes.com.br\/portal\/chefe-da-onu-critica-falta-de-ambicao-da-cop29-apos-impasse-e-acordo-de-u-300-bi\/#article","isPartOf":{"@id":"https:\/\/prefeitosegestoes.com.br\/portal\/chefe-da-onu-critica-falta-de-ambicao-da-cop29-apos-impasse-e-acordo-de-u-300-bi\/"},"author":{"name":"Prefeitos &amp; Gest\u00f5es","@id":"https:\/\/prefeitosegestoes.com.br\/portal\/#\/schema\/person\/d00059f2ec99963e7e1850d448ae94b8"},"headline":"Chefe da ONU critica falta de ambi\u00e7\u00e3o da COP29 ap\u00f3s impasse e acordo de U$$ 300 bi","datePublished":"2024-11-24T12:15:58+00:00","dateModified":"2024-11-24T12:17:34+00:00","mainEntityOfPage":{"@id":"https:\/\/prefeitosegestoes.com.br\/portal\/chefe-da-onu-critica-falta-de-ambicao-da-cop29-apos-impasse-e-acordo-de-u-300-bi\/"},"wordCount":1341,"commentCount":0,"publisher":{"@id":"https:\/\/prefeitosegestoes.com.br\/portal\/#organization"},"image":{"@id":"https:\/\/prefeitosegestoes.com.br\/portal\/chefe-da-onu-critica-falta-de-ambicao-da-cop29-apos-impasse-e-acordo-de-u-300-bi\/#primaryimage"},"thumbnailUrl":"https:\/\/prefeitosegestoes.com.br\/portal\/wp-content\/uploads\/2024\/11\/mg_3625-1.webp","keywords":["Acordo","Ativistas","Combust\u00edveis F\u00f3sseis","COP 29. Enchentes","Crise clim\u00e1tica"],"articleSection":["Destaques"],"inLanguage":"pt-BR","potentialAction":[{"@type":"CommentAction","name":"Comment","target":["https:\/\/prefeitosegestoes.com.br\/portal\/chefe-da-onu-critica-falta-de-ambicao-da-cop29-apos-impasse-e-acordo-de-u-300-bi\/#respond"]}]},{"@type":"WebPage","@id":"https:\/\/prefeitosegestoes.com.br\/portal\/chefe-da-onu-critica-falta-de-ambicao-da-cop29-apos-impasse-e-acordo-de-u-300-bi\/","url":"https:\/\/prefeitosegestoes.com.br\/portal\/chefe-da-onu-critica-falta-de-ambicao-da-cop29-apos-impasse-e-acordo-de-u-300-bi\/","name":"Chefe da ONU critica falta de ambi\u00e7\u00e3o da COP29 ap\u00f3s impasse e acordo de U$$ 300 bi - Prefeitos &amp; Gest\u00f5es","isPartOf":{"@id":"https:\/\/prefeitosegestoes.com.br\/portal\/#website"},"primaryImageOfPage":{"@id":"https:\/\/prefeitosegestoes.com.br\/portal\/chefe-da-onu-critica-falta-de-ambicao-da-cop29-apos-impasse-e-acordo-de-u-300-bi\/#primaryimage"},"image":{"@id":"https:\/\/prefeitosegestoes.com.br\/portal\/chefe-da-onu-critica-falta-de-ambicao-da-cop29-apos-impasse-e-acordo-de-u-300-bi\/#primaryimage"},"thumbnailUrl":"https:\/\/prefeitosegestoes.com.br\/portal\/wp-content\/uploads\/2024\/11\/mg_3625-1.webp","datePublished":"2024-11-24T12:15:58+00:00","dateModified":"2024-11-24T12:17:34+00:00","breadcrumb":{"@id":"https:\/\/prefeitosegestoes.com.br\/portal\/chefe-da-onu-critica-falta-de-ambicao-da-cop29-apos-impasse-e-acordo-de-u-300-bi\/#breadcrumb"},"inLanguage":"pt-BR","potentialAction":[{"@type":"ReadAction","target":["https:\/\/prefeitosegestoes.com.br\/portal\/chefe-da-onu-critica-falta-de-ambicao-da-cop29-apos-impasse-e-acordo-de-u-300-bi\/"]}]},{"@type":"ImageObject","inLanguage":"pt-BR","@id":"https:\/\/prefeitosegestoes.com.br\/portal\/chefe-da-onu-critica-falta-de-ambicao-da-cop29-apos-impasse-e-acordo-de-u-300-bi\/#primaryimage","url":"https:\/\/prefeitosegestoes.com.br\/portal\/wp-content\/uploads\/2024\/11\/mg_3625-1.webp","contentUrl":"https:\/\/prefeitosegestoes.com.br\/portal\/wp-content\/uploads\/2024\/11\/mg_3625-1.webp","width":1024,"height":768},{"@type":"BreadcrumbList","@id":"https:\/\/prefeitosegestoes.com.br\/portal\/chefe-da-onu-critica-falta-de-ambicao-da-cop29-apos-impasse-e-acordo-de-u-300-bi\/#breadcrumb","itemListElement":[{"@type":"ListItem","position":1,"name":"In\u00edcio","item":"https:\/\/prefeitosegestoes.com.br\/portal\/"},{"@type":"ListItem","position":2,"name":"Chefe da ONU critica falta de ambi\u00e7\u00e3o da COP29 ap\u00f3s impasse e acordo de U$$ 300 bi"}]},{"@type":"WebSite","@id":"https:\/\/prefeitosegestoes.com.br\/portal\/#website","url":"https:\/\/prefeitosegestoes.com.br\/portal\/","name":"Prefeitos & Gest\u00f5es","description":"","publisher":{"@id":"https:\/\/prefeitosegestoes.com.br\/portal\/#organization"},"potentialAction":[{"@type":"SearchAction","target":{"@type":"EntryPoint","urlTemplate":"https:\/\/prefeitosegestoes.com.br\/portal\/?s={search_term_string}"},"query-input":{"@type":"PropertyValueSpecification","valueRequired":true,"valueName":"search_term_string"}}],"inLanguage":"pt-BR"},{"@type":"Organization","@id":"https:\/\/prefeitosegestoes.com.br\/portal\/#organization","name":"Prefeitos & Gest\u00f5es","url":"https:\/\/prefeitosegestoes.com.br\/portal\/","logo":{"@type":"ImageObject","inLanguage":"pt-BR","@id":"https:\/\/prefeitosegestoes.com.br\/portal\/#\/schema\/logo\/image\/","url":"https:\/\/prefeitosegestoes.com.br\/portal\/wp-content\/uploads\/2024\/10\/lg_trans_prefeitos_2024_preto2.png","contentUrl":"https:\/\/prefeitosegestoes.com.br\/portal\/wp-content\/uploads\/2024\/10\/lg_trans_prefeitos_2024_preto2.png","width":199,"height":122,"caption":"Prefeitos & Gest\u00f5es"},"image":{"@id":"https:\/\/prefeitosegestoes.com.br\/portal\/#\/schema\/logo\/image\/"},"sameAs":["https:\/\/www.facebook.com\/prefeitosonline","https:\/\/x.com\/PrefGestoes"]},{"@type":"Person","@id":"https:\/\/prefeitosegestoes.com.br\/portal\/#\/schema\/person\/d00059f2ec99963e7e1850d448ae94b8","name":"Prefeitos &amp; Gest\u00f5es","image":{"@type":"ImageObject","inLanguage":"pt-BR","@id":"https:\/\/secure.gravatar.com\/avatar\/738fb281e479212ed32c1a21a4307dda9f3af9292edb6918a16c9ce9fff5f48d?s=96&d=mm&r=g","url":"https:\/\/secure.gravatar.com\/avatar\/738fb281e479212ed32c1a21a4307dda9f3af9292edb6918a16c9ce9fff5f48d?s=96&d=mm&r=g","contentUrl":"https:\/\/secure.gravatar.com\/avatar\/738fb281e479212ed32c1a21a4307dda9f3af9292edb6918a16c9ce9fff5f48d?s=96&d=mm&r=g","caption":"Prefeitos &amp; Gest\u00f5es"},"url":"https:\/\/prefeitosegestoes.com.br\/portal\/author\/prefeitosegestoes\/"}]}},"_links":{"self":[{"href":"https:\/\/prefeitosegestoes.com.br\/portal\/wp-json\/wp\/v2\/posts\/2894","targetHints":{"allow":["GET"]}}],"collection":[{"href":"https:\/\/prefeitosegestoes.com.br\/portal\/wp-json\/wp\/v2\/posts"}],"about":[{"href":"https:\/\/prefeitosegestoes.com.br\/portal\/wp-json\/wp\/v2\/types\/post"}],"author":[{"embeddable":true,"href":"https:\/\/prefeitosegestoes.com.br\/portal\/wp-json\/wp\/v2\/users\/2"}],"replies":[{"embeddable":true,"href":"https:\/\/prefeitosegestoes.com.br\/portal\/wp-json\/wp\/v2\/comments?post=2894"}],"version-history":[{"count":3,"href":"https:\/\/prefeitosegestoes.com.br\/portal\/wp-json\/wp\/v2\/posts\/2894\/revisions"}],"predecessor-version":[{"id":2898,"href":"https:\/\/prefeitosegestoes.com.br\/portal\/wp-json\/wp\/v2\/posts\/2894\/revisions\/2898"}],"wp:featuredmedia":[{"embeddable":true,"href":"https:\/\/prefeitosegestoes.com.br\/portal\/wp-json\/wp\/v2\/media\/2895"}],"wp:attachment":[{"href":"https:\/\/prefeitosegestoes.com.br\/portal\/wp-json\/wp\/v2\/media?parent=2894"}],"wp:term":[{"taxonomy":"category","embeddable":true,"href":"https:\/\/prefeitosegestoes.com.br\/portal\/wp-json\/wp\/v2\/categories?post=2894"},{"taxonomy":"post_tag","embeddable":true,"href":"https:\/\/prefeitosegestoes.com.br\/portal\/wp-json\/wp\/v2\/tags?post=2894"}],"curies":[{"name":"wp","href":"https:\/\/api.w.org\/{rel}","templated":true}]}}