{"id":2886,"date":"2024-11-22T20:09:19","date_gmt":"2024-11-22T23:09:19","guid":{"rendered":"https:\/\/prefeitosegestoes.com.br\/portal\/?p=2886"},"modified":"2024-11-22T20:09:19","modified_gmt":"2024-11-22T23:09:19","slug":"o-papel-dos-biocombustiveis-na-evolucao-energetica","status":"publish","type":"post","link":"https:\/\/prefeitosegestoes.com.br\/portal\/o-papel-dos-biocombustiveis-na-evolucao-energetica\/","title":{"rendered":"O papel dos biocombust\u00edveis na evolu\u00e7\u00e3o energ\u00e9tica"},"content":{"rendered":"<section class=\"\">\n<div class=\"container container-full\">\n<div class=\"\">\n<div class=\"px-12 px-lg-0\">\n<div class=\"row justify-content-between position-relative align-items-end\">\n<div class=\"col-6\">\n<h6 class=\"color-gray font-sm font-medium text-uppercase text-decoration-none mt-1 mb-0\"><a class=\"author url fn\" title=\"Posts por Instituto Brasileiro de Petr\u00f3leo e G\u00e1s (IBP)\" href=\"https:\/\/congressoemfoco.uol.com.br\/author\/ibp\/\" rel=\"author\">Foto: <\/a>Fabio Rodrigues-Pozzebom\/ Ag\u00eancia Brasil<\/h6>\n<p class=\"color-gray font-sm font-medium text-uppercase text-decoration-none mt-1 mb-0\"><a class=\"author url fn\" title=\"Posts por Instituto Brasileiro de Petr\u00f3leo e G\u00e1s (IBP)\" href=\"https:\/\/congressoemfoco.uol.com.br\/author\/ibp\/\" rel=\"author\">Instituto Brasileiro de Petr\u00f3leo e G\u00e1s (IBP)<\/a><\/p>\n<p class=\"font-xs color-gray lh-11 my-1\">21.11.2024 13:28\u00a0<i class=\"icon-comments\" aria-hidden=\"true\"><\/i><\/p>\n<div class=\"font-xs font-medium color-gray lh-11 mb-0\"><a class=\"color-gray text-decoration-none text-uppercase\" href=\"https:\/\/congressoemfoco.uol.com.br\/area\/pais\/o-papel-dos-biocombustiveis-na-evolucao-energetica\/#\" data-bs-toggle=\"modal\" data-bs-target=\"#modal-projeto-bula-45805\"><span class=\"color-blue-dark position-relative\"><i class=\"icon-projeto-bula\" aria-hidden=\"true\"><\/i>\u00a0<\/span>Not\u00edcia\u00a0<\/a>Em\u00a0<span class=\"byline-links\"><a class=\"color-gray text-uppercase\" href=\"https:\/\/congressoemfoco.uol.com.br\/category\/pais\">Pa\u00eds<\/a><\/span><\/div>\n<\/div>\n<div class=\"col-6\">\n<div class=\"post-article\">\n<article class=\"clearfix\">\n<div id=\"modal-ready\">\n<p class=\"first-paragraph\">Respons\u00e1vel por 17% do\u00a0<a href=\"https:\/\/congressoemfoco.uol.com.br\/tag\/pib\/\">Produto Interno Bruto<\/a>\u00a0(PIB) industrial brasileiro e pela gera\u00e7\u00e3o de mais de 1,6 milh\u00e3o de empregos, o setor de \u00f3leo e g\u00e1s abastece quase metade da oferta interna de energia. Diante disso, o Instituto Brasileiro de Petr\u00f3leo e G\u00e1s (IBP), organiza\u00e7\u00e3o focada em promover o desenvolvimento da ind\u00fastria brasileira de petr\u00f3leo, g\u00e1s e energia em um ambiente competitivo e sustent\u00e1vel, promove a campanha Energia da Evolu\u00e7\u00e3o. Por entender que o futuro compreende a combina\u00e7\u00e3o de energias renov\u00e1veis e expertise do setor, defende-se a ado\u00e7\u00e3o da sustentabilidade na ind\u00fastria como um princ\u00edpio para alcan\u00e7ar a lideran\u00e7a na evolu\u00e7\u00e3o energ\u00e9tica.<\/p>\n<p>\u201cEste \u00e9 um setor que movimenta praticamente toda a economia brasileira. Al\u00e9m disso, h\u00e1 essa preocupa\u00e7\u00e3o com a\u00a0<a href=\"https:\/\/congressoemfoco.uol.com.br\/blogs-e-opiniao\/forum\/eficiencia-energetica-e-descarbonizacao-da-economia\/\">descarboniza\u00e7\u00e3o<\/a>, um produto acess\u00edvel, competitivo e com baixa pegada de carbono\u201d, explica Roberto Ardenghy, presidente do IBP. \u201cN\u00f3s somos uma verdadeira pot\u00eancia energ\u00e9tica. Uma transi\u00e7\u00e3o energ\u00e9tica justa \u00e9 voc\u00ea poder oferecer a sociedades menos favorecidas uma energia sustent\u00e1vel, mas que seja dispon\u00edvel e barata\u201d.<\/p>\n<div class=\"huxeqw huxeqw-clearfix huxeqw-post-inline huxeqw-float-center huxeqw-align-center huxeqw-column-1\">\n<div id=\"huxeqw-345365-1635349492\" class=\"huxeqw-container huxeqw-type-custom_code \" data-adid=\"345365\" data-type=\"custom_code\">\n<p class=\"huxeqw-caption huxeqw-caption-below\">Leia tamb\u00e9m<\/p>\n<\/div>\n<\/div>\n<div class=\"my-25 my-lg-50 pt-10 pt-lg-30\">\n<div class=\"row gx-2 gx-lg-3 align-items-end mb-15 mb-lg-30\">\n<div class=\"col-8 col-lg-10\"><a class=\"font-work-sans color-black font-default font-lh-11 text-decoration-none\" href=\"https:\/\/congressoemfoco.uol.com.br\/area\/congresso-nacional\/governo-anuncia-bloqueio-de-r-5-bilhoes-do-orcamento-nesta-sexta\/\">Governo anuncia bloqueio de R$ 5 bilh\u00f5es do or\u00e7amento nesta sexta<\/a><\/p>\n<div class=\"color-gray font-sm font-medium text-uppercase text-decoration-none lh-1 mt-1 mb-0\"><a class=\"author url fn\" title=\"Posts por Congresso em Foco\" href=\"https:\/\/congressoemfoco.uol.com.br\/author\/admin\/\" rel=\"author\">Congresso em Foco<\/a><\/div>\n<\/div>\n<\/div>\n<div class=\"row gx-2 gx-lg-3 align-items-end mb-15 mb-lg-30\">\n<div class=\"col-4 col-lg-2\">\n<div class=\"ratio ratio-4x3\">\n<div class=\"background-cover rocket-lazyload entered lazyloaded\" data-bg=\"https:\/\/congressoemfoco.uol.com.br\/wp-content\/uploads\/2024\/10\/53101151950_89ef3f9bcc_k.jpg\" data-ll-status=\"loaded\"><\/div>\n<\/div>\n<\/div>\n<div class=\"col-8 col-lg-10\"><a class=\"font-work-sans color-black font-default font-lh-11 text-decoration-none\" href=\"https:\/\/congressoemfoco.uol.com.br\/area\/pais\/nova-camara-de-sao-paulo-tranquilidade-para-nunes-e-radicalismo\/\">Nova C\u00e2mara de S\u00e3o Paulo: tranquilidade para Nunes e radicalismo<\/a><\/p>\n<div class=\"color-gray font-sm font-medium text-uppercase text-decoration-none lh-1 mt-1 mb-0\"><a class=\"author url fn\" title=\"Posts por Coletivo Legis-Ativo\" href=\"https:\/\/congressoemfoco.uol.com.br\/author\/legis-ativo\/\" rel=\"author\">Coletivo Legis-Ativo<\/a><\/div>\n<\/div>\n<\/div>\n<div class=\"row gx-2 gx-lg-3 align-items-end mb-15 mb-lg-30\">\n<div class=\"col-4 col-lg-2\">\n<div class=\"ratio ratio-4x3\">\n<div class=\"background-cover rocket-lazyload entered lazyloaded\" data-bg=\"https:\/\/congressoemfoco.uol.com.br\/wp-content\/uploads\/2024\/11\/bolsonaro-correndo-cascavel-isaac-nobrega-pr.jpg\" data-ll-status=\"loaded\"><\/div>\n<\/div>\n<\/div>\n<div class=\"col-8 col-lg-10\"><a class=\"font-work-sans color-black font-default font-lh-11 text-decoration-none\" href=\"https:\/\/congressoemfoco.uol.com.br\/area\/pais\/bolsonaro-tem-seu-indiciamento-mais-grave-ate-agora-pena-pode-somar-28-anos\/\">Bolsonaro tem seu indiciamento mais grave at\u00e9 agora. Pena pode somar 28 anos<\/a><\/p>\n<div class=\"color-gray font-sm font-medium text-uppercase text-decoration-none lh-1 mt-1 mb-0\"><a class=\"author url fn\" title=\"Posts por Pedro Sales\" href=\"https:\/\/congressoemfoco.uol.com.br\/author\/pedro\/\" rel=\"author\">Pedro Sales<\/a><\/div>\n<\/div>\n<\/div>\n<\/div>\n<p>Por meio do desenvolvimento tecnol\u00f3gico, a ind\u00fastria caminha em dire\u00e7\u00e3o \u00e0 menor emiss\u00e3o de carbono na evolu\u00e7\u00e3o energ\u00e9tica e conta com os biocombust\u00edveis como aliados nesse cen\u00e1rio. Com uma combust\u00e3o que emite 80% menos gases do efeito estufa do que outras alternativas energ\u00e9ticas, eles surgem como agente primordial para esta transi\u00e7\u00e3o energ\u00e9tica justa e para descarboniza\u00e7\u00e3o.<\/p>\n<p><strong>O Brasil e os biocombust\u00edveis<\/strong><\/p>\n<p>Nesse cen\u00e1rio, o Brasil desponta como pot\u00eancia por ser o segundo maior produtor de biocombust\u00edveis do mundo, atr\u00e1s apenas dos Estados Unidos. Em 2023, foram produzidos mais de 72 mil metros c\u00fabicos, o equivalente a 21,9% da produ\u00e7\u00e3o mundial. O crescimento do segmento se reflete tamb\u00e9m no consumo energ\u00e9tico do setor de transporte no Brasil: atualmente, 22,5% deste consumo \u00e9 proveniente dos biocombust\u00edveis.<\/p>\n<p>O etanol e o biodiesel s\u00e3o exemplos de insumos produzidos pelo pa\u00eds, colocando-o \u00e0 frente na evolu\u00e7\u00e3o energ\u00e9tica. Presente em ve\u00edculos flex, o etanol tamb\u00e9m est\u00e1 presente na gasolina com uma parcela da mistura de etanol anidro, a fim de garantir menor emiss\u00e3o de gases. O biodiesel, por sua vez, feito a partir de \u00f3leos vegetais e gorduras animais, \u00e9 um biocombust\u00edvel misturado ao diesel f\u00f3ssil.<\/p>\n<p>Al\u00e9m desses, o pa\u00eds caminha em dire\u00e7\u00e3o a alternativas ainda mais inovadoras, como o Diesel Verde, que, por ser quimicamente an\u00e1logo ao diesel f\u00f3ssil, n\u00e3o demanda modifica\u00e7\u00f5es nos motores e nas estruturas dos ve\u00edculos. Outro exemplo \u00e9 o combust\u00edvel de avia\u00e7\u00e3o sustent\u00e1vel (SAF), equivalente ao querosene de avia\u00e7\u00e3o, mas com emiss\u00e3o de gases bem menor.<\/p>\n<p>Segundo a Ag\u00eancia Internacional de Energia (AIE), o papel do insumo como solu\u00e7\u00e3o mais vi\u00e1vel para a evolu\u00e7\u00e3o energ\u00e9tica se comprova pela estimativa da demanda mundial por biocombust\u00edveis l\u00edquidos at\u00e9 2030. O consumo di\u00e1rio, no cen\u00e1rio mais otimista aferido pela ag\u00eancia, \u00e9 de 903 milh\u00f5es de litros.<\/p>\n<p>Para tal, s\u00e3o necess\u00e1rias pesquisas e estudos para encontrar novas formas de reduzir a emiss\u00e3o de carbono, assim como pol\u00edticas p\u00fablicas focadas em fortalecer a ind\u00fastria de \u00f3leo e g\u00e1s, respons\u00e1vel pelos biocombust\u00edveis. Tendo em vista o potencial de produ\u00e7\u00e3o desta matriz energ\u00e9tica, o Brasil estabelece tr\u00eas eixos de incentivo: mandato compuls\u00f3rio, o programa Renovabio e al\u00edquotas diferenciadas.<\/p>\n<p>O mandato compuls\u00f3rio, que j\u00e1 est\u00e1 presente desde o s\u00e9culo 20, estabelece que, a fim de diminuir a emiss\u00e3o de carbono, biocombust\u00edveis sejam misturados a combust\u00edveis f\u00f3sseis. No caso da gasolina A, uma porcentagem da mistura \u00e9 de etanol anidro. No diesel, a adi\u00e7\u00e3o obrigat\u00f3ria e gradual \u00e9 com biodiesel.<\/p>\n<p>Em vigor desde 2017, o Renovabio visa expandir a produ\u00e7\u00e3o de biocombust\u00edveis e cumprir os compromissos brasileiros firmados no Acordo de Paris por meio de metas anuais de descarboniza\u00e7\u00e3o no setor de combust\u00edveis. As al\u00edquotas diferenciadas, por sua vez, correspondem a incentivos fiscais para biocombust\u00edveis a fim de manter a competitividade com combust\u00edveis f\u00f3sseis.<\/p>\n<p><strong>Combust\u00edvel do Futuro<\/strong><\/p>\n<p>Medida mais recente e que tamb\u00e9m se relaciona com a tem\u00e1tica \u00e9 a<a href=\"https:\/\/congressoemfoco.uol.com.br\/area\/congresso-nacional\/senado-aprova-pl-do-combustivel-do-futuro-e-texto-volta-a-camara\/\">\u00a0Lei do Combust\u00edvel do Futuro<\/a>. Sancionada em 8 de outubro, a norma tem como objetivo diminuir a emiss\u00e3o de carbono no setor de transportes. Em nota, o IBP apontou que o texto \u201crefor\u00e7a o compromisso do Brasil em liderar o processo de transi\u00e7\u00e3o energ\u00e9tica, promovendo investimentos em inova\u00e7\u00e3o e impulsiona o desenvolvimento e a utiliza\u00e7\u00e3o de biocombust\u00edveis sustent\u00e1veis\u201d.<\/p>\n<p>Entre alguns pontos de avan\u00e7o da mat\u00e9ria, destacam-se a cria\u00e7\u00e3o do Programa Nacional de Combust\u00edvel Sustent\u00e1vel de Avia\u00e7\u00e3o, a institui\u00e7\u00e3o do Programa Nacional de Diesel Verde e o aumento da porcentagem de etanol na gasolina. Ainda assim, o texto n\u00e3o contemplou outras formas energ\u00e9ticas, como a parcela renov\u00e1vel de biomassa coprocessada na produ\u00e7\u00e3o de diesel. Al\u00e9m disso, a lei, por meio dos mandados de aquisi\u00e7\u00e3o de biometano, pode prejudicar o pre\u00e7o e a competitividade do setor de g\u00e1s natural.<\/p>\n<p>\u201cAcreditamos que a diversidade de rotas tecnol\u00f3gicas, com isonomia competitiva entre as diferentes alternativas, potencializaria os esfor\u00e7os para a<a href=\"https:\/\/congressoemfoco.uol.com.br\/blogs-e-opiniao\/forum\/eficiencia-energetica-e-descarbonizacao-da-economia\/\">\u00a0descarboniza\u00e7\u00e3o<\/a>\u00a0e beneficia os consumidores quanto a pre\u00e7o, qualidade e oferta, e esperamos que uma nova legisla\u00e7\u00e3o corrija a quest\u00e3o\u201d, argumenta o IBP.<\/p>\n<p><strong>Tend\u00eancias em descarboniza\u00e7\u00e3o<\/strong><\/p>\n<p>Al\u00e9m do incentivo \u00e0 produ\u00e7\u00e3o de biocombust\u00edveis para caminhar em dire\u00e7\u00e3o \u00e0 evolu\u00e7\u00e3o energ\u00e9tica, o investimento em tecnologia e inova\u00e7\u00e3o \u00e9 essencial para atingir as metas de descarboniza\u00e7\u00e3o. Estudo do IBP, Radar de Tend\u00eancias, realizado em parceria com a BIP Consulting, analisou quase 50 mil artigos e 180 mil patentes e solu\u00e7\u00f5es comerciais, indicando caminhos para a ind\u00fastria diminuir a emiss\u00e3o de carbono.<\/p>\n<p>Segundo a an\u00e1lise, cinco tend\u00eancias podem contribuir para essa redu\u00e7\u00e3o: e\u00f3licas\u00a0<em>offshore<\/em>; altera\u00e7\u00e3o de processos produtivos, de monitoramento e de m\u00e1quinas (g\u00eameos digitais, eletrifica\u00e7\u00e3o de plataformas offshore); captura, utiliza\u00e7\u00e3o e armazenamento de carbono (CCUS); e reten\u00e7\u00e3o e atra\u00e7\u00e3o de talentos.<\/p>\n<p>A t\u00e9cnica de captura, utiliza\u00e7\u00e3o e armazenamento de carbono \u00e9 dotada de ferramentas adotadas nos sistemas produtivos para capturar di\u00f3xido de carbono (CO2), armazen\u00e1-lo de forma segura em reservat\u00f3rios geol\u00f3gicos, ou ainda em tanques para reutiliz\u00e1-lo como insumo para a fabrica\u00e7\u00e3o de outros produtos. As tecnologias podem capturar at\u00e9 90% do CO2 emitido de distintas fontes, como a utiliza\u00e7\u00e3o de combust\u00edveis f\u00f3sseis para a gera\u00e7\u00e3o de eletricidade.<\/p>\n<p>J\u00e1 as e\u00f3licas\u00a0<em>offshore<\/em>\u00a0possuem as conhecidas h\u00e9lices movidas pelos ventos, com a diferen\u00e7a de que os aerogeradores est\u00e3o localizados no mar. Com pegada de carbono reduzida, a matriz surge como op\u00e7\u00e3o para a evolu\u00e7\u00e3o energ\u00e9tica.<\/p>\n<\/div>\n<\/article>\n<\/div>\n<div class=\"post-article__author\">\n<p class=\"post-article__author-title\">\n<div class=\"row gx-3 mb-10\">\n<div class=\"col-3 col-lg-2\">\n<figure class=\"post-article__author-avatar\"><img decoding=\"async\" class=\"avatar avatar-150 photo entered lazyloaded\" src=\"https:\/\/congressoemfoco.uol.com.br\/wp-content\/uploads\/2024\/11\/cropped-IBP-150x150.jpg\" srcset=\"https:\/\/congressoemfoco.uol.com.br\/wp-content\/uploads\/2024\/11\/cropped-IBP.jpg 2x\" alt=\"Instituto Brasileiro de Petr\u00f3leo e G\u00e1s (IBP)\" width=\"150\" height=\"150\" data-lazy-srcset=\"https:\/\/congressoemfoco.uol.com.br\/wp-content\/uploads\/2024\/11\/cropped-IBP.jpg 2x\" data-lazy-src=\"https:\/\/congressoemfoco.uol.com.br\/wp-content\/uploads\/2024\/11\/cropped-IBP-150x150.jpg\" data-ll-status=\"loaded\" \/><\/figure>\n<\/div>\n<div class=\"col-9 col-lg-10\">\n<div class=\"post-article__author-bio\">\n<p><strong class=\"text-uppercase\">Instituto Brasileiro de Petr\u00f3leo e G\u00e1s (IBP)<\/strong>\u00a0Fundado em 1957, o IBP \u00e9 uma organiza\u00e7\u00e3o privada, sem fins lucrativos, focada em promover o desenvolvimento da ind\u00fastria brasileira de petr\u00f3leo, g\u00e1s e energia em um ambiente competitivo, sustent\u00e1vel, \u00e9tico e socialmente respons\u00e1vel. Hoje, re\u00fane mais de 200 empresas associadas e \u00e9 reconhecido como um importante representante do setor por meio da difus\u00e3o do conhecimento t\u00e9cnico, de seus produtos e servi\u00e7os e por fomentar debates relacionados aos principais assuntos do setor. Organizador de eventos de energia no Brasil, como ROG.e (antiga Rio Oil &amp; Gas) e OTC Brasil, o Instituto tamb\u00e9m desenvolve solu\u00e7\u00f5es educacionais por meio de sua universidade setorial, a UnIBP. Al\u00e9m disso, o IBP possui um hub de inova\u00e7\u00e3o, o iUP, e tamb\u00e9m \u00e9 Organismo Certificador de Produto para os Servi\u00e7os Pr\u00f3prios de Inspe\u00e7\u00e3o de Equipamentos (SPIE), contribuindo para o aumento da confiabilidade, seguran\u00e7a e efici\u00eancia operacional das instala\u00e7\u00f5es industriais do pa\u00eds. Saiba mais em www.ibp.org.br.<\/p>\n<div class=\"WaaZC\">\n<div class=\"rPeykc uP58nb MNX06c\" data-hveid=\"CDgQAQ\" data-ved=\"2ahUKEwi5s8vShPGJAxUVBbkGHWx2BzAQo_EKegQIOBAB\">Biocombust\u00edvel \u00e9 um\u00a0<mark class=\"QVRyCf\">combust\u00edvel produzido a partir de biomassa, ou seja, de mat\u00e9ria org\u00e2nica de origem vegetal ou animal<\/mark>.\u00a0\u00c9 uma alternativa aos combust\u00edveis f\u00f3sseis, como o petr\u00f3leo e o g\u00e1s natural, por ser:<span class=\"UV3uM\">\u00a0<\/span><\/p>\n<div class=\"NPrrbc\" data-cid=\"_EAxBZ7nrDpWK5OUP7OydgAM_69\">\n<div class=\"BMebGe btku5b fCrZyc LwdV0e FR7ZSc OJeuxf\" tabindex=\"0\" role=\"button\" aria-label=\"Mostrar links relacionados\" data-hveid=\"CDcQAQ\" data-ved=\"2ahUKEwi5s8vShPGJAxUVBbkGHWx2BzAQ3fYKegQINxAB\">\n<div class=\"niO4u\">\n<div><\/div>\n<div class=\"kHtcsd\">Mais econ\u00f4mico<span class=\"UV3uM\">\u00a0<\/span><\/div>\n<\/div>\n<\/div>\n<\/div>\n<\/div>\n<\/div>\n<div class=\"WaaZC\">\n<div class=\"NPrrbc\" data-cid=\"_EAxBZ7nrDpWK5OUP7OydgAM_63\">\n<div class=\"BMebGe btku5b fCrZyc LwdV0e FR7ZSc OJeuxf\" tabindex=\"0\" role=\"button\" aria-label=\"Mostrar links relacionados\" data-hveid=\"CDYQAQ\" data-ved=\"2ahUKEwi5s8vShPGJAxUVBbkGHWx2BzAQ3fYKegQINhAB\">\n<div class=\"niO4u\">\n<div class=\"kHtcsd\"><\/div>\n<\/div>\n<\/div>\n<\/div>\n<div class=\"acn1Z Kwoiqd\">\n<div class=\"Kwoiqd\">Menos poluente<span class=\"UV3uM\">\u00a0<\/span><\/div>\n<\/div>\n<div class=\"NPrrbc\" data-cid=\"_EAxBZ7nrDpWK5OUP7OydgAM_73\">\n<div class=\"BMebGe btku5b fCrZyc LwdV0e FR7ZSc OJeuxf\" tabindex=\"0\" role=\"button\" aria-label=\"Mostrar links relacionados\" data-hveid=\"CD8QAQ\" data-ved=\"2ahUKEwi5s8vShPGJAxUVBbkGHWx2BzAQ3fYKegQIPxAB\">\n<div class=\"niO4u\">\n<div class=\"kHtcsd\"><\/div>\n<\/div>\n<\/div>\n<\/div>\n<div class=\"acn1Z Kwoiqd\">\n<div class=\"Kwoiqd\">Renov\u00e1vel, pois \u00e9 feito a partir de recursos que podem ser repostos ou reaproveitados<span class=\"UV3uM\">\u00a0<\/span><\/div>\n<\/div>\n<div class=\"NPrrbc\" data-cid=\"_EAxBZ7nrDpWK5OUP7OydgAM_74\">\n<div class=\"BMebGe btku5b fCrZyc LwdV0e FR7ZSc OJeuxf\" tabindex=\"0\" role=\"button\" aria-label=\"Mostrar links relacionados\" data-hveid=\"CEEQAQ\" data-ved=\"2ahUKEwi5s8vShPGJAxUVBbkGHWx2BzAQ3fYKegQIQRAB\">\n<div class=\"niO4u\">\n<div class=\"kHtcsd\"><\/div>\n<\/div>\n<\/div>\n<\/div>\n<div class=\"acn1Z Kwoiqd\">\n<div class=\"Kwoiqd\">Neutraliza a pegada de carbono e reduz a emiss\u00e3o de gases do efeito estufa (GEE)<span class=\"UV3uM\">\u00a0<\/span><\/div>\n<\/div>\n<div class=\"acn1Z Kwoiqd\">\n<div class=\"Kwoiqd\"><\/div>\n<\/div>\n<\/div>\n<div class=\"WaaZC\">\n<div id=\"EAxBZ7nrDpWK5OUP7OydgAM__89\" class=\"bsmXxe\">\n<div class=\"rPeykc uP58nb MNX06c\" data-hveid=\"CH0QAQ\" data-ved=\"2ahUKEwi5s8vShPGJAxUVBbkGHWx2BzAQo_EKegQIfRAB\"><span role=\"heading\" aria-level=\"2\">Os principais biocombust\u00edveis usados no Brasil s\u00e3o o etanol e o biodiesel:<\/span><\/div>\n<\/div>\n<\/div>\n<div class=\"WaaZC\">\n<div id=\"EAxBZ7nrDpWK5OUP7OydgAM__58\" class=\"bsmXxe\">\n<div id=\"EAxBZ7nrDpWK5OUP7OydgAM__63\" class=\"bsmXxe\">\n<p>O etanol \u00e9 obtido a partir da cana-de-a\u00e7\u00facar<\/p>\n<\/div>\n<div id=\"EAxBZ7nrDpWK5OUP7OydgAM__73\" class=\"bsmXxe\">\n<p>O biodiesel \u00e9 produzido a partir de \u00f3leos vegetais ou de gorduras animais<span class=\"UV3uM\">\u00a0<\/span><\/p>\n<\/div>\n<\/div>\n<\/div>\n<div class=\"WaaZC\">\n<div id=\"EAxBZ7nrDpWK5OUP7OydgAM__84\" class=\"bsmXxe\">\n<div class=\"rPeykc uP58nb\" data-hveid=\"CH4QAQ\" data-ved=\"2ahUKEwi5s8vShPGJAxUVBbkGHWx2BzAQo_EKegQIfhAB\"><span role=\"heading\" aria-level=\"2\">A biomassa pode ser de diversas origens, como:<\/span><\/div>\n<\/div>\n<\/div>\n<div class=\"WaaZC\">\n<div id=\"EAxBZ7nrDpWK5OUP7OydgAM__59\" class=\"bsmXxe\">\n<div id=\"EAxBZ7nrDpWK5OUP7OydgAM__64\" class=\"bsmXxe\">\n<p>Plantas aqu\u00e1ticas e terrestres<\/p>\n<\/div>\n<div id=\"EAxBZ7nrDpWK5OUP7OydgAM__74\" class=\"bsmXxe\">\n<p>Res\u00edduos florestais<\/p>\n<\/div>\n<div id=\"EAxBZ7nrDpWK5OUP7OydgAM__77\" class=\"bsmXxe\">\n<p>\u00d3leos vegetais<\/p>\n<\/div>\n<div id=\"EAxBZ7nrDpWK5OUP7OydgAM__79\" class=\"bsmXxe\">\n<p>Res\u00edduos da agropecu\u00e1ria<\/p>\n<\/div>\n<div id=\"EAxBZ7nrDpWK5OUP7OydgAM__82\" class=\"bsmXxe\">\n<p>Res\u00edduos urbanos<\/p>\n<\/div>\n<div id=\"EAxBZ7nrDpWK5OUP7OydgAM__85\" class=\"bsmXxe\">\n<p>Res\u00edduos industriais<span class=\"UV3uM\">\u00a0<\/span><\/p>\n<\/div>\n<\/div>\n<\/div>\n<div class=\"WaaZC\">\n<div id=\"EAxBZ7nrDpWK5OUP7OydgAM__92\" class=\"bsmXxe\">\n<div class=\"rPeykc\" data-hveid=\"CIMBEAE\" data-ved=\"2ahUKEwi5s8vShPGJAxUVBbkGHWx2BzAQo_EKegUIgwEQAQ\">A produ\u00e7\u00e3o de biocombust\u00edveis \u00e9 importante para a natureza e para o ser humano.\u00a0A Pol\u00edtica Nacional de Biocombust\u00edveis (RenovaBio) tem como objetivo ampliar a utiliza\u00e7\u00e3o de biocombust\u00edveis nos transportes brasileiros.<\/div>\n<\/div>\n<div data-hveid=\"CIMBEAE\" data-ved=\"2ahUKEwi5s8vShPGJAxUVBbkGHWx2BzAQo_EKegUIgwEQAQ\"><\/div>\n<\/div>\n<div class=\"d-lg-flex flex-wrap mt-10\"><a href=\"mailto:ibp@ibp.org.br\"><i class=\"icon-email\" aria-hidden=\"true\"><\/i>ibp@ibp.org.br<\/a><\/div>\n<div>Fonte: Congresso em Foco<\/div>\n<\/div>\n<\/div>\n<\/div>\n<\/div>\n<\/div>\n<\/div>\n<\/div>\n<\/div>\n<\/div>\n<\/section>\n<section class=\"mt-30 mt-lg-50 mb-35 mb-lg-90\"><\/section>\n","protected":false},"excerpt":{"rendered":"<p>Foto: Fabio Rodrigues-Pozzebom\/ Ag\u00eancia Brasil Instituto Brasileiro de Petr\u00f3leo e G\u00e1s (IBP) 21.11.2024 13:28\u00a0 \u00a0Not\u00edcia\u00a0Em\u00a0Pa\u00eds Respons\u00e1vel por 17% do\u00a0Produto Interno Bruto\u00a0(PIB) industrial brasileiro e pela gera\u00e7\u00e3o de mais de 1,6 milh\u00e3o de empregos, o setor de \u00f3leo e g\u00e1s abastece quase metade da oferta interna de energia. Diante disso, o Instituto Brasileiro de Petr\u00f3leo e [&hellip;]<\/p>\n","protected":false},"author":2,"featured_media":2887,"comment_status":"open","ping_status":"open","sticky":false,"template":"","format":"standard","meta":{"rop_custom_images_group":[],"rop_custom_messages_group":[],"rop_publish_now":"initial","rop_publish_now_accounts":{"twitter_850042665852968960_850042665852968960":""},"rop_publish_now_history":[],"rop_publish_now_status":"pending","footnotes":""},"categories":[15],"tags":[297,296,298],"class_list":["post-2886","post","type-post","status-publish","format-standard","has-post-thumbnail","hentry","category-destaques","tag-biocombustivel","tag-biomassa","tag-cana-de-acucar"],"yoast_head":"<!-- This site is optimized with the Yoast SEO plugin v27.2 - https:\/\/yoast.com\/product\/yoast-seo-wordpress\/ -->\n<title>O papel dos biocombust\u00edveis na evolu\u00e7\u00e3o energ\u00e9tica - Prefeitos &amp; Gest\u00f5es<\/title>\n<meta name=\"robots\" content=\"index, follow, max-snippet:-1, max-image-preview:large, max-video-preview:-1\" \/>\n<link rel=\"canonical\" href=\"https:\/\/prefeitosegestoes.com.br\/portal\/o-papel-dos-biocombustiveis-na-evolucao-energetica\/\" \/>\n<meta property=\"og:locale\" content=\"pt_BR\" \/>\n<meta property=\"og:type\" content=\"article\" \/>\n<meta property=\"og:title\" content=\"O papel dos biocombust\u00edveis na evolu\u00e7\u00e3o energ\u00e9tica - Prefeitos &amp; Gest\u00f5es\" \/>\n<meta property=\"og:description\" content=\"Foto: Fabio Rodrigues-Pozzebom\/ Ag\u00eancia Brasil Instituto Brasileiro de Petr\u00f3leo e G\u00e1s (IBP) 21.11.2024 13:28\u00a0 \u00a0Not\u00edcia\u00a0Em\u00a0Pa\u00eds Respons\u00e1vel por 17% do\u00a0Produto Interno Bruto\u00a0(PIB) industrial brasileiro e pela gera\u00e7\u00e3o de mais de 1,6 milh\u00e3o de empregos, o setor de \u00f3leo e g\u00e1s abastece quase metade da oferta interna de energia. Diante disso, o Instituto Brasileiro de Petr\u00f3leo e [&hellip;]\" \/>\n<meta property=\"og:url\" content=\"https:\/\/prefeitosegestoes.com.br\/portal\/o-papel-dos-biocombustiveis-na-evolucao-energetica\/\" \/>\n<meta property=\"og:site_name\" content=\"Prefeitos &amp; Gest\u00f5es\" \/>\n<meta property=\"article:publisher\" content=\"https:\/\/www.facebook.com\/prefeitosonline\" \/>\n<meta property=\"article:published_time\" content=\"2024-11-22T23:09:19+00:00\" \/>\n<meta property=\"og:image\" content=\"https:\/\/prefeitosegestoes.com.br\/portal\/wp-content\/uploads\/2024\/11\/pzzb5476.webp\" \/>\n\t<meta property=\"og:image:width\" content=\"1024\" \/>\n\t<meta property=\"og:image:height\" content=\"768\" \/>\n\t<meta property=\"og:image:type\" content=\"image\/webp\" \/>\n<meta name=\"author\" content=\"Prefeitos &amp; Gest\u00f5es\" \/>\n<meta name=\"twitter:card\" content=\"summary_large_image\" \/>\n<meta name=\"twitter:creator\" content=\"@PrefGestoes\" \/>\n<meta name=\"twitter:site\" content=\"@PrefGestoes\" \/>\n<meta name=\"twitter:label1\" content=\"Escrito por\" \/>\n\t<meta name=\"twitter:data1\" content=\"Prefeitos &amp; Gest\u00f5es\" \/>\n\t<meta name=\"twitter:label2\" content=\"Est. tempo de leitura\" \/>\n\t<meta name=\"twitter:data2\" content=\"8 minutos\" \/>\n<script type=\"application\/ld+json\" class=\"yoast-schema-graph\">{\"@context\":\"https:\/\/schema.org\",\"@graph\":[{\"@type\":\"Article\",\"@id\":\"https:\/\/prefeitosegestoes.com.br\/portal\/o-papel-dos-biocombustiveis-na-evolucao-energetica\/#article\",\"isPartOf\":{\"@id\":\"https:\/\/prefeitosegestoes.com.br\/portal\/o-papel-dos-biocombustiveis-na-evolucao-energetica\/\"},\"author\":{\"name\":\"Prefeitos &amp; Gest\u00f5es\",\"@id\":\"https:\/\/prefeitosegestoes.com.br\/portal\/#\/schema\/person\/d00059f2ec99963e7e1850d448ae94b8\"},\"headline\":\"O papel dos biocombust\u00edveis na evolu\u00e7\u00e3o energ\u00e9tica\",\"datePublished\":\"2024-11-22T23:09:19+00:00\",\"mainEntityOfPage\":{\"@id\":\"https:\/\/prefeitosegestoes.com.br\/portal\/o-papel-dos-biocombustiveis-na-evolucao-energetica\/\"},\"wordCount\":1624,\"commentCount\":0,\"publisher\":{\"@id\":\"https:\/\/prefeitosegestoes.com.br\/portal\/#organization\"},\"image\":{\"@id\":\"https:\/\/prefeitosegestoes.com.br\/portal\/o-papel-dos-biocombustiveis-na-evolucao-energetica\/#primaryimage\"},\"thumbnailUrl\":\"https:\/\/prefeitosegestoes.com.br\/portal\/wp-content\/uploads\/2024\/11\/pzzb5476.webp\",\"keywords\":[\"Biocombust\u00edvel\",\"Biomassa\",\"cana de a\u00e7\u00facar\"],\"articleSection\":[\"Destaques\"],\"inLanguage\":\"pt-BR\",\"potentialAction\":[{\"@type\":\"CommentAction\",\"name\":\"Comment\",\"target\":[\"https:\/\/prefeitosegestoes.com.br\/portal\/o-papel-dos-biocombustiveis-na-evolucao-energetica\/#respond\"]}]},{\"@type\":\"WebPage\",\"@id\":\"https:\/\/prefeitosegestoes.com.br\/portal\/o-papel-dos-biocombustiveis-na-evolucao-energetica\/\",\"url\":\"https:\/\/prefeitosegestoes.com.br\/portal\/o-papel-dos-biocombustiveis-na-evolucao-energetica\/\",\"name\":\"O papel dos biocombust\u00edveis na evolu\u00e7\u00e3o energ\u00e9tica - Prefeitos &amp; Gest\u00f5es\",\"isPartOf\":{\"@id\":\"https:\/\/prefeitosegestoes.com.br\/portal\/#website\"},\"primaryImageOfPage\":{\"@id\":\"https:\/\/prefeitosegestoes.com.br\/portal\/o-papel-dos-biocombustiveis-na-evolucao-energetica\/#primaryimage\"},\"image\":{\"@id\":\"https:\/\/prefeitosegestoes.com.br\/portal\/o-papel-dos-biocombustiveis-na-evolucao-energetica\/#primaryimage\"},\"thumbnailUrl\":\"https:\/\/prefeitosegestoes.com.br\/portal\/wp-content\/uploads\/2024\/11\/pzzb5476.webp\",\"datePublished\":\"2024-11-22T23:09:19+00:00\",\"breadcrumb\":{\"@id\":\"https:\/\/prefeitosegestoes.com.br\/portal\/o-papel-dos-biocombustiveis-na-evolucao-energetica\/#breadcrumb\"},\"inLanguage\":\"pt-BR\",\"potentialAction\":[{\"@type\":\"ReadAction\",\"target\":[\"https:\/\/prefeitosegestoes.com.br\/portal\/o-papel-dos-biocombustiveis-na-evolucao-energetica\/\"]}]},{\"@type\":\"ImageObject\",\"inLanguage\":\"pt-BR\",\"@id\":\"https:\/\/prefeitosegestoes.com.br\/portal\/o-papel-dos-biocombustiveis-na-evolucao-energetica\/#primaryimage\",\"url\":\"https:\/\/prefeitosegestoes.com.br\/portal\/wp-content\/uploads\/2024\/11\/pzzb5476.webp\",\"contentUrl\":\"https:\/\/prefeitosegestoes.com.br\/portal\/wp-content\/uploads\/2024\/11\/pzzb5476.webp\",\"width\":1024,\"height\":768},{\"@type\":\"BreadcrumbList\",\"@id\":\"https:\/\/prefeitosegestoes.com.br\/portal\/o-papel-dos-biocombustiveis-na-evolucao-energetica\/#breadcrumb\",\"itemListElement\":[{\"@type\":\"ListItem\",\"position\":1,\"name\":\"In\u00edcio\",\"item\":\"https:\/\/prefeitosegestoes.com.br\/portal\/\"},{\"@type\":\"ListItem\",\"position\":2,\"name\":\"O papel dos biocombust\u00edveis na evolu\u00e7\u00e3o energ\u00e9tica\"}]},{\"@type\":\"WebSite\",\"@id\":\"https:\/\/prefeitosegestoes.com.br\/portal\/#website\",\"url\":\"https:\/\/prefeitosegestoes.com.br\/portal\/\",\"name\":\"Prefeitos & Gest\u00f5es\",\"description\":\"\",\"publisher\":{\"@id\":\"https:\/\/prefeitosegestoes.com.br\/portal\/#organization\"},\"potentialAction\":[{\"@type\":\"SearchAction\",\"target\":{\"@type\":\"EntryPoint\",\"urlTemplate\":\"https:\/\/prefeitosegestoes.com.br\/portal\/?s={search_term_string}\"},\"query-input\":{\"@type\":\"PropertyValueSpecification\",\"valueRequired\":true,\"valueName\":\"search_term_string\"}}],\"inLanguage\":\"pt-BR\"},{\"@type\":\"Organization\",\"@id\":\"https:\/\/prefeitosegestoes.com.br\/portal\/#organization\",\"name\":\"Prefeitos & Gest\u00f5es\",\"url\":\"https:\/\/prefeitosegestoes.com.br\/portal\/\",\"logo\":{\"@type\":\"ImageObject\",\"inLanguage\":\"pt-BR\",\"@id\":\"https:\/\/prefeitosegestoes.com.br\/portal\/#\/schema\/logo\/image\/\",\"url\":\"https:\/\/prefeitosegestoes.com.br\/portal\/wp-content\/uploads\/2024\/10\/lg_trans_prefeitos_2024_preto2.png\",\"contentUrl\":\"https:\/\/prefeitosegestoes.com.br\/portal\/wp-content\/uploads\/2024\/10\/lg_trans_prefeitos_2024_preto2.png\",\"width\":199,\"height\":122,\"caption\":\"Prefeitos & Gest\u00f5es\"},\"image\":{\"@id\":\"https:\/\/prefeitosegestoes.com.br\/portal\/#\/schema\/logo\/image\/\"},\"sameAs\":[\"https:\/\/www.facebook.com\/prefeitosonline\",\"https:\/\/x.com\/PrefGestoes\"]},{\"@type\":\"Person\",\"@id\":\"https:\/\/prefeitosegestoes.com.br\/portal\/#\/schema\/person\/d00059f2ec99963e7e1850d448ae94b8\",\"name\":\"Prefeitos &amp; Gest\u00f5es\",\"image\":{\"@type\":\"ImageObject\",\"inLanguage\":\"pt-BR\",\"@id\":\"https:\/\/secure.gravatar.com\/avatar\/738fb281e479212ed32c1a21a4307dda9f3af9292edb6918a16c9ce9fff5f48d?s=96&d=mm&r=g\",\"url\":\"https:\/\/secure.gravatar.com\/avatar\/738fb281e479212ed32c1a21a4307dda9f3af9292edb6918a16c9ce9fff5f48d?s=96&d=mm&r=g\",\"contentUrl\":\"https:\/\/secure.gravatar.com\/avatar\/738fb281e479212ed32c1a21a4307dda9f3af9292edb6918a16c9ce9fff5f48d?s=96&d=mm&r=g\",\"caption\":\"Prefeitos &amp; Gest\u00f5es\"},\"url\":\"https:\/\/prefeitosegestoes.com.br\/portal\/author\/prefeitosegestoes\/\"}]}<\/script>\n<!-- \/ Yoast SEO plugin. -->","yoast_head_json":{"title":"O papel dos biocombust\u00edveis na evolu\u00e7\u00e3o energ\u00e9tica - Prefeitos &amp; Gest\u00f5es","robots":{"index":"index","follow":"follow","max-snippet":"max-snippet:-1","max-image-preview":"max-image-preview:large","max-video-preview":"max-video-preview:-1"},"canonical":"https:\/\/prefeitosegestoes.com.br\/portal\/o-papel-dos-biocombustiveis-na-evolucao-energetica\/","og_locale":"pt_BR","og_type":"article","og_title":"O papel dos biocombust\u00edveis na evolu\u00e7\u00e3o energ\u00e9tica - Prefeitos &amp; Gest\u00f5es","og_description":"Foto: Fabio Rodrigues-Pozzebom\/ Ag\u00eancia Brasil Instituto Brasileiro de Petr\u00f3leo e G\u00e1s (IBP) 21.11.2024 13:28\u00a0 \u00a0Not\u00edcia\u00a0Em\u00a0Pa\u00eds Respons\u00e1vel por 17% do\u00a0Produto Interno Bruto\u00a0(PIB) industrial brasileiro e pela gera\u00e7\u00e3o de mais de 1,6 milh\u00e3o de empregos, o setor de \u00f3leo e g\u00e1s abastece quase metade da oferta interna de energia. Diante disso, o Instituto Brasileiro de Petr\u00f3leo e [&hellip;]","og_url":"https:\/\/prefeitosegestoes.com.br\/portal\/o-papel-dos-biocombustiveis-na-evolucao-energetica\/","og_site_name":"Prefeitos &amp; Gest\u00f5es","article_publisher":"https:\/\/www.facebook.com\/prefeitosonline","article_published_time":"2024-11-22T23:09:19+00:00","og_image":[{"width":1024,"height":768,"url":"https:\/\/prefeitosegestoes.com.br\/portal\/wp-content\/uploads\/2024\/11\/pzzb5476.webp","type":"image\/webp"}],"author":"Prefeitos &amp; Gest\u00f5es","twitter_card":"summary_large_image","twitter_creator":"@PrefGestoes","twitter_site":"@PrefGestoes","twitter_misc":{"Escrito por":"Prefeitos &amp; Gest\u00f5es","Est. tempo de leitura":"8 minutos"},"schema":{"@context":"https:\/\/schema.org","@graph":[{"@type":"Article","@id":"https:\/\/prefeitosegestoes.com.br\/portal\/o-papel-dos-biocombustiveis-na-evolucao-energetica\/#article","isPartOf":{"@id":"https:\/\/prefeitosegestoes.com.br\/portal\/o-papel-dos-biocombustiveis-na-evolucao-energetica\/"},"author":{"name":"Prefeitos &amp; Gest\u00f5es","@id":"https:\/\/prefeitosegestoes.com.br\/portal\/#\/schema\/person\/d00059f2ec99963e7e1850d448ae94b8"},"headline":"O papel dos biocombust\u00edveis na evolu\u00e7\u00e3o energ\u00e9tica","datePublished":"2024-11-22T23:09:19+00:00","mainEntityOfPage":{"@id":"https:\/\/prefeitosegestoes.com.br\/portal\/o-papel-dos-biocombustiveis-na-evolucao-energetica\/"},"wordCount":1624,"commentCount":0,"publisher":{"@id":"https:\/\/prefeitosegestoes.com.br\/portal\/#organization"},"image":{"@id":"https:\/\/prefeitosegestoes.com.br\/portal\/o-papel-dos-biocombustiveis-na-evolucao-energetica\/#primaryimage"},"thumbnailUrl":"https:\/\/prefeitosegestoes.com.br\/portal\/wp-content\/uploads\/2024\/11\/pzzb5476.webp","keywords":["Biocombust\u00edvel","Biomassa","cana de a\u00e7\u00facar"],"articleSection":["Destaques"],"inLanguage":"pt-BR","potentialAction":[{"@type":"CommentAction","name":"Comment","target":["https:\/\/prefeitosegestoes.com.br\/portal\/o-papel-dos-biocombustiveis-na-evolucao-energetica\/#respond"]}]},{"@type":"WebPage","@id":"https:\/\/prefeitosegestoes.com.br\/portal\/o-papel-dos-biocombustiveis-na-evolucao-energetica\/","url":"https:\/\/prefeitosegestoes.com.br\/portal\/o-papel-dos-biocombustiveis-na-evolucao-energetica\/","name":"O papel dos biocombust\u00edveis na evolu\u00e7\u00e3o energ\u00e9tica - Prefeitos &amp; Gest\u00f5es","isPartOf":{"@id":"https:\/\/prefeitosegestoes.com.br\/portal\/#website"},"primaryImageOfPage":{"@id":"https:\/\/prefeitosegestoes.com.br\/portal\/o-papel-dos-biocombustiveis-na-evolucao-energetica\/#primaryimage"},"image":{"@id":"https:\/\/prefeitosegestoes.com.br\/portal\/o-papel-dos-biocombustiveis-na-evolucao-energetica\/#primaryimage"},"thumbnailUrl":"https:\/\/prefeitosegestoes.com.br\/portal\/wp-content\/uploads\/2024\/11\/pzzb5476.webp","datePublished":"2024-11-22T23:09:19+00:00","breadcrumb":{"@id":"https:\/\/prefeitosegestoes.com.br\/portal\/o-papel-dos-biocombustiveis-na-evolucao-energetica\/#breadcrumb"},"inLanguage":"pt-BR","potentialAction":[{"@type":"ReadAction","target":["https:\/\/prefeitosegestoes.com.br\/portal\/o-papel-dos-biocombustiveis-na-evolucao-energetica\/"]}]},{"@type":"ImageObject","inLanguage":"pt-BR","@id":"https:\/\/prefeitosegestoes.com.br\/portal\/o-papel-dos-biocombustiveis-na-evolucao-energetica\/#primaryimage","url":"https:\/\/prefeitosegestoes.com.br\/portal\/wp-content\/uploads\/2024\/11\/pzzb5476.webp","contentUrl":"https:\/\/prefeitosegestoes.com.br\/portal\/wp-content\/uploads\/2024\/11\/pzzb5476.webp","width":1024,"height":768},{"@type":"BreadcrumbList","@id":"https:\/\/prefeitosegestoes.com.br\/portal\/o-papel-dos-biocombustiveis-na-evolucao-energetica\/#breadcrumb","itemListElement":[{"@type":"ListItem","position":1,"name":"In\u00edcio","item":"https:\/\/prefeitosegestoes.com.br\/portal\/"},{"@type":"ListItem","position":2,"name":"O papel dos biocombust\u00edveis na evolu\u00e7\u00e3o energ\u00e9tica"}]},{"@type":"WebSite","@id":"https:\/\/prefeitosegestoes.com.br\/portal\/#website","url":"https:\/\/prefeitosegestoes.com.br\/portal\/","name":"Prefeitos & Gest\u00f5es","description":"","publisher":{"@id":"https:\/\/prefeitosegestoes.com.br\/portal\/#organization"},"potentialAction":[{"@type":"SearchAction","target":{"@type":"EntryPoint","urlTemplate":"https:\/\/prefeitosegestoes.com.br\/portal\/?s={search_term_string}"},"query-input":{"@type":"PropertyValueSpecification","valueRequired":true,"valueName":"search_term_string"}}],"inLanguage":"pt-BR"},{"@type":"Organization","@id":"https:\/\/prefeitosegestoes.com.br\/portal\/#organization","name":"Prefeitos & Gest\u00f5es","url":"https:\/\/prefeitosegestoes.com.br\/portal\/","logo":{"@type":"ImageObject","inLanguage":"pt-BR","@id":"https:\/\/prefeitosegestoes.com.br\/portal\/#\/schema\/logo\/image\/","url":"https:\/\/prefeitosegestoes.com.br\/portal\/wp-content\/uploads\/2024\/10\/lg_trans_prefeitos_2024_preto2.png","contentUrl":"https:\/\/prefeitosegestoes.com.br\/portal\/wp-content\/uploads\/2024\/10\/lg_trans_prefeitos_2024_preto2.png","width":199,"height":122,"caption":"Prefeitos & Gest\u00f5es"},"image":{"@id":"https:\/\/prefeitosegestoes.com.br\/portal\/#\/schema\/logo\/image\/"},"sameAs":["https:\/\/www.facebook.com\/prefeitosonline","https:\/\/x.com\/PrefGestoes"]},{"@type":"Person","@id":"https:\/\/prefeitosegestoes.com.br\/portal\/#\/schema\/person\/d00059f2ec99963e7e1850d448ae94b8","name":"Prefeitos &amp; Gest\u00f5es","image":{"@type":"ImageObject","inLanguage":"pt-BR","@id":"https:\/\/secure.gravatar.com\/avatar\/738fb281e479212ed32c1a21a4307dda9f3af9292edb6918a16c9ce9fff5f48d?s=96&d=mm&r=g","url":"https:\/\/secure.gravatar.com\/avatar\/738fb281e479212ed32c1a21a4307dda9f3af9292edb6918a16c9ce9fff5f48d?s=96&d=mm&r=g","contentUrl":"https:\/\/secure.gravatar.com\/avatar\/738fb281e479212ed32c1a21a4307dda9f3af9292edb6918a16c9ce9fff5f48d?s=96&d=mm&r=g","caption":"Prefeitos &amp; Gest\u00f5es"},"url":"https:\/\/prefeitosegestoes.com.br\/portal\/author\/prefeitosegestoes\/"}]}},"_links":{"self":[{"href":"https:\/\/prefeitosegestoes.com.br\/portal\/wp-json\/wp\/v2\/posts\/2886","targetHints":{"allow":["GET"]}}],"collection":[{"href":"https:\/\/prefeitosegestoes.com.br\/portal\/wp-json\/wp\/v2\/posts"}],"about":[{"href":"https:\/\/prefeitosegestoes.com.br\/portal\/wp-json\/wp\/v2\/types\/post"}],"author":[{"embeddable":true,"href":"https:\/\/prefeitosegestoes.com.br\/portal\/wp-json\/wp\/v2\/users\/2"}],"replies":[{"embeddable":true,"href":"https:\/\/prefeitosegestoes.com.br\/portal\/wp-json\/wp\/v2\/comments?post=2886"}],"version-history":[{"count":1,"href":"https:\/\/prefeitosegestoes.com.br\/portal\/wp-json\/wp\/v2\/posts\/2886\/revisions"}],"predecessor-version":[{"id":2888,"href":"https:\/\/prefeitosegestoes.com.br\/portal\/wp-json\/wp\/v2\/posts\/2886\/revisions\/2888"}],"wp:featuredmedia":[{"embeddable":true,"href":"https:\/\/prefeitosegestoes.com.br\/portal\/wp-json\/wp\/v2\/media\/2887"}],"wp:attachment":[{"href":"https:\/\/prefeitosegestoes.com.br\/portal\/wp-json\/wp\/v2\/media?parent=2886"}],"wp:term":[{"taxonomy":"category","embeddable":true,"href":"https:\/\/prefeitosegestoes.com.br\/portal\/wp-json\/wp\/v2\/categories?post=2886"},{"taxonomy":"post_tag","embeddable":true,"href":"https:\/\/prefeitosegestoes.com.br\/portal\/wp-json\/wp\/v2\/tags?post=2886"}],"curies":[{"name":"wp","href":"https:\/\/api.w.org\/{rel}","templated":true}]}}