{"id":2858,"date":"2024-11-18T10:19:28","date_gmt":"2024-11-18T13:19:28","guid":{"rendered":"https:\/\/prefeitosegestoes.com.br\/portal\/?p=2858"},"modified":"2024-11-18T10:19:28","modified_gmt":"2024-11-18T13:19:28","slug":"lula-abre-g20-com-agenda-focada-em-combate-a-fome-clima-e-reforma-de-organizacoes-internacionais","status":"publish","type":"post","link":"https:\/\/prefeitosegestoes.com.br\/portal\/lula-abre-g20-com-agenda-focada-em-combate-a-fome-clima-e-reforma-de-organizacoes-internacionais\/","title":{"rendered":"Lula abre G20 com agenda focada em combate \u00e0 fome, clima e reforma de organiza\u00e7\u00f5es internacionais"},"content":{"rendered":"<div class=\"mc-article-header\">\n<div class=\"row content-head mc-column non-featured \">\n<div class=\"medium-centered subtitle\">\n<h6 class=\"content-head__subtitle\">Foto T\u00e2nia Rego\/Ag\u00eancia Brasil<\/h6>\n<h2 class=\"content-head__subtitle\">Grupo re\u00fane principais economias do mundo e tem o Brasil na presid\u00eancia rotativa. G20 n\u00e3o aprova leis nem imp\u00f5e obriga\u00e7\u00f5es aos pa\u00edses, mas firma compromissos como os de pol\u00edticas econ\u00f4micas e sociais.<\/h2>\n<\/div>\n<\/div>\n<div class=\"content__signa-share mc-column\">\n<div class=\"content__signature\">\n<div class=\"content-publication-data\">\n<div class=\"content-publication-data__text\">\n<p class=\"content-publication-data__from\" title=\"Filipe Matoso, Pedro Henrique Gomes\">Por\u00a0<a class=\"multi_signatures\" href=\"https:\/\/g1.globo.com\/autores\/filipe-matoso\/\">Filipe Matoso<\/a>,\u00a0<a class=\"multi_signatures\" href=\"https:\/\/g1.globo.com\/autores\/pedro-henrique-gomes\/\">Pedro Henrique Gomes<\/a>\u00a0\u2014 Bras\u00edlia<\/p>\n<p class=\"content-publication-data__updated\"><time datetime=\"2024-11-18T03:00:21.525Z\">18\/11\/2024 00h00\u00a0<\/time><span class=\"content-publication-data__updated-relative\">\u00a0<time datetime=\"2024-11-18T11:11:02.971Z\">Atualizado\u00a0<time datetime=\"2024-11-18T11:11:02.971Z\">h\u00e1 2 horas<\/time><\/time><\/span><\/p>\n<\/div>\n<\/div>\n<\/div>\n<\/div>\n<\/div>\n<div class=\"mc-article-body\">\n<article>\n<div id=\"chunk-381af\">\n<div class=\"row medium-uncollapsed content-media content-photo\" data-block-type=\"backstage-photo\" data-block-id=\"2\">\n<div class=\" mc-column  content-media__container\">\n<div class=\"content-media-container glb-skeleton-box\">\n<figure class=\"content-media-figure\"><img decoding=\"async\" class=\"i-amphtml-fill-content i-amphtml-replaced-content\" src=\"https:\/\/s2-g1.glbimg.com\/N9dbVqBTWTL0BBOV9x3U9suyTh4=\/0x0:5367x3578\/984x0\/smart\/filters:strip_icc()\/i.s3.glbimg.com\/v1\/AUTH_59edd422c0c84a879bd37670ae4f538a\/internal_photos\/bs\/2024\/H\/d\/pHuS4RTTWgc0V4dCfpuQ\/ap24322710432095.jpg\" sizes=\"(max-width: 1680px) 648px, 100vw\" srcset=\"https:\/\/s2-g1.glbimg.com\/epzShQI63Fjn2XveE5RdZXSOot4=\/0x0:5367x3578\/1000x0\/smart\/filters:strip_icc()\/i.s3.glbimg.com\/v1\/AUTH_59edd422c0c84a879bd37670ae4f538a\/internal_photos\/bs\/2024\/H\/d\/pHuS4RTTWgc0V4dCfpuQ\/ap24322710432095.jpg 1000w, https:\/\/s2-g1.glbimg.com\/N9dbVqBTWTL0BBOV9x3U9suyTh4=\/0x0:5367x3578\/984x0\/smart\/filters:strip_icc()\/i.s3.glbimg.com\/v1\/AUTH_59edd422c0c84a879bd37670ae4f538a\/internal_photos\/bs\/2024\/H\/d\/pHuS4RTTWgc0V4dCfpuQ\/ap24322710432095.jpg 984w, https:\/\/s2-g1.glbimg.com\/78dW2mYXgiCPcyRexbHgsk1PCj4=\/0x0:5367x3578\/640x0\/smart\/filters:strip_icc()\/i.s3.glbimg.com\/v1\/AUTH_59edd422c0c84a879bd37670ae4f538a\/internal_photos\/bs\/2024\/H\/d\/pHuS4RTTWgc0V4dCfpuQ\/ap24322710432095.jpg 640w, https:\/\/s2-g1.glbimg.com\/YVpu0n3yQj6SjNDwGjMlAptRNOU=\/0x0:5367x3578\/600x0\/smart\/filters:strip_icc()\/i.s3.glbimg.com\/v1\/AUTH_59edd422c0c84a879bd37670ae4f538a\/internal_photos\/bs\/2024\/H\/d\/pHuS4RTTWgc0V4dCfpuQ\/ap24322710432095.jpg 600w\" alt=\"O presidente Lula ser\u00e1 o anfitri\u00e3o do encontro do G20 que come\u00e7a nesta segunda (18) no Rio de Janeiro \u2014 Foto: Eraldo Peres\/AP\" \/><\/figure>\n<\/div>\n<p class=\"content-media__description  \">O presidente Lula ser\u00e1 o anfitri\u00e3o do encontro do G20 que come\u00e7a nesta segunda (18) no Rio de Janeiro \u2014 Foto: Eraldo Peres\/AP<\/p>\n<\/div>\n<\/div>\n<\/div>\n<div id=\"chunk-c4uob\">\n<div class=\"mc-column content-text active-extra-styles \" data-block-type=\"unstyled\" data-block-weight=\"61\" data-block-id=\"3\">\n<p class=\" content-text__container \" data-track-category=\"Link no Texto\" data-track-links=\"\" data-mrf-recirculation=\"Artigo - Links Texto\">Sob comando do Brasil pela primeira vez, o encontro de l\u00edderes do\u00a0<a class=\"\" href=\"https:\/\/g1.globo.com\/tudo-sobre\/g20\/\" data-mrf-link=\"https:\/\/g1.globo.com\/tudo-sobre\/g20\/\">G20<\/a>\u00a0come\u00e7a nesta segunda-feira (18) no\u00a0<a class=\"\" href=\"https:\/\/g1.globo.com\/rj\/rio-de-janeiro\/cidade\/rio-de-janeiro\/\" data-mrf-link=\"https:\/\/g1.globo.com\/rj\/rio-de-janeiro\/cidade\/rio-de-janeiro\/\">Rio de Janeiro<\/a>\u00a0com foco no combate \u00e0 fome, na mudan\u00e7a clim\u00e1tica e na reforma das institui\u00e7\u00f5es de governan\u00e7a global, como a Organiza\u00e7\u00e3o das Na\u00e7\u00f5es Unidas (ONU). Esses temas s\u00e3o priorit\u00e1rios na agenda internacional do governo do presidente\u00a0<a class=\"\" href=\"https:\/\/g1.globo.com\/tudo-sobre\/luiz-inacio-lula-da-silva\/\" data-mrf-link=\"https:\/\/g1.globo.com\/tudo-sobre\/luiz-inacio-lula-da-silva\/\">Luiz In\u00e1cio Lula da Silva<\/a>.<\/p>\n<\/div>\n<\/div>\n<div class=\"wall protected-content\">\n<div id=\"chunk-ck47d\">\n<div class=\"mc-column content-text active-extra-styles \" data-block-type=\"unstyled\" data-block-weight=\"30\" data-block-id=\"5\">\n<p class=\" content-text__container \" data-track-category=\"Link no Texto\" data-track-links=\"\" data-mrf-recirculation=\"Artigo - Links Texto\">O evento vai at\u00e9 ter\u00e7a (19) no Museu de Arte Moderna do Rio e re\u00fane l\u00edderes de 19 pa\u00edses, mais os representantes da\u00a0<a class=\"\" href=\"https:\/\/g1.globo.com\/tudo-sobre\/uniao-europeia\/\" data-mrf-link=\"https:\/\/g1.globo.com\/tudo-sobre\/uniao-europeia\/\">Uni\u00e3o Europeia<\/a>\u00a0e da Uni\u00e3o Africana.<\/p>\n<\/div>\n<\/div>\n<div id=\"chunk-4hlue\">\n<div class=\"mc-column content-text active-extra-styles \" data-block-type=\"unstyled\" data-block-weight=\"48\" data-block-id=\"6\">\n<p class=\" content-text__container \" data-track-category=\"Link no Texto\" data-track-links=\"\" data-mrf-recirculation=\"Artigo - Links Texto\">Diplomatas que j\u00e1 est\u00e3o no Rio passaram os \u00faltimos dias discutindo os termos da declara\u00e7\u00e3o conjunta que ser\u00e1 divulgada ao final do encontro.\u00a0<a class=\"\" href=\"https:\/\/g1.globo.com\/politica\/blog\/julia-duailibi\/post\/2024\/11\/17\/igualdade-de-genero-e-clima-dificultam-consenso-na-declaracao-final-do-g20.ghtml\" data-mrf-link=\"https:\/\/g1.globo.com\/politica\/blog\/julia-duailibi\/post\/2024\/11\/17\/igualdade-de-genero-e-clima-dificultam-consenso-na-declaracao-final-do-g20.ghtml\">H\u00e1 pontos que geraram impasse<\/a>, entre eles o conflito entre R\u00fassia e Ucr\u00e2nia, propostas de taxa\u00e7\u00e3o de grandes fortunas e quest\u00f5es relacionadas \u00e0 mudan\u00e7a clim\u00e1ticaO G20 \u00e9 considerado o principal f\u00f3rum de coopera\u00e7\u00e3o econ\u00f4mica internacional. Inicialmente, a pauta do grupo se concentrava em quest\u00f5es macroecon\u00f4micas gerais, mas, ao longo dos \u00faltimos anos, o foco foi ampliado para abordar temas como com\u00e9rcio, desenvolvimento sustent\u00e1vel, sa\u00fade, agricultura, energia, meio ambiente, mudan\u00e7as clim\u00e1ticas e combate \u00e0 corrup\u00e7\u00e3o.<\/p>\n<\/div>\n<\/div>\n<div id=\"chunk-8677f\">\n<div class=\"mc-column content-text active-extra-styles \" data-block-type=\"unstyled\" data-block-weight=\"28\" data-block-id=\"9\">\n<p class=\" content-text__container \" data-track-category=\"Link no Texto\" data-track-links=\"\" data-mrf-recirculation=\"Artigo - Links Texto\">O G20 n\u00e3o aprova leis nem imp\u00f5e obriga\u00e7\u00f5es aos pa\u00edses, mas firma compromissos de pol\u00edticas econ\u00f4micas, sociais e de governan\u00e7a a serem adotadas.\u00a0<a class=\"\" href=\"https:\/\/g1.globo.com\/rj\/rio-de-janeiro\/g20\/noticia\/2024\/11\/12\/g20-no-rio-o-que-e-quem-vem-o-que-vai-acontecer-saiba-tudo-sobre-o-evento.ghtml\" data-mrf-link=\"https:\/\/g1.globo.com\/rj\/rio-de-janeiro\/g20\/noticia\/2024\/11\/12\/g20-no-rio-o-que-e-quem-vem-o-que-vai-acontecer-saiba-tudo-sobre-o-evento.ghtml\">Saiba mais sobre o bloco<\/a>.<\/p>\n<\/div>\n<\/div>\n<div id=\"chunk-61ag0\">\n<div class=\"mc-column content-text active-extra-styles \" data-block-type=\"unstyled\" data-block-weight=\"26\" data-block-id=\"10\">\n<p class=\" content-text__container \" data-track-category=\"Link no Texto\" data-track-links=\"\" data-mrf-recirculation=\"Artigo - Links Texto\">A presid\u00eancia do bloco muda a cada ano: foi da \u00cdndia em 2023, est\u00e1 com o Brasil agora e ser\u00e1 da \u00c1frica do Sul em 2025.<\/p>\n<\/div>\n<\/div>\n<div id=\"chunk-f9p8u\">\n<div class=\"mc-column content-text active-extra-styles \" data-block-type=\"unstyled\" data-block-weight=\"47\" data-block-id=\"11\">\n<p class=\" content-text__container \" data-track-category=\"Link no Texto\" data-track-links=\"\" data-mrf-recirculation=\"Artigo - Links Texto\">Devem participar da c\u00fapula no Rio de Janeiro, entre outros l\u00edderes internacionais:\u00a0<a class=\"\" href=\"https:\/\/g1.globo.com\/tudo-sobre\/joe-biden\/\" data-mrf-link=\"https:\/\/g1.globo.com\/tudo-sobre\/joe-biden\/\">Joe Biden<\/a>\u00a0(EUA),\u00a0<a class=\"\" href=\"https:\/\/g1.globo.com\/tudo-sobre\/xi-jinping\/\" data-mrf-link=\"https:\/\/g1.globo.com\/tudo-sobre\/xi-jinping\/\">Xi Jinping<\/a>\u00a0(China),\u00a0<a class=\"\" href=\"https:\/\/g1.globo.com\/tudo-sobre\/emmanuel-macron\/\" data-mrf-link=\"https:\/\/g1.globo.com\/tudo-sobre\/emmanuel-macron\/\">Emmanuel Macron<\/a>\u00a0(Fran\u00e7a),\u00a0<a class=\"\" href=\"https:\/\/g1.globo.com\/tudo-sobre\/keir-starmer\/\" data-mrf-link=\"https:\/\/g1.globo.com\/tudo-sobre\/keir-starmer\/\">Keir Starmer<\/a>\u00a0(Reino Unido),\u00a0<a class=\"\" href=\"https:\/\/g1.globo.com\/tudo-sobre\/giorgia-meloni\/\" data-mrf-link=\"https:\/\/g1.globo.com\/tudo-sobre\/giorgia-meloni\/\">Giorgia Meloni<\/a>\u00a0(It\u00e1lia) e\u00a0<a class=\"\" href=\"https:\/\/g1.globo.com\/tudo-sobre\/javier-milei\/\" data-mrf-link=\"https:\/\/g1.globo.com\/tudo-sobre\/javier-milei\/\">Javier Milei<\/a>\u00a0(Argentina).\u00a0<a class=\"\" href=\"https:\/\/g1.globo.com\/rj\/rio-de-janeiro\/g20\/noticia\/2024\/11\/17\/cupula-do-g20-veja-a-lista-de-chefes-de-estado-do-grupo-que-vem-ao-rio.ghtml\" data-mrf-link=\"https:\/\/g1.globo.com\/rj\/rio-de-janeiro\/g20\/noticia\/2024\/11\/17\/cupula-do-g20-veja-a-lista-de-chefes-de-estado-do-grupo-que-vem-ao-rio.ghtml\">Veja a lista completa<\/a>. O \u00fanico presidente que n\u00e3o veio \u00e9 Vladimir Putin, da R\u00fassia.<\/p>\n<\/div>\n<\/div>\n<div id=\"chunk-3ldc9\">\n<div class=\"bs-video-block mc-column   content-media content-video\" data-block-type=\"backstage-video\" data-block-id=\"12\">\n<div class=\"content-media__container\">\n<p class=\"content-media__description\">Nos bastidores do G20: os detalhes e os encontros que colocam o Brasil no centro das decis\u00f5es globais<\/p>\n<\/div>\n<\/div>\n<\/div>\n<div id=\"chunk-4u93s\">\n<div class=\"content-ads content-ads--reveal\" data-block-type=\"ads\" data-block-id=\"13\">\n<div id=\"banner_materia__531b1d5a-4d45-400e-8f19-a6216021b064\" class=\"tag-manager-publicidade-container mc-has-reveal mc-has-ad-lazyload tag-manager-publicidade-banner_materia__531b1d5a-4d45-400e-8f19-a6216021b064 tag-manager-publicidade-container--carregado tag-manager-publicidade-container--visivel\" data-id=\"banner_materia__531b1d5a-4d45-400e-8f19-a6216021b064\" data-google-query-id=\"COXt5uH65YkDFXFU3QIdSroBlA\"><\/div>\n<\/div>\n<\/div>\n<div id=\"chunk-7t11g\">\n<div class=\"mc-column content-text active-extra-styles\" data-block-type=\"raw\" data-block-weight=\"4\" data-block-id=\"14\">\n<div class=\"content-intertitle\">\n<h2>Alian\u00e7a contra a fome<\/h2>\n<\/div>\n<\/div>\n<\/div>\n<div id=\"chunk-aqskc\">\n<div class=\"mc-column content-text active-extra-styles \" data-block-type=\"unstyled\" data-block-weight=\"40\" data-block-id=\"15\">\n<p class=\" content-text__container \" data-track-category=\"Link no Texto\" data-track-links=\"\" data-mrf-recirculation=\"Artigo - Links Texto\">Uma das principais apostas da presid\u00eancia brasileira do G20 \u00e9 a Alian\u00e7a Global contra a Fome e a Pobreza, uma coopera\u00e7\u00e3o entre pa\u00edses para a ado\u00e7\u00e3o de pol\u00edticas p\u00fablicas de transfer\u00eancia de renda e de incentivo \u00e0 agricultura familiar.<\/p>\n<\/div>\n<\/div>\n<div id=\"chunk-fnmkh\">\n<div class=\"mc-column content-text active-extra-styles \" data-block-type=\"unstyled\" data-block-weight=\"26\" data-block-id=\"16\">\n<p class=\" content-text__container \" data-track-category=\"Link no Texto\" data-track-links=\"\" data-mrf-recirculation=\"Artigo - Links Texto\">At\u00e9 sexta-feira (15), ao menos 37 pa\u00edses j\u00e1 haviam aderido \u00e0 iniciativa, entre eles a Alemanha, maior economia da Europa. Os objetivos principais da alian\u00e7a s\u00e3o:<\/p>\n<\/div>\n<\/div>\n<div id=\"chunk-26j06\">\n<div class=\"mc-column content-text active-extra-styles\" data-block-type=\"raw\" data-block-weight=\"32\" data-block-id=\"17\">\n<ul class=\"content-unordered-list\">\n<li>alcan\u00e7ar 500 milh\u00f5es de pessoas com programas de transfer\u00eancias de renda;<\/li>\n<li>expandir as merendas escolares para mais 150 milh\u00f5es de crian\u00e7as;<\/li>\n<li>levar servi\u00e7os de sa\u00fade a 200 milh\u00f5es de mulheres e crian\u00e7as.<\/li>\n<\/ul>\n<\/div>\n<\/div>\n<div id=\"chunk-d4dg9\">\n<div class=\"mc-column content-text active-extra-styles \" data-block-type=\"unstyled\" data-block-weight=\"5\" data-block-id=\"18\">\n<p class=\" content-text__container \" data-track-category=\"Link no Texto\" data-track-links=\"\" data-mrf-recirculation=\"Artigo - Links Texto\"><a class=\"\" href=\"https:\/\/g1.globo.com\/politica\/noticia\/2024\/11\/17\/alianca-global-contra-a-fome-tera-sede-na-italia-saiba-como-funcionara-quais-planos-e-medidas.ghtml\" data-mrf-link=\"https:\/\/g1.globo.com\/politica\/noticia\/2024\/11\/17\/alianca-global-contra-a-fome-tera-sede-na-italia-saiba-como-funcionara-quais-planos-e-medidas.ghtml\">Saiba mais sobre a iniciativa<\/a>.<\/p>\n<\/div>\n<\/div>\n<div id=\"chunk-6au2\">\n<div class=\"mc-column content-text active-extra-styles\" data-block-type=\"raw\" data-block-weight=\"2\" data-block-id=\"19\">\n<div class=\"content-intertitle\">\n<h2>Governan\u00e7a global<\/h2>\n<\/div>\n<\/div>\n<\/div>\n<div id=\"chunk-e3cai\">\n<div class=\"mc-column content-text active-extra-styles \" data-block-type=\"unstyled\" data-block-weight=\"26\" data-block-id=\"20\">\n<p class=\" content-text__container \" data-track-category=\"Link no Texto\" data-track-links=\"\" data-mrf-recirculation=\"Artigo - Links Texto\">A diplomacia brasileira defende mudan\u00e7as em f\u00f3runs e organiza\u00e7\u00f5es internacionais, como o Conselho de Seguran\u00e7a da ONU, para que mais na\u00e7\u00f5es tenham voz e influ\u00eancia.<\/p>\n<\/div>\n<\/div>\n<div id=\"chunk-8pnvj\">\n<div class=\"mc-column content-text active-extra-styles \" data-block-type=\"unstyled\" data-block-weight=\"40\" data-block-id=\"21\">\n<p class=\" content-text__container \" data-track-category=\"Link no Texto\" data-track-links=\"\" data-mrf-recirculation=\"Artigo - Links Texto\">No domingo (17), o secret\u00e1rio-geral da ONU, Ant\u00f3nio Guterres,\u00a0<a class=\"\" href=\"https:\/\/g1.globo.com\/rj\/rio-de-janeiro\/g20\/noticia\/2024\/11\/17\/secretario-geral-da-onu-antonio-guterres-defende-atualizacao-na-governanca-global.ghtml\" data-mrf-link=\"https:\/\/g1.globo.com\/rj\/rio-de-janeiro\/g20\/noticia\/2024\/11\/17\/secretario-geral-da-onu-antonio-guterres-defende-atualizacao-na-governanca-global.ghtml\">defendeu a moderniza\u00e7\u00e3o das estruturas de governan\u00e7a global<\/a>\u00a0e disse que a composi\u00e7\u00e3o atual do Conselho de Seguran\u00e7a, em que somente 5 pa\u00edses t\u00eam poder de veto, reflete um mundo antigo.<\/p>\n<\/div>\n<\/div>\n<div id=\"chunk-78fpt\">\n<div class=\"mc-column content-text active-extra-styles \" data-block-type=\"unstyled\" data-block-weight=\"38\" data-block-id=\"22\">\n<p class=\" content-text__container \" data-track-category=\"Link no Texto\" data-track-links=\"\" data-mrf-recirculation=\"Artigo - Links Texto\">&#8220;As amea\u00e7as que enfrentamos hoje s\u00e3o interconectadas e internacionais. Mas as institui\u00e7\u00f5es globais de resolu\u00e7\u00e3o de problemas precisam desesperadamente de uma atualiza\u00e7\u00e3o, n\u00e3o menos importante o Conselho de Seguran\u00e7a, que reflete o mundo de 80 anos atr\u00e1s&#8221;, disse.<\/p>\n<\/div>\n<\/div>\n<div id=\"chunk-5ek4s\">\n<div class=\"mc-column content-text active-extra-styles \" data-block-type=\"unstyled\" data-block-weight=\"19\" data-block-id=\"24\">\n<p class=\" content-text__container \" data-track-category=\"Link no Texto\" data-track-links=\"\" data-mrf-recirculation=\"Artigo - Links Texto\">Ele falou tamb\u00e9m sobre a necessidade de ajudar na\u00e7\u00f5es mais pobres a enfrentar os efeitos da crise do clima.<\/p>\n<\/div>\n<\/div>\n<div id=\"chunk-cv50j\">\n<div class=\"mc-column content-text active-extra-styles \" data-block-type=\"unstyled\" data-block-weight=\"34\" data-block-id=\"25\">\n<p class=\" content-text__container \" data-track-category=\"Link no Texto\" data-track-links=\"\" data-mrf-recirculation=\"Artigo - Links Texto\">&#8220;Pa\u00edses vulner\u00e1veis enfrentam enormes desafios e obst\u00e1culos que n\u00e3o s\u00e3o de sua responsabilidade. Eles n\u00e3o est\u00e3o recebendo o n\u00edvel de apoio que precisam de uma arquitetura financeira internacional que est\u00e1 desatualizada, ineficaz e injusta.&#8221;<\/p>\n<\/div>\n<\/div>\n<div id=\"chunk-a5umi\">\n<div class=\"mc-column content-text active-extra-styles\" data-block-type=\"raw\" data-block-weight=\"2\" data-block-id=\"26\">\n<div class=\"content-intertitle\">\n<h2>Agenda brasileira<\/h2>\n<\/div>\n<\/div>\n<\/div>\n<div id=\"chunk-a333k\">\n<div class=\"mc-column content-text active-extra-styles \" data-block-type=\"unstyled\" data-block-weight=\"32\" data-block-id=\"27\">\n<p class=\" content-text__container \" data-track-category=\"Link no Texto\" data-track-links=\"\" data-mrf-recirculation=\"Artigo - Links Texto\">O comando brasileiro do grupo come\u00e7ou em 1\u00ba de dezembro do ano passado. Ao iniciar a presid\u00eancia rotativa, o governo do presidente Lula estabeleceu tr\u00eas eixos centrais de discuss\u00e3o para o G20:<\/p>\n<\/div>\n<\/div>\n<div id=\"chunk-elt9r\">\n<div class=\"mc-column content-text active-extra-styles \" data-block-type=\"unstyled\" data-block-weight=\"10\" data-block-id=\"28\">\n<p class=\" content-text__container \" data-track-category=\"Link no Texto\" data-track-links=\"\" data-mrf-recirculation=\"Artigo - Links Texto\">&#8211; inclus\u00e3o social e combate \u00e0 fome e \u00e0 pobreza;<\/p>\n<\/div>\n<\/div>\n<div id=\"chunk-6oihk\">\n<div class=\"mc-column content-text active-extra-styles \" data-block-type=\"unstyled\" data-block-weight=\"6\" data-block-id=\"29\">\n<p class=\" content-text__container \" data-track-category=\"Link no Texto\" data-track-links=\"\" data-mrf-recirculation=\"Artigo - Links Texto\">&#8211; transi\u00e7\u00e3o energ\u00e9tica e desenvolvimento sustent\u00e1vel;<\/p>\n<\/div>\n<\/div>\n<div id=\"chunk-6eeav\">\n<div class=\"mc-column content-text active-extra-styles \" data-block-type=\"unstyled\" data-block-weight=\"5\" data-block-id=\"30\">\n<p class=\" content-text__container \" data-track-category=\"Link no Texto\" data-track-links=\"\" data-mrf-recirculation=\"Artigo - Links Texto\">&#8211; reforma da governan\u00e7a global.<\/p>\n<\/div>\n<\/div>\n<div id=\"chunk-23jac\">\n<div class=\"mc-column content-text active-extra-styles \" data-block-type=\"unstyled\" data-block-weight=\"15\" data-block-id=\"31\">\n<p class=\" content-text__container \" data-track-category=\"Link no Texto\" data-track-links=\"\" data-mrf-recirculation=\"Artigo - Links Texto\">Paralelamente \u00e0s discuss\u00f5es sobre esses temas, o Brasil tamb\u00e9m lan\u00e7ou algumas iniciativas, entre as quais:<\/p>\n<\/div>\n<\/div>\n<div id=\"chunk-87gkq\">\n<div class=\"mc-column content-text active-extra-styles \" data-block-type=\"unstyled\" data-block-weight=\"8\" data-block-id=\"32\">\n<p class=\" content-text__container \" data-track-category=\"Link no Texto\" data-track-links=\"\" data-mrf-recirculation=\"Artigo - Links Texto\">&#8211; G20 Social (com representantes da sociedade civil);<\/p>\n<\/div>\n<\/div>\n<div id=\"chunk-48jfk\">\n<div class=\"mc-column content-text active-extra-styles \" data-block-type=\"unstyled\" data-block-weight=\"9\" data-block-id=\"33\">\n<p class=\" content-text__container \" data-track-category=\"Link no Texto\" data-track-links=\"\" data-mrf-recirculation=\"Artigo - Links Texto\">&#8211; Alian\u00e7a Global contra a Fome e a Pobreza.<\/p>\n<\/div>\n<\/div>\n<div id=\"chunk-1t5ha\">\n<div class=\"bs-video-block mc-column   content-media content-video\" data-block-type=\"backstage-video\" data-block-id=\"34\">\n<div class=\"content-media__container\">\n<p class=\"content-media__description\">Lula no G20 destaca papel das cidades no clima<\/p>\n<\/div>\n<\/div>\n<\/div>\n<div id=\"chunk-4kjgd\">\n<div class=\"mc-column content-text active-extra-styles\" data-block-type=\"raw\" data-block-weight=\"3\" data-block-id=\"36\">\n<div class=\"content-intertitle\">\n<h2>Programa de atividades<\/h2>\n<\/div>\n<\/div>\n<\/div>\n<div id=\"chunk-1rv3o\">\n<div class=\"mc-column content-text active-extra-styles \" data-block-type=\"unstyled\" data-block-weight=\"20\" data-block-id=\"37\">\n<p class=\" content-text__container \" data-track-category=\"Link no Texto\" data-track-links=\"\" data-mrf-recirculation=\"Artigo - Links Texto\">A agenda do G20 programada para os pr\u00f3ximos dois dias prev\u00ea uma s\u00e9rie de compromissos para os l\u00edderes do bloco.<\/p>\n<\/div>\n<\/div>\n<div id=\"chunk-7om5r\">\n<div class=\"mc-column content-text active-extra-styles \" data-block-type=\"unstyled\" data-block-weight=\"9\" data-block-id=\"38\">\n<p class=\" content-text__container \" data-track-category=\"Link no Texto\" data-track-links=\"\" data-mrf-recirculation=\"Artigo - Links Texto\">Entre esses compromissos previstos para segunda e ter\u00e7a-feira, est\u00e3o:<\/p>\n<\/div>\n<\/div>\n<div id=\"chunk-cu97b\">\n<div class=\"mc-column content-text active-extra-styles \" data-block-type=\"unstyled\" data-block-weight=\"10\" data-block-id=\"39\">\n<p class=\" content-text__container \" data-track-category=\"Link no Texto\" data-track-links=\"\" data-mrf-recirculation=\"Artigo - Links Texto\">&#8211; cerim\u00f4nia de abertura da c\u00fapula de l\u00edderes do G20;<\/p>\n<\/div>\n<\/div>\n<div id=\"chunk-apdo\">\n<div class=\"mc-column content-text active-extra-styles \" data-block-type=\"unstyled\" data-block-weight=\"11\" data-block-id=\"40\">\n<p class=\" content-text__container \" data-track-category=\"Link no Texto\" data-track-links=\"\" data-mrf-recirculation=\"Artigo - Links Texto\">&#8211; painel sobre alian\u00e7a global contra a fome e a pobreza;<\/p>\n<\/div>\n<\/div>\n<div id=\"chunk-2mnp7\">\n<div class=\"mc-column content-text active-extra-styles \" data-block-type=\"unstyled\" data-block-weight=\"7\" data-block-id=\"41\">\n<p class=\" content-text__container \" data-track-category=\"Link no Texto\" data-track-links=\"\" data-mrf-recirculation=\"Artigo - Links Texto\">&#8211; sess\u00e3o sobre reforma da governan\u00e7a global;<\/p>\n<\/div>\n<\/div>\n<div id=\"chunk-9idi\">\n<div class=\"mc-column content-text active-extra-styles \" data-block-type=\"unstyled\" data-block-weight=\"5\" data-block-id=\"42\">\n<p class=\" content-text__container \" data-track-category=\"Link no Texto\" data-track-links=\"\" data-mrf-recirculation=\"Artigo - Links Texto\">&#8211; sess\u00e3o sobre desenvolvimento sustent\u00e1vel;<\/p>\n<\/div>\n<\/div>\n<div id=\"chunk-d3j85\">\n<div class=\"mc-column content-text active-extra-styles \" data-block-type=\"unstyled\" data-block-weight=\"8\" data-block-id=\"43\">\n<p class=\" content-text__container \" data-track-category=\"Link no Texto\" data-track-links=\"\" data-mrf-recirculation=\"Artigo - Links Texto\">&#8211; encerramento da c\u00fapula de l\u00edderes do G20.<\/p>\n<\/div>\n<\/div>\n<div id=\"chunk-d3a7\">\n<div class=\"mc-column content-text active-extra-styles \" data-block-type=\"unstyled\" data-block-weight=\"48\" data-block-id=\"44\">\n<p class=\" content-text__container \" data-track-category=\"Link no Texto\" data-track-links=\"\" data-mrf-recirculation=\"Artigo - Links Texto\">H\u00e1 uma expectativa de que, entre esses compromissos, o presidente Lula se re\u00fana com alguns l\u00edderes internacionais, entre os quais o presidente dos Estados Unidos, Joe Biden, que deixar\u00e1 o mandato em janeiro de 2025, quando passar\u00e1 o comando da Casa Branca para o presidente eleito Donald Trump.<\/p>\n<\/div>\n<\/div>\n<div id=\"chunk-8qq8k\">\n<div class=\"mc-column content-text active-extra-styles \" data-block-type=\"unstyled\" data-block-weight=\"24\" data-block-id=\"45\">\n<p class=\" content-text__container \" data-track-category=\"Link no Texto\" data-track-links=\"\" data-mrf-recirculation=\"Artigo - Links Texto\">Al\u00e9m disso, \u00e9 poss\u00edvel que Lula conceda na ter\u00e7a-feira (19) uma entrevista coletiva, praxe em eventos internacionais desse porte dos quais o presidente participa.<\/p>\n<\/div>\n<\/div>\n<div id=\"chunk-31cf7\">\n<div class=\"mc-column content-text active-extra-styles \" data-block-type=\"unstyled\" data-block-weight=\"29\" data-block-id=\"46\">\n<p class=\" content-text__container \" data-track-category=\"Link no Texto\" data-track-links=\"\" data-mrf-recirculation=\"Artigo - Links Texto\">Na quarta (20), j\u00e1 em Bras\u00edlia, Lula receber\u00e1 o presidente da China, Xi Jinping , em uma visita de estado. A China \u00e9 o principal parceiro comercial do Brasil.<\/p>\n<\/div>\n<\/div>\n<div id=\"chunk-6cf78\">\n<div class=\"mc-column content-text active-extra-styles\" data-block-type=\"raw\" data-block-weight=\"3\" data-block-id=\"47\">\n<div class=\"content-intertitle\">\n<h2>Encontro do U20<\/h2>\n<\/div>\n<\/div>\n<\/div>\n<div id=\"chunk-10i8o\">\n<div class=\"mc-column content-text active-extra-styles \" data-block-type=\"unstyled\" data-block-weight=\"30\" data-block-id=\"48\">\n<p class=\" content-text__container \" data-track-category=\"Link no Texto\" data-track-links=\"\" data-mrf-recirculation=\"Artigo - Links Texto\">No domingo (17), tamb\u00e9m no Rio de Janeiro, o presidente Lula discursou no encontro do Urban 20 (U20), f\u00f3rum que re\u00fane prefeitos de cidades dos pa\u00edses que integram o G20<\/p>\n<\/div>\n<\/div>\n<div id=\"chunk-bp593\">\n<div class=\"mc-column content-text active-extra-styles \" data-block-type=\"unstyled\" data-block-weight=\"39\" data-block-id=\"50\">\n<p class=\" content-text__container \" data-track-category=\"Link no Texto\" data-track-links=\"\" data-mrf-recirculation=\"Artigo - Links Texto\">Em seu pronunciamento, o presidente disse que as cidades t\u00eam papel a cumprir contra os extremos clim\u00e1ticos e cobrou financiamento dos pa\u00edses mais ricos para a\u00e7\u00f5es ligadas ao meio ambiente e de planejamento urbano em na\u00e7\u00f5es menos desenvolvidas.<\/p>\n<\/div>\n<\/div>\n<div id=\"chunk-8nb6j\">\n<div class=\"mc-column content-text active-extra-styles \" data-block-type=\"unstyled\" data-block-weight=\"42\" data-block-id=\"51\">\n<p class=\" content-text__container \" data-track-category=\"Link no Texto\" data-track-links=\"\" data-mrf-recirculation=\"Artigo - Links Texto\">O presidente disse tamb\u00e9m que o &#8220;planejamento urbano ter\u00e1 papel crucial na transi\u00e7\u00e3o ecol\u00f3gica e no enfrentamento \u00e0s mudan\u00e7as clim\u00e1ticas&#8221;. Ele destacou que as cidades s\u00e3o respons\u00e1veis por 70% das emiss\u00f5es de gases de efeito estufa e 75% do consumo de energia.<\/p>\n<\/div>\n<\/div>\n<div id=\"chunk-8tod5\">\n<div class=\"mc-column content-text active-extra-styles \" data-block-type=\"unstyled\" data-block-weight=\"43\" data-block-id=\"52\">\n<p class=\" content-text__container \" data-track-category=\"Link no Texto\" data-track-links=\"\" data-mrf-recirculation=\"Artigo - Links Texto\">&#8220;Esses mesmos centros urbanos est\u00e3o desproporcionalmente expostos \u00e0s consequ\u00eancias das mudan\u00e7as clim\u00e1ticas, \u00e0 subida do n\u00edvel dos oceanos, \u00e0s ondas de calor, \u00e0 inseguran\u00e7a h\u00eddrica, \u00e0s enchentes avassaladoras como as que vimos recentemente no sul do Brasil, na Col\u00f4mbia e na Espanha&#8221;, disse.<\/p>\n<\/div>\n<\/div>\n<div id=\"chunk-6qu2n\">\n<div class=\"mc-column content-text active-extra-styles \" data-block-type=\"unstyled\" data-block-weight=\"36\" data-block-id=\"53\">\n<p class=\" content-text__container \" data-track-category=\"Link no Texto\" data-track-links=\"\" data-mrf-recirculation=\"Artigo - Links Texto\">&#8220;As cidades n\u00e3o podem custear sozinhas a transforma\u00e7\u00e3o urbana. Elas n\u00e3o podem ser negligenciadas nos novos mecanismos de financiamento da transi\u00e7\u00e3o clim\u00e1tica. Infelizmente, os governos esbarram em uma enorme lacuna de financiamento no Sul Global&#8221;, acrescentou.<\/p>\n<p data-track-category=\"Link no Texto\" data-track-links=\"\" data-mrf-recirculation=\"Artigo - Links Texto\">Fonte: G1<\/p>\n<\/div>\n<\/div>\n<div id=\"chunk-8mcgb\">\n<div class=\"block-podcast\"><\/div>\n<\/div>\n<\/div>\n<\/article>\n<\/div>\n","protected":false},"excerpt":{"rendered":"<p>Foto T\u00e2nia Rego\/Ag\u00eancia Brasil Grupo re\u00fane principais economias do mundo e tem o Brasil na presid\u00eancia rotativa. G20 n\u00e3o aprova leis nem imp\u00f5e obriga\u00e7\u00f5es aos pa\u00edses, mas firma compromissos como os de pol\u00edticas econ\u00f4micas e sociais. Por\u00a0Filipe Matoso,\u00a0Pedro Henrique Gomes\u00a0\u2014 Bras\u00edlia 18\/11\/2024 00h00\u00a0\u00a0Atualizado\u00a0h\u00e1 2 horas O presidente Lula ser\u00e1 o anfitri\u00e3o do encontro do G20 [&hellip;]<\/p>\n","protected":false},"author":2,"featured_media":2859,"comment_status":"open","ping_status":"open","sticky":false,"template":"","format":"standard","meta":{"rop_custom_images_group":[],"rop_custom_messages_group":[],"rop_publish_now":"initial","rop_publish_now_accounts":{"twitter_850042665852968960_850042665852968960":""},"rop_publish_now_history":[],"rop_publish_now_status":"pending","footnotes":""},"categories":[15],"tags":[268,272,270,76,120,271,269],"class_list":["post-2858","post","type-post","status-publish","format-standard","has-post-thumbnail","hentry","category-destaques","tag-alianca","tag-desenvolvimento","tag-encontro","tag-g20","tag-governanca","tag-inclusao-social","tag-lula"],"yoast_head":"<!-- This site is optimized with the Yoast SEO plugin v27.2 - https:\/\/yoast.com\/product\/yoast-seo-wordpress\/ -->\n<title>Lula abre G20 com agenda focada em combate \u00e0 fome, clima e reforma de organiza\u00e7\u00f5es internacionais - Prefeitos &amp; Gest\u00f5es<\/title>\n<meta name=\"robots\" content=\"index, follow, max-snippet:-1, max-image-preview:large, max-video-preview:-1\" \/>\n<link rel=\"canonical\" href=\"https:\/\/prefeitosegestoes.com.br\/portal\/lula-abre-g20-com-agenda-focada-em-combate-a-fome-clima-e-reforma-de-organizacoes-internacionais\/\" \/>\n<meta property=\"og:locale\" content=\"pt_BR\" \/>\n<meta property=\"og:type\" content=\"article\" \/>\n<meta property=\"og:title\" content=\"Lula abre G20 com agenda focada em combate \u00e0 fome, clima e reforma de organiza\u00e7\u00f5es internacionais - Prefeitos &amp; Gest\u00f5es\" \/>\n<meta property=\"og:description\" content=\"Foto T\u00e2nia Rego\/Ag\u00eancia Brasil Grupo re\u00fane principais economias do mundo e tem o Brasil na presid\u00eancia rotativa. G20 n\u00e3o aprova leis nem imp\u00f5e obriga\u00e7\u00f5es aos pa\u00edses, mas firma compromissos como os de pol\u00edticas econ\u00f4micas e sociais. Por\u00a0Filipe Matoso,\u00a0Pedro Henrique Gomes\u00a0\u2014 Bras\u00edlia 18\/11\/2024 00h00\u00a0\u00a0Atualizado\u00a0h\u00e1 2 horas O presidente Lula ser\u00e1 o anfitri\u00e3o do encontro do G20 [&hellip;]\" \/>\n<meta property=\"og:url\" content=\"https:\/\/prefeitosegestoes.com.br\/portal\/lula-abre-g20-com-agenda-focada-em-combate-a-fome-clima-e-reforma-de-organizacoes-internacionais\/\" \/>\n<meta property=\"og:site_name\" content=\"Prefeitos &amp; Gest\u00f5es\" \/>\n<meta property=\"article:publisher\" content=\"https:\/\/www.facebook.com\/prefeitosonline\" \/>\n<meta property=\"article:published_time\" content=\"2024-11-18T13:19:28+00:00\" \/>\n<meta property=\"og:image\" content=\"https:\/\/prefeitosegestoes.com.br\/portal\/wp-content\/uploads\/2024\/11\/rbr4697.webp\" \/>\n\t<meta property=\"og:image:width\" content=\"1170\" \/>\n\t<meta property=\"og:image:height\" content=\"700\" \/>\n\t<meta property=\"og:image:type\" content=\"image\/webp\" \/>\n<meta name=\"author\" content=\"Prefeitos &amp; Gest\u00f5es\" \/>\n<meta name=\"twitter:card\" content=\"summary_large_image\" \/>\n<meta name=\"twitter:creator\" content=\"@PrefGestoes\" \/>\n<meta name=\"twitter:site\" content=\"@PrefGestoes\" \/>\n<meta name=\"twitter:label1\" content=\"Escrito por\" \/>\n\t<meta name=\"twitter:data1\" content=\"Prefeitos &amp; Gest\u00f5es\" \/>\n\t<meta name=\"twitter:label2\" content=\"Est. tempo de leitura\" \/>\n\t<meta name=\"twitter:data2\" content=\"6 minutos\" \/>\n<script type=\"application\/ld+json\" class=\"yoast-schema-graph\">{\"@context\":\"https:\/\/schema.org\",\"@graph\":[{\"@type\":\"Article\",\"@id\":\"https:\/\/prefeitosegestoes.com.br\/portal\/lula-abre-g20-com-agenda-focada-em-combate-a-fome-clima-e-reforma-de-organizacoes-internacionais\/#article\",\"isPartOf\":{\"@id\":\"https:\/\/prefeitosegestoes.com.br\/portal\/lula-abre-g20-com-agenda-focada-em-combate-a-fome-clima-e-reforma-de-organizacoes-internacionais\/\"},\"author\":{\"name\":\"Prefeitos &amp; Gest\u00f5es\",\"@id\":\"https:\/\/prefeitosegestoes.com.br\/portal\/#\/schema\/person\/d00059f2ec99963e7e1850d448ae94b8\"},\"headline\":\"Lula abre G20 com agenda focada em combate \u00e0 fome, clima e reforma de organiza\u00e7\u00f5es internacionais\",\"datePublished\":\"2024-11-18T13:19:28+00:00\",\"mainEntityOfPage\":{\"@id\":\"https:\/\/prefeitosegestoes.com.br\/portal\/lula-abre-g20-com-agenda-focada-em-combate-a-fome-clima-e-reforma-de-organizacoes-internacionais\/\"},\"wordCount\":1266,\"commentCount\":0,\"publisher\":{\"@id\":\"https:\/\/prefeitosegestoes.com.br\/portal\/#organization\"},\"image\":{\"@id\":\"https:\/\/prefeitosegestoes.com.br\/portal\/lula-abre-g20-com-agenda-focada-em-combate-a-fome-clima-e-reforma-de-organizacoes-internacionais\/#primaryimage\"},\"thumbnailUrl\":\"https:\/\/prefeitosegestoes.com.br\/portal\/wp-content\/uploads\/2024\/11\/rbr4697.webp\",\"keywords\":[\"Alian\u00e7a\",\"Desenvolvimento\",\"Encontro\",\"G20\",\"Governan\u00e7a\",\"Inclus\u00e3o Social\",\"Lula\"],\"articleSection\":[\"Destaques\"],\"inLanguage\":\"pt-BR\",\"potentialAction\":[{\"@type\":\"CommentAction\",\"name\":\"Comment\",\"target\":[\"https:\/\/prefeitosegestoes.com.br\/portal\/lula-abre-g20-com-agenda-focada-em-combate-a-fome-clima-e-reforma-de-organizacoes-internacionais\/#respond\"]}]},{\"@type\":\"WebPage\",\"@id\":\"https:\/\/prefeitosegestoes.com.br\/portal\/lula-abre-g20-com-agenda-focada-em-combate-a-fome-clima-e-reforma-de-organizacoes-internacionais\/\",\"url\":\"https:\/\/prefeitosegestoes.com.br\/portal\/lula-abre-g20-com-agenda-focada-em-combate-a-fome-clima-e-reforma-de-organizacoes-internacionais\/\",\"name\":\"Lula abre G20 com agenda focada em combate \u00e0 fome, clima e reforma de organiza\u00e7\u00f5es internacionais - Prefeitos &amp; Gest\u00f5es\",\"isPartOf\":{\"@id\":\"https:\/\/prefeitosegestoes.com.br\/portal\/#website\"},\"primaryImageOfPage\":{\"@id\":\"https:\/\/prefeitosegestoes.com.br\/portal\/lula-abre-g20-com-agenda-focada-em-combate-a-fome-clima-e-reforma-de-organizacoes-internacionais\/#primaryimage\"},\"image\":{\"@id\":\"https:\/\/prefeitosegestoes.com.br\/portal\/lula-abre-g20-com-agenda-focada-em-combate-a-fome-clima-e-reforma-de-organizacoes-internacionais\/#primaryimage\"},\"thumbnailUrl\":\"https:\/\/prefeitosegestoes.com.br\/portal\/wp-content\/uploads\/2024\/11\/rbr4697.webp\",\"datePublished\":\"2024-11-18T13:19:28+00:00\",\"breadcrumb\":{\"@id\":\"https:\/\/prefeitosegestoes.com.br\/portal\/lula-abre-g20-com-agenda-focada-em-combate-a-fome-clima-e-reforma-de-organizacoes-internacionais\/#breadcrumb\"},\"inLanguage\":\"pt-BR\",\"potentialAction\":[{\"@type\":\"ReadAction\",\"target\":[\"https:\/\/prefeitosegestoes.com.br\/portal\/lula-abre-g20-com-agenda-focada-em-combate-a-fome-clima-e-reforma-de-organizacoes-internacionais\/\"]}]},{\"@type\":\"ImageObject\",\"inLanguage\":\"pt-BR\",\"@id\":\"https:\/\/prefeitosegestoes.com.br\/portal\/lula-abre-g20-com-agenda-focada-em-combate-a-fome-clima-e-reforma-de-organizacoes-internacionais\/#primaryimage\",\"url\":\"https:\/\/prefeitosegestoes.com.br\/portal\/wp-content\/uploads\/2024\/11\/rbr4697.webp\",\"contentUrl\":\"https:\/\/prefeitosegestoes.com.br\/portal\/wp-content\/uploads\/2024\/11\/rbr4697.webp\",\"width\":1170,\"height\":700},{\"@type\":\"BreadcrumbList\",\"@id\":\"https:\/\/prefeitosegestoes.com.br\/portal\/lula-abre-g20-com-agenda-focada-em-combate-a-fome-clima-e-reforma-de-organizacoes-internacionais\/#breadcrumb\",\"itemListElement\":[{\"@type\":\"ListItem\",\"position\":1,\"name\":\"In\u00edcio\",\"item\":\"https:\/\/prefeitosegestoes.com.br\/portal\/\"},{\"@type\":\"ListItem\",\"position\":2,\"name\":\"Lula abre G20 com agenda focada em combate \u00e0 fome, clima e reforma de organiza\u00e7\u00f5es internacionais\"}]},{\"@type\":\"WebSite\",\"@id\":\"https:\/\/prefeitosegestoes.com.br\/portal\/#website\",\"url\":\"https:\/\/prefeitosegestoes.com.br\/portal\/\",\"name\":\"Prefeitos & Gest\u00f5es\",\"description\":\"\",\"publisher\":{\"@id\":\"https:\/\/prefeitosegestoes.com.br\/portal\/#organization\"},\"potentialAction\":[{\"@type\":\"SearchAction\",\"target\":{\"@type\":\"EntryPoint\",\"urlTemplate\":\"https:\/\/prefeitosegestoes.com.br\/portal\/?s={search_term_string}\"},\"query-input\":{\"@type\":\"PropertyValueSpecification\",\"valueRequired\":true,\"valueName\":\"search_term_string\"}}],\"inLanguage\":\"pt-BR\"},{\"@type\":\"Organization\",\"@id\":\"https:\/\/prefeitosegestoes.com.br\/portal\/#organization\",\"name\":\"Prefeitos & Gest\u00f5es\",\"url\":\"https:\/\/prefeitosegestoes.com.br\/portal\/\",\"logo\":{\"@type\":\"ImageObject\",\"inLanguage\":\"pt-BR\",\"@id\":\"https:\/\/prefeitosegestoes.com.br\/portal\/#\/schema\/logo\/image\/\",\"url\":\"https:\/\/prefeitosegestoes.com.br\/portal\/wp-content\/uploads\/2024\/10\/lg_trans_prefeitos_2024_preto2.png\",\"contentUrl\":\"https:\/\/prefeitosegestoes.com.br\/portal\/wp-content\/uploads\/2024\/10\/lg_trans_prefeitos_2024_preto2.png\",\"width\":199,\"height\":122,\"caption\":\"Prefeitos & Gest\u00f5es\"},\"image\":{\"@id\":\"https:\/\/prefeitosegestoes.com.br\/portal\/#\/schema\/logo\/image\/\"},\"sameAs\":[\"https:\/\/www.facebook.com\/prefeitosonline\",\"https:\/\/x.com\/PrefGestoes\"]},{\"@type\":\"Person\",\"@id\":\"https:\/\/prefeitosegestoes.com.br\/portal\/#\/schema\/person\/d00059f2ec99963e7e1850d448ae94b8\",\"name\":\"Prefeitos &amp; Gest\u00f5es\",\"image\":{\"@type\":\"ImageObject\",\"inLanguage\":\"pt-BR\",\"@id\":\"https:\/\/secure.gravatar.com\/avatar\/738fb281e479212ed32c1a21a4307dda9f3af9292edb6918a16c9ce9fff5f48d?s=96&d=mm&r=g\",\"url\":\"https:\/\/secure.gravatar.com\/avatar\/738fb281e479212ed32c1a21a4307dda9f3af9292edb6918a16c9ce9fff5f48d?s=96&d=mm&r=g\",\"contentUrl\":\"https:\/\/secure.gravatar.com\/avatar\/738fb281e479212ed32c1a21a4307dda9f3af9292edb6918a16c9ce9fff5f48d?s=96&d=mm&r=g\",\"caption\":\"Prefeitos &amp; Gest\u00f5es\"},\"url\":\"https:\/\/prefeitosegestoes.com.br\/portal\/author\/prefeitosegestoes\/\"}]}<\/script>\n<!-- \/ Yoast SEO plugin. -->","yoast_head_json":{"title":"Lula abre G20 com agenda focada em combate \u00e0 fome, clima e reforma de organiza\u00e7\u00f5es internacionais - Prefeitos &amp; Gest\u00f5es","robots":{"index":"index","follow":"follow","max-snippet":"max-snippet:-1","max-image-preview":"max-image-preview:large","max-video-preview":"max-video-preview:-1"},"canonical":"https:\/\/prefeitosegestoes.com.br\/portal\/lula-abre-g20-com-agenda-focada-em-combate-a-fome-clima-e-reforma-de-organizacoes-internacionais\/","og_locale":"pt_BR","og_type":"article","og_title":"Lula abre G20 com agenda focada em combate \u00e0 fome, clima e reforma de organiza\u00e7\u00f5es internacionais - Prefeitos &amp; Gest\u00f5es","og_description":"Foto T\u00e2nia Rego\/Ag\u00eancia Brasil Grupo re\u00fane principais economias do mundo e tem o Brasil na presid\u00eancia rotativa. G20 n\u00e3o aprova leis nem imp\u00f5e obriga\u00e7\u00f5es aos pa\u00edses, mas firma compromissos como os de pol\u00edticas econ\u00f4micas e sociais. Por\u00a0Filipe Matoso,\u00a0Pedro Henrique Gomes\u00a0\u2014 Bras\u00edlia 18\/11\/2024 00h00\u00a0\u00a0Atualizado\u00a0h\u00e1 2 horas O presidente Lula ser\u00e1 o anfitri\u00e3o do encontro do G20 [&hellip;]","og_url":"https:\/\/prefeitosegestoes.com.br\/portal\/lula-abre-g20-com-agenda-focada-em-combate-a-fome-clima-e-reforma-de-organizacoes-internacionais\/","og_site_name":"Prefeitos &amp; Gest\u00f5es","article_publisher":"https:\/\/www.facebook.com\/prefeitosonline","article_published_time":"2024-11-18T13:19:28+00:00","og_image":[{"width":1170,"height":700,"url":"https:\/\/prefeitosegestoes.com.br\/portal\/wp-content\/uploads\/2024\/11\/rbr4697.webp","type":"image\/webp"}],"author":"Prefeitos &amp; Gest\u00f5es","twitter_card":"summary_large_image","twitter_creator":"@PrefGestoes","twitter_site":"@PrefGestoes","twitter_misc":{"Escrito por":"Prefeitos &amp; Gest\u00f5es","Est. tempo de leitura":"6 minutos"},"schema":{"@context":"https:\/\/schema.org","@graph":[{"@type":"Article","@id":"https:\/\/prefeitosegestoes.com.br\/portal\/lula-abre-g20-com-agenda-focada-em-combate-a-fome-clima-e-reforma-de-organizacoes-internacionais\/#article","isPartOf":{"@id":"https:\/\/prefeitosegestoes.com.br\/portal\/lula-abre-g20-com-agenda-focada-em-combate-a-fome-clima-e-reforma-de-organizacoes-internacionais\/"},"author":{"name":"Prefeitos &amp; Gest\u00f5es","@id":"https:\/\/prefeitosegestoes.com.br\/portal\/#\/schema\/person\/d00059f2ec99963e7e1850d448ae94b8"},"headline":"Lula abre G20 com agenda focada em combate \u00e0 fome, clima e reforma de organiza\u00e7\u00f5es internacionais","datePublished":"2024-11-18T13:19:28+00:00","mainEntityOfPage":{"@id":"https:\/\/prefeitosegestoes.com.br\/portal\/lula-abre-g20-com-agenda-focada-em-combate-a-fome-clima-e-reforma-de-organizacoes-internacionais\/"},"wordCount":1266,"commentCount":0,"publisher":{"@id":"https:\/\/prefeitosegestoes.com.br\/portal\/#organization"},"image":{"@id":"https:\/\/prefeitosegestoes.com.br\/portal\/lula-abre-g20-com-agenda-focada-em-combate-a-fome-clima-e-reforma-de-organizacoes-internacionais\/#primaryimage"},"thumbnailUrl":"https:\/\/prefeitosegestoes.com.br\/portal\/wp-content\/uploads\/2024\/11\/rbr4697.webp","keywords":["Alian\u00e7a","Desenvolvimento","Encontro","G20","Governan\u00e7a","Inclus\u00e3o Social","Lula"],"articleSection":["Destaques"],"inLanguage":"pt-BR","potentialAction":[{"@type":"CommentAction","name":"Comment","target":["https:\/\/prefeitosegestoes.com.br\/portal\/lula-abre-g20-com-agenda-focada-em-combate-a-fome-clima-e-reforma-de-organizacoes-internacionais\/#respond"]}]},{"@type":"WebPage","@id":"https:\/\/prefeitosegestoes.com.br\/portal\/lula-abre-g20-com-agenda-focada-em-combate-a-fome-clima-e-reforma-de-organizacoes-internacionais\/","url":"https:\/\/prefeitosegestoes.com.br\/portal\/lula-abre-g20-com-agenda-focada-em-combate-a-fome-clima-e-reforma-de-organizacoes-internacionais\/","name":"Lula abre G20 com agenda focada em combate \u00e0 fome, clima e reforma de organiza\u00e7\u00f5es internacionais - Prefeitos &amp; Gest\u00f5es","isPartOf":{"@id":"https:\/\/prefeitosegestoes.com.br\/portal\/#website"},"primaryImageOfPage":{"@id":"https:\/\/prefeitosegestoes.com.br\/portal\/lula-abre-g20-com-agenda-focada-em-combate-a-fome-clima-e-reforma-de-organizacoes-internacionais\/#primaryimage"},"image":{"@id":"https:\/\/prefeitosegestoes.com.br\/portal\/lula-abre-g20-com-agenda-focada-em-combate-a-fome-clima-e-reforma-de-organizacoes-internacionais\/#primaryimage"},"thumbnailUrl":"https:\/\/prefeitosegestoes.com.br\/portal\/wp-content\/uploads\/2024\/11\/rbr4697.webp","datePublished":"2024-11-18T13:19:28+00:00","breadcrumb":{"@id":"https:\/\/prefeitosegestoes.com.br\/portal\/lula-abre-g20-com-agenda-focada-em-combate-a-fome-clima-e-reforma-de-organizacoes-internacionais\/#breadcrumb"},"inLanguage":"pt-BR","potentialAction":[{"@type":"ReadAction","target":["https:\/\/prefeitosegestoes.com.br\/portal\/lula-abre-g20-com-agenda-focada-em-combate-a-fome-clima-e-reforma-de-organizacoes-internacionais\/"]}]},{"@type":"ImageObject","inLanguage":"pt-BR","@id":"https:\/\/prefeitosegestoes.com.br\/portal\/lula-abre-g20-com-agenda-focada-em-combate-a-fome-clima-e-reforma-de-organizacoes-internacionais\/#primaryimage","url":"https:\/\/prefeitosegestoes.com.br\/portal\/wp-content\/uploads\/2024\/11\/rbr4697.webp","contentUrl":"https:\/\/prefeitosegestoes.com.br\/portal\/wp-content\/uploads\/2024\/11\/rbr4697.webp","width":1170,"height":700},{"@type":"BreadcrumbList","@id":"https:\/\/prefeitosegestoes.com.br\/portal\/lula-abre-g20-com-agenda-focada-em-combate-a-fome-clima-e-reforma-de-organizacoes-internacionais\/#breadcrumb","itemListElement":[{"@type":"ListItem","position":1,"name":"In\u00edcio","item":"https:\/\/prefeitosegestoes.com.br\/portal\/"},{"@type":"ListItem","position":2,"name":"Lula abre G20 com agenda focada em combate \u00e0 fome, clima e reforma de organiza\u00e7\u00f5es internacionais"}]},{"@type":"WebSite","@id":"https:\/\/prefeitosegestoes.com.br\/portal\/#website","url":"https:\/\/prefeitosegestoes.com.br\/portal\/","name":"Prefeitos & Gest\u00f5es","description":"","publisher":{"@id":"https:\/\/prefeitosegestoes.com.br\/portal\/#organization"},"potentialAction":[{"@type":"SearchAction","target":{"@type":"EntryPoint","urlTemplate":"https:\/\/prefeitosegestoes.com.br\/portal\/?s={search_term_string}"},"query-input":{"@type":"PropertyValueSpecification","valueRequired":true,"valueName":"search_term_string"}}],"inLanguage":"pt-BR"},{"@type":"Organization","@id":"https:\/\/prefeitosegestoes.com.br\/portal\/#organization","name":"Prefeitos & Gest\u00f5es","url":"https:\/\/prefeitosegestoes.com.br\/portal\/","logo":{"@type":"ImageObject","inLanguage":"pt-BR","@id":"https:\/\/prefeitosegestoes.com.br\/portal\/#\/schema\/logo\/image\/","url":"https:\/\/prefeitosegestoes.com.br\/portal\/wp-content\/uploads\/2024\/10\/lg_trans_prefeitos_2024_preto2.png","contentUrl":"https:\/\/prefeitosegestoes.com.br\/portal\/wp-content\/uploads\/2024\/10\/lg_trans_prefeitos_2024_preto2.png","width":199,"height":122,"caption":"Prefeitos & Gest\u00f5es"},"image":{"@id":"https:\/\/prefeitosegestoes.com.br\/portal\/#\/schema\/logo\/image\/"},"sameAs":["https:\/\/www.facebook.com\/prefeitosonline","https:\/\/x.com\/PrefGestoes"]},{"@type":"Person","@id":"https:\/\/prefeitosegestoes.com.br\/portal\/#\/schema\/person\/d00059f2ec99963e7e1850d448ae94b8","name":"Prefeitos &amp; Gest\u00f5es","image":{"@type":"ImageObject","inLanguage":"pt-BR","@id":"https:\/\/secure.gravatar.com\/avatar\/738fb281e479212ed32c1a21a4307dda9f3af9292edb6918a16c9ce9fff5f48d?s=96&d=mm&r=g","url":"https:\/\/secure.gravatar.com\/avatar\/738fb281e479212ed32c1a21a4307dda9f3af9292edb6918a16c9ce9fff5f48d?s=96&d=mm&r=g","contentUrl":"https:\/\/secure.gravatar.com\/avatar\/738fb281e479212ed32c1a21a4307dda9f3af9292edb6918a16c9ce9fff5f48d?s=96&d=mm&r=g","caption":"Prefeitos &amp; Gest\u00f5es"},"url":"https:\/\/prefeitosegestoes.com.br\/portal\/author\/prefeitosegestoes\/"}]}},"_links":{"self":[{"href":"https:\/\/prefeitosegestoes.com.br\/portal\/wp-json\/wp\/v2\/posts\/2858","targetHints":{"allow":["GET"]}}],"collection":[{"href":"https:\/\/prefeitosegestoes.com.br\/portal\/wp-json\/wp\/v2\/posts"}],"about":[{"href":"https:\/\/prefeitosegestoes.com.br\/portal\/wp-json\/wp\/v2\/types\/post"}],"author":[{"embeddable":true,"href":"https:\/\/prefeitosegestoes.com.br\/portal\/wp-json\/wp\/v2\/users\/2"}],"replies":[{"embeddable":true,"href":"https:\/\/prefeitosegestoes.com.br\/portal\/wp-json\/wp\/v2\/comments?post=2858"}],"version-history":[{"count":1,"href":"https:\/\/prefeitosegestoes.com.br\/portal\/wp-json\/wp\/v2\/posts\/2858\/revisions"}],"predecessor-version":[{"id":2860,"href":"https:\/\/prefeitosegestoes.com.br\/portal\/wp-json\/wp\/v2\/posts\/2858\/revisions\/2860"}],"wp:featuredmedia":[{"embeddable":true,"href":"https:\/\/prefeitosegestoes.com.br\/portal\/wp-json\/wp\/v2\/media\/2859"}],"wp:attachment":[{"href":"https:\/\/prefeitosegestoes.com.br\/portal\/wp-json\/wp\/v2\/media?parent=2858"}],"wp:term":[{"taxonomy":"category","embeddable":true,"href":"https:\/\/prefeitosegestoes.com.br\/portal\/wp-json\/wp\/v2\/categories?post=2858"},{"taxonomy":"post_tag","embeddable":true,"href":"https:\/\/prefeitosegestoes.com.br\/portal\/wp-json\/wp\/v2\/tags?post=2858"}],"curies":[{"name":"wp","href":"https:\/\/api.w.org\/{rel}","templated":true}]}}