{"id":2854,"date":"2024-11-14T10:12:51","date_gmt":"2024-11-14T13:12:51","guid":{"rendered":"https:\/\/prefeitosegestoes.com.br\/portal\/?p=2854"},"modified":"2024-11-14T10:12:51","modified_gmt":"2024-11-14T13:12:51","slug":"cidade-inteligente-conceito","status":"publish","type":"post","link":"https:\/\/prefeitosegestoes.com.br\/portal\/cidade-inteligente-conceito\/","title":{"rendered":"Cidade Inteligente: Conceito"},"content":{"rendered":"<h6><strong>Cr\u00e9dito foto Rom\u00e1n Emin<\/strong><\/h6>\n<h2><strong>O enfoque atual \u00e9 na cidade criativa e sustent\u00e1vel, que faz uso da tecnologia em seu processo de planejamento com a participa\u00e7\u00e3o dos cidad\u00e3os.<\/strong><\/h2>\n<p>Segundo a uni\u00e3o Europ\u00e9ia,\u00a0<em>Smart Cities<\/em>\u00a0s\u00e3o sistemas de pessoas interagindo e usando energia, materiais, servi\u00e7os e financiamento para catalisar o desenvolvimento econ\u00f4mico e a melhoria da qualidade de vida.\u00a0 Esses fluxos de intera\u00e7\u00e3o s\u00e3o considerados\u00a0inteligentes por\u00a0fazer uso estrat\u00e9gico de infraestrutura e servi\u00e7os e de informa\u00e7\u00e3o e comunica\u00e7\u00e3o com planejamento e gest\u00e3o urbana para dar\u00a0resposta \u00e0s necessidades sociais e econ\u00f4micas da sociedade. De acordo com\u00a0o Cities in Motion Index, do IESE Business School na Espanha, 10 dimens\u00f5es indicam o n\u00edvel de intelig\u00eancia\u00a0de uma cidade: governan\u00e7a, administra\u00e7\u00e3o p\u00fablica, planejamento urbano, tecnologia, o meio-ambiente, conex\u00f5es internacionais, coes\u00e3o social, capital humano e a economia.<\/p>\n<p>Apesar de ser um conceito relativamente recente, o conceito de\u00a0<em>Smart City<\/em>\u00a0j\u00e1 se consolidou como assunto fundamental na discuss\u00e3o global sobre\u00a0 o desenvolvimento sustent\u00e1vel e movimenta um mercado global de solu\u00e7\u00f5es tecnol\u00f3gicas, que \u00e9 estimado a chegar em US$ 408 bilh\u00f5es at\u00e9 2020. Atualmente, cidades de pa\u00edses emergentes est\u00e3o investindo bilh\u00f5es de d\u00f3lares em produtos e servi\u00e7os inteligentes para sustentar o crescimento econ\u00f4mico e as demandas materiais da nova classe m\u00e9dia.\u00a0 Ao mesmo tempo, pa\u00edses desenvolvidos precisam aprimorar a infraestrutura urbana existente para permanecer competitivos. Na busca por solu\u00e7\u00f5es para esse desafio, mais da metade das cidades europeias acima de 100.000 habitantes j\u00e1 possuem ou est\u00e3o implementando iniciativas para se tornarem de fato\u00a0<em>Smart Cities<\/em>.<\/p>\n<blockquote><p><em>Ao inv\u00e9s de definir que cidades devem\u00a0ou n\u00e3o ser consideradas &#8220;inteligentes&#8221; \u00e9 construtivo\u00a0se pensar nas atividades e fatores\u00a0que podem tornar uma cidade\u00a0<strong>mais\u00a0<\/strong>inteligente.<\/em><\/p><\/blockquote>\n<p><img decoding=\"async\" src=\"https:\/\/fgvprojetos.fgv.br\/sites\/fgvprojetos.fgv.br\/files\/arquivos\/cidades_inteligentes1.png\" alt=\"\" \/><\/p>\n<p>Ao inv\u00e9s de definir que cidades devem\u00a0ou n\u00e3o ser consideradas inteligentes,\u00a0\u00e9 construtivo\u00a0se pensar nas atividades e fatores\u00a0que podem tornar\u00a0uma cidade\u00a0<em><strong>mais<\/strong><\/em>\u00a0inteligente. \u00a0Junte-se a essa conversa,\u00a0abordando\u00a0Smart Cities\u00a0sob\u00a0todos seus \u00e2nguloss na Urban Tec Brasil 2015. A\u00a0confer\u00eancia internacional pra governantes, executivos, estudantes e pesquisadores reunir\u00e1 na Funda\u00e7\u00e3o Getulio Vargas experts reconhecidos mundialmente, bancos de financiamento e governantes internacionais em dois dias de evento no Rio de Janeiro<\/p>\n<p>Fonte: FGV\u00a0 Projetos<\/p>\n","protected":false},"excerpt":{"rendered":"<p>Cr\u00e9dito foto Rom\u00e1n Emin O enfoque atual \u00e9 na cidade criativa e sustent\u00e1vel, que faz uso da tecnologia em seu processo de planejamento com a participa\u00e7\u00e3o dos cidad\u00e3os. Segundo a uni\u00e3o Europ\u00e9ia,\u00a0Smart Cities\u00a0s\u00e3o sistemas de pessoas interagindo e usando energia, materiais, servi\u00e7os e financiamento para catalisar o desenvolvimento econ\u00f4mico e a melhoria da qualidade de [&hellip;]<\/p>\n","protected":false},"author":2,"featured_media":2855,"comment_status":"open","ping_status":"open","sticky":false,"template":"","format":"standard","meta":{"rop_custom_images_group":[],"rop_custom_messages_group":[],"rop_publish_now":"initial","rop_publish_now_accounts":{"twitter_850042665852968960_850042665852968960":""},"rop_publish_now_history":[],"rop_publish_now_status":"pending","footnotes":""},"categories":[6],"tags":[265,266,127,261,263,264,262,83,267],"class_list":["post-2854","post","type-post","status-publish","format-standard","has-post-thumbnail","hentry","category-smart-city","tag-acessibilidade","tag-eficiencia","tag-gestao","tag-integracao","tag-inteligencia","tag-interatividade","tag-planejamento","tag-sustentabilidade","tag-tecnologia"],"yoast_head":"<!-- This site is optimized with the Yoast SEO plugin v27.2 - https:\/\/yoast.com\/product\/yoast-seo-wordpress\/ -->\n<title>Cidade Inteligente: Conceito - Prefeitos &amp; Gest\u00f5es<\/title>\n<meta name=\"robots\" content=\"index, follow, max-snippet:-1, max-image-preview:large, max-video-preview:-1\" \/>\n<link rel=\"canonical\" href=\"https:\/\/prefeitosegestoes.com.br\/portal\/cidade-inteligente-conceito\/\" \/>\n<meta property=\"og:locale\" content=\"pt_BR\" \/>\n<meta property=\"og:type\" content=\"article\" \/>\n<meta property=\"og:title\" content=\"Cidade Inteligente: Conceito - Prefeitos &amp; Gest\u00f5es\" \/>\n<meta property=\"og:description\" content=\"Cr\u00e9dito foto Rom\u00e1n Emin O enfoque atual \u00e9 na cidade criativa e sustent\u00e1vel, que faz uso da tecnologia em seu processo de planejamento com a participa\u00e7\u00e3o dos cidad\u00e3os. Segundo a uni\u00e3o Europ\u00e9ia,\u00a0Smart Cities\u00a0s\u00e3o sistemas de pessoas interagindo e usando energia, materiais, servi\u00e7os e financiamento para catalisar o desenvolvimento econ\u00f4mico e a melhoria da qualidade de [&hellip;]\" \/>\n<meta property=\"og:url\" content=\"https:\/\/prefeitosegestoes.com.br\/portal\/cidade-inteligente-conceito\/\" \/>\n<meta property=\"og:site_name\" content=\"Prefeitos &amp; Gest\u00f5es\" \/>\n<meta property=\"article:publisher\" content=\"https:\/\/www.facebook.com\/prefeitosonline\" \/>\n<meta property=\"article:published_time\" content=\"2024-11-14T13:12:51+00:00\" \/>\n<meta property=\"og:image\" content=\"https:\/\/prefeitosegestoes.com.br\/portal\/wp-content\/uploads\/2024\/11\/Foto-secundaria-Credito-foto-Roman-Emin-1024x576.jpg\" \/>\n\t<meta property=\"og:image:width\" content=\"1024\" \/>\n\t<meta property=\"og:image:height\" content=\"576\" \/>\n\t<meta property=\"og:image:type\" content=\"image\/jpeg\" \/>\n<meta name=\"author\" content=\"Prefeitos &amp; Gest\u00f5es\" \/>\n<meta name=\"twitter:card\" content=\"summary_large_image\" \/>\n<meta name=\"twitter:creator\" content=\"@PrefGestoes\" \/>\n<meta name=\"twitter:site\" content=\"@PrefGestoes\" \/>\n<meta name=\"twitter:label1\" content=\"Escrito por\" \/>\n\t<meta name=\"twitter:data1\" content=\"Prefeitos &amp; Gest\u00f5es\" \/>\n\t<meta name=\"twitter:label2\" content=\"Est. tempo de leitura\" \/>\n\t<meta name=\"twitter:data2\" content=\"2 minutos\" \/>\n<script type=\"application\/ld+json\" class=\"yoast-schema-graph\">{\"@context\":\"https:\/\/schema.org\",\"@graph\":[{\"@type\":\"Article\",\"@id\":\"https:\/\/prefeitosegestoes.com.br\/portal\/cidade-inteligente-conceito\/#article\",\"isPartOf\":{\"@id\":\"https:\/\/prefeitosegestoes.com.br\/portal\/cidade-inteligente-conceito\/\"},\"author\":{\"name\":\"Prefeitos &amp; Gest\u00f5es\",\"@id\":\"https:\/\/prefeitosegestoes.com.br\/portal\/#\/schema\/person\/d00059f2ec99963e7e1850d448ae94b8\"},\"headline\":\"Cidade Inteligente: Conceito\",\"datePublished\":\"2024-11-14T13:12:51+00:00\",\"mainEntityOfPage\":{\"@id\":\"https:\/\/prefeitosegestoes.com.br\/portal\/cidade-inteligente-conceito\/\"},\"wordCount\":396,\"commentCount\":0,\"publisher\":{\"@id\":\"https:\/\/prefeitosegestoes.com.br\/portal\/#organization\"},\"image\":{\"@id\":\"https:\/\/prefeitosegestoes.com.br\/portal\/cidade-inteligente-conceito\/#primaryimage\"},\"thumbnailUrl\":\"https:\/\/prefeitosegestoes.com.br\/portal\/wp-content\/uploads\/2024\/11\/Foto-secundaria-Credito-foto-Roman-Emin.jpg\",\"keywords\":[\"Acessibilidade\",\"Efici\u00eancia.\",\"Gest\u00e3o\",\"Integra\u00e7\u00e3o\",\"Intelig\u00eancia\",\"Interatividade\",\"Planejamento\",\"sustentabilidade\",\"Tecnologia\"],\"articleSection\":[\"Smart City\"],\"inLanguage\":\"pt-BR\",\"potentialAction\":[{\"@type\":\"CommentAction\",\"name\":\"Comment\",\"target\":[\"https:\/\/prefeitosegestoes.com.br\/portal\/cidade-inteligente-conceito\/#respond\"]}]},{\"@type\":\"WebPage\",\"@id\":\"https:\/\/prefeitosegestoes.com.br\/portal\/cidade-inteligente-conceito\/\",\"url\":\"https:\/\/prefeitosegestoes.com.br\/portal\/cidade-inteligente-conceito\/\",\"name\":\"Cidade Inteligente: Conceito - Prefeitos &amp; Gest\u00f5es\",\"isPartOf\":{\"@id\":\"https:\/\/prefeitosegestoes.com.br\/portal\/#website\"},\"primaryImageOfPage\":{\"@id\":\"https:\/\/prefeitosegestoes.com.br\/portal\/cidade-inteligente-conceito\/#primaryimage\"},\"image\":{\"@id\":\"https:\/\/prefeitosegestoes.com.br\/portal\/cidade-inteligente-conceito\/#primaryimage\"},\"thumbnailUrl\":\"https:\/\/prefeitosegestoes.com.br\/portal\/wp-content\/uploads\/2024\/11\/Foto-secundaria-Credito-foto-Roman-Emin.jpg\",\"datePublished\":\"2024-11-14T13:12:51+00:00\",\"breadcrumb\":{\"@id\":\"https:\/\/prefeitosegestoes.com.br\/portal\/cidade-inteligente-conceito\/#breadcrumb\"},\"inLanguage\":\"pt-BR\",\"potentialAction\":[{\"@type\":\"ReadAction\",\"target\":[\"https:\/\/prefeitosegestoes.com.br\/portal\/cidade-inteligente-conceito\/\"]}]},{\"@type\":\"ImageObject\",\"inLanguage\":\"pt-BR\",\"@id\":\"https:\/\/prefeitosegestoes.com.br\/portal\/cidade-inteligente-conceito\/#primaryimage\",\"url\":\"https:\/\/prefeitosegestoes.com.br\/portal\/wp-content\/uploads\/2024\/11\/Foto-secundaria-Credito-foto-Roman-Emin.jpg\",\"contentUrl\":\"https:\/\/prefeitosegestoes.com.br\/portal\/wp-content\/uploads\/2024\/11\/Foto-secundaria-Credito-foto-Roman-Emin.jpg\",\"width\":2200,\"height\":1237,\"caption\":\"Fujifilm X100T | 23mm | 1\/-- sec | f\/-.- | iso 200\"},{\"@type\":\"BreadcrumbList\",\"@id\":\"https:\/\/prefeitosegestoes.com.br\/portal\/cidade-inteligente-conceito\/#breadcrumb\",\"itemListElement\":[{\"@type\":\"ListItem\",\"position\":1,\"name\":\"In\u00edcio\",\"item\":\"https:\/\/prefeitosegestoes.com.br\/portal\/\"},{\"@type\":\"ListItem\",\"position\":2,\"name\":\"Cidade Inteligente: Conceito\"}]},{\"@type\":\"WebSite\",\"@id\":\"https:\/\/prefeitosegestoes.com.br\/portal\/#website\",\"url\":\"https:\/\/prefeitosegestoes.com.br\/portal\/\",\"name\":\"Prefeitos & Gest\u00f5es\",\"description\":\"\",\"publisher\":{\"@id\":\"https:\/\/prefeitosegestoes.com.br\/portal\/#organization\"},\"potentialAction\":[{\"@type\":\"SearchAction\",\"target\":{\"@type\":\"EntryPoint\",\"urlTemplate\":\"https:\/\/prefeitosegestoes.com.br\/portal\/?s={search_term_string}\"},\"query-input\":{\"@type\":\"PropertyValueSpecification\",\"valueRequired\":true,\"valueName\":\"search_term_string\"}}],\"inLanguage\":\"pt-BR\"},{\"@type\":\"Organization\",\"@id\":\"https:\/\/prefeitosegestoes.com.br\/portal\/#organization\",\"name\":\"Prefeitos & Gest\u00f5es\",\"url\":\"https:\/\/prefeitosegestoes.com.br\/portal\/\",\"logo\":{\"@type\":\"ImageObject\",\"inLanguage\":\"pt-BR\",\"@id\":\"https:\/\/prefeitosegestoes.com.br\/portal\/#\/schema\/logo\/image\/\",\"url\":\"https:\/\/prefeitosegestoes.com.br\/portal\/wp-content\/uploads\/2024\/10\/lg_trans_prefeitos_2024_preto2.png\",\"contentUrl\":\"https:\/\/prefeitosegestoes.com.br\/portal\/wp-content\/uploads\/2024\/10\/lg_trans_prefeitos_2024_preto2.png\",\"width\":199,\"height\":122,\"caption\":\"Prefeitos & Gest\u00f5es\"},\"image\":{\"@id\":\"https:\/\/prefeitosegestoes.com.br\/portal\/#\/schema\/logo\/image\/\"},\"sameAs\":[\"https:\/\/www.facebook.com\/prefeitosonline\",\"https:\/\/x.com\/PrefGestoes\"]},{\"@type\":\"Person\",\"@id\":\"https:\/\/prefeitosegestoes.com.br\/portal\/#\/schema\/person\/d00059f2ec99963e7e1850d448ae94b8\",\"name\":\"Prefeitos &amp; Gest\u00f5es\",\"image\":{\"@type\":\"ImageObject\",\"inLanguage\":\"pt-BR\",\"@id\":\"https:\/\/secure.gravatar.com\/avatar\/738fb281e479212ed32c1a21a4307dda9f3af9292edb6918a16c9ce9fff5f48d?s=96&d=mm&r=g\",\"url\":\"https:\/\/secure.gravatar.com\/avatar\/738fb281e479212ed32c1a21a4307dda9f3af9292edb6918a16c9ce9fff5f48d?s=96&d=mm&r=g\",\"contentUrl\":\"https:\/\/secure.gravatar.com\/avatar\/738fb281e479212ed32c1a21a4307dda9f3af9292edb6918a16c9ce9fff5f48d?s=96&d=mm&r=g\",\"caption\":\"Prefeitos &amp; Gest\u00f5es\"},\"url\":\"https:\/\/prefeitosegestoes.com.br\/portal\/author\/prefeitosegestoes\/\"}]}<\/script>\n<!-- \/ Yoast SEO plugin. -->","yoast_head_json":{"title":"Cidade Inteligente: Conceito - Prefeitos &amp; Gest\u00f5es","robots":{"index":"index","follow":"follow","max-snippet":"max-snippet:-1","max-image-preview":"max-image-preview:large","max-video-preview":"max-video-preview:-1"},"canonical":"https:\/\/prefeitosegestoes.com.br\/portal\/cidade-inteligente-conceito\/","og_locale":"pt_BR","og_type":"article","og_title":"Cidade Inteligente: Conceito - Prefeitos &amp; Gest\u00f5es","og_description":"Cr\u00e9dito foto Rom\u00e1n Emin O enfoque atual \u00e9 na cidade criativa e sustent\u00e1vel, que faz uso da tecnologia em seu processo de planejamento com a participa\u00e7\u00e3o dos cidad\u00e3os. Segundo a uni\u00e3o Europ\u00e9ia,\u00a0Smart Cities\u00a0s\u00e3o sistemas de pessoas interagindo e usando energia, materiais, servi\u00e7os e financiamento para catalisar o desenvolvimento econ\u00f4mico e a melhoria da qualidade de [&hellip;]","og_url":"https:\/\/prefeitosegestoes.com.br\/portal\/cidade-inteligente-conceito\/","og_site_name":"Prefeitos &amp; Gest\u00f5es","article_publisher":"https:\/\/www.facebook.com\/prefeitosonline","article_published_time":"2024-11-14T13:12:51+00:00","og_image":[{"width":1024,"height":576,"url":"https:\/\/prefeitosegestoes.com.br\/portal\/wp-content\/uploads\/2024\/11\/Foto-secundaria-Credito-foto-Roman-Emin-1024x576.jpg","type":"image\/jpeg"}],"author":"Prefeitos &amp; Gest\u00f5es","twitter_card":"summary_large_image","twitter_creator":"@PrefGestoes","twitter_site":"@PrefGestoes","twitter_misc":{"Escrito por":"Prefeitos &amp; Gest\u00f5es","Est. tempo de leitura":"2 minutos"},"schema":{"@context":"https:\/\/schema.org","@graph":[{"@type":"Article","@id":"https:\/\/prefeitosegestoes.com.br\/portal\/cidade-inteligente-conceito\/#article","isPartOf":{"@id":"https:\/\/prefeitosegestoes.com.br\/portal\/cidade-inteligente-conceito\/"},"author":{"name":"Prefeitos &amp; Gest\u00f5es","@id":"https:\/\/prefeitosegestoes.com.br\/portal\/#\/schema\/person\/d00059f2ec99963e7e1850d448ae94b8"},"headline":"Cidade Inteligente: Conceito","datePublished":"2024-11-14T13:12:51+00:00","mainEntityOfPage":{"@id":"https:\/\/prefeitosegestoes.com.br\/portal\/cidade-inteligente-conceito\/"},"wordCount":396,"commentCount":0,"publisher":{"@id":"https:\/\/prefeitosegestoes.com.br\/portal\/#organization"},"image":{"@id":"https:\/\/prefeitosegestoes.com.br\/portal\/cidade-inteligente-conceito\/#primaryimage"},"thumbnailUrl":"https:\/\/prefeitosegestoes.com.br\/portal\/wp-content\/uploads\/2024\/11\/Foto-secundaria-Credito-foto-Roman-Emin.jpg","keywords":["Acessibilidade","Efici\u00eancia.","Gest\u00e3o","Integra\u00e7\u00e3o","Intelig\u00eancia","Interatividade","Planejamento","sustentabilidade","Tecnologia"],"articleSection":["Smart City"],"inLanguage":"pt-BR","potentialAction":[{"@type":"CommentAction","name":"Comment","target":["https:\/\/prefeitosegestoes.com.br\/portal\/cidade-inteligente-conceito\/#respond"]}]},{"@type":"WebPage","@id":"https:\/\/prefeitosegestoes.com.br\/portal\/cidade-inteligente-conceito\/","url":"https:\/\/prefeitosegestoes.com.br\/portal\/cidade-inteligente-conceito\/","name":"Cidade Inteligente: Conceito - Prefeitos &amp; Gest\u00f5es","isPartOf":{"@id":"https:\/\/prefeitosegestoes.com.br\/portal\/#website"},"primaryImageOfPage":{"@id":"https:\/\/prefeitosegestoes.com.br\/portal\/cidade-inteligente-conceito\/#primaryimage"},"image":{"@id":"https:\/\/prefeitosegestoes.com.br\/portal\/cidade-inteligente-conceito\/#primaryimage"},"thumbnailUrl":"https:\/\/prefeitosegestoes.com.br\/portal\/wp-content\/uploads\/2024\/11\/Foto-secundaria-Credito-foto-Roman-Emin.jpg","datePublished":"2024-11-14T13:12:51+00:00","breadcrumb":{"@id":"https:\/\/prefeitosegestoes.com.br\/portal\/cidade-inteligente-conceito\/#breadcrumb"},"inLanguage":"pt-BR","potentialAction":[{"@type":"ReadAction","target":["https:\/\/prefeitosegestoes.com.br\/portal\/cidade-inteligente-conceito\/"]}]},{"@type":"ImageObject","inLanguage":"pt-BR","@id":"https:\/\/prefeitosegestoes.com.br\/portal\/cidade-inteligente-conceito\/#primaryimage","url":"https:\/\/prefeitosegestoes.com.br\/portal\/wp-content\/uploads\/2024\/11\/Foto-secundaria-Credito-foto-Roman-Emin.jpg","contentUrl":"https:\/\/prefeitosegestoes.com.br\/portal\/wp-content\/uploads\/2024\/11\/Foto-secundaria-Credito-foto-Roman-Emin.jpg","width":2200,"height":1237,"caption":"Fujifilm X100T | 23mm | 1\/-- sec | f\/-.- | iso 200"},{"@type":"BreadcrumbList","@id":"https:\/\/prefeitosegestoes.com.br\/portal\/cidade-inteligente-conceito\/#breadcrumb","itemListElement":[{"@type":"ListItem","position":1,"name":"In\u00edcio","item":"https:\/\/prefeitosegestoes.com.br\/portal\/"},{"@type":"ListItem","position":2,"name":"Cidade Inteligente: Conceito"}]},{"@type":"WebSite","@id":"https:\/\/prefeitosegestoes.com.br\/portal\/#website","url":"https:\/\/prefeitosegestoes.com.br\/portal\/","name":"Prefeitos & Gest\u00f5es","description":"","publisher":{"@id":"https:\/\/prefeitosegestoes.com.br\/portal\/#organization"},"potentialAction":[{"@type":"SearchAction","target":{"@type":"EntryPoint","urlTemplate":"https:\/\/prefeitosegestoes.com.br\/portal\/?s={search_term_string}"},"query-input":{"@type":"PropertyValueSpecification","valueRequired":true,"valueName":"search_term_string"}}],"inLanguage":"pt-BR"},{"@type":"Organization","@id":"https:\/\/prefeitosegestoes.com.br\/portal\/#organization","name":"Prefeitos & Gest\u00f5es","url":"https:\/\/prefeitosegestoes.com.br\/portal\/","logo":{"@type":"ImageObject","inLanguage":"pt-BR","@id":"https:\/\/prefeitosegestoes.com.br\/portal\/#\/schema\/logo\/image\/","url":"https:\/\/prefeitosegestoes.com.br\/portal\/wp-content\/uploads\/2024\/10\/lg_trans_prefeitos_2024_preto2.png","contentUrl":"https:\/\/prefeitosegestoes.com.br\/portal\/wp-content\/uploads\/2024\/10\/lg_trans_prefeitos_2024_preto2.png","width":199,"height":122,"caption":"Prefeitos & Gest\u00f5es"},"image":{"@id":"https:\/\/prefeitosegestoes.com.br\/portal\/#\/schema\/logo\/image\/"},"sameAs":["https:\/\/www.facebook.com\/prefeitosonline","https:\/\/x.com\/PrefGestoes"]},{"@type":"Person","@id":"https:\/\/prefeitosegestoes.com.br\/portal\/#\/schema\/person\/d00059f2ec99963e7e1850d448ae94b8","name":"Prefeitos &amp; Gest\u00f5es","image":{"@type":"ImageObject","inLanguage":"pt-BR","@id":"https:\/\/secure.gravatar.com\/avatar\/738fb281e479212ed32c1a21a4307dda9f3af9292edb6918a16c9ce9fff5f48d?s=96&d=mm&r=g","url":"https:\/\/secure.gravatar.com\/avatar\/738fb281e479212ed32c1a21a4307dda9f3af9292edb6918a16c9ce9fff5f48d?s=96&d=mm&r=g","contentUrl":"https:\/\/secure.gravatar.com\/avatar\/738fb281e479212ed32c1a21a4307dda9f3af9292edb6918a16c9ce9fff5f48d?s=96&d=mm&r=g","caption":"Prefeitos &amp; Gest\u00f5es"},"url":"https:\/\/prefeitosegestoes.com.br\/portal\/author\/prefeitosegestoes\/"}]}},"_links":{"self":[{"href":"https:\/\/prefeitosegestoes.com.br\/portal\/wp-json\/wp\/v2\/posts\/2854","targetHints":{"allow":["GET"]}}],"collection":[{"href":"https:\/\/prefeitosegestoes.com.br\/portal\/wp-json\/wp\/v2\/posts"}],"about":[{"href":"https:\/\/prefeitosegestoes.com.br\/portal\/wp-json\/wp\/v2\/types\/post"}],"author":[{"embeddable":true,"href":"https:\/\/prefeitosegestoes.com.br\/portal\/wp-json\/wp\/v2\/users\/2"}],"replies":[{"embeddable":true,"href":"https:\/\/prefeitosegestoes.com.br\/portal\/wp-json\/wp\/v2\/comments?post=2854"}],"version-history":[{"count":1,"href":"https:\/\/prefeitosegestoes.com.br\/portal\/wp-json\/wp\/v2\/posts\/2854\/revisions"}],"predecessor-version":[{"id":2856,"href":"https:\/\/prefeitosegestoes.com.br\/portal\/wp-json\/wp\/v2\/posts\/2854\/revisions\/2856"}],"wp:featuredmedia":[{"embeddable":true,"href":"https:\/\/prefeitosegestoes.com.br\/portal\/wp-json\/wp\/v2\/media\/2855"}],"wp:attachment":[{"href":"https:\/\/prefeitosegestoes.com.br\/portal\/wp-json\/wp\/v2\/media?parent=2854"}],"wp:term":[{"taxonomy":"category","embeddable":true,"href":"https:\/\/prefeitosegestoes.com.br\/portal\/wp-json\/wp\/v2\/categories?post=2854"},{"taxonomy":"post_tag","embeddable":true,"href":"https:\/\/prefeitosegestoes.com.br\/portal\/wp-json\/wp\/v2\/tags?post=2854"}],"curies":[{"name":"wp","href":"https:\/\/api.w.org\/{rel}","templated":true}]}}