{"id":2851,"date":"2024-11-14T09:19:16","date_gmt":"2024-11-14T12:19:16","guid":{"rendered":"https:\/\/prefeitosegestoes.com.br\/portal\/?p=2851"},"modified":"2024-11-14T09:19:16","modified_gmt":"2024-11-14T12:19:16","slug":"aumento-de-cotas-em-concurso-publico-tramitara-em-regime-de-urgencia","status":"publish","type":"post","link":"https:\/\/prefeitosegestoes.com.br\/portal\/aumento-de-cotas-em-concurso-publico-tramitara-em-regime-de-urgencia\/","title":{"rendered":"Aumento de cotas em concurso p\u00fablico tramitar\u00e1 em regime de urg\u00eancia"},"content":{"rendered":"<div class=\"header-noticia full-width\">\n<div class=\"linha-fina-noticia\">\u00a9 Fabio Rodrigues Pozzebom\/Ag\u00eancia<\/div>\n<div><\/div>\n<h2 class=\"linha-fina-noticia\">Texto foi aprovado na C\u00e2mara por 272 votos favor\u00e1veis e140 contr\u00e1rios<\/h2>\n<\/div>\n<div class=\"subheader\">\n<div class=\"container-autoria\">\n<div class=\"autor-noticia\">*Ag\u00eancia Brasil<\/div>\n<div class=\"container-data rowflex\">\n<div class=\"data\">Publicado em 13\/11\/2024 &#8211; 19:00<\/div>\n<\/div>\n<div class=\"local\">Bras\u00edlia<\/div>\n<\/div>\n<\/div>\n<div class=\"conteudo-noticia\">\n<p>A C\u00e2mara dos Deputados aprovou nesta quarta-feira (13) o regime de urg\u00eancia para a tramita\u00e7\u00e3o do projeto de lei 1958\/21, que reserva \u00e0s pessoas pretas e pardas, ind\u00edgenas e quilombolas 30% das vagas oferecidas nos concursos p\u00fablicos no \u00e2mbito da administra\u00e7\u00e3o p\u00fablica federal.\u00a0<img decoding=\"async\" src=\"https:\/\/agenciabrasil.ebc.com.br\/ebc.png?id=1619423&amp;o=node\" \/><img decoding=\"async\" src=\"https:\/\/agenciabrasil.ebc.com.br\/ebc.gif?id=1619423&amp;o=node\" \/><\/p>\n<p>A proposta, de autoria do senador Paulo Paim (PT-RS), j\u00e1 foi\u00a0<a href=\"https:\/\/agenciabrasil.ebc.com.br\/politica\/noticia\/2024-05\/senado-aprova-projeto-que-renova-cotas-raciais-em-concursos-publicos\" target=\"_blank\" rel=\"noopener\">aprovada pelo Senado<\/a>\u00a0em maio deste ano e passou pela Comiss\u00e3o da Amaz\u00f4nia e dos Povos Origin\u00e1rios e Tradicionais\u00a0 da C\u00e2mara dos Deputados. A urg\u00eancia da proposta na C\u00e2mara foi aprovada por 272 votos favor\u00e1veis e 140 contr\u00e1rios.<\/p>\n<p>O texto aumenta a propor\u00e7\u00e3o das cotas nos concursos p\u00fablicos dos atuais 20% para 30%, al\u00e9m de incluir a popula\u00e7\u00e3o ind\u00edgena e quilombola. Atualmente, as cotas raciais para concursos alcan\u00e7am apenas a popula\u00e7\u00e3o negra (pretos e pardos).<\/p>\n<p>Conforme o projeto, a regra de cotas abranger\u00e1 processos seletivos simplificados e envolver\u00e1 a administra\u00e7\u00e3o p\u00fablica direta, autarquias, funda\u00e7\u00f5es, empresas e sociedades de economia mista controladas pela Uni\u00e3o. O texto prev\u00ea uma revis\u00e3o da pol\u00edtica ap\u00f3s dez anos. A reserva de 30% valer\u00e1 sempre que forem ofertadas duas ou mais vagas e ser\u00e1 aplicada se, eventualmente, surgirem outras durante a validade do concurso.<\/p>\n<p>A relatora da proposta, deputada Carol Dartora (PT-PR) argumenta que o objetivo da proposi\u00e7\u00e3o \u00e9 enfrentar as exclus\u00f5es que alcan\u00e7aram pretos, pardos, ind\u00edgenas e quilombolas de maneira espec\u00edfica e permitir que a pol\u00edtica de cotas alcance seus objetivos mais rapidamente.<\/p>\n<p>\u201cA diversidade de pessoas no servi\u00e7o p\u00fablico amplia os olhares a partir dos quais os problemas pol\u00edticos e sociais s\u00e3o enxergados, aumenta a diversidade de solu\u00e7\u00f5es e aprimora a forma e a execu\u00e7\u00e3o das pol\u00edticas p\u00fablicas. Isso traz maior efici\u00eancia, qualidade, efetividade e efic\u00e1cia ao servi\u00e7o p\u00fablico\u201d, diz a parlamentar.<\/p>\n<p><em>Com informa\u00e7\u00f5es da Ag\u00eancia C\u00e2mara de Not\u00edcias*<\/em><\/p>\n<\/div>\n","protected":false},"excerpt":{"rendered":"<p>\u00a9 Fabio Rodrigues Pozzebom\/Ag\u00eancia Texto foi aprovado na C\u00e2mara por 272 votos favor\u00e1veis e140 contr\u00e1rios *Ag\u00eancia Brasil Publicado em 13\/11\/2024 &#8211; 19:00 Bras\u00edlia A C\u00e2mara dos Deputados aprovou nesta quarta-feira (13) o regime de urg\u00eancia para a tramita\u00e7\u00e3o do projeto de lei 1958\/21, que reserva \u00e0s pessoas pretas e pardas, ind\u00edgenas e quilombolas 30% das [&hellip;]<\/p>\n","protected":false},"author":2,"featured_media":2852,"comment_status":"open","ping_status":"open","sticky":false,"template":"","format":"standard","meta":{"rop_custom_images_group":[],"rop_custom_messages_group":[],"rop_publish_now":"initial","rop_publish_now_accounts":{"twitter_850042665852968960_850042665852968960":""},"rop_publish_now_history":[],"rop_publish_now_status":"pending","footnotes":""},"categories":[15],"tags":[258,256,260,257,259],"class_list":["post-2851","post","type-post","status-publish","format-standard","has-post-thumbnail","hentry","category-destaques","tag-camara","tag-concurso-publico","tag-proposta","tag-senado","tag-voto"],"yoast_head":"<!-- This site is optimized with the Yoast SEO plugin v27.2 - https:\/\/yoast.com\/product\/yoast-seo-wordpress\/ -->\n<title>Aumento de cotas em concurso p\u00fablico tramitar\u00e1 em regime de urg\u00eancia - Prefeitos &amp; Gest\u00f5es<\/title>\n<meta name=\"robots\" content=\"index, follow, max-snippet:-1, max-image-preview:large, max-video-preview:-1\" \/>\n<link rel=\"canonical\" href=\"https:\/\/prefeitosegestoes.com.br\/portal\/aumento-de-cotas-em-concurso-publico-tramitara-em-regime-de-urgencia\/\" \/>\n<meta property=\"og:locale\" content=\"pt_BR\" \/>\n<meta property=\"og:type\" content=\"article\" \/>\n<meta property=\"og:title\" content=\"Aumento de cotas em concurso p\u00fablico tramitar\u00e1 em regime de urg\u00eancia - Prefeitos &amp; Gest\u00f5es\" \/>\n<meta property=\"og:description\" content=\"\u00a9 Fabio Rodrigues Pozzebom\/Ag\u00eancia Texto foi aprovado na C\u00e2mara por 272 votos favor\u00e1veis e140 contr\u00e1rios *Ag\u00eancia Brasil Publicado em 13\/11\/2024 &#8211; 19:00 Bras\u00edlia A C\u00e2mara dos Deputados aprovou nesta quarta-feira (13) o regime de urg\u00eancia para a tramita\u00e7\u00e3o do projeto de lei 1958\/21, que reserva \u00e0s pessoas pretas e pardas, ind\u00edgenas e quilombolas 30% das [&hellip;]\" \/>\n<meta property=\"og:url\" content=\"https:\/\/prefeitosegestoes.com.br\/portal\/aumento-de-cotas-em-concurso-publico-tramitara-em-regime-de-urgencia\/\" \/>\n<meta property=\"og:site_name\" content=\"Prefeitos &amp; Gest\u00f5es\" \/>\n<meta property=\"article:publisher\" content=\"https:\/\/www.facebook.com\/prefeitosonline\" \/>\n<meta property=\"article:published_time\" content=\"2024-11-14T12:19:16+00:00\" \/>\n<meta property=\"og:image\" content=\"https:\/\/prefeitosegestoes.com.br\/portal\/wp-content\/uploads\/2024\/11\/pzzb1946.webp\" \/>\n\t<meta property=\"og:image:width\" content=\"1170\" \/>\n\t<meta property=\"og:image:height\" content=\"700\" \/>\n\t<meta property=\"og:image:type\" content=\"image\/webp\" \/>\n<meta name=\"author\" content=\"Prefeitos &amp; Gest\u00f5es\" \/>\n<meta name=\"twitter:card\" content=\"summary_large_image\" \/>\n<meta name=\"twitter:creator\" content=\"@PrefGestoes\" \/>\n<meta name=\"twitter:site\" content=\"@PrefGestoes\" \/>\n<meta name=\"twitter:label1\" content=\"Escrito por\" \/>\n\t<meta name=\"twitter:data1\" content=\"Prefeitos &amp; Gest\u00f5es\" \/>\n\t<meta name=\"twitter:label2\" content=\"Est. tempo de leitura\" \/>\n\t<meta name=\"twitter:data2\" content=\"2 minutos\" \/>\n<script type=\"application\/ld+json\" class=\"yoast-schema-graph\">{\"@context\":\"https:\/\/schema.org\",\"@graph\":[{\"@type\":\"Article\",\"@id\":\"https:\/\/prefeitosegestoes.com.br\/portal\/aumento-de-cotas-em-concurso-publico-tramitara-em-regime-de-urgencia\/#article\",\"isPartOf\":{\"@id\":\"https:\/\/prefeitosegestoes.com.br\/portal\/aumento-de-cotas-em-concurso-publico-tramitara-em-regime-de-urgencia\/\"},\"author\":{\"name\":\"Prefeitos &amp; Gest\u00f5es\",\"@id\":\"https:\/\/prefeitosegestoes.com.br\/portal\/#\/schema\/person\/d00059f2ec99963e7e1850d448ae94b8\"},\"headline\":\"Aumento de cotas em concurso p\u00fablico tramitar\u00e1 em regime de urg\u00eancia\",\"datePublished\":\"2024-11-14T12:19:16+00:00\",\"mainEntityOfPage\":{\"@id\":\"https:\/\/prefeitosegestoes.com.br\/portal\/aumento-de-cotas-em-concurso-publico-tramitara-em-regime-de-urgencia\/\"},\"wordCount\":370,\"commentCount\":0,\"publisher\":{\"@id\":\"https:\/\/prefeitosegestoes.com.br\/portal\/#organization\"},\"image\":{\"@id\":\"https:\/\/prefeitosegestoes.com.br\/portal\/aumento-de-cotas-em-concurso-publico-tramitara-em-regime-de-urgencia\/#primaryimage\"},\"thumbnailUrl\":\"https:\/\/prefeitosegestoes.com.br\/portal\/wp-content\/uploads\/2024\/11\/pzzb1946.webp\",\"keywords\":[\"C\u00e2mara\",\"Concurso P\u00fablico\",\"Proposta\",\"Senado\",\"Voto\"],\"articleSection\":[\"Destaques\"],\"inLanguage\":\"pt-BR\",\"potentialAction\":[{\"@type\":\"CommentAction\",\"name\":\"Comment\",\"target\":[\"https:\/\/prefeitosegestoes.com.br\/portal\/aumento-de-cotas-em-concurso-publico-tramitara-em-regime-de-urgencia\/#respond\"]}]},{\"@type\":\"WebPage\",\"@id\":\"https:\/\/prefeitosegestoes.com.br\/portal\/aumento-de-cotas-em-concurso-publico-tramitara-em-regime-de-urgencia\/\",\"url\":\"https:\/\/prefeitosegestoes.com.br\/portal\/aumento-de-cotas-em-concurso-publico-tramitara-em-regime-de-urgencia\/\",\"name\":\"Aumento de cotas em concurso p\u00fablico tramitar\u00e1 em regime de urg\u00eancia - Prefeitos &amp; Gest\u00f5es\",\"isPartOf\":{\"@id\":\"https:\/\/prefeitosegestoes.com.br\/portal\/#website\"},\"primaryImageOfPage\":{\"@id\":\"https:\/\/prefeitosegestoes.com.br\/portal\/aumento-de-cotas-em-concurso-publico-tramitara-em-regime-de-urgencia\/#primaryimage\"},\"image\":{\"@id\":\"https:\/\/prefeitosegestoes.com.br\/portal\/aumento-de-cotas-em-concurso-publico-tramitara-em-regime-de-urgencia\/#primaryimage\"},\"thumbnailUrl\":\"https:\/\/prefeitosegestoes.com.br\/portal\/wp-content\/uploads\/2024\/11\/pzzb1946.webp\",\"datePublished\":\"2024-11-14T12:19:16+00:00\",\"breadcrumb\":{\"@id\":\"https:\/\/prefeitosegestoes.com.br\/portal\/aumento-de-cotas-em-concurso-publico-tramitara-em-regime-de-urgencia\/#breadcrumb\"},\"inLanguage\":\"pt-BR\",\"potentialAction\":[{\"@type\":\"ReadAction\",\"target\":[\"https:\/\/prefeitosegestoes.com.br\/portal\/aumento-de-cotas-em-concurso-publico-tramitara-em-regime-de-urgencia\/\"]}]},{\"@type\":\"ImageObject\",\"inLanguage\":\"pt-BR\",\"@id\":\"https:\/\/prefeitosegestoes.com.br\/portal\/aumento-de-cotas-em-concurso-publico-tramitara-em-regime-de-urgencia\/#primaryimage\",\"url\":\"https:\/\/prefeitosegestoes.com.br\/portal\/wp-content\/uploads\/2024\/11\/pzzb1946.webp\",\"contentUrl\":\"https:\/\/prefeitosegestoes.com.br\/portal\/wp-content\/uploads\/2024\/11\/pzzb1946.webp\",\"width\":1170,\"height\":700},{\"@type\":\"BreadcrumbList\",\"@id\":\"https:\/\/prefeitosegestoes.com.br\/portal\/aumento-de-cotas-em-concurso-publico-tramitara-em-regime-de-urgencia\/#breadcrumb\",\"itemListElement\":[{\"@type\":\"ListItem\",\"position\":1,\"name\":\"In\u00edcio\",\"item\":\"https:\/\/prefeitosegestoes.com.br\/portal\/\"},{\"@type\":\"ListItem\",\"position\":2,\"name\":\"Aumento de cotas em concurso p\u00fablico tramitar\u00e1 em regime de urg\u00eancia\"}]},{\"@type\":\"WebSite\",\"@id\":\"https:\/\/prefeitosegestoes.com.br\/portal\/#website\",\"url\":\"https:\/\/prefeitosegestoes.com.br\/portal\/\",\"name\":\"Prefeitos & Gest\u00f5es\",\"description\":\"\",\"publisher\":{\"@id\":\"https:\/\/prefeitosegestoes.com.br\/portal\/#organization\"},\"potentialAction\":[{\"@type\":\"SearchAction\",\"target\":{\"@type\":\"EntryPoint\",\"urlTemplate\":\"https:\/\/prefeitosegestoes.com.br\/portal\/?s={search_term_string}\"},\"query-input\":{\"@type\":\"PropertyValueSpecification\",\"valueRequired\":true,\"valueName\":\"search_term_string\"}}],\"inLanguage\":\"pt-BR\"},{\"@type\":\"Organization\",\"@id\":\"https:\/\/prefeitosegestoes.com.br\/portal\/#organization\",\"name\":\"Prefeitos & Gest\u00f5es\",\"url\":\"https:\/\/prefeitosegestoes.com.br\/portal\/\",\"logo\":{\"@type\":\"ImageObject\",\"inLanguage\":\"pt-BR\",\"@id\":\"https:\/\/prefeitosegestoes.com.br\/portal\/#\/schema\/logo\/image\/\",\"url\":\"https:\/\/prefeitosegestoes.com.br\/portal\/wp-content\/uploads\/2024\/10\/lg_trans_prefeitos_2024_preto2.png\",\"contentUrl\":\"https:\/\/prefeitosegestoes.com.br\/portal\/wp-content\/uploads\/2024\/10\/lg_trans_prefeitos_2024_preto2.png\",\"width\":199,\"height\":122,\"caption\":\"Prefeitos & Gest\u00f5es\"},\"image\":{\"@id\":\"https:\/\/prefeitosegestoes.com.br\/portal\/#\/schema\/logo\/image\/\"},\"sameAs\":[\"https:\/\/www.facebook.com\/prefeitosonline\",\"https:\/\/x.com\/PrefGestoes\"]},{\"@type\":\"Person\",\"@id\":\"https:\/\/prefeitosegestoes.com.br\/portal\/#\/schema\/person\/d00059f2ec99963e7e1850d448ae94b8\",\"name\":\"Prefeitos &amp; Gest\u00f5es\",\"image\":{\"@type\":\"ImageObject\",\"inLanguage\":\"pt-BR\",\"@id\":\"https:\/\/secure.gravatar.com\/avatar\/738fb281e479212ed32c1a21a4307dda9f3af9292edb6918a16c9ce9fff5f48d?s=96&d=mm&r=g\",\"url\":\"https:\/\/secure.gravatar.com\/avatar\/738fb281e479212ed32c1a21a4307dda9f3af9292edb6918a16c9ce9fff5f48d?s=96&d=mm&r=g\",\"contentUrl\":\"https:\/\/secure.gravatar.com\/avatar\/738fb281e479212ed32c1a21a4307dda9f3af9292edb6918a16c9ce9fff5f48d?s=96&d=mm&r=g\",\"caption\":\"Prefeitos &amp; Gest\u00f5es\"},\"url\":\"https:\/\/prefeitosegestoes.com.br\/portal\/author\/prefeitosegestoes\/\"}]}<\/script>\n<!-- \/ Yoast SEO plugin. -->","yoast_head_json":{"title":"Aumento de cotas em concurso p\u00fablico tramitar\u00e1 em regime de urg\u00eancia - Prefeitos &amp; Gest\u00f5es","robots":{"index":"index","follow":"follow","max-snippet":"max-snippet:-1","max-image-preview":"max-image-preview:large","max-video-preview":"max-video-preview:-1"},"canonical":"https:\/\/prefeitosegestoes.com.br\/portal\/aumento-de-cotas-em-concurso-publico-tramitara-em-regime-de-urgencia\/","og_locale":"pt_BR","og_type":"article","og_title":"Aumento de cotas em concurso p\u00fablico tramitar\u00e1 em regime de urg\u00eancia - Prefeitos &amp; Gest\u00f5es","og_description":"\u00a9 Fabio Rodrigues Pozzebom\/Ag\u00eancia Texto foi aprovado na C\u00e2mara por 272 votos favor\u00e1veis e140 contr\u00e1rios *Ag\u00eancia Brasil Publicado em 13\/11\/2024 &#8211; 19:00 Bras\u00edlia A C\u00e2mara dos Deputados aprovou nesta quarta-feira (13) o regime de urg\u00eancia para a tramita\u00e7\u00e3o do projeto de lei 1958\/21, que reserva \u00e0s pessoas pretas e pardas, ind\u00edgenas e quilombolas 30% das [&hellip;]","og_url":"https:\/\/prefeitosegestoes.com.br\/portal\/aumento-de-cotas-em-concurso-publico-tramitara-em-regime-de-urgencia\/","og_site_name":"Prefeitos &amp; Gest\u00f5es","article_publisher":"https:\/\/www.facebook.com\/prefeitosonline","article_published_time":"2024-11-14T12:19:16+00:00","og_image":[{"width":1170,"height":700,"url":"https:\/\/prefeitosegestoes.com.br\/portal\/wp-content\/uploads\/2024\/11\/pzzb1946.webp","type":"image\/webp"}],"author":"Prefeitos &amp; Gest\u00f5es","twitter_card":"summary_large_image","twitter_creator":"@PrefGestoes","twitter_site":"@PrefGestoes","twitter_misc":{"Escrito por":"Prefeitos &amp; Gest\u00f5es","Est. tempo de leitura":"2 minutos"},"schema":{"@context":"https:\/\/schema.org","@graph":[{"@type":"Article","@id":"https:\/\/prefeitosegestoes.com.br\/portal\/aumento-de-cotas-em-concurso-publico-tramitara-em-regime-de-urgencia\/#article","isPartOf":{"@id":"https:\/\/prefeitosegestoes.com.br\/portal\/aumento-de-cotas-em-concurso-publico-tramitara-em-regime-de-urgencia\/"},"author":{"name":"Prefeitos &amp; Gest\u00f5es","@id":"https:\/\/prefeitosegestoes.com.br\/portal\/#\/schema\/person\/d00059f2ec99963e7e1850d448ae94b8"},"headline":"Aumento de cotas em concurso p\u00fablico tramitar\u00e1 em regime de urg\u00eancia","datePublished":"2024-11-14T12:19:16+00:00","mainEntityOfPage":{"@id":"https:\/\/prefeitosegestoes.com.br\/portal\/aumento-de-cotas-em-concurso-publico-tramitara-em-regime-de-urgencia\/"},"wordCount":370,"commentCount":0,"publisher":{"@id":"https:\/\/prefeitosegestoes.com.br\/portal\/#organization"},"image":{"@id":"https:\/\/prefeitosegestoes.com.br\/portal\/aumento-de-cotas-em-concurso-publico-tramitara-em-regime-de-urgencia\/#primaryimage"},"thumbnailUrl":"https:\/\/prefeitosegestoes.com.br\/portal\/wp-content\/uploads\/2024\/11\/pzzb1946.webp","keywords":["C\u00e2mara","Concurso P\u00fablico","Proposta","Senado","Voto"],"articleSection":["Destaques"],"inLanguage":"pt-BR","potentialAction":[{"@type":"CommentAction","name":"Comment","target":["https:\/\/prefeitosegestoes.com.br\/portal\/aumento-de-cotas-em-concurso-publico-tramitara-em-regime-de-urgencia\/#respond"]}]},{"@type":"WebPage","@id":"https:\/\/prefeitosegestoes.com.br\/portal\/aumento-de-cotas-em-concurso-publico-tramitara-em-regime-de-urgencia\/","url":"https:\/\/prefeitosegestoes.com.br\/portal\/aumento-de-cotas-em-concurso-publico-tramitara-em-regime-de-urgencia\/","name":"Aumento de cotas em concurso p\u00fablico tramitar\u00e1 em regime de urg\u00eancia - Prefeitos &amp; Gest\u00f5es","isPartOf":{"@id":"https:\/\/prefeitosegestoes.com.br\/portal\/#website"},"primaryImageOfPage":{"@id":"https:\/\/prefeitosegestoes.com.br\/portal\/aumento-de-cotas-em-concurso-publico-tramitara-em-regime-de-urgencia\/#primaryimage"},"image":{"@id":"https:\/\/prefeitosegestoes.com.br\/portal\/aumento-de-cotas-em-concurso-publico-tramitara-em-regime-de-urgencia\/#primaryimage"},"thumbnailUrl":"https:\/\/prefeitosegestoes.com.br\/portal\/wp-content\/uploads\/2024\/11\/pzzb1946.webp","datePublished":"2024-11-14T12:19:16+00:00","breadcrumb":{"@id":"https:\/\/prefeitosegestoes.com.br\/portal\/aumento-de-cotas-em-concurso-publico-tramitara-em-regime-de-urgencia\/#breadcrumb"},"inLanguage":"pt-BR","potentialAction":[{"@type":"ReadAction","target":["https:\/\/prefeitosegestoes.com.br\/portal\/aumento-de-cotas-em-concurso-publico-tramitara-em-regime-de-urgencia\/"]}]},{"@type":"ImageObject","inLanguage":"pt-BR","@id":"https:\/\/prefeitosegestoes.com.br\/portal\/aumento-de-cotas-em-concurso-publico-tramitara-em-regime-de-urgencia\/#primaryimage","url":"https:\/\/prefeitosegestoes.com.br\/portal\/wp-content\/uploads\/2024\/11\/pzzb1946.webp","contentUrl":"https:\/\/prefeitosegestoes.com.br\/portal\/wp-content\/uploads\/2024\/11\/pzzb1946.webp","width":1170,"height":700},{"@type":"BreadcrumbList","@id":"https:\/\/prefeitosegestoes.com.br\/portal\/aumento-de-cotas-em-concurso-publico-tramitara-em-regime-de-urgencia\/#breadcrumb","itemListElement":[{"@type":"ListItem","position":1,"name":"In\u00edcio","item":"https:\/\/prefeitosegestoes.com.br\/portal\/"},{"@type":"ListItem","position":2,"name":"Aumento de cotas em concurso p\u00fablico tramitar\u00e1 em regime de urg\u00eancia"}]},{"@type":"WebSite","@id":"https:\/\/prefeitosegestoes.com.br\/portal\/#website","url":"https:\/\/prefeitosegestoes.com.br\/portal\/","name":"Prefeitos & Gest\u00f5es","description":"","publisher":{"@id":"https:\/\/prefeitosegestoes.com.br\/portal\/#organization"},"potentialAction":[{"@type":"SearchAction","target":{"@type":"EntryPoint","urlTemplate":"https:\/\/prefeitosegestoes.com.br\/portal\/?s={search_term_string}"},"query-input":{"@type":"PropertyValueSpecification","valueRequired":true,"valueName":"search_term_string"}}],"inLanguage":"pt-BR"},{"@type":"Organization","@id":"https:\/\/prefeitosegestoes.com.br\/portal\/#organization","name":"Prefeitos & Gest\u00f5es","url":"https:\/\/prefeitosegestoes.com.br\/portal\/","logo":{"@type":"ImageObject","inLanguage":"pt-BR","@id":"https:\/\/prefeitosegestoes.com.br\/portal\/#\/schema\/logo\/image\/","url":"https:\/\/prefeitosegestoes.com.br\/portal\/wp-content\/uploads\/2024\/10\/lg_trans_prefeitos_2024_preto2.png","contentUrl":"https:\/\/prefeitosegestoes.com.br\/portal\/wp-content\/uploads\/2024\/10\/lg_trans_prefeitos_2024_preto2.png","width":199,"height":122,"caption":"Prefeitos & Gest\u00f5es"},"image":{"@id":"https:\/\/prefeitosegestoes.com.br\/portal\/#\/schema\/logo\/image\/"},"sameAs":["https:\/\/www.facebook.com\/prefeitosonline","https:\/\/x.com\/PrefGestoes"]},{"@type":"Person","@id":"https:\/\/prefeitosegestoes.com.br\/portal\/#\/schema\/person\/d00059f2ec99963e7e1850d448ae94b8","name":"Prefeitos &amp; Gest\u00f5es","image":{"@type":"ImageObject","inLanguage":"pt-BR","@id":"https:\/\/secure.gravatar.com\/avatar\/738fb281e479212ed32c1a21a4307dda9f3af9292edb6918a16c9ce9fff5f48d?s=96&d=mm&r=g","url":"https:\/\/secure.gravatar.com\/avatar\/738fb281e479212ed32c1a21a4307dda9f3af9292edb6918a16c9ce9fff5f48d?s=96&d=mm&r=g","contentUrl":"https:\/\/secure.gravatar.com\/avatar\/738fb281e479212ed32c1a21a4307dda9f3af9292edb6918a16c9ce9fff5f48d?s=96&d=mm&r=g","caption":"Prefeitos &amp; Gest\u00f5es"},"url":"https:\/\/prefeitosegestoes.com.br\/portal\/author\/prefeitosegestoes\/"}]}},"_links":{"self":[{"href":"https:\/\/prefeitosegestoes.com.br\/portal\/wp-json\/wp\/v2\/posts\/2851","targetHints":{"allow":["GET"]}}],"collection":[{"href":"https:\/\/prefeitosegestoes.com.br\/portal\/wp-json\/wp\/v2\/posts"}],"about":[{"href":"https:\/\/prefeitosegestoes.com.br\/portal\/wp-json\/wp\/v2\/types\/post"}],"author":[{"embeddable":true,"href":"https:\/\/prefeitosegestoes.com.br\/portal\/wp-json\/wp\/v2\/users\/2"}],"replies":[{"embeddable":true,"href":"https:\/\/prefeitosegestoes.com.br\/portal\/wp-json\/wp\/v2\/comments?post=2851"}],"version-history":[{"count":1,"href":"https:\/\/prefeitosegestoes.com.br\/portal\/wp-json\/wp\/v2\/posts\/2851\/revisions"}],"predecessor-version":[{"id":2853,"href":"https:\/\/prefeitosegestoes.com.br\/portal\/wp-json\/wp\/v2\/posts\/2851\/revisions\/2853"}],"wp:featuredmedia":[{"embeddable":true,"href":"https:\/\/prefeitosegestoes.com.br\/portal\/wp-json\/wp\/v2\/media\/2852"}],"wp:attachment":[{"href":"https:\/\/prefeitosegestoes.com.br\/portal\/wp-json\/wp\/v2\/media?parent=2851"}],"wp:term":[{"taxonomy":"category","embeddable":true,"href":"https:\/\/prefeitosegestoes.com.br\/portal\/wp-json\/wp\/v2\/categories?post=2851"},{"taxonomy":"post_tag","embeddable":true,"href":"https:\/\/prefeitosegestoes.com.br\/portal\/wp-json\/wp\/v2\/tags?post=2851"}],"curies":[{"name":"wp","href":"https:\/\/api.w.org\/{rel}","templated":true}]}}