{"id":2848,"date":"2024-11-14T09:12:46","date_gmt":"2024-11-14T12:12:46","guid":{"rendered":"https:\/\/prefeitosegestoes.com.br\/portal\/?p=2848"},"modified":"2024-11-14T09:12:46","modified_gmt":"2024-11-14T12:12:46","slug":"entenda-as-responsabilidades-dos-municipios-na-educacao-publica","status":"publish","type":"post","link":"https:\/\/prefeitosegestoes.com.br\/portal\/entenda-as-responsabilidades-dos-municipios-na-educacao-publica\/","title":{"rendered":"Entenda as responsabilidades dos munic\u00edpios na educa\u00e7\u00e3o p\u00fablica"},"content":{"rendered":"<div class=\"header-noticia full-width\">\n<div class=\"linha-fina-noticia\">\u00a9 Jo\u00e9dson Alves\/Ag\u00eancia Brasil<\/div>\n<h2 class=\"linha-fina-noticia\">Educa\u00e7\u00e3o infantil \u00e9 uma das principais compet\u00eancias de prefeitos<\/h2>\n<\/div>\n<div class=\"subheader\">\n<div class=\"container-autoria\">\n<div class=\"autor-noticia\">Mariana Tokarnia &#8211; Rep\u00f3rter da Ag\u00eancia Brasil<\/div>\n<div class=\"container-data rowflex\">\n<div class=\"data\">Publicado em 02\/09\/2024 &#8211; 08:58<\/div>\n<\/div>\n<div class=\"local\">Rio de Janeiro<\/div>\n<\/div>\n<\/div>\n<div class=\"conteudo-noticia\">\n<div class=\"dnd-widget-wrapper context-cheio_8colunas type-image\">\n<div class=\"dnd-atom-rendered\"><\/div>\n<div class=\"dnd-caption-wrapper\">\n<div class=\"meta\"><strong>Arte\/Ag\u00eancia Brasil<\/strong><\/div>\n<\/div>\n<\/div>\n<p>H\u00e1 dois anos, Esteffane de Oliveira, 25 anos, moradora da Cidade de Deus, em Japarepagu\u00e1, na zona oeste do Rio de Janeiro, tenta conseguir vaga em creche p\u00fablica para a filha, Mayt\u00ea, que tem 2 anos. Para conseguir trabalhar e sustentar a casa, muitas vezes Esteffane acaba deixando a filha menor com a outra filha, Ana, de apenas 7 anos. &#8220;Eles falam para mim que n\u00e3o tem vaga, que est\u00e1 tudo cheio. Eu at\u00e9 choro, est\u00e1 ficando muito complicado&#8221;.<img decoding=\"async\" src=\"https:\/\/agenciabrasil.ebc.com.br\/ebc.png?id=1610308&amp;o=node\" \/><img decoding=\"async\" src=\"https:\/\/agenciabrasil.ebc.com.br\/ebc.gif?id=1610308&amp;o=node\" \/><\/p>\n<p>O caso de Esteffane\u00a0est\u00e1 na Justi\u00e7a. Ela \u00e9 uma das 7,5 mil crian\u00e7as\u00a0que esperam vagas em creches no Rio de Janeiro, de acordo com a Secretaria Municipal de Educa\u00e7\u00e3o. Em todo o pa\u00eds, segundo a Pesquisa Nacional por Amostra de Domic\u00edlios Cont\u00ednua 2023 (PNAD Cont\u00ednua 2023) cerca de 2,3 milh\u00f5es de crian\u00e7as de 0 a 3 anos n\u00e3o est\u00e3o em creches por alguma dificuldade de acessar o servi\u00e7o, seja por falta de escola, inexist\u00eancia de vaga ou porque a institui\u00e7\u00e3o de ensino n\u00e3o aceitou o aluno por causa\u00a0da idade.<\/p>\n<p>A educa\u00e7\u00e3o infantil \u00e9 uma das principais compet\u00eancias do munic\u00edpio em rela\u00e7\u00e3o \u00e0 educa\u00e7\u00e3o e um dos maiores desafios para as pr\u00f3ximas gest\u00f5es que ser\u00e3o eleitas este ano.<\/p>\n<p>A educa\u00e7\u00e3o, para Esteffane,\u00a0\u00e9 uma das demandas priorit\u00e1rias. Os outros dois filhos, Ana e Pierre, de 4 anos, est\u00e3o matriculados em escola pr\u00f3xima \u00e0 casa deles. Agora s\u00f3 falta Mayt\u00ea. &#8220;Minha filha de 7 anos\u00a0sabe ler, faz conta, faz tudo. Meu filho de 4 est\u00e1 aprendendo agora tamb\u00e9m. E eu queria que ela j\u00e1 entrasse na creche, porque\u00a0j\u00e1 vai sabendo o ritmo, como \u00e9 a escola&#8221;, diz a m\u00e3e.<\/p>\n<p>Al\u00e9m da aprendizagem das crian\u00e7as, Esteffane sente-se segura deixando as crian\u00e7as na escola. &#8220;Isso para mim \u00e9 muito importante, entendeu? Eu vou trabalhar com a minha mente mais tranquila&#8221;.<\/p>\n<p>A Constitui\u00e7\u00e3o Federal estabelece a educa\u00e7\u00e3o como direito de todos e dever do Estado e da fam\u00edlia. De acordo com o Artigo 211, os sistemas de ensino federal, estadual e municipal devem se organizar em regime de colabora\u00e7\u00e3o. Os munic\u00edpios devem atuar prioritariamente no ensino fundamental e na educa\u00e7\u00e3o infantil, que abrange creches (que atendem beb\u00eas e crian\u00e7as de at\u00e9 3 anos) e pr\u00e9-escolas (4 e 5 anos). A Constitui\u00e7\u00e3o estabelece\u00a0que as prefeituras destinem, no m\u00ednimo, 25% de sua arrecada\u00e7\u00e3o \u00e0 educa\u00e7\u00e3o.<\/p>\n<p>Os munic\u00edpios tamb\u00e9m devem estar\u00a0atentos\u00a0\u00e0\u00a0presta\u00e7\u00e3o de alguns servi\u00e7os para que a educa\u00e7\u00e3o seja garantida aos estudantes: o transporte escolar, a merenda dos estudantes, a qualidade do ensino e o financiamento, que abrange o sal\u00e1rio dos professores. Em regime de colabora\u00e7\u00e3o, o governo federal oferece apoio por meio de iniciativas\u00a0como o Programa Nacional de Apoio ao Transporte do Escolar (Pnate) e o Programa Nacional de Alimenta\u00e7\u00e3o Escolar (Pnae).<\/p>\n<h2>Representantes<\/h2>\n<p>No dia 6 de outubro, mais de 150 milh\u00f5es de eleitores poder\u00e3o comparecer \u00e0s urnas e votar em candidaturas para os cargos de prefeito e vereador. As pautas educacionais est\u00e3o entre as que s\u00e3o citadas por candidatos e que fazem parte das promessas de campanha.\u00a0<a href=\"https:\/\/lp.genialinvestimentos.com.br\/pesquisas\/\" target=\"_blank\" rel=\"noopener\">Pesquisa Genial Quaest<\/a>, divulgada em julho deste ano,\u00a0mostra que entre os principais problemas considerados pelos eleitores est\u00e3o economia (citada por 21% dos entrevistados); viol\u00eancia (19%); quest\u00f5es sociais (18%); sa\u00fade (15%); corrup\u00e7\u00e3o (12%) e educa\u00e7\u00e3o (8%).<\/p>\n<p>Segundo a professora do Departamento de Ci\u00eancia Pol\u00edtica da Universidade Federal do Rio de Janeiro (UFRJ), Mayra Goulart, o resultado da pesquisa mostra &#8220;algo desfavor\u00e1vel em termo das percep\u00e7\u00f5es sobre educa\u00e7\u00e3o nessa lista de principais temas&#8221;, aparecendo em \u00faltimo lugar entre os assuntos\u00a0considerados. No entanto, o\u00a0<a href=\"https:\/\/agenciabrasil.ebc.com.br\/educacao\/noticia\/2024-01\/programa-pe-de-meia-e-bem-recebido-por-estudantes-e-sociedade-civil\" target=\"_blank\" rel=\"noopener\">P\u00e9 de Meia<\/a>, voltado para estudantes do ensino m\u00e9dio, aparece entre os programas mais conhecidos e aprovados do governo Lula, mostrando que a educa\u00e7\u00e3o t\u00eam relev\u00e2ncia diante do eleitorado.<\/p>\n<p>As demandas da popula\u00e7\u00e3o s\u00e3o muitas, como a\u00a0de Esteffane\u00a0por vaga em creche, mas nem todas s\u00e3o de compet\u00eancia municipal, que deve ter como foco\u00a0principalmente a educa\u00e7\u00e3o infantil e o ensino fundamental. Promessas que fogem a essa al\u00e7ada geralmente n\u00e3o s\u00e3o cumpridas.<\/p>\n<p>A \u00e1rea da educa\u00e7\u00e3o virou tamb\u00e9m terreno de disputa. &#8220;O tema da educa\u00e7\u00e3o aparece de outra forma por causa\u00a0da polariza\u00e7\u00e3o com a extrema direita que fala muito de\u00a0<a href=\"https:\/\/agenciabrasil.ebc.com.br\/educacao\/noticia\/2017-04\/onu-alerta-para-impactos-do-projeto-escola-sem-partido-na-educacao\" target=\"_blank\" rel=\"noopener\">Escola sem Partido<\/a>, de\u00a0<a href=\"https:\/\/agenciabrasil.ebc.com.br\/geral\/noticia\/2024-01\/questoes-de-genero-sao-foco-em-conferencia-sobre-educacao-em-brasilia\" target=\"_blank\" rel=\"noopener\">ideologia de g\u00eanero<\/a>\u00a0na escola.\u00a0\u00c9 nesse sentido que a educa\u00e7\u00e3o tem sido disputada, a partir da ideia de que tem que ficar a cargo da fam\u00edlia, o que contrasta com a ideia de que a educa\u00e7\u00e3o tem que ficar a cargo do Estado e das institui\u00e7\u00f5es republicanas&#8221;, afirma Mayra.<\/p>\n<p>A professora recomenda aos eleitores acompanhar o trabalho dos candidatos. Essa \u00e9 uma forma de n\u00e3o cair em falsas promessas e de pressionar para que sejam cumpridas as que foram feitas. &#8220;A participa\u00e7\u00e3o do eleitor no acompanhamento, no controle sobre o representante, vendo se ele est\u00e1 cumprindo a fun\u00e7\u00e3o de representa\u00e7\u00e3o, acho que \u00e9 a chave para se proteger de falsas promessas e responsabilizar os representantes quando eles n\u00e3o cumprem suas propostas&#8221;, alertou.<\/p>\n<p>Fonte: EBC\/Ag\u00eancia Brasil<\/p>\n<\/div>\n","protected":false},"excerpt":{"rendered":"<p>\u00a9 Jo\u00e9dson Alves\/Ag\u00eancia Brasil Educa\u00e7\u00e3o infantil \u00e9 uma das principais compet\u00eancias de prefeitos Mariana Tokarnia &#8211; Rep\u00f3rter da Ag\u00eancia Brasil Publicado em 02\/09\/2024 &#8211; 08:58 Rio de Janeiro Arte\/Ag\u00eancia Brasil H\u00e1 dois anos, Esteffane de Oliveira, 25 anos, moradora da Cidade de Deus, em Japarepagu\u00e1, na zona oeste do Rio de Janeiro, tenta conseguir vaga [&hellip;]<\/p>\n","protected":false},"author":2,"featured_media":2849,"comment_status":"open","ping_status":"open","sticky":false,"template":"","format":"standard","meta":{"rop_custom_images_group":[],"rop_custom_messages_group":[],"rop_publish_now":"initial","rop_publish_now_accounts":{"twitter_850042665852968960_850042665852968960":""},"rop_publish_now_history":[],"rop_publish_now_status":"pending","footnotes":""},"categories":[9],"tags":[138,85,255,123,254],"class_list":["post-2848","post","type-post","status-publish","format-standard","has-post-thumbnail","hentry","category-municipios","tag-educacao","tag-educacao-infantil","tag-ideologia-de-genero","tag-municipios","tag-pesquisa-quaest"],"yoast_head":"<!-- This site is optimized with the Yoast SEO plugin v27.2 - https:\/\/yoast.com\/product\/yoast-seo-wordpress\/ -->\n<title>Entenda as responsabilidades dos munic\u00edpios na educa\u00e7\u00e3o p\u00fablica - Prefeitos &amp; Gest\u00f5es<\/title>\n<meta name=\"robots\" content=\"index, follow, max-snippet:-1, max-image-preview:large, max-video-preview:-1\" \/>\n<link rel=\"canonical\" href=\"https:\/\/prefeitosegestoes.com.br\/portal\/entenda-as-responsabilidades-dos-municipios-na-educacao-publica\/\" \/>\n<meta property=\"og:locale\" content=\"pt_BR\" \/>\n<meta property=\"og:type\" content=\"article\" \/>\n<meta property=\"og:title\" content=\"Entenda as responsabilidades dos munic\u00edpios na educa\u00e7\u00e3o p\u00fablica - Prefeitos &amp; Gest\u00f5es\" \/>\n<meta property=\"og:description\" content=\"\u00a9 Jo\u00e9dson Alves\/Ag\u00eancia Brasil Educa\u00e7\u00e3o infantil \u00e9 uma das principais compet\u00eancias de prefeitos Mariana Tokarnia &#8211; Rep\u00f3rter da Ag\u00eancia Brasil Publicado em 02\/09\/2024 &#8211; 08:58 Rio de Janeiro Arte\/Ag\u00eancia Brasil H\u00e1 dois anos, Esteffane de Oliveira, 25 anos, moradora da Cidade de Deus, em Japarepagu\u00e1, na zona oeste do Rio de Janeiro, tenta conseguir vaga [&hellip;]\" \/>\n<meta property=\"og:url\" content=\"https:\/\/prefeitosegestoes.com.br\/portal\/entenda-as-responsabilidades-dos-municipios-na-educacao-publica\/\" \/>\n<meta property=\"og:site_name\" content=\"Prefeitos &amp; Gest\u00f5es\" \/>\n<meta property=\"article:publisher\" content=\"https:\/\/www.facebook.com\/prefeitosonline\" \/>\n<meta property=\"article:published_time\" content=\"2024-11-14T12:12:46+00:00\" \/>\n<meta property=\"og:image\" content=\"https:\/\/prefeitosegestoes.com.br\/portal\/wp-content\/uploads\/2024\/11\/ja_1070.webp\" \/>\n\t<meta property=\"og:image:width\" content=\"1170\" \/>\n\t<meta property=\"og:image:height\" content=\"700\" \/>\n\t<meta property=\"og:image:type\" content=\"image\/webp\" \/>\n<meta name=\"author\" content=\"Prefeitos &amp; Gest\u00f5es\" \/>\n<meta name=\"twitter:card\" content=\"summary_large_image\" \/>\n<meta name=\"twitter:creator\" content=\"@PrefGestoes\" \/>\n<meta name=\"twitter:site\" content=\"@PrefGestoes\" \/>\n<meta name=\"twitter:label1\" content=\"Escrito por\" \/>\n\t<meta name=\"twitter:data1\" content=\"Prefeitos &amp; Gest\u00f5es\" \/>\n\t<meta name=\"twitter:label2\" content=\"Est. tempo de leitura\" \/>\n\t<meta name=\"twitter:data2\" content=\"5 minutos\" \/>\n<script type=\"application\/ld+json\" class=\"yoast-schema-graph\">{\"@context\":\"https:\/\/schema.org\",\"@graph\":[{\"@type\":\"Article\",\"@id\":\"https:\/\/prefeitosegestoes.com.br\/portal\/entenda-as-responsabilidades-dos-municipios-na-educacao-publica\/#article\",\"isPartOf\":{\"@id\":\"https:\/\/prefeitosegestoes.com.br\/portal\/entenda-as-responsabilidades-dos-municipios-na-educacao-publica\/\"},\"author\":{\"name\":\"Prefeitos &amp; Gest\u00f5es\",\"@id\":\"https:\/\/prefeitosegestoes.com.br\/portal\/#\/schema\/person\/d00059f2ec99963e7e1850d448ae94b8\"},\"headline\":\"Entenda as responsabilidades dos munic\u00edpios na educa\u00e7\u00e3o p\u00fablica\",\"datePublished\":\"2024-11-14T12:12:46+00:00\",\"mainEntityOfPage\":{\"@id\":\"https:\/\/prefeitosegestoes.com.br\/portal\/entenda-as-responsabilidades-dos-municipios-na-educacao-publica\/\"},\"wordCount\":922,\"commentCount\":0,\"publisher\":{\"@id\":\"https:\/\/prefeitosegestoes.com.br\/portal\/#organization\"},\"image\":{\"@id\":\"https:\/\/prefeitosegestoes.com.br\/portal\/entenda-as-responsabilidades-dos-municipios-na-educacao-publica\/#primaryimage\"},\"thumbnailUrl\":\"https:\/\/prefeitosegestoes.com.br\/portal\/wp-content\/uploads\/2024\/11\/ja_1070.webp\",\"keywords\":[\"Educa\u00e7\u00e3o\",\"Educa\u00e7\u00e3o Infantil\",\"Ideologia de G\u00eanero\",\"Munic\u00edpios\",\"Pesquisa Quaest\"],\"articleSection\":[\"Munic\u00edpios\"],\"inLanguage\":\"pt-BR\",\"potentialAction\":[{\"@type\":\"CommentAction\",\"name\":\"Comment\",\"target\":[\"https:\/\/prefeitosegestoes.com.br\/portal\/entenda-as-responsabilidades-dos-municipios-na-educacao-publica\/#respond\"]}]},{\"@type\":\"WebPage\",\"@id\":\"https:\/\/prefeitosegestoes.com.br\/portal\/entenda-as-responsabilidades-dos-municipios-na-educacao-publica\/\",\"url\":\"https:\/\/prefeitosegestoes.com.br\/portal\/entenda-as-responsabilidades-dos-municipios-na-educacao-publica\/\",\"name\":\"Entenda as responsabilidades dos munic\u00edpios na educa\u00e7\u00e3o p\u00fablica - Prefeitos &amp; Gest\u00f5es\",\"isPartOf\":{\"@id\":\"https:\/\/prefeitosegestoes.com.br\/portal\/#website\"},\"primaryImageOfPage\":{\"@id\":\"https:\/\/prefeitosegestoes.com.br\/portal\/entenda-as-responsabilidades-dos-municipios-na-educacao-publica\/#primaryimage\"},\"image\":{\"@id\":\"https:\/\/prefeitosegestoes.com.br\/portal\/entenda-as-responsabilidades-dos-municipios-na-educacao-publica\/#primaryimage\"},\"thumbnailUrl\":\"https:\/\/prefeitosegestoes.com.br\/portal\/wp-content\/uploads\/2024\/11\/ja_1070.webp\",\"datePublished\":\"2024-11-14T12:12:46+00:00\",\"breadcrumb\":{\"@id\":\"https:\/\/prefeitosegestoes.com.br\/portal\/entenda-as-responsabilidades-dos-municipios-na-educacao-publica\/#breadcrumb\"},\"inLanguage\":\"pt-BR\",\"potentialAction\":[{\"@type\":\"ReadAction\",\"target\":[\"https:\/\/prefeitosegestoes.com.br\/portal\/entenda-as-responsabilidades-dos-municipios-na-educacao-publica\/\"]}]},{\"@type\":\"ImageObject\",\"inLanguage\":\"pt-BR\",\"@id\":\"https:\/\/prefeitosegestoes.com.br\/portal\/entenda-as-responsabilidades-dos-municipios-na-educacao-publica\/#primaryimage\",\"url\":\"https:\/\/prefeitosegestoes.com.br\/portal\/wp-content\/uploads\/2024\/11\/ja_1070.webp\",\"contentUrl\":\"https:\/\/prefeitosegestoes.com.br\/portal\/wp-content\/uploads\/2024\/11\/ja_1070.webp\",\"width\":1170,\"height\":700},{\"@type\":\"BreadcrumbList\",\"@id\":\"https:\/\/prefeitosegestoes.com.br\/portal\/entenda-as-responsabilidades-dos-municipios-na-educacao-publica\/#breadcrumb\",\"itemListElement\":[{\"@type\":\"ListItem\",\"position\":1,\"name\":\"In\u00edcio\",\"item\":\"https:\/\/prefeitosegestoes.com.br\/portal\/\"},{\"@type\":\"ListItem\",\"position\":2,\"name\":\"Entenda as responsabilidades dos munic\u00edpios na educa\u00e7\u00e3o p\u00fablica\"}]},{\"@type\":\"WebSite\",\"@id\":\"https:\/\/prefeitosegestoes.com.br\/portal\/#website\",\"url\":\"https:\/\/prefeitosegestoes.com.br\/portal\/\",\"name\":\"Prefeitos & Gest\u00f5es\",\"description\":\"\",\"publisher\":{\"@id\":\"https:\/\/prefeitosegestoes.com.br\/portal\/#organization\"},\"potentialAction\":[{\"@type\":\"SearchAction\",\"target\":{\"@type\":\"EntryPoint\",\"urlTemplate\":\"https:\/\/prefeitosegestoes.com.br\/portal\/?s={search_term_string}\"},\"query-input\":{\"@type\":\"PropertyValueSpecification\",\"valueRequired\":true,\"valueName\":\"search_term_string\"}}],\"inLanguage\":\"pt-BR\"},{\"@type\":\"Organization\",\"@id\":\"https:\/\/prefeitosegestoes.com.br\/portal\/#organization\",\"name\":\"Prefeitos & Gest\u00f5es\",\"url\":\"https:\/\/prefeitosegestoes.com.br\/portal\/\",\"logo\":{\"@type\":\"ImageObject\",\"inLanguage\":\"pt-BR\",\"@id\":\"https:\/\/prefeitosegestoes.com.br\/portal\/#\/schema\/logo\/image\/\",\"url\":\"https:\/\/prefeitosegestoes.com.br\/portal\/wp-content\/uploads\/2024\/10\/lg_trans_prefeitos_2024_preto2.png\",\"contentUrl\":\"https:\/\/prefeitosegestoes.com.br\/portal\/wp-content\/uploads\/2024\/10\/lg_trans_prefeitos_2024_preto2.png\",\"width\":199,\"height\":122,\"caption\":\"Prefeitos & Gest\u00f5es\"},\"image\":{\"@id\":\"https:\/\/prefeitosegestoes.com.br\/portal\/#\/schema\/logo\/image\/\"},\"sameAs\":[\"https:\/\/www.facebook.com\/prefeitosonline\",\"https:\/\/x.com\/PrefGestoes\"]},{\"@type\":\"Person\",\"@id\":\"https:\/\/prefeitosegestoes.com.br\/portal\/#\/schema\/person\/d00059f2ec99963e7e1850d448ae94b8\",\"name\":\"Prefeitos &amp; Gest\u00f5es\",\"image\":{\"@type\":\"ImageObject\",\"inLanguage\":\"pt-BR\",\"@id\":\"https:\/\/secure.gravatar.com\/avatar\/738fb281e479212ed32c1a21a4307dda9f3af9292edb6918a16c9ce9fff5f48d?s=96&d=mm&r=g\",\"url\":\"https:\/\/secure.gravatar.com\/avatar\/738fb281e479212ed32c1a21a4307dda9f3af9292edb6918a16c9ce9fff5f48d?s=96&d=mm&r=g\",\"contentUrl\":\"https:\/\/secure.gravatar.com\/avatar\/738fb281e479212ed32c1a21a4307dda9f3af9292edb6918a16c9ce9fff5f48d?s=96&d=mm&r=g\",\"caption\":\"Prefeitos &amp; Gest\u00f5es\"},\"url\":\"https:\/\/prefeitosegestoes.com.br\/portal\/author\/prefeitosegestoes\/\"}]}<\/script>\n<!-- \/ Yoast SEO plugin. -->","yoast_head_json":{"title":"Entenda as responsabilidades dos munic\u00edpios na educa\u00e7\u00e3o p\u00fablica - Prefeitos &amp; Gest\u00f5es","robots":{"index":"index","follow":"follow","max-snippet":"max-snippet:-1","max-image-preview":"max-image-preview:large","max-video-preview":"max-video-preview:-1"},"canonical":"https:\/\/prefeitosegestoes.com.br\/portal\/entenda-as-responsabilidades-dos-municipios-na-educacao-publica\/","og_locale":"pt_BR","og_type":"article","og_title":"Entenda as responsabilidades dos munic\u00edpios na educa\u00e7\u00e3o p\u00fablica - Prefeitos &amp; Gest\u00f5es","og_description":"\u00a9 Jo\u00e9dson Alves\/Ag\u00eancia Brasil Educa\u00e7\u00e3o infantil \u00e9 uma das principais compet\u00eancias de prefeitos Mariana Tokarnia &#8211; Rep\u00f3rter da Ag\u00eancia Brasil Publicado em 02\/09\/2024 &#8211; 08:58 Rio de Janeiro Arte\/Ag\u00eancia Brasil H\u00e1 dois anos, Esteffane de Oliveira, 25 anos, moradora da Cidade de Deus, em Japarepagu\u00e1, na zona oeste do Rio de Janeiro, tenta conseguir vaga [&hellip;]","og_url":"https:\/\/prefeitosegestoes.com.br\/portal\/entenda-as-responsabilidades-dos-municipios-na-educacao-publica\/","og_site_name":"Prefeitos &amp; Gest\u00f5es","article_publisher":"https:\/\/www.facebook.com\/prefeitosonline","article_published_time":"2024-11-14T12:12:46+00:00","og_image":[{"width":1170,"height":700,"url":"https:\/\/prefeitosegestoes.com.br\/portal\/wp-content\/uploads\/2024\/11\/ja_1070.webp","type":"image\/webp"}],"author":"Prefeitos &amp; Gest\u00f5es","twitter_card":"summary_large_image","twitter_creator":"@PrefGestoes","twitter_site":"@PrefGestoes","twitter_misc":{"Escrito por":"Prefeitos &amp; Gest\u00f5es","Est. tempo de leitura":"5 minutos"},"schema":{"@context":"https:\/\/schema.org","@graph":[{"@type":"Article","@id":"https:\/\/prefeitosegestoes.com.br\/portal\/entenda-as-responsabilidades-dos-municipios-na-educacao-publica\/#article","isPartOf":{"@id":"https:\/\/prefeitosegestoes.com.br\/portal\/entenda-as-responsabilidades-dos-municipios-na-educacao-publica\/"},"author":{"name":"Prefeitos &amp; Gest\u00f5es","@id":"https:\/\/prefeitosegestoes.com.br\/portal\/#\/schema\/person\/d00059f2ec99963e7e1850d448ae94b8"},"headline":"Entenda as responsabilidades dos munic\u00edpios na educa\u00e7\u00e3o p\u00fablica","datePublished":"2024-11-14T12:12:46+00:00","mainEntityOfPage":{"@id":"https:\/\/prefeitosegestoes.com.br\/portal\/entenda-as-responsabilidades-dos-municipios-na-educacao-publica\/"},"wordCount":922,"commentCount":0,"publisher":{"@id":"https:\/\/prefeitosegestoes.com.br\/portal\/#organization"},"image":{"@id":"https:\/\/prefeitosegestoes.com.br\/portal\/entenda-as-responsabilidades-dos-municipios-na-educacao-publica\/#primaryimage"},"thumbnailUrl":"https:\/\/prefeitosegestoes.com.br\/portal\/wp-content\/uploads\/2024\/11\/ja_1070.webp","keywords":["Educa\u00e7\u00e3o","Educa\u00e7\u00e3o Infantil","Ideologia de G\u00eanero","Munic\u00edpios","Pesquisa Quaest"],"articleSection":["Munic\u00edpios"],"inLanguage":"pt-BR","potentialAction":[{"@type":"CommentAction","name":"Comment","target":["https:\/\/prefeitosegestoes.com.br\/portal\/entenda-as-responsabilidades-dos-municipios-na-educacao-publica\/#respond"]}]},{"@type":"WebPage","@id":"https:\/\/prefeitosegestoes.com.br\/portal\/entenda-as-responsabilidades-dos-municipios-na-educacao-publica\/","url":"https:\/\/prefeitosegestoes.com.br\/portal\/entenda-as-responsabilidades-dos-municipios-na-educacao-publica\/","name":"Entenda as responsabilidades dos munic\u00edpios na educa\u00e7\u00e3o p\u00fablica - Prefeitos &amp; Gest\u00f5es","isPartOf":{"@id":"https:\/\/prefeitosegestoes.com.br\/portal\/#website"},"primaryImageOfPage":{"@id":"https:\/\/prefeitosegestoes.com.br\/portal\/entenda-as-responsabilidades-dos-municipios-na-educacao-publica\/#primaryimage"},"image":{"@id":"https:\/\/prefeitosegestoes.com.br\/portal\/entenda-as-responsabilidades-dos-municipios-na-educacao-publica\/#primaryimage"},"thumbnailUrl":"https:\/\/prefeitosegestoes.com.br\/portal\/wp-content\/uploads\/2024\/11\/ja_1070.webp","datePublished":"2024-11-14T12:12:46+00:00","breadcrumb":{"@id":"https:\/\/prefeitosegestoes.com.br\/portal\/entenda-as-responsabilidades-dos-municipios-na-educacao-publica\/#breadcrumb"},"inLanguage":"pt-BR","potentialAction":[{"@type":"ReadAction","target":["https:\/\/prefeitosegestoes.com.br\/portal\/entenda-as-responsabilidades-dos-municipios-na-educacao-publica\/"]}]},{"@type":"ImageObject","inLanguage":"pt-BR","@id":"https:\/\/prefeitosegestoes.com.br\/portal\/entenda-as-responsabilidades-dos-municipios-na-educacao-publica\/#primaryimage","url":"https:\/\/prefeitosegestoes.com.br\/portal\/wp-content\/uploads\/2024\/11\/ja_1070.webp","contentUrl":"https:\/\/prefeitosegestoes.com.br\/portal\/wp-content\/uploads\/2024\/11\/ja_1070.webp","width":1170,"height":700},{"@type":"BreadcrumbList","@id":"https:\/\/prefeitosegestoes.com.br\/portal\/entenda-as-responsabilidades-dos-municipios-na-educacao-publica\/#breadcrumb","itemListElement":[{"@type":"ListItem","position":1,"name":"In\u00edcio","item":"https:\/\/prefeitosegestoes.com.br\/portal\/"},{"@type":"ListItem","position":2,"name":"Entenda as responsabilidades dos munic\u00edpios na educa\u00e7\u00e3o p\u00fablica"}]},{"@type":"WebSite","@id":"https:\/\/prefeitosegestoes.com.br\/portal\/#website","url":"https:\/\/prefeitosegestoes.com.br\/portal\/","name":"Prefeitos & Gest\u00f5es","description":"","publisher":{"@id":"https:\/\/prefeitosegestoes.com.br\/portal\/#organization"},"potentialAction":[{"@type":"SearchAction","target":{"@type":"EntryPoint","urlTemplate":"https:\/\/prefeitosegestoes.com.br\/portal\/?s={search_term_string}"},"query-input":{"@type":"PropertyValueSpecification","valueRequired":true,"valueName":"search_term_string"}}],"inLanguage":"pt-BR"},{"@type":"Organization","@id":"https:\/\/prefeitosegestoes.com.br\/portal\/#organization","name":"Prefeitos & Gest\u00f5es","url":"https:\/\/prefeitosegestoes.com.br\/portal\/","logo":{"@type":"ImageObject","inLanguage":"pt-BR","@id":"https:\/\/prefeitosegestoes.com.br\/portal\/#\/schema\/logo\/image\/","url":"https:\/\/prefeitosegestoes.com.br\/portal\/wp-content\/uploads\/2024\/10\/lg_trans_prefeitos_2024_preto2.png","contentUrl":"https:\/\/prefeitosegestoes.com.br\/portal\/wp-content\/uploads\/2024\/10\/lg_trans_prefeitos_2024_preto2.png","width":199,"height":122,"caption":"Prefeitos & Gest\u00f5es"},"image":{"@id":"https:\/\/prefeitosegestoes.com.br\/portal\/#\/schema\/logo\/image\/"},"sameAs":["https:\/\/www.facebook.com\/prefeitosonline","https:\/\/x.com\/PrefGestoes"]},{"@type":"Person","@id":"https:\/\/prefeitosegestoes.com.br\/portal\/#\/schema\/person\/d00059f2ec99963e7e1850d448ae94b8","name":"Prefeitos &amp; Gest\u00f5es","image":{"@type":"ImageObject","inLanguage":"pt-BR","@id":"https:\/\/secure.gravatar.com\/avatar\/738fb281e479212ed32c1a21a4307dda9f3af9292edb6918a16c9ce9fff5f48d?s=96&d=mm&r=g","url":"https:\/\/secure.gravatar.com\/avatar\/738fb281e479212ed32c1a21a4307dda9f3af9292edb6918a16c9ce9fff5f48d?s=96&d=mm&r=g","contentUrl":"https:\/\/secure.gravatar.com\/avatar\/738fb281e479212ed32c1a21a4307dda9f3af9292edb6918a16c9ce9fff5f48d?s=96&d=mm&r=g","caption":"Prefeitos &amp; Gest\u00f5es"},"url":"https:\/\/prefeitosegestoes.com.br\/portal\/author\/prefeitosegestoes\/"}]}},"_links":{"self":[{"href":"https:\/\/prefeitosegestoes.com.br\/portal\/wp-json\/wp\/v2\/posts\/2848","targetHints":{"allow":["GET"]}}],"collection":[{"href":"https:\/\/prefeitosegestoes.com.br\/portal\/wp-json\/wp\/v2\/posts"}],"about":[{"href":"https:\/\/prefeitosegestoes.com.br\/portal\/wp-json\/wp\/v2\/types\/post"}],"author":[{"embeddable":true,"href":"https:\/\/prefeitosegestoes.com.br\/portal\/wp-json\/wp\/v2\/users\/2"}],"replies":[{"embeddable":true,"href":"https:\/\/prefeitosegestoes.com.br\/portal\/wp-json\/wp\/v2\/comments?post=2848"}],"version-history":[{"count":1,"href":"https:\/\/prefeitosegestoes.com.br\/portal\/wp-json\/wp\/v2\/posts\/2848\/revisions"}],"predecessor-version":[{"id":2850,"href":"https:\/\/prefeitosegestoes.com.br\/portal\/wp-json\/wp\/v2\/posts\/2848\/revisions\/2850"}],"wp:featuredmedia":[{"embeddable":true,"href":"https:\/\/prefeitosegestoes.com.br\/portal\/wp-json\/wp\/v2\/media\/2849"}],"wp:attachment":[{"href":"https:\/\/prefeitosegestoes.com.br\/portal\/wp-json\/wp\/v2\/media?parent=2848"}],"wp:term":[{"taxonomy":"category","embeddable":true,"href":"https:\/\/prefeitosegestoes.com.br\/portal\/wp-json\/wp\/v2\/categories?post=2848"},{"taxonomy":"post_tag","embeddable":true,"href":"https:\/\/prefeitosegestoes.com.br\/portal\/wp-json\/wp\/v2\/tags?post=2848"}],"curies":[{"name":"wp","href":"https:\/\/api.w.org\/{rel}","templated":true}]}}