{"id":2839,"date":"2024-11-14T08:39:47","date_gmt":"2024-11-14T11:39:47","guid":{"rendered":"https:\/\/prefeitosegestoes.com.br\/portal\/?p=2839"},"modified":"2024-11-14T08:39:47","modified_gmt":"2024-11-14T11:39:47","slug":"cupula-do-g20-social-comeca-nesta-quinta-feira-no-rio-de-janeiro","status":"publish","type":"post","link":"https:\/\/prefeitosegestoes.com.br\/portal\/cupula-do-g20-social-comeca-nesta-quinta-feira-no-rio-de-janeiro\/","title":{"rendered":"C\u00fapula do G20 Social come\u00e7a nesta quinta-feira no Rio de Janeiro"},"content":{"rendered":"<div class=\"header-noticia full-width\">\n<h2 class=\"linha-fina-noticia\">Evento que terminar\u00e1 no s\u00e1bado re\u00fane 13 grupos de diversas \u00e1reas<\/h2>\n<\/div>\n<div class=\"subheader\">\n<div class=\"container-autoria\">\n<div class=\"autor-noticia\">Ana Cristina Campos \u2013 Rep\u00f3rter da Ag\u00eancia Brasil<\/div>\n<div class=\"container-data rowflex\">\n<div class=\"data\">Publicado em 14\/11\/2024 &#8211; 07:02<\/div>\n<\/div>\n<div class=\"local\">Rio de Janeiro]\u00a9 G20 Social<\/div>\n<\/div>\n<\/div>\n<div id=\"block-tts-block-tts\" class=\"block block-tts\">\n<div class=\"content\">\n<div id=\"tts-container\" class=\"container-audio rel-position\">\n<div class=\"title abs-position\">Vers\u00e3o em \u00e1udio<\/div>\n<\/div>\n<\/div>\n<\/div>\n<div class=\"conteudo-noticia\">\n<p>O Rio de Janeiro sediar\u00e1 desta quinta-feira (14) at\u00e9 s\u00e1bado (16) o G20 Social, com uma vasta programa\u00e7\u00e3o. O G20 Social \u00e9 uma inova\u00e7\u00e3o institu\u00edda pelo governo brasileiro. O pa\u00eds preside o G20 pela primeira vez desde 2008, quando foi implantado o atual formato do grupo, composto pelas 19 maiores economias do mundo, bem como a Uni\u00e3o Europeia e mais recentemente a Uni\u00e3o Africana.<img decoding=\"async\" src=\"https:\/\/agenciabrasil.ebc.com.br\/ebc.png?id=1619396&amp;o=node\" \/><img decoding=\"async\" src=\"https:\/\/agenciabrasil.ebc.com.br\/ebc.gif?id=1619396&amp;o=node\" \/><\/p>\n<p>Nas presid\u00eancias anteriores, a sociedade civil costumava se reunir em iniciativas paralelas \u00e0 programa\u00e7\u00e3o oficial. Com o G20 Social, essas reuni\u00f5es foram integradas \u00e0 agenda constru\u00edda pelo Brasil. O objetivo \u00e9 ampliar o di\u00e1logo entre os l\u00edderes governamentais e a sociedade civil. \u00a0S\u00e3o esperadas cerca de 50 mil pessoas, do Brasil e do mundo.<\/p>\n<p>Os 13 grupos de engajamento que fazem parte do G20 Social s\u00e3o: C20 (sociedade civil); T20 (<em>think tanks<\/em>); Y20 (juventude); W20 (mulheres); L20 (trabalho); U20 (cidades); B20 (business); S20 (ci\u00eancias); Startup20 (startups); P20 (parlamentos); SAI20 (tribunais de contas); e os mais novos J20 (cortes supremas) e O20 (oceanos).<\/p>\n<p>A presid\u00eancia brasileira, atrav\u00e9s da Secretaria Geral da Presid\u00eancia da Rep\u00fablica, de maneira in\u00e9dita, convidou os movimentos sociais de base hist\u00f3rica nacional para constru\u00e7\u00e3o dos processos. A Articula\u00e7\u00e3o dos Povos Ind\u00edgenas do Brasil (APIB); a Associa\u00e7\u00e3o Brasileira Organiza\u00e7\u00f5es N\u00e3o Governamentais (Abong); a Central \u00danica dos Trabalhadores (CUT); a Coaliz\u00e3o Negra por Direitos; a Marcha Mundial das Mulheres (MMM); Central \u00danica das Favelas (CUFA) e o Movimento de Trabalhadores Rurais sem Terra (MST) integram o comit\u00ea organizador da C\u00fapula Social do G20.<\/p>\n<p>\u201cA grande fotografia do G20 ser\u00e1 o G20 Social no Brasil. Ser\u00e1 um dos grandes legados que a presid\u00eancia do Brasil vai deixar para o f\u00f3rum. Eu espero que essa fotografia seja a mais plural poss\u00edvel, seja dentro do debate democr\u00e1tico, seja respeitosa com o processo pol\u00edtico e que possa contribuir efetivamente para mudar a vida das pessoas para melhor\u201d, disse M\u00e1rcio Mac\u00eado, ministro da Secretaria Geral da Presid\u00eancia da Rep\u00fablica.<\/p>\n<p>Boa parte da programa\u00e7\u00e3o dos tr\u00eas dias \u00e9 composta por atividades autogestionadas propostas por diferentes organiza\u00e7\u00f5es sociais. Tamb\u00e9m \u00e9 prevista, ao fim, a apresenta\u00e7\u00e3o de um documento s\u00edntese do G20 Social. Ele dever\u00e1 posteriormente ser entregue aos governos de todas as na\u00e7\u00f5es na C\u00fapula dos L\u00edderes do G20, evento que ocorre nos dias 18 e 19 de novembro, no Rio de Janeiro, encerrando a presid\u00eancia brasileira.<\/p>\n<p>As atividades do G20 Social ocorrem em diferentes locais espalhados pelo Boulevard Ol\u00edmpico, no centro do Rio de Janeiro. S\u00e3o eles: Espa\u00e7o Kobra, Armaz\u00e9m 2, Armaz\u00e9m 3, Armaz\u00e9m Utopia e Museu do Amanh\u00e3. Confira a\u00a0<a href=\"https:\/\/www.gov.br\/secom\/pt-br\/assuntos\/noticias\/2024\/11\/g20-social-confira-a-programacao-completa-do-evento-no-rio-de-janeiro\" target=\"_blank\" rel=\"noopener\">programa\u00e7\u00e3o do evento<\/a>.<\/p>\n<p>O evento ter\u00e1 271 atividades apresentadas por diferentes setores da sociedade civil brasileira e de outros pa\u00edses. Entre os temas a serem\u00a0apresentados est\u00e3o justi\u00e7a ambiental, equidade em sa\u00fade, enfrentamento ao racismo e colonialismo, direitos LGBTQIAPN+ e igualdade salarial.<\/p>\n<p>Plen\u00e1rias est\u00e3o programadas para\u00a0sexta-feira (15)\u00a0com participa\u00e7\u00e3o de ministros do governo\u00a0sobre os tr\u00eas eixos priorit\u00e1rios para o Brasil, em seu mandato na presid\u00eancia do G20: combate \u00e0 fome, pobreza e desigualdades; sustentabilidade, mudan\u00e7a do clima e transi\u00e7\u00e3o justa; e reforma da governan\u00e7a global.<\/p>\n<p>*<em>Colaborou L\u00e9o Rodrigues<\/em><\/p>\n<p>Fonte: IBC-Ag\u00eancia Brasil<\/p>\n<\/div>\n","protected":false},"excerpt":{"rendered":"<p>Evento que terminar\u00e1 no s\u00e1bado re\u00fane 13 grupos de diversas \u00e1reas Ana Cristina Campos \u2013 Rep\u00f3rter da Ag\u00eancia Brasil Publicado em 14\/11\/2024 &#8211; 07:02 Rio de Janeiro]\u00a9 G20 Social Vers\u00e3o em \u00e1udio O Rio de Janeiro sediar\u00e1 desta quinta-feira (14) at\u00e9 s\u00e1bado (16) o G20 Social, com uma vasta programa\u00e7\u00e3o. O G20 Social \u00e9 uma [&hellip;]<\/p>\n","protected":false},"author":2,"featured_media":2840,"comment_status":"open","ping_status":"open","sticky":false,"template":"","format":"standard","meta":{"rop_custom_images_group":[],"rop_custom_messages_group":[],"rop_publish_now":"initial","rop_publish_now_accounts":{"twitter_850042665852968960_850042665852968960":""},"rop_publish_now_history":[],"rop_publish_now_status":"pending","footnotes":""},"categories":[15],"tags":[240,244,239,241,242,243],"class_list":["post-2839","post","type-post","status-publish","format-standard","has-post-thumbnail","hentry","category-destaques","tag-cufa","tag-evento","tag-g20-social","tag-mulheres","tag-organizacao","tag-plenarias"],"yoast_head":"<!-- This site is optimized with the Yoast SEO plugin v27.2 - https:\/\/yoast.com\/product\/yoast-seo-wordpress\/ -->\n<title>C\u00fapula do G20 Social come\u00e7a nesta quinta-feira no Rio de Janeiro - Prefeitos &amp; Gest\u00f5es<\/title>\n<meta name=\"robots\" content=\"index, follow, max-snippet:-1, max-image-preview:large, max-video-preview:-1\" \/>\n<link rel=\"canonical\" href=\"https:\/\/prefeitosegestoes.com.br\/portal\/cupula-do-g20-social-comeca-nesta-quinta-feira-no-rio-de-janeiro\/\" \/>\n<meta property=\"og:locale\" content=\"pt_BR\" \/>\n<meta property=\"og:type\" content=\"article\" \/>\n<meta property=\"og:title\" content=\"C\u00fapula do G20 Social come\u00e7a nesta quinta-feira no Rio de Janeiro - Prefeitos &amp; Gest\u00f5es\" \/>\n<meta property=\"og:description\" content=\"Evento que terminar\u00e1 no s\u00e1bado re\u00fane 13 grupos de diversas \u00e1reas Ana Cristina Campos \u2013 Rep\u00f3rter da Ag\u00eancia Brasil Publicado em 14\/11\/2024 &#8211; 07:02 Rio de Janeiro]\u00a9 G20 Social Vers\u00e3o em \u00e1udio O Rio de Janeiro sediar\u00e1 desta quinta-feira (14) at\u00e9 s\u00e1bado (16) o G20 Social, com uma vasta programa\u00e7\u00e3o. O G20 Social \u00e9 uma [&hellip;]\" \/>\n<meta property=\"og:url\" content=\"https:\/\/prefeitosegestoes.com.br\/portal\/cupula-do-g20-social-comeca-nesta-quinta-feira-no-rio-de-janeiro\/\" \/>\n<meta property=\"og:site_name\" content=\"Prefeitos &amp; Gest\u00f5es\" \/>\n<meta property=\"article:publisher\" content=\"https:\/\/www.facebook.com\/prefeitosonline\" \/>\n<meta property=\"article:published_time\" content=\"2024-11-14T11:39:47+00:00\" \/>\n<meta property=\"og:image\" content=\"https:\/\/prefeitosegestoes.com.br\/portal\/wp-content\/uploads\/2024\/11\/g20_social.webp\" \/>\n\t<meta property=\"og:image:width\" content=\"1170\" \/>\n\t<meta property=\"og:image:height\" content=\"700\" \/>\n\t<meta property=\"og:image:type\" content=\"image\/webp\" \/>\n<meta name=\"author\" content=\"Prefeitos &amp; Gest\u00f5es\" \/>\n<meta name=\"twitter:card\" content=\"summary_large_image\" \/>\n<meta name=\"twitter:creator\" content=\"@PrefGestoes\" \/>\n<meta name=\"twitter:site\" content=\"@PrefGestoes\" \/>\n<meta name=\"twitter:label1\" content=\"Escrito por\" \/>\n\t<meta name=\"twitter:data1\" content=\"Prefeitos &amp; Gest\u00f5es\" \/>\n\t<meta name=\"twitter:label2\" content=\"Est. tempo de leitura\" \/>\n\t<meta name=\"twitter:data2\" content=\"3 minutos\" \/>\n<script type=\"application\/ld+json\" class=\"yoast-schema-graph\">{\"@context\":\"https:\/\/schema.org\",\"@graph\":[{\"@type\":\"Article\",\"@id\":\"https:\/\/prefeitosegestoes.com.br\/portal\/cupula-do-g20-social-comeca-nesta-quinta-feira-no-rio-de-janeiro\/#article\",\"isPartOf\":{\"@id\":\"https:\/\/prefeitosegestoes.com.br\/portal\/cupula-do-g20-social-comeca-nesta-quinta-feira-no-rio-de-janeiro\/\"},\"author\":{\"name\":\"Prefeitos &amp; Gest\u00f5es\",\"@id\":\"https:\/\/prefeitosegestoes.com.br\/portal\/#\/schema\/person\/d00059f2ec99963e7e1850d448ae94b8\"},\"headline\":\"C\u00fapula do G20 Social come\u00e7a nesta quinta-feira no Rio de Janeiro\",\"datePublished\":\"2024-11-14T11:39:47+00:00\",\"mainEntityOfPage\":{\"@id\":\"https:\/\/prefeitosegestoes.com.br\/portal\/cupula-do-g20-social-comeca-nesta-quinta-feira-no-rio-de-janeiro\/\"},\"wordCount\":610,\"commentCount\":0,\"publisher\":{\"@id\":\"https:\/\/prefeitosegestoes.com.br\/portal\/#organization\"},\"image\":{\"@id\":\"https:\/\/prefeitosegestoes.com.br\/portal\/cupula-do-g20-social-comeca-nesta-quinta-feira-no-rio-de-janeiro\/#primaryimage\"},\"thumbnailUrl\":\"https:\/\/prefeitosegestoes.com.br\/portal\/wp-content\/uploads\/2024\/11\/g20_social.webp\",\"keywords\":[\"CUFA\",\"Evento\",\"G20 Social\",\"Mulheres\",\"Organiza\u00e7ao\",\"Plen\u00e1rias\"],\"articleSection\":[\"Destaques\"],\"inLanguage\":\"pt-BR\",\"potentialAction\":[{\"@type\":\"CommentAction\",\"name\":\"Comment\",\"target\":[\"https:\/\/prefeitosegestoes.com.br\/portal\/cupula-do-g20-social-comeca-nesta-quinta-feira-no-rio-de-janeiro\/#respond\"]}]},{\"@type\":\"WebPage\",\"@id\":\"https:\/\/prefeitosegestoes.com.br\/portal\/cupula-do-g20-social-comeca-nesta-quinta-feira-no-rio-de-janeiro\/\",\"url\":\"https:\/\/prefeitosegestoes.com.br\/portal\/cupula-do-g20-social-comeca-nesta-quinta-feira-no-rio-de-janeiro\/\",\"name\":\"C\u00fapula do G20 Social come\u00e7a nesta quinta-feira no Rio de Janeiro - Prefeitos &amp; Gest\u00f5es\",\"isPartOf\":{\"@id\":\"https:\/\/prefeitosegestoes.com.br\/portal\/#website\"},\"primaryImageOfPage\":{\"@id\":\"https:\/\/prefeitosegestoes.com.br\/portal\/cupula-do-g20-social-comeca-nesta-quinta-feira-no-rio-de-janeiro\/#primaryimage\"},\"image\":{\"@id\":\"https:\/\/prefeitosegestoes.com.br\/portal\/cupula-do-g20-social-comeca-nesta-quinta-feira-no-rio-de-janeiro\/#primaryimage\"},\"thumbnailUrl\":\"https:\/\/prefeitosegestoes.com.br\/portal\/wp-content\/uploads\/2024\/11\/g20_social.webp\",\"datePublished\":\"2024-11-14T11:39:47+00:00\",\"breadcrumb\":{\"@id\":\"https:\/\/prefeitosegestoes.com.br\/portal\/cupula-do-g20-social-comeca-nesta-quinta-feira-no-rio-de-janeiro\/#breadcrumb\"},\"inLanguage\":\"pt-BR\",\"potentialAction\":[{\"@type\":\"ReadAction\",\"target\":[\"https:\/\/prefeitosegestoes.com.br\/portal\/cupula-do-g20-social-comeca-nesta-quinta-feira-no-rio-de-janeiro\/\"]}]},{\"@type\":\"ImageObject\",\"inLanguage\":\"pt-BR\",\"@id\":\"https:\/\/prefeitosegestoes.com.br\/portal\/cupula-do-g20-social-comeca-nesta-quinta-feira-no-rio-de-janeiro\/#primaryimage\",\"url\":\"https:\/\/prefeitosegestoes.com.br\/portal\/wp-content\/uploads\/2024\/11\/g20_social.webp\",\"contentUrl\":\"https:\/\/prefeitosegestoes.com.br\/portal\/wp-content\/uploads\/2024\/11\/g20_social.webp\",\"width\":1170,\"height\":700},{\"@type\":\"BreadcrumbList\",\"@id\":\"https:\/\/prefeitosegestoes.com.br\/portal\/cupula-do-g20-social-comeca-nesta-quinta-feira-no-rio-de-janeiro\/#breadcrumb\",\"itemListElement\":[{\"@type\":\"ListItem\",\"position\":1,\"name\":\"In\u00edcio\",\"item\":\"https:\/\/prefeitosegestoes.com.br\/portal\/\"},{\"@type\":\"ListItem\",\"position\":2,\"name\":\"C\u00fapula do G20 Social come\u00e7a nesta quinta-feira no Rio de Janeiro\"}]},{\"@type\":\"WebSite\",\"@id\":\"https:\/\/prefeitosegestoes.com.br\/portal\/#website\",\"url\":\"https:\/\/prefeitosegestoes.com.br\/portal\/\",\"name\":\"Prefeitos & Gest\u00f5es\",\"description\":\"\",\"publisher\":{\"@id\":\"https:\/\/prefeitosegestoes.com.br\/portal\/#organization\"},\"potentialAction\":[{\"@type\":\"SearchAction\",\"target\":{\"@type\":\"EntryPoint\",\"urlTemplate\":\"https:\/\/prefeitosegestoes.com.br\/portal\/?s={search_term_string}\"},\"query-input\":{\"@type\":\"PropertyValueSpecification\",\"valueRequired\":true,\"valueName\":\"search_term_string\"}}],\"inLanguage\":\"pt-BR\"},{\"@type\":\"Organization\",\"@id\":\"https:\/\/prefeitosegestoes.com.br\/portal\/#organization\",\"name\":\"Prefeitos & Gest\u00f5es\",\"url\":\"https:\/\/prefeitosegestoes.com.br\/portal\/\",\"logo\":{\"@type\":\"ImageObject\",\"inLanguage\":\"pt-BR\",\"@id\":\"https:\/\/prefeitosegestoes.com.br\/portal\/#\/schema\/logo\/image\/\",\"url\":\"https:\/\/prefeitosegestoes.com.br\/portal\/wp-content\/uploads\/2024\/10\/lg_trans_prefeitos_2024_preto2.png\",\"contentUrl\":\"https:\/\/prefeitosegestoes.com.br\/portal\/wp-content\/uploads\/2024\/10\/lg_trans_prefeitos_2024_preto2.png\",\"width\":199,\"height\":122,\"caption\":\"Prefeitos & Gest\u00f5es\"},\"image\":{\"@id\":\"https:\/\/prefeitosegestoes.com.br\/portal\/#\/schema\/logo\/image\/\"},\"sameAs\":[\"https:\/\/www.facebook.com\/prefeitosonline\",\"https:\/\/x.com\/PrefGestoes\"]},{\"@type\":\"Person\",\"@id\":\"https:\/\/prefeitosegestoes.com.br\/portal\/#\/schema\/person\/d00059f2ec99963e7e1850d448ae94b8\",\"name\":\"Prefeitos &amp; Gest\u00f5es\",\"image\":{\"@type\":\"ImageObject\",\"inLanguage\":\"pt-BR\",\"@id\":\"https:\/\/secure.gravatar.com\/avatar\/738fb281e479212ed32c1a21a4307dda9f3af9292edb6918a16c9ce9fff5f48d?s=96&d=mm&r=g\",\"url\":\"https:\/\/secure.gravatar.com\/avatar\/738fb281e479212ed32c1a21a4307dda9f3af9292edb6918a16c9ce9fff5f48d?s=96&d=mm&r=g\",\"contentUrl\":\"https:\/\/secure.gravatar.com\/avatar\/738fb281e479212ed32c1a21a4307dda9f3af9292edb6918a16c9ce9fff5f48d?s=96&d=mm&r=g\",\"caption\":\"Prefeitos &amp; Gest\u00f5es\"},\"url\":\"https:\/\/prefeitosegestoes.com.br\/portal\/author\/prefeitosegestoes\/\"}]}<\/script>\n<!-- \/ Yoast SEO plugin. -->","yoast_head_json":{"title":"C\u00fapula do G20 Social come\u00e7a nesta quinta-feira no Rio de Janeiro - Prefeitos &amp; Gest\u00f5es","robots":{"index":"index","follow":"follow","max-snippet":"max-snippet:-1","max-image-preview":"max-image-preview:large","max-video-preview":"max-video-preview:-1"},"canonical":"https:\/\/prefeitosegestoes.com.br\/portal\/cupula-do-g20-social-comeca-nesta-quinta-feira-no-rio-de-janeiro\/","og_locale":"pt_BR","og_type":"article","og_title":"C\u00fapula do G20 Social come\u00e7a nesta quinta-feira no Rio de Janeiro - Prefeitos &amp; Gest\u00f5es","og_description":"Evento que terminar\u00e1 no s\u00e1bado re\u00fane 13 grupos de diversas \u00e1reas Ana Cristina Campos \u2013 Rep\u00f3rter da Ag\u00eancia Brasil Publicado em 14\/11\/2024 &#8211; 07:02 Rio de Janeiro]\u00a9 G20 Social Vers\u00e3o em \u00e1udio O Rio de Janeiro sediar\u00e1 desta quinta-feira (14) at\u00e9 s\u00e1bado (16) o G20 Social, com uma vasta programa\u00e7\u00e3o. O G20 Social \u00e9 uma [&hellip;]","og_url":"https:\/\/prefeitosegestoes.com.br\/portal\/cupula-do-g20-social-comeca-nesta-quinta-feira-no-rio-de-janeiro\/","og_site_name":"Prefeitos &amp; Gest\u00f5es","article_publisher":"https:\/\/www.facebook.com\/prefeitosonline","article_published_time":"2024-11-14T11:39:47+00:00","og_image":[{"width":1170,"height":700,"url":"https:\/\/prefeitosegestoes.com.br\/portal\/wp-content\/uploads\/2024\/11\/g20_social.webp","type":"image\/webp"}],"author":"Prefeitos &amp; Gest\u00f5es","twitter_card":"summary_large_image","twitter_creator":"@PrefGestoes","twitter_site":"@PrefGestoes","twitter_misc":{"Escrito por":"Prefeitos &amp; Gest\u00f5es","Est. tempo de leitura":"3 minutos"},"schema":{"@context":"https:\/\/schema.org","@graph":[{"@type":"Article","@id":"https:\/\/prefeitosegestoes.com.br\/portal\/cupula-do-g20-social-comeca-nesta-quinta-feira-no-rio-de-janeiro\/#article","isPartOf":{"@id":"https:\/\/prefeitosegestoes.com.br\/portal\/cupula-do-g20-social-comeca-nesta-quinta-feira-no-rio-de-janeiro\/"},"author":{"name":"Prefeitos &amp; Gest\u00f5es","@id":"https:\/\/prefeitosegestoes.com.br\/portal\/#\/schema\/person\/d00059f2ec99963e7e1850d448ae94b8"},"headline":"C\u00fapula do G20 Social come\u00e7a nesta quinta-feira no Rio de Janeiro","datePublished":"2024-11-14T11:39:47+00:00","mainEntityOfPage":{"@id":"https:\/\/prefeitosegestoes.com.br\/portal\/cupula-do-g20-social-comeca-nesta-quinta-feira-no-rio-de-janeiro\/"},"wordCount":610,"commentCount":0,"publisher":{"@id":"https:\/\/prefeitosegestoes.com.br\/portal\/#organization"},"image":{"@id":"https:\/\/prefeitosegestoes.com.br\/portal\/cupula-do-g20-social-comeca-nesta-quinta-feira-no-rio-de-janeiro\/#primaryimage"},"thumbnailUrl":"https:\/\/prefeitosegestoes.com.br\/portal\/wp-content\/uploads\/2024\/11\/g20_social.webp","keywords":["CUFA","Evento","G20 Social","Mulheres","Organiza\u00e7ao","Plen\u00e1rias"],"articleSection":["Destaques"],"inLanguage":"pt-BR","potentialAction":[{"@type":"CommentAction","name":"Comment","target":["https:\/\/prefeitosegestoes.com.br\/portal\/cupula-do-g20-social-comeca-nesta-quinta-feira-no-rio-de-janeiro\/#respond"]}]},{"@type":"WebPage","@id":"https:\/\/prefeitosegestoes.com.br\/portal\/cupula-do-g20-social-comeca-nesta-quinta-feira-no-rio-de-janeiro\/","url":"https:\/\/prefeitosegestoes.com.br\/portal\/cupula-do-g20-social-comeca-nesta-quinta-feira-no-rio-de-janeiro\/","name":"C\u00fapula do G20 Social come\u00e7a nesta quinta-feira no Rio de Janeiro - Prefeitos &amp; Gest\u00f5es","isPartOf":{"@id":"https:\/\/prefeitosegestoes.com.br\/portal\/#website"},"primaryImageOfPage":{"@id":"https:\/\/prefeitosegestoes.com.br\/portal\/cupula-do-g20-social-comeca-nesta-quinta-feira-no-rio-de-janeiro\/#primaryimage"},"image":{"@id":"https:\/\/prefeitosegestoes.com.br\/portal\/cupula-do-g20-social-comeca-nesta-quinta-feira-no-rio-de-janeiro\/#primaryimage"},"thumbnailUrl":"https:\/\/prefeitosegestoes.com.br\/portal\/wp-content\/uploads\/2024\/11\/g20_social.webp","datePublished":"2024-11-14T11:39:47+00:00","breadcrumb":{"@id":"https:\/\/prefeitosegestoes.com.br\/portal\/cupula-do-g20-social-comeca-nesta-quinta-feira-no-rio-de-janeiro\/#breadcrumb"},"inLanguage":"pt-BR","potentialAction":[{"@type":"ReadAction","target":["https:\/\/prefeitosegestoes.com.br\/portal\/cupula-do-g20-social-comeca-nesta-quinta-feira-no-rio-de-janeiro\/"]}]},{"@type":"ImageObject","inLanguage":"pt-BR","@id":"https:\/\/prefeitosegestoes.com.br\/portal\/cupula-do-g20-social-comeca-nesta-quinta-feira-no-rio-de-janeiro\/#primaryimage","url":"https:\/\/prefeitosegestoes.com.br\/portal\/wp-content\/uploads\/2024\/11\/g20_social.webp","contentUrl":"https:\/\/prefeitosegestoes.com.br\/portal\/wp-content\/uploads\/2024\/11\/g20_social.webp","width":1170,"height":700},{"@type":"BreadcrumbList","@id":"https:\/\/prefeitosegestoes.com.br\/portal\/cupula-do-g20-social-comeca-nesta-quinta-feira-no-rio-de-janeiro\/#breadcrumb","itemListElement":[{"@type":"ListItem","position":1,"name":"In\u00edcio","item":"https:\/\/prefeitosegestoes.com.br\/portal\/"},{"@type":"ListItem","position":2,"name":"C\u00fapula do G20 Social come\u00e7a nesta quinta-feira no Rio de Janeiro"}]},{"@type":"WebSite","@id":"https:\/\/prefeitosegestoes.com.br\/portal\/#website","url":"https:\/\/prefeitosegestoes.com.br\/portal\/","name":"Prefeitos & Gest\u00f5es","description":"","publisher":{"@id":"https:\/\/prefeitosegestoes.com.br\/portal\/#organization"},"potentialAction":[{"@type":"SearchAction","target":{"@type":"EntryPoint","urlTemplate":"https:\/\/prefeitosegestoes.com.br\/portal\/?s={search_term_string}"},"query-input":{"@type":"PropertyValueSpecification","valueRequired":true,"valueName":"search_term_string"}}],"inLanguage":"pt-BR"},{"@type":"Organization","@id":"https:\/\/prefeitosegestoes.com.br\/portal\/#organization","name":"Prefeitos & Gest\u00f5es","url":"https:\/\/prefeitosegestoes.com.br\/portal\/","logo":{"@type":"ImageObject","inLanguage":"pt-BR","@id":"https:\/\/prefeitosegestoes.com.br\/portal\/#\/schema\/logo\/image\/","url":"https:\/\/prefeitosegestoes.com.br\/portal\/wp-content\/uploads\/2024\/10\/lg_trans_prefeitos_2024_preto2.png","contentUrl":"https:\/\/prefeitosegestoes.com.br\/portal\/wp-content\/uploads\/2024\/10\/lg_trans_prefeitos_2024_preto2.png","width":199,"height":122,"caption":"Prefeitos & Gest\u00f5es"},"image":{"@id":"https:\/\/prefeitosegestoes.com.br\/portal\/#\/schema\/logo\/image\/"},"sameAs":["https:\/\/www.facebook.com\/prefeitosonline","https:\/\/x.com\/PrefGestoes"]},{"@type":"Person","@id":"https:\/\/prefeitosegestoes.com.br\/portal\/#\/schema\/person\/d00059f2ec99963e7e1850d448ae94b8","name":"Prefeitos &amp; Gest\u00f5es","image":{"@type":"ImageObject","inLanguage":"pt-BR","@id":"https:\/\/secure.gravatar.com\/avatar\/738fb281e479212ed32c1a21a4307dda9f3af9292edb6918a16c9ce9fff5f48d?s=96&d=mm&r=g","url":"https:\/\/secure.gravatar.com\/avatar\/738fb281e479212ed32c1a21a4307dda9f3af9292edb6918a16c9ce9fff5f48d?s=96&d=mm&r=g","contentUrl":"https:\/\/secure.gravatar.com\/avatar\/738fb281e479212ed32c1a21a4307dda9f3af9292edb6918a16c9ce9fff5f48d?s=96&d=mm&r=g","caption":"Prefeitos &amp; Gest\u00f5es"},"url":"https:\/\/prefeitosegestoes.com.br\/portal\/author\/prefeitosegestoes\/"}]}},"_links":{"self":[{"href":"https:\/\/prefeitosegestoes.com.br\/portal\/wp-json\/wp\/v2\/posts\/2839","targetHints":{"allow":["GET"]}}],"collection":[{"href":"https:\/\/prefeitosegestoes.com.br\/portal\/wp-json\/wp\/v2\/posts"}],"about":[{"href":"https:\/\/prefeitosegestoes.com.br\/portal\/wp-json\/wp\/v2\/types\/post"}],"author":[{"embeddable":true,"href":"https:\/\/prefeitosegestoes.com.br\/portal\/wp-json\/wp\/v2\/users\/2"}],"replies":[{"embeddable":true,"href":"https:\/\/prefeitosegestoes.com.br\/portal\/wp-json\/wp\/v2\/comments?post=2839"}],"version-history":[{"count":1,"href":"https:\/\/prefeitosegestoes.com.br\/portal\/wp-json\/wp\/v2\/posts\/2839\/revisions"}],"predecessor-version":[{"id":2841,"href":"https:\/\/prefeitosegestoes.com.br\/portal\/wp-json\/wp\/v2\/posts\/2839\/revisions\/2841"}],"wp:featuredmedia":[{"embeddable":true,"href":"https:\/\/prefeitosegestoes.com.br\/portal\/wp-json\/wp\/v2\/media\/2840"}],"wp:attachment":[{"href":"https:\/\/prefeitosegestoes.com.br\/portal\/wp-json\/wp\/v2\/media?parent=2839"}],"wp:term":[{"taxonomy":"category","embeddable":true,"href":"https:\/\/prefeitosegestoes.com.br\/portal\/wp-json\/wp\/v2\/categories?post=2839"},{"taxonomy":"post_tag","embeddable":true,"href":"https:\/\/prefeitosegestoes.com.br\/portal\/wp-json\/wp\/v2\/tags?post=2839"}],"curies":[{"name":"wp","href":"https:\/\/api.w.org\/{rel}","templated":true}]}}