{"id":2834,"date":"2024-11-13T12:15:19","date_gmt":"2024-11-13T15:15:19","guid":{"rendered":"https:\/\/prefeitosegestoes.com.br\/portal\/?p=2834"},"modified":"2024-11-13T12:15:19","modified_gmt":"2024-11-13T15:15:19","slug":"cop29-governo-detalha-novas-metas-de-reducao-de-emissoes-de-gases-de-efeito-estufa-do-brasil","status":"publish","type":"post","link":"https:\/\/prefeitosegestoes.com.br\/portal\/cop29-governo-detalha-novas-metas-de-reducao-de-emissoes-de-gases-de-efeito-estufa-do-brasil\/","title":{"rendered":"COP29: Governo detalha novas metas de redu\u00e7\u00e3o de emiss\u00f5es de gases de efeito estufa do Brasil"},"content":{"rendered":"<div class=\"mc-article-header\">\n<div class=\"row content-head mc-column non-featured \">\n<div class=\"medium-centered subtitle\">\n<h2 class=\"content-head__subtitle\"><\/h2>\n<div class=\"autor\">Foto Wilson Dias\/Ag\u00eancia Brasil<\/div>\n<h2 class=\"content-head__subtitle\">Documento com a nova Contribui\u00e7\u00e3o Nacional Determinada (NDC, na sigla em ingl\u00eas) do pa\u00eds para o Acordo do Clima de Paris foi divulgado em Baku (Azerbaij\u00e3o), durante a 29\u00aa confer\u00eancia do clima da ONU.<\/h2>\n<\/div>\n<\/div>\n<div class=\"content__signa-share mc-column\">\n<div class=\"content__signature\">\n<div class=\"content-publication-data\">\n<div class=\"content-publication-data__text\">\n<p class=\"content-publication-data__from\" title=\"Roberto Peixoto\">Por\u00a0<a class=\"multi_signatures\" href=\"https:\/\/g1.globo.com\/autores\/roberto-peixoto\/\">Roberto Peixoto<\/a>, g1<\/p>\n<p class=\"content-publication-data__updated\"><time datetime=\"2024-11-13T13:37:07.480Z\">13\/11\/2024 10h37\u00a0<\/time><span class=\"content-publication-data__updated-relative\">\u00a0<time datetime=\"2024-11-13T14:08:11.448Z\">Atualizado\u00a0<time datetime=\"2024-11-13T14:08:11.448Z\">h\u00e1 55 minutos<\/time><\/time><\/span><\/p>\n<\/div>\n<\/div>\n<\/div>\n<\/div>\n<\/div>\n<div class=\"mc-article-body\">\n<article>\n<div id=\"chunk-35uh8\">\n<div class=\"row medium-uncollapsed content-media content-photo\" data-block-type=\"backstage-photo\" data-block-id=\"1\">\n<div class=\"column medium-22 large-20 medium-centered   content-media__container\">\n<p class=\"content-media__description  \">Fuma\u00e7a de um inc\u00eandio encobre trecho da floresta amaz\u00f4nica, em Apu\u00ed, no Amazonas, em 8 de agosto de 2024. Desmatamento \u00e9 a principal fonte de emiss\u00f5es de gases de efeito estufa no Brasil.<\/p>\n<\/div>\n<\/div>\n<\/div>\n<div id=\"chunk-m65q\">\n<div class=\"mc-column content-text active-extra-styles \" data-block-type=\"unstyled\" data-block-weight=\"39\" data-block-id=\"2\">\n<p class=\" content-text__container \" data-track-category=\"Link no Texto\" data-track-links=\"\" data-mrf-recirculation=\"Artigo - Links Texto\">O governo brasileiro detalhou nesta quarta-feira (13) na 29\u00aa confer\u00eancia do clima da Organiza\u00e7\u00e3o das Na\u00e7\u00f5es Unidas (<a class=\"\" href=\"https:\/\/g1.globo.com\/tudo-sobre\/onu\/\" data-mrf-link=\"https:\/\/g1.globo.com\/tudo-sobre\/onu\/\">ONU<\/a>), a COP29, a nova\u00a0<strong>Contribui\u00e7\u00e3o Nacional Determinada (NDC, na sigla em ingl\u00eas)<\/strong>\u00a0do pa\u00eds para o Acordo do Clima de Paris.<\/p>\n<\/div>\n<\/div>\n<div class=\"wall protected-content\">\n<div id=\"chunk-7ph52\">\n<div class=\"mc-column content-text active-extra-styles \" data-block-type=\"unstyled\" data-block-weight=\"45\" data-block-id=\"4\">\n<p class=\" content-text__container \" data-track-category=\"Link no Texto\" data-track-links=\"\" data-mrf-recirculation=\"Artigo - Links Texto\">As NDCs s\u00e3o as metas clim\u00e1ticas das na\u00e7\u00f5es signat\u00e1rias do tratado, que tem como principal objetivo manter o aquecimento global do planeta bem abaixo de 2\u00b0C at\u00e9 o final do s\u00e9culo e<a class=\"\" href=\"https:\/\/g1.globo.com\/meio-ambiente\/noticia\/2024\/11\/11\/novo-estudo-sugere-que-mundo-esta-mais-perto-do-limite-historico-de-15oc-de-aquecimento.ghtml#:~:text=Publicado%20na%20revista%20%22Nature%20Geoscience,do%20planeta%20antes%20de%201700.\" data-mrf-link=\"https:\/\/g1.globo.com\/meio-ambiente\/noticia\/2024\/11\/11\/novo-estudo-sugere-que-mundo-esta-mais-perto-do-limite-historico-de-15oc-de-aquecimento.ghtml\">\u00a0buscar esfor\u00e7os para limitar esse aumento at\u00e9 1.5\u00b0C, algo cada vez mais desafiador.<\/a><\/p>\n<\/div>\n<\/div>\n<div id=\"chunk-ait8l\">\n<div class=\"mc-column content-text active-extra-styles \" data-block-type=\"unstyled\" data-block-weight=\"47\" data-block-id=\"5\">\n<p class=\" content-text__container \" data-track-category=\"Link no Texto\" data-track-links=\"\" data-mrf-recirculation=\"Artigo - Links Texto\">E na COP29, em um documento enviado pelo governo ao \u00f3rg\u00e3o da\u00a0<a class=\"\" href=\"https:\/\/g1.globo.com\/tudo-sobre\/onu\/\" data-mrf-link=\"https:\/\/g1.globo.com\/tudo-sobre\/onu\/\">ONU<\/a>\u00a0dedicado ao combate \u00e0s mudan\u00e7as do clima,\u00a0<strong><span class=\"highlight highlighted\">o Brasil afirmou que prev\u00ea reduzir suas emiss\u00f5es de gases de efeito estufa entre 59% e 67% at\u00e9 2035,<\/span><\/strong> tomando como base os n\u00edveis de 2005.<\/p>\n<\/div>\n<\/div>\n<div id=\"chunk-12lsk\">\n<div class=\"mc-column content-text active-extra-styles \" data-block-type=\"unstyled\" data-block-weight=\"36\" data-block-id=\"7\">\n<p class=\" content-text__container \" data-track-category=\"Link no Texto\" data-track-links=\"\" data-mrf-recirculation=\"Artigo - Links Texto\"><em>\ud83c\udf0e\u00a0<\/em><strong><em>ENTENDA:<\/em><\/strong><em>\u00a0As compara\u00e7\u00f5es do Acordo de Paris levam sempre em refer\u00eancia os n\u00edveis globais de emiss\u00e3o de gases de efeito estufa (GEEs) verificados em 2005, um ano com um ponto de alta nessa tend\u00eancia crescente.<\/em><\/p>\n<\/div>\n<\/div>\n<div id=\"chunk-2vmob\">\n<div class=\"mc-column content-text active-extra-styles \" data-block-type=\"unstyled\" data-block-weight=\"68\" data-block-id=\"8\">\n<p class=\" content-text__container \" data-track-category=\"Link no Texto\" data-track-links=\"\" data-mrf-recirculation=\"Artigo - Links Texto\">O n\u00famero j\u00e1 havia sido divulgado pelo Planalto na \u00faltima semana, sem muito alarde, mas agora, em Baku (Azerbaij\u00e3o), em um documento de quase 50 p\u00e1ginas, o governo detalhou os compromissos assumidos pelo pa\u00eds, embora\u00a0<strong>n\u00e3o tenha estipulado<\/strong>\u00a0suas estrat\u00e9gias concretas para acabar com o desmatamento ilegal e promover a restaura\u00e7\u00e3o florestal, al\u00e9m de a\u00e7\u00f5es voltadas para o desenvolvimento sustent\u00e1vel e outros setores da economia\u00a0<em>(entenda mais abaixo).<\/em><\/p>\n<\/div>\n<\/div>\n<div id=\"chunk-elpik\">\n<div class=\"mc-column content-text active-extra-styles \" data-block-type=\"unstyled\" data-block-weight=\"10\" data-block-id=\"9\">\n<p class=\" content-text__container \" data-track-category=\"Link no Texto\" data-track-links=\"\" data-mrf-recirculation=\"Artigo - Links Texto\">Na pr\u00e1tica, a atualiza\u00e7\u00e3o da NDC brasileira equivale ao seguinte:<\/p>\n<\/div>\n<\/div>\n<div id=\"chunk-41vjs\">\n<div class=\"mc-column content-text active-extra-styles\" data-block-type=\"raw\" data-block-weight=\"94\" data-block-id=\"10\">\n<ul class=\"content-unordered-list\">\n<li>em termos absolutos, a uma meta de reduzir as emiss\u00f5es l\u00edquidas (aquelas que descontam emiss\u00f5es de projetos de compensa\u00e7\u00e3o e florestas) de gases de efeito estufa para um n\u00edvel entre\u00a0<strong><span class=\"highlight highlighted\">850 milh\u00f5es e 1,05 bilh\u00e3o de toneladas<\/span><\/strong>\u00a0de\u00a0<strong>CO2 equivalente\u00a0<\/strong>at\u00e9 2035.<\/li>\n<li>ou seja, o Brasil est\u00e1 se comprometendo a cortar de\u00a0<strong><span class=\"highlight highlighted\">59% a 67% das emiss\u00f5es l\u00edquidas<\/span><\/strong>\u00a0em rela\u00e7\u00e3o aos n\u00edveis de 2005.<\/li>\n<li>este percentual de redu\u00e7\u00e3o \u00e9 calculado com base nos dados do invent\u00e1rio nacional, que registrou, em 2005, um total de emiss\u00f5es l\u00edquidas de\u00a0<strong><span class=\"highlight highlighted\">2,56 bilh\u00f5es de toneladas de CO2 equivalente.<\/span><\/strong><\/li>\n<\/ul>\n<\/div>\n<\/div>\n<div id=\"chunk-cqo1g\">\n<div class=\"mc-column content-text active-extra-styles \" data-block-type=\"unstyled\" data-block-weight=\"58\" data-block-id=\"12\">\n<p class=\" content-text__container \" data-track-category=\"Link no Texto\" data-track-links=\"\" data-mrf-recirculation=\"Artigo - Links Texto\"><strong><em>\ud83c\udf0e ENTENDA:<\/em><\/strong><em>\u00a0CO2 equivalente (CO2e ou CO2eq) \u00e9 uma medida que converte diferentes gases de efeito estufa para o impacto equivalente do CO2.\u00a0<\/em><a class=\"\" href=\"https:\/\/g1.globo.com\/meio-ambiente\/noticia\/2022\/10\/17\/brasil-pode-reduzir-em-36percent-emissao-de-metano-ate-2030-aponta-observatorio-do-clima.ghtml\" data-mrf-link=\"https:\/\/g1.globo.com\/meio-ambiente\/noticia\/2022\/10\/17\/brasil-pode-reduzir-em-36percent-emissao-de-metano-ate-2030-aponta-observatorio-do-clima.ghtml\"><em>Por exemplo, o metano tem 21 vezes mais potencial de aquecimento global que o CO2.\u00a0<\/em><\/a><em>As emiss\u00f5es s\u00e3o medidas em toneladas de CO2e por ano, ou em milh\u00f5es (MtCO2e) e bilh\u00f5es de toneladas (GtCO2e) anuais.<\/em><\/p>\n<\/div>\n<\/div>\n<div id=\"chunk-kkfu\">\n<div class=\"mc-column content-text active-extra-styles \" data-block-type=\"unstyled\" data-block-weight=\"25\" data-block-id=\"13\">\n<p class=\" content-text__container \" data-track-category=\"Link no Texto\" data-track-links=\"\" data-mrf-recirculation=\"Artigo - Links Texto\">Segundo analistas, a meta, por\u00e9m, poderia ser mais ambiciosa, considerando a responsabilidade hist\u00f3rica do Brasil nas emiss\u00f5es,\u00a0<strong>especialmente pelo desmatamento da Amaz\u00f4nia\u00a0<\/strong><em>(entenda mais abaixo).<\/em><\/p>\n<\/div>\n<\/div>\n<div id=\"chunk-g6un\">\n<div class=\"mc-column content-text active-extra-styles \" data-block-type=\"unstyled\" data-block-weight=\"33\" data-block-id=\"14\">\n<p class=\" content-text__container \" data-track-category=\"Link no Texto\" data-track-links=\"\" data-mrf-recirculation=\"Artigo - Links Texto\">Em agosto desse ano, a rede Observat\u00f3rio do Clima (OC) afirmou, por exemplo, que a nova NDC do Brasil deveria na verdade se comprometer a reduzir as emiss\u00f5es l\u00edquidas em\u00a0<strong><span class=\"highlight highlighted\">92% at\u00e9 2035.<\/span><\/strong><\/p>\n<\/div>\n<\/div>\n<div id=\"chunk-bj1np\">\n<div class=\"mc-column content-text active-extra-styles \" data-block-type=\"unstyled\" data-block-weight=\"8\" data-block-id=\"15\">\n<p class=\" content-text__container \" data-track-category=\"Link no Texto\" data-track-links=\"\" data-mrf-recirculation=\"Artigo - Links Texto\">Segundo o OC, essa redu\u00e7\u00e3o significaria o seguinte:<\/p>\n<\/div>\n<\/div>\n<div id=\"chunk-8alci\">\n<div class=\"mc-column content-text active-extra-styles\" data-block-type=\"raw\" data-block-weight=\"75\" data-block-id=\"16\">\n<ul class=\"content-unordered-list\">\n<li>chegar at\u00e9 a metade da pr\u00f3xima d\u00e9cada emitindo, no m\u00e1ximo,<strong>\u00a0<\/strong><strong><span class=\"highlight highlighted\">200 milh\u00f5es de toneladas de gases de efeito estufa,<\/span><\/strong>\u00a0uma taxa bem menor que os 850 milh\u00f5es atuais prometidos pelo governo.<\/li>\n<li>atualmente, a emiss\u00e3o l\u00edquida do Brasil \u00e9 de cerca de\u00a0<strong><span class=\"highlight highlighted\">2,3 bilh\u00f5es de toneladas de gases<\/span><\/strong>\u00a0\u2013 o pa\u00eds \u00e9 o sexto maior emissor do planeta.<\/li>\n<li>para se ter ideia, isso \u00e9 algo equivalente \u00e0s emiss\u00f5es anuais de aproximadamente\u00a0<strong><span class=\"highlight highlighted\">540 milh\u00f5es de carros comuns<\/span><\/strong>.<\/li>\n<\/ul>\n<\/div>\n<\/div>\n<div id=\"chunk-bukkv\">\n<div class=\"mc-column content-text active-extra-styles\" data-block-type=\"raw\" data-block-weight=\"27\" data-block-id=\"17\">\n<blockquote class=\"content-blockquote theme-border-color-primary-before\"><p>&#8220;Esses n\u00fameros est\u00e3o desalinhados com a contribui\u00e7\u00e3o justa do Brasil para a estabiliza\u00e7\u00e3o do aquecimento global em 1,5 \u00b0C&#8221;, afirma Marcio Astrini, secret\u00e1rio-executivo do Observat\u00f3rio do Clima.<\/p><\/blockquote>\n<\/div>\n<\/div>\n<div id=\"chunk-faf7n\">\n<div class=\"mc-column content-text active-extra-styles \" data-block-type=\"unstyled\" data-block-weight=\"46\" data-block-id=\"19\">\n<p class=\" content-text__container \" data-track-category=\"Link no Texto\" data-track-links=\"\" data-mrf-recirculation=\"Artigo - Links Texto\">&#8220;Tamb\u00e9m est\u00e3o desalinhados com os diversos compromissos p\u00fablicos j\u00e1 adotados pelo governo, bem como com a promessa do Presidente da Rep\u00fablica de zerar o desmatamento no pa\u00eds \u2013 em conjunto, essas pol\u00edticas levariam a uma emiss\u00e3o l\u00edquida menor que 650 milh\u00f5es de toneladas em 2035&#8221;, acrescentou.<\/p>\n<\/div>\n<\/div>\n<div id=\"chunk-edjp2\">\n<div class=\"mc-column content-text active-extra-styles \" data-block-type=\"unstyled\" data-block-weight=\"33\" data-block-id=\"20\">\n<p class=\" content-text__container \" data-track-category=\"Link no Texto\" data-track-links=\"\" data-mrf-recirculation=\"Artigo - Links Texto\">Para a rede OC, o limite de emiss\u00f5es 1,05 bilh\u00e3o de toneladas de CO2 equivalente &#8220;deve ser desconsiderado imediatamente. O limite de 850 milh\u00f5es deve ser um piso, n\u00e3o o teto de ambi\u00e7\u00e3o&#8221;.<\/p>\n<\/div>\n<\/div>\n<div id=\"chunk-djrfp\">\n<div class=\"show-flourish-embed-block\">\n<div class=\"show-flourish-embed-block__container show-flourish-embed-block__container--visualization\" data-flourish-embed=\"\" data-flourish-content-type=\"visualization\">\n<div class=\"flourish-embed flourish-embed--visualization flourish-background\" data-src=\"visualisation\/20189759\" data-width=\"100%\"><iframe title=\"Interactive or visual content\" src=\"https:\/\/flo.uri.sh\/visualisation\/20189759\/embed?auto=1\" frameborder=\"0\" scrolling=\"no\" sandbox=\"allow-same-origin allow-forms allow-scripts allow-downloads allow-popups allow-popups-to-escape-sandbox allow-top-navigation-by-user-activation\" data-mce-fragment=\"1\"><\/iframe><\/div>\n<\/div>\n<\/div>\n<\/div>\n<div id=\"chunk-bco15\">\n<div class=\"mc-column content-text active-extra-styles\" data-block-type=\"raw\" data-block-weight=\"5\" data-block-id=\"21\">\n<div class=\"content-intertitle\">\n<h2>Desmatamento zero e combust\u00edveis f\u00f3sseis<\/h2>\n<\/div>\n<\/div>\n<\/div>\n<div id=\"chunk-5ivh6\">\n<div class=\"mc-column content-text active-extra-styles \" data-block-type=\"unstyled\" data-block-weight=\"29\" data-block-id=\"22\">\n<p class=\" content-text__container \" data-track-category=\"Link no Texto\" data-track-links=\"\" data-mrf-recirculation=\"Artigo - Links Texto\">\u00c9 fato que a\u00a0<a class=\"\" href=\"https:\/\/g1.globo.com\/meio-ambiente\/noticia\/2024\/11\/06\/inpe-taxa-de-desmatamento-na-amazonia-cai-306percent.ghtml\" data-mrf-link=\"https:\/\/g1.globo.com\/meio-ambiente\/noticia\/2024\/11\/06\/inpe-taxa-de-desmatamento-na-amazonia-cai-306percent.ghtml\">redu\u00e7\u00e3o na taxa de desmatamento da Amaz\u00f4nia<\/a> nos \u00faltimos anos tem contribu\u00eddo para a queda nas emiss\u00f5es de gases de efeito estufa no Brasil.<\/p>\n<\/div>\n<\/div>\n<div id=\"chunk-5u0k8\">\n<div class=\"mc-column content-text active-extra-styles \" data-block-type=\"unstyled\" data-block-weight=\"43\" data-block-id=\"24\">\n<p class=\" content-text__container \" data-track-category=\"Link no Texto\" data-track-links=\"\" data-mrf-recirculation=\"Artigo - Links Texto\">Em 2023, por exemplo, o pa\u00eds registrou uma diminui\u00e7\u00e3o de 12% nas emiss\u00f5es, a maior em 15 anos, segundo c\u00e1lculos mais recentes do Sistema de Estimativas de Emiss\u00f5es (SEEG) do OC,\u00a0<a class=\"\" href=\"https:\/\/g1.globo.com\/meio-ambiente\/noticia\/2024\/11\/07\/nivel-de-emissoes-de-gases-de-efeito-estufa-no-brasil-cai-12percent-em-2023.ghtml\" data-mrf-link=\"https:\/\/g1.globo.com\/meio-ambiente\/noticia\/2024\/11\/07\/nivel-de-emissoes-de-gases-de-efeito-estufa-no-brasil-cai-12percent-em-2023.ghtml\">que leva em conta as emiss\u00f5es brutas, ou seja, todas as emiss\u00f5es.<\/a><\/p>\n<\/div>\n<\/div>\n<div id=\"chunk-e6nt\">\n<div class=\"mc-column content-text active-extra-styles \" data-block-type=\"unstyled\" data-block-weight=\"41\" data-block-id=\"25\">\n<p class=\" content-text__container \" data-track-category=\"Link no Texto\" data-track-links=\"\" data-mrf-recirculation=\"Artigo - Links Texto\">Isso acontece porque o desmatamento \u00e9 a principal fonte de emiss\u00f5es de gases de efeito estufa no Brasil, respons\u00e1vel por<strong>\u00a046% do total<\/strong>. Em seguida, est\u00e3o a agropecu\u00e1ria com 28%, o setor de energia com 18% e os res\u00edduos com 4%.<\/p>\n<\/div>\n<\/div>\n<div id=\"chunk-c5n6v\">\n<div class=\"mc-column content-text active-extra-styles \" data-block-type=\"unstyled\" data-block-weight=\"61\" data-block-id=\"26\">\n<p class=\" content-text__container \" data-track-category=\"Link no Texto\" data-track-links=\"\" data-mrf-recirculation=\"Artigo - Links Texto\">Por isso, para alcan\u00e7ar metas vi\u00e1veis dentro da chamada &#8220;Miss\u00e3o 1,5\u00baC&#8221;, que busca intensificar as a\u00e7\u00f5es clim\u00e1ticas, especialistas defendem que o Brasil precisa implementar pol\u00edticas p\u00fablicas que facilitem a redu\u00e7\u00e3o do desmatamento, como limitar o desmate a no m\u00e1ximo 100 mil hectares por ano a partir de 2030,\u00a0<a class=\"\" href=\"https:\/\/g1.globo.com\/politica\/noticia\/2023\/01\/01\/lula-promete-desmatamento-zero-economia-sustentavel-e-reparacao-aos-povos-indigenas.ghtml\" data-mrf-link=\"https:\/\/g1.globo.com\/politica\/noticia\/2023\/01\/01\/lula-promete-desmatamento-zero-economia-sustentavel-e-reparacao-aos-povos-indigenas.ghtml\">uma das promessas de campanha do presidente Lula<\/a>, com o chamado &#8220;desmatamento zero&#8221;.<\/p>\n<\/div>\n<\/div>\n<div id=\"chunk-719u1\">\n<div class=\"mc-column content-text active-extra-styles \" data-block-type=\"unstyled\" data-block-weight=\"16\" data-block-id=\"27\">\n<p class=\" content-text__container \" data-track-category=\"Link no Texto\" data-track-links=\"\" data-mrf-recirculation=\"Artigo - Links Texto\"><strong><span class=\"highlight highlighted\">No texto da nova NDC, por\u00e9m, o termo s\u00f3 aparece uma \u00fanica vez, no seguinte trecho:<\/span><\/strong><\/p>\n<\/div>\n<\/div>\n<div id=\"chunk-eg5pc\">\n<div class=\"mc-column content-text active-extra-styles\" data-block-type=\"quote-plugin\" data-block-id=\"28\">\n<div class=\"show-block-quote\">\n<div class=\"show-block-quote__caption\">As pol\u00edticas do Plano Clima preveem esfor\u00e7os coordenados e cont\u00ednuos para alcan\u00e7ar o desmatamento zero, eliminando o desmatamento ilegal e compensando a supress\u00e3o legal da vegeta\u00e7\u00e3o nativa e as emiss\u00f5es de gases de efeito estufa decorrentes disso.<\/div>\n<div class=\"show-block-quote__after-caption\"><\/div>\n<div class=\"show-block-quote__author\">\u2014 Trecho da nova NDC do Brasil apresentada na COP de Baku, no Azerbaij\u00e3o. Termo &#8216;desmatamento zero&#8217; \u00e9 mencionado uma \u00fanica vez nas quase 50 p\u00e1ginas do documento.<\/div>\n<\/div>\n<\/div>\n<\/div>\n<div id=\"chunk-eu5g3\">\n<div class=\"mc-column content-text active-extra-styles \" data-block-type=\"unstyled\" data-block-weight=\"36\" data-block-id=\"30\">\n<p class=\" content-text__container \" data-track-category=\"Link no Texto\" data-track-links=\"\" data-mrf-recirculation=\"Artigo - Links Texto\">O Plano Clima \u00e9 o Plano Nacional sobre Mudan\u00e7a do Clima, o guia da pol\u00edtica clim\u00e1tica brasileira at\u00e9 2035,\u00a0<a class=\"\" href=\"https:\/\/g1.globo.com\/jornal-nacional\/noticia\/2024\/11\/08\/brasil-prepara-plano-para-enfrentar-mudancas-climaticas-cidadaos-e-organizacoes-da-sociedade-podem-apresentar-sugestoes.ghtml\" data-mrf-link=\"https:\/\/g1.globo.com\/jornal-nacional\/noticia\/2024\/11\/08\/brasil-prepara-plano-para-enfrentar-mudancas-climaticas-cidadaos-e-organizacoes-da-sociedade-podem-apresentar-sugestoes.ghtml\">que ainda ser\u00e1 apresentado (a expectativa \u00e9 que isso aconte\u00e7a no primeiro semestre do ano que vem).<\/a><\/p>\n<\/div>\n<\/div>\n<div id=\"chunk-7eg2b\">\n<div class=\"mc-column content-text active-extra-styles \" data-block-type=\"unstyled\" data-block-weight=\"30\" data-block-id=\"31\">\n<p class=\" content-text__container \" data-track-category=\"Link no Texto\" data-track-links=\"\" data-mrf-recirculation=\"Artigo - Links Texto\">Segundo a nova NDC, o plano ser\u00e1 o principal respons\u00e1vel por orientar as a\u00e7\u00f5es do Brasil para alcan\u00e7ar suas metas contra a crise do clima, reconhecida no texto como &#8220;<strong>urgente<\/strong>&#8220;.<\/p>\n<\/div>\n<\/div>\n<div id=\"chunk-34qi9\">\n<div class=\"mc-column content-text active-extra-styles\" data-block-type=\"raw\" data-block-weight=\"61\" data-block-id=\"32\">\n<blockquote class=\"content-blockquote theme-border-color-primary-before\"><p>&#8220;A posi\u00e7\u00e3o do Brasil como l\u00edder clim\u00e1tico \u00e9 renovada, principalmente ap\u00f3s as trag\u00e9dias de 2023 e 2024, quando secas na Amaz\u00f4nia e chuvas intensas, como as inunda\u00e7\u00f5es no Rio Grande do Sul, evidenciaram os efeitos das mudan\u00e7as clim\u00e1ticas. Inc\u00eandios florestais atingiram biomas como a Amaz\u00f4nia, o Cerrado e o Pantanal, afetando especialmente as popula\u00e7\u00f5es mais vulner\u00e1veis&#8221;, diz outro destaque do documento.<\/p><\/blockquote>\n<\/div>\n<\/div>\n<div id=\"chunk-5lqgs\">\n<div class=\"mc-column content-text active-extra-styles \" data-block-type=\"unstyled\" data-block-weight=\"39\" data-block-id=\"33\">\n<p class=\" content-text__container \" data-track-category=\"Link no Texto\" data-track-links=\"\" data-mrf-recirculation=\"Artigo - Links Texto\">Mas apesar desse reconhecimento, a NDC apresentada em Baku n\u00e3o especifica como o pa\u00eds ir\u00e1 alcan\u00e7ar suas metas de emiss\u00e3o para 2035 nem detalha o papel da redu\u00e7\u00e3o do desmatamento ou do uso de combust\u00edveis f\u00f3sseis nesse processo.<\/p>\n<\/div>\n<\/div>\n<div id=\"chunk-77jpu\">\n<div class=\"mc-column content-text active-extra-styles \" data-block-type=\"unstyled\" data-block-weight=\"42\" data-block-id=\"34\">\n<p class=\" content-text__container \" data-track-category=\"Link no Texto\" data-track-links=\"\" data-mrf-recirculation=\"Artigo - Links Texto\">Em rela\u00e7\u00e3o a este \u00faltimo, por exemplo, o texto menciona apenas que o Plano Clima \u00e9 que dever\u00e1 esclarecer a expans\u00e3o da gera\u00e7\u00e3o de eletricidade e, a m\u00e9dio e longo prazo,\u00a0<strong><span class=\"highlight highlighted\">a substitui\u00e7\u00e3o gradual dos combust\u00edveis f\u00f3sseis por eletrifica\u00e7\u00e3o e biocombust\u00edveis avan\u00e7ados.<\/span><\/strong><\/p>\n<\/div>\n<\/div>\n<div id=\"chunk-5ljd4\">\n<div class=\"mc-column content-text active-extra-styles \" data-block-type=\"unstyled\" data-block-weight=\"24\" data-block-id=\"36\">\n<p class=\" content-text__container \" data-track-category=\"Link no Texto\" data-track-links=\"\" data-mrf-recirculation=\"Artigo - Links Texto\">No ano passsado, na COP28, os pa\u00edses reunidos em Dubai concordaram que \u00e9 necess\u00e1rio come\u00e7ar a se afastar dos combust\u00edveis f\u00f3sseis, especialmente nesta d\u00e9cada.<\/p>\n<\/div>\n<\/div>\n<div id=\"chunk-9k0kp\">\n<div class=\"mc-column content-text active-extra-styles \" data-block-type=\"unstyled\" data-block-weight=\"30\" data-block-id=\"37\">\n<p class=\" content-text__container \" data-track-category=\"Link no Texto\" data-track-links=\"\" data-mrf-recirculation=\"Artigo - Links Texto\">Pela primeira vez, tamb\u00e9m foi reconhecida a necessidade de uma transi\u00e7\u00e3o energ\u00e9tica, embora o documento n\u00e3o tenha inclu\u00eddo a elimina\u00e7\u00e3o imediata de combust\u00edveis f\u00f3sseis,\u00a0<a class=\"\" href=\"https:\/\/g1.globo.com\/meio-ambiente\/noticia\/2023\/12\/13\/cop-28-acordo-encaminha-transicao-para-a-saida-do-carvao-petroleo-e-gas.ghtml\" data-mrf-link=\"https:\/\/g1.globo.com\/meio-ambiente\/noticia\/2023\/12\/13\/cop-28-acordo-encaminha-transicao-para-a-saida-do-carvao-petroleo-e-gas.ghtml\">algo que gerou cr\u00edticas de ambientalistas.<\/a><\/p>\n<\/div>\n<\/div>\n<div id=\"chunk-flfo7\">\n<div class=\"mc-column content-text active-extra-styles \" data-block-type=\"unstyled\" data-block-weight=\"2\" data-block-id=\"38\">\n<p class=\" content-text__container \" data-track-category=\"Link no Texto\" data-track-links=\"\" data-mrf-recirculation=\"Artigo - Links Texto\"><strong>LEIA TAMB\u00c9M:<\/strong><\/p>\n<\/div>\n<\/div>\n<div id=\"chunk-bjej7\">\n<div class=\"mc-column content-text active-extra-styles\" data-block-type=\"raw\" data-block-weight=\"15\" data-block-id=\"39\">\n<ul class=\"content-unordered-list\">\n<li><a class=\"\" href=\"https:\/\/g1.globo.com\/meio-ambiente\/noticia\/2024\/11\/01\/explorar-petroleo-na-amazonia-e-uma-contradicao-total-diz-ministra-do-meio-ambiente-da-colombia.ghtml\">&#8216;Explorar petr\u00f3leo na Amaz\u00f4nia \u00e9 uma contradi\u00e7\u00e3o total&#8217;, diz ministra do Meio Ambiente da Col\u00f4mbia<\/a><\/li>\n<\/ul>\n<p>&nbsp;<\/p>\n<\/div>\n<\/div>\n<div id=\"chunk-3q7qm\">\n<div class=\"row medium-uncollapsed content-media content-photo\" data-block-type=\"backstage-photo\" data-block-id=\"40\">\n<div class=\"column medium-22 large-20 medium-centered   content-media__container\">\n<div class=\"content-media-container glb-skeleton-box\">\n<figure class=\"content-media-figure\"><img decoding=\"async\" class=\"i-amphtml-fill-content i-amphtml-replaced-content\" src=\"https:\/\/s2-g1.glbimg.com\/W92GatmwSrLZqSrpms96Sx81n4s=\/0x0:5472x3648\/1008x0\/smart\/filters:strip_icc()\/i.s3.glbimg.com\/v1\/AUTH_59edd422c0c84a879bd37670ae4f538a\/internal_photos\/bs\/2021\/u\/s\/hQdUweTvKXC3QpZGSBTA\/ap21216098733810.jpg\" srcset=\"\" alt=\"Fogo consome terras desmatadas e queimadas por pecuaristas perto de Novo Progresso, no Par\u00e1, em 23 de agosto de 2020. \u2014 Foto: Andre Penner\/AP\" \/><\/figure>\n<\/div>\n<p class=\"content-media__description  \">Fogo consome terras desmatadas e queimadas por pecuaristas perto de Novo Progresso, no Par\u00e1, em 23 de agosto de 2020. \u2014 Foto: Andre Penner\/AP<\/p>\n<\/div>\n<\/div>\n<\/div>\n<div id=\"chunk-fd4qv\">\n<div class=\"mc-column content-text active-extra-styles \" data-block-type=\"unstyled\" data-block-weight=\"55\" data-block-id=\"41\">\n<p class=\" content-text__container \" data-track-category=\"Link no Texto\" data-track-links=\"\" data-mrf-recirculation=\"Artigo - Links Texto\">Mas, se por um lado, a falta de especifica\u00e7\u00f5es fica evidente, por outro, o texto afirma que o Plano Clima\u00a0<span class=\"highlight highlighted\">ter\u00e1 como objetivo central guiar o Brasil rumo a uma economia com emiss\u00f5es l\u00edquidas de gases de efeito estufa iguais a zero at\u00e9 2050 &#8211; cen\u00e1rio que, segundo alguns especialistas, mesmo assim n\u00e3o \u00e9 suficiente.<\/span><\/p>\n<\/div>\n<\/div>\n<div id=\"chunk-9f88c\">\n<div class=\"mc-column content-text active-extra-styles \" data-block-type=\"unstyled\" data-block-weight=\"35\" data-block-id=\"43\">\n<p class=\" content-text__container \" data-track-category=\"Link no Texto\" data-track-links=\"\" data-mrf-recirculation=\"Artigo - Links Texto\">Fora isso, o texto ainda menciona que o Brasil est\u00e1 desenvolvendo planos setoriais para \u00e1reas espec\u00edficas, como\u00a0<strong>agricultura<\/strong>,\u00a0<strong>sa\u00fade<\/strong>,\u00a0<strong>energia\u00a0<\/strong>e\u00a0<strong>cidades<\/strong>, com o apoio de diversos setores, como empresas e a sociedade civil.<\/p>\n<\/div>\n<\/div>\n<div id=\"chunk-67ngr\">\n<div class=\"mc-column content-text active-extra-styles \" data-block-type=\"unstyled\" data-block-weight=\"30\" data-block-id=\"44\">\n<p class=\" content-text__container \" data-track-category=\"Link no Texto\" data-track-links=\"\" data-mrf-recirculation=\"Artigo - Links Texto\">Somente no caso da adapta\u00e7\u00e3o \u00e0s mudan\u00e7as clim\u00e1ticas, a estrat\u00e9gia mira em\u00a0<strong>16 planos espec\u00edficos\u00a0<\/strong>para diferentes setores, como seguran\u00e7a alimentar, biodiversidade e \u00e1guas, ainda segundo a nova NDC.<\/p>\n<\/div>\n<\/div>\n<div id=\"chunk-4e3on\">\n<div class=\"mc-column content-text active-extra-styles \" data-block-type=\"unstyled\" data-block-weight=\"33\" data-block-id=\"45\">\n<p class=\" content-text__container \" data-track-category=\"Link no Texto\" data-track-links=\"\" data-mrf-recirculation=\"Artigo - Links Texto\">Estes planos, ainda segundo o texto, t\u00eam como objetivo aumentar a resili\u00eancia das popula\u00e7\u00f5es e dos ecossistemas \u00e0s mudan\u00e7as clim\u00e1ticas, garantindo o acesso a \u00e1gua e alimentos, al\u00e9m de promover a justi\u00e7a clim\u00e1tica.<\/p>\n<\/div>\n<\/div>\n<div id=\"chunk-cfq9e\">\n<div class=\"mc-column content-text active-extra-styles\" data-block-type=\"raw\" data-block-weight=\"6\" data-block-id=\"46\">\n<div class=\"content-intertitle\">\n<h2>Entenda o que s\u00e3o as NDCs<\/h2>\n<\/div>\n<\/div>\n<\/div>\n<div id=\"chunk-7evgh\">\n<div class=\"mc-column content-text active-extra-styles \" data-block-type=\"unstyled\" data-block-weight=\"21\" data-block-id=\"47\">\n<p class=\" content-text__container \" data-track-category=\"Link no Texto\" data-track-links=\"\" data-mrf-recirculation=\"Artigo - Links Texto\">A NDC \u00e9 o cora\u00e7\u00e3o do Acordo de Paris,\u00a0<a class=\"\" href=\"https:\/\/g1.globo.com\/natureza\/noticia\/2015\/12\/representantes-de-195-paises-aprovam-acordo-global-do-clima.html#:~:text=O%20acordo%20determina%20que%20seus,1%2C5%C2%B0C%22.\" data-mrf-link=\"https:\/\/g1.globo.com\/natureza\/noticia\/2015\/12\/representantes-de-195-paises-aprovam-acordo-global-do-clima.html\">tratato internacional assinado em 2015, durante a COP21<\/a>, em Paris, na Fran\u00e7a.<\/p>\n<\/div>\n<\/div>\n<div id=\"chunk-bec3e\">\n<div class=\"mc-column content-text active-extra-styles \" data-block-type=\"unstyled\" data-block-weight=\"23\" data-block-id=\"48\">\n<p class=\" content-text__container \" data-track-category=\"Link no Texto\" data-track-links=\"\" data-mrf-recirculation=\"Artigo - Links Texto\">No acordo, os pa\u00edses signat\u00e1rios concordaram que devem comunicar as a\u00e7\u00f5es que est\u00e3o tomando para reduzir suas emiss\u00f5es de gases de efeito estufa.<\/p>\n<\/div>\n<\/div>\n<div id=\"chunk-6h2ab\">\n<div class=\"mc-column content-text active-extra-styles \" data-block-type=\"unstyled\" data-block-weight=\"20\" data-block-id=\"49\">\n<p class=\" content-text__container \" data-track-category=\"Link no Texto\" data-track-links=\"\" data-mrf-recirculation=\"Artigo - Links Texto\">As NDCs s\u00e3o ent\u00e3o essas metas clim\u00e1ticas dos pa\u00edses.\u00a0<strong><span class=\"highlight highlighted\">Essa \u00e9 uma sigla em ingl\u00eas quer dizer contribui\u00e7\u00f5es nacionalmente determinadas.<\/span><\/strong><\/p>\n<\/div>\n<\/div>\n<div id=\"chunk-3a72u\">\n<div class=\"mc-column content-text active-extra-styles \" data-block-type=\"unstyled\" data-block-weight=\"22\" data-block-id=\"50\">\n<p class=\" content-text__container \" data-track-category=\"Link no Texto\" data-track-links=\"\" data-mrf-recirculation=\"Artigo - Links Texto\">Segundo o acordo, as NDCs s\u00e3o apresentadas a cada cinco anos. Mas por causa da pandemia, a primeira revis\u00e3o aconteceu na COP26.<\/p>\n<\/div>\n<\/div>\n<div id=\"chunk-5r12e\">\n<div class=\"mc-column content-text active-extra-styles \" data-block-type=\"unstyled\" data-block-weight=\"34\" data-block-id=\"51\">\n<p class=\" content-text__container \" data-track-category=\"Link no Texto\" data-track-links=\"\" data-mrf-recirculation=\"Artigo - Links Texto\">E para que a meta reflita em algo concreto, fact\u00edvel e justo ao longo do tempo, o Acordo de Paris prev\u00ea que cada NDC subsequente deve representar uma progress\u00e3o em rela\u00e7\u00e3o \u00e0 NDC anterior.<\/p>\n<\/div>\n<\/div>\n<div id=\"chunk-fafj5\">\n<div class=\"mc-column content-text active-extra-styles \" data-block-type=\"unstyled\" data-block-weight=\"26\" data-block-id=\"53\">\n<p class=\" content-text__container \" data-track-category=\"Link no Texto\" data-track-links=\"\" data-mrf-recirculation=\"Artigo - Links Texto\">Apesar disso, embora as partes tenham a obriga\u00e7\u00e3o legal de ter uma NDC, caso suas medidas listadas n\u00e3o sejam cumpridas elas\u00a0<strong>N\u00c3O\u00a0<\/strong>ser\u00e3o responsabilizadas por isso.<\/p>\n<\/div>\n<\/div>\n<div id=\"chunk-7t4t0\">\n<div class=\"mc-column content-text active-extra-styles \" data-block-type=\"unstyled\" data-block-weight=\"43\" data-block-id=\"54\">\n<p class=\" content-text__container \" data-track-category=\"Link no Texto\" data-track-links=\"\" data-mrf-recirculation=\"Artigo - Links Texto\">C\u00edntya Feitosa, especialista de Estrat\u00e9gias Internacionais do Instituto Clima e Sociedade (iCS), chama aten\u00e7\u00e3o para justamente isso:\u00a0<strong><span class=\"highlight highlighted\">o fato de que as atuais NDCs n\u00e3o est\u00e3o no caminho para limitar o aquecimento global a 1,5\u00b0C ou 2\u00b0C, como estipulado no Acordo de Paris.<\/span><\/strong><\/p>\n<\/div>\n<\/div>\n<div id=\"chunk-5r7st\">\n<div class=\"mc-column content-text active-extra-styles \" data-block-type=\"unstyled\" data-block-weight=\"26\" data-block-id=\"55\">\n<p class=\" content-text__container \" data-track-category=\"Link no Texto\" data-track-links=\"\" data-mrf-recirculation=\"Artigo - Links Texto\">Por isso, nessa COP29, h\u00e1 uma grande necessidade de os pa\u00edses revisarem suas metas, levando em conta a transi\u00e7\u00e3o dos combust\u00edveis f\u00f3sseis e suas condi\u00e7\u00f5es econ\u00f4micas.<\/p>\n<\/div>\n<\/div>\n<div id=\"chunk-738oh\">\n<div class=\"mc-column content-text active-extra-styles\" data-block-type=\"raw\" data-block-weight=\"56\" data-block-id=\"56\">\n<blockquote class=\"content-blockquote theme-border-color-primary-before\"><p>&#8220;O que precisa acontecer \u00e9 o seguinte: a ci\u00eancia j\u00e1 mostrou os impactos de ultrapassarmos 1,5\u00b0C, e o balan\u00e7o global evidenciou o que precisa ser feito, tanto em termos de implementa\u00e7\u00e3o quanto de financiamento, para que as metas sejam alcan\u00e7adas. Portanto, as NDCs atuais precisam abordar essa quest\u00e3o, buscando fechar a lacuna de implementa\u00e7\u00e3o&#8221;, diz Feitosa.<\/p><\/blockquote>\n<blockquote><p>Fonte: G1<\/p><\/blockquote>\n<\/div>\n<\/div>\n<\/div>\n<\/article>\n<\/div>\n","protected":false},"excerpt":{"rendered":"<p>Foto Wilson Dias\/Ag\u00eancia Brasil Documento com a nova Contribui\u00e7\u00e3o Nacional Determinada (NDC, na sigla em ingl\u00eas) do pa\u00eds para o Acordo do Clima de Paris foi divulgado em Baku (Azerbaij\u00e3o), durante a 29\u00aa confer\u00eancia do clima da ONU. Por\u00a0Roberto Peixoto, g1 13\/11\/2024 10h37\u00a0\u00a0Atualizado\u00a0h\u00e1 55 minutos Fuma\u00e7a de um inc\u00eandio encobre trecho da floresta amaz\u00f4nica, em [&hellip;]<\/p>\n","protected":false},"author":2,"featured_media":2835,"comment_status":"open","ping_status":"open","sticky":false,"template":"","format":"standard","meta":{"rop_custom_images_group":[],"rop_custom_messages_group":[],"rop_publish_now":"initial","rop_publish_now_accounts":{"twitter_850042665852968960_850042665852968960":""},"rop_publish_now_history":[],"rop_publish_now_status":"pending","footnotes":""},"categories":[15],"tags":[238,236,237,92,235,94],"class_list":["post-2834","post","type-post","status-publish","format-standard","has-post-thumbnail","hentry","category-destaques","tag-acordo","tag-amazonia","tag-chuvas-intensas","tag-clima","tag-cop-29","tag-desmatamento"],"yoast_head":"<!-- This site is optimized with the Yoast SEO plugin v27.2 - https:\/\/yoast.com\/product\/yoast-seo-wordpress\/ -->\n<title>COP29: Governo detalha novas metas de redu\u00e7\u00e3o de emiss\u00f5es de gases de efeito estufa do Brasil - Prefeitos &amp; Gest\u00f5es<\/title>\n<meta name=\"robots\" content=\"index, follow, max-snippet:-1, max-image-preview:large, max-video-preview:-1\" \/>\n<link rel=\"canonical\" href=\"https:\/\/prefeitosegestoes.com.br\/portal\/cop29-governo-detalha-novas-metas-de-reducao-de-emissoes-de-gases-de-efeito-estufa-do-brasil\/\" \/>\n<meta property=\"og:locale\" content=\"pt_BR\" \/>\n<meta property=\"og:type\" content=\"article\" \/>\n<meta property=\"og:title\" content=\"COP29: Governo detalha novas metas de redu\u00e7\u00e3o de emiss\u00f5es de gases de efeito estufa do Brasil - Prefeitos &amp; Gest\u00f5es\" \/>\n<meta property=\"og:description\" content=\"Foto Wilson Dias\/Ag\u00eancia Brasil Documento com a nova Contribui\u00e7\u00e3o Nacional Determinada (NDC, na sigla em ingl\u00eas) do pa\u00eds para o Acordo do Clima de Paris foi divulgado em Baku (Azerbaij\u00e3o), durante a 29\u00aa confer\u00eancia do clima da ONU. Por\u00a0Roberto Peixoto, g1 13\/11\/2024 10h37\u00a0\u00a0Atualizado\u00a0h\u00e1 55 minutos Fuma\u00e7a de um inc\u00eandio encobre trecho da floresta amaz\u00f4nica, em [&hellip;]\" \/>\n<meta property=\"og:url\" content=\"https:\/\/prefeitosegestoes.com.br\/portal\/cop29-governo-detalha-novas-metas-de-reducao-de-emissoes-de-gases-de-efeito-estufa-do-brasil\/\" \/>\n<meta property=\"og:site_name\" content=\"Prefeitos &amp; Gest\u00f5es\" \/>\n<meta property=\"article:publisher\" content=\"https:\/\/www.facebook.com\/prefeitosonline\" \/>\n<meta property=\"article:published_time\" content=\"2024-11-13T15:15:19+00:00\" \/>\n<meta property=\"og:image\" content=\"https:\/\/prefeitosegestoes.com.br\/portal\/wp-content\/uploads\/2024\/11\/125a0709.webp\" \/>\n\t<meta property=\"og:image:width\" content=\"1024\" \/>\n\t<meta property=\"og:image:height\" content=\"768\" \/>\n\t<meta property=\"og:image:type\" content=\"image\/webp\" \/>\n<meta name=\"author\" content=\"Prefeitos &amp; Gest\u00f5es\" \/>\n<meta name=\"twitter:card\" content=\"summary_large_image\" \/>\n<meta name=\"twitter:creator\" content=\"@PrefGestoes\" \/>\n<meta name=\"twitter:site\" content=\"@PrefGestoes\" \/>\n<meta name=\"twitter:label1\" content=\"Escrito por\" \/>\n\t<meta name=\"twitter:data1\" content=\"Prefeitos &amp; Gest\u00f5es\" \/>\n\t<meta name=\"twitter:label2\" content=\"Est. tempo de leitura\" \/>\n\t<meta name=\"twitter:data2\" content=\"10 minutos\" \/>\n<script type=\"application\/ld+json\" class=\"yoast-schema-graph\">{\"@context\":\"https:\/\/schema.org\",\"@graph\":[{\"@type\":\"Article\",\"@id\":\"https:\/\/prefeitosegestoes.com.br\/portal\/cop29-governo-detalha-novas-metas-de-reducao-de-emissoes-de-gases-de-efeito-estufa-do-brasil\/#article\",\"isPartOf\":{\"@id\":\"https:\/\/prefeitosegestoes.com.br\/portal\/cop29-governo-detalha-novas-metas-de-reducao-de-emissoes-de-gases-de-efeito-estufa-do-brasil\/\"},\"author\":{\"name\":\"Prefeitos &amp; Gest\u00f5es\",\"@id\":\"https:\/\/prefeitosegestoes.com.br\/portal\/#\/schema\/person\/d00059f2ec99963e7e1850d448ae94b8\"},\"headline\":\"COP29: Governo detalha novas metas de redu\u00e7\u00e3o de emiss\u00f5es de gases de efeito estufa do Brasil\",\"datePublished\":\"2024-11-13T15:15:19+00:00\",\"mainEntityOfPage\":{\"@id\":\"https:\/\/prefeitosegestoes.com.br\/portal\/cop29-governo-detalha-novas-metas-de-reducao-de-emissoes-de-gases-de-efeito-estufa-do-brasil\/\"},\"wordCount\":1920,\"commentCount\":0,\"publisher\":{\"@id\":\"https:\/\/prefeitosegestoes.com.br\/portal\/#organization\"},\"image\":{\"@id\":\"https:\/\/prefeitosegestoes.com.br\/portal\/cop29-governo-detalha-novas-metas-de-reducao-de-emissoes-de-gases-de-efeito-estufa-do-brasil\/#primaryimage\"},\"thumbnailUrl\":\"https:\/\/prefeitosegestoes.com.br\/portal\/wp-content\/uploads\/2024\/11\/125a0709.webp\",\"keywords\":[\"Acordo\",\"Amaz\u00f4nia\",\"Chuvas Intensas\",\"Clima\",\"COP 29\",\"Desmatamento\"],\"articleSection\":[\"Destaques\"],\"inLanguage\":\"pt-BR\",\"potentialAction\":[{\"@type\":\"CommentAction\",\"name\":\"Comment\",\"target\":[\"https:\/\/prefeitosegestoes.com.br\/portal\/cop29-governo-detalha-novas-metas-de-reducao-de-emissoes-de-gases-de-efeito-estufa-do-brasil\/#respond\"]}]},{\"@type\":\"WebPage\",\"@id\":\"https:\/\/prefeitosegestoes.com.br\/portal\/cop29-governo-detalha-novas-metas-de-reducao-de-emissoes-de-gases-de-efeito-estufa-do-brasil\/\",\"url\":\"https:\/\/prefeitosegestoes.com.br\/portal\/cop29-governo-detalha-novas-metas-de-reducao-de-emissoes-de-gases-de-efeito-estufa-do-brasil\/\",\"name\":\"COP29: Governo detalha novas metas de redu\u00e7\u00e3o de emiss\u00f5es de gases de efeito estufa do Brasil - Prefeitos &amp; Gest\u00f5es\",\"isPartOf\":{\"@id\":\"https:\/\/prefeitosegestoes.com.br\/portal\/#website\"},\"primaryImageOfPage\":{\"@id\":\"https:\/\/prefeitosegestoes.com.br\/portal\/cop29-governo-detalha-novas-metas-de-reducao-de-emissoes-de-gases-de-efeito-estufa-do-brasil\/#primaryimage\"},\"image\":{\"@id\":\"https:\/\/prefeitosegestoes.com.br\/portal\/cop29-governo-detalha-novas-metas-de-reducao-de-emissoes-de-gases-de-efeito-estufa-do-brasil\/#primaryimage\"},\"thumbnailUrl\":\"https:\/\/prefeitosegestoes.com.br\/portal\/wp-content\/uploads\/2024\/11\/125a0709.webp\",\"datePublished\":\"2024-11-13T15:15:19+00:00\",\"breadcrumb\":{\"@id\":\"https:\/\/prefeitosegestoes.com.br\/portal\/cop29-governo-detalha-novas-metas-de-reducao-de-emissoes-de-gases-de-efeito-estufa-do-brasil\/#breadcrumb\"},\"inLanguage\":\"pt-BR\",\"potentialAction\":[{\"@type\":\"ReadAction\",\"target\":[\"https:\/\/prefeitosegestoes.com.br\/portal\/cop29-governo-detalha-novas-metas-de-reducao-de-emissoes-de-gases-de-efeito-estufa-do-brasil\/\"]}]},{\"@type\":\"ImageObject\",\"inLanguage\":\"pt-BR\",\"@id\":\"https:\/\/prefeitosegestoes.com.br\/portal\/cop29-governo-detalha-novas-metas-de-reducao-de-emissoes-de-gases-de-efeito-estufa-do-brasil\/#primaryimage\",\"url\":\"https:\/\/prefeitosegestoes.com.br\/portal\/wp-content\/uploads\/2024\/11\/125a0709.webp\",\"contentUrl\":\"https:\/\/prefeitosegestoes.com.br\/portal\/wp-content\/uploads\/2024\/11\/125a0709.webp\",\"width\":1024,\"height\":768},{\"@type\":\"BreadcrumbList\",\"@id\":\"https:\/\/prefeitosegestoes.com.br\/portal\/cop29-governo-detalha-novas-metas-de-reducao-de-emissoes-de-gases-de-efeito-estufa-do-brasil\/#breadcrumb\",\"itemListElement\":[{\"@type\":\"ListItem\",\"position\":1,\"name\":\"In\u00edcio\",\"item\":\"https:\/\/prefeitosegestoes.com.br\/portal\/\"},{\"@type\":\"ListItem\",\"position\":2,\"name\":\"COP29: Governo detalha novas metas de redu\u00e7\u00e3o de emiss\u00f5es de gases de efeito estufa do Brasil\"}]},{\"@type\":\"WebSite\",\"@id\":\"https:\/\/prefeitosegestoes.com.br\/portal\/#website\",\"url\":\"https:\/\/prefeitosegestoes.com.br\/portal\/\",\"name\":\"Prefeitos & Gest\u00f5es\",\"description\":\"\",\"publisher\":{\"@id\":\"https:\/\/prefeitosegestoes.com.br\/portal\/#organization\"},\"potentialAction\":[{\"@type\":\"SearchAction\",\"target\":{\"@type\":\"EntryPoint\",\"urlTemplate\":\"https:\/\/prefeitosegestoes.com.br\/portal\/?s={search_term_string}\"},\"query-input\":{\"@type\":\"PropertyValueSpecification\",\"valueRequired\":true,\"valueName\":\"search_term_string\"}}],\"inLanguage\":\"pt-BR\"},{\"@type\":\"Organization\",\"@id\":\"https:\/\/prefeitosegestoes.com.br\/portal\/#organization\",\"name\":\"Prefeitos & Gest\u00f5es\",\"url\":\"https:\/\/prefeitosegestoes.com.br\/portal\/\",\"logo\":{\"@type\":\"ImageObject\",\"inLanguage\":\"pt-BR\",\"@id\":\"https:\/\/prefeitosegestoes.com.br\/portal\/#\/schema\/logo\/image\/\",\"url\":\"https:\/\/prefeitosegestoes.com.br\/portal\/wp-content\/uploads\/2024\/10\/lg_trans_prefeitos_2024_preto2.png\",\"contentUrl\":\"https:\/\/prefeitosegestoes.com.br\/portal\/wp-content\/uploads\/2024\/10\/lg_trans_prefeitos_2024_preto2.png\",\"width\":199,\"height\":122,\"caption\":\"Prefeitos & Gest\u00f5es\"},\"image\":{\"@id\":\"https:\/\/prefeitosegestoes.com.br\/portal\/#\/schema\/logo\/image\/\"},\"sameAs\":[\"https:\/\/www.facebook.com\/prefeitosonline\",\"https:\/\/x.com\/PrefGestoes\"]},{\"@type\":\"Person\",\"@id\":\"https:\/\/prefeitosegestoes.com.br\/portal\/#\/schema\/person\/d00059f2ec99963e7e1850d448ae94b8\",\"name\":\"Prefeitos &amp; Gest\u00f5es\",\"image\":{\"@type\":\"ImageObject\",\"inLanguage\":\"pt-BR\",\"@id\":\"https:\/\/secure.gravatar.com\/avatar\/738fb281e479212ed32c1a21a4307dda9f3af9292edb6918a16c9ce9fff5f48d?s=96&d=mm&r=g\",\"url\":\"https:\/\/secure.gravatar.com\/avatar\/738fb281e479212ed32c1a21a4307dda9f3af9292edb6918a16c9ce9fff5f48d?s=96&d=mm&r=g\",\"contentUrl\":\"https:\/\/secure.gravatar.com\/avatar\/738fb281e479212ed32c1a21a4307dda9f3af9292edb6918a16c9ce9fff5f48d?s=96&d=mm&r=g\",\"caption\":\"Prefeitos &amp; Gest\u00f5es\"},\"url\":\"https:\/\/prefeitosegestoes.com.br\/portal\/author\/prefeitosegestoes\/\"}]}<\/script>\n<!-- \/ Yoast SEO plugin. -->","yoast_head_json":{"title":"COP29: Governo detalha novas metas de redu\u00e7\u00e3o de emiss\u00f5es de gases de efeito estufa do Brasil - Prefeitos &amp; Gest\u00f5es","robots":{"index":"index","follow":"follow","max-snippet":"max-snippet:-1","max-image-preview":"max-image-preview:large","max-video-preview":"max-video-preview:-1"},"canonical":"https:\/\/prefeitosegestoes.com.br\/portal\/cop29-governo-detalha-novas-metas-de-reducao-de-emissoes-de-gases-de-efeito-estufa-do-brasil\/","og_locale":"pt_BR","og_type":"article","og_title":"COP29: Governo detalha novas metas de redu\u00e7\u00e3o de emiss\u00f5es de gases de efeito estufa do Brasil - Prefeitos &amp; Gest\u00f5es","og_description":"Foto Wilson Dias\/Ag\u00eancia Brasil Documento com a nova Contribui\u00e7\u00e3o Nacional Determinada (NDC, na sigla em ingl\u00eas) do pa\u00eds para o Acordo do Clima de Paris foi divulgado em Baku (Azerbaij\u00e3o), durante a 29\u00aa confer\u00eancia do clima da ONU. Por\u00a0Roberto Peixoto, g1 13\/11\/2024 10h37\u00a0\u00a0Atualizado\u00a0h\u00e1 55 minutos Fuma\u00e7a de um inc\u00eandio encobre trecho da floresta amaz\u00f4nica, em [&hellip;]","og_url":"https:\/\/prefeitosegestoes.com.br\/portal\/cop29-governo-detalha-novas-metas-de-reducao-de-emissoes-de-gases-de-efeito-estufa-do-brasil\/","og_site_name":"Prefeitos &amp; Gest\u00f5es","article_publisher":"https:\/\/www.facebook.com\/prefeitosonline","article_published_time":"2024-11-13T15:15:19+00:00","og_image":[{"width":1024,"height":768,"url":"https:\/\/prefeitosegestoes.com.br\/portal\/wp-content\/uploads\/2024\/11\/125a0709.webp","type":"image\/webp"}],"author":"Prefeitos &amp; Gest\u00f5es","twitter_card":"summary_large_image","twitter_creator":"@PrefGestoes","twitter_site":"@PrefGestoes","twitter_misc":{"Escrito por":"Prefeitos &amp; Gest\u00f5es","Est. tempo de leitura":"10 minutos"},"schema":{"@context":"https:\/\/schema.org","@graph":[{"@type":"Article","@id":"https:\/\/prefeitosegestoes.com.br\/portal\/cop29-governo-detalha-novas-metas-de-reducao-de-emissoes-de-gases-de-efeito-estufa-do-brasil\/#article","isPartOf":{"@id":"https:\/\/prefeitosegestoes.com.br\/portal\/cop29-governo-detalha-novas-metas-de-reducao-de-emissoes-de-gases-de-efeito-estufa-do-brasil\/"},"author":{"name":"Prefeitos &amp; Gest\u00f5es","@id":"https:\/\/prefeitosegestoes.com.br\/portal\/#\/schema\/person\/d00059f2ec99963e7e1850d448ae94b8"},"headline":"COP29: Governo detalha novas metas de redu\u00e7\u00e3o de emiss\u00f5es de gases de efeito estufa do Brasil","datePublished":"2024-11-13T15:15:19+00:00","mainEntityOfPage":{"@id":"https:\/\/prefeitosegestoes.com.br\/portal\/cop29-governo-detalha-novas-metas-de-reducao-de-emissoes-de-gases-de-efeito-estufa-do-brasil\/"},"wordCount":1920,"commentCount":0,"publisher":{"@id":"https:\/\/prefeitosegestoes.com.br\/portal\/#organization"},"image":{"@id":"https:\/\/prefeitosegestoes.com.br\/portal\/cop29-governo-detalha-novas-metas-de-reducao-de-emissoes-de-gases-de-efeito-estufa-do-brasil\/#primaryimage"},"thumbnailUrl":"https:\/\/prefeitosegestoes.com.br\/portal\/wp-content\/uploads\/2024\/11\/125a0709.webp","keywords":["Acordo","Amaz\u00f4nia","Chuvas Intensas","Clima","COP 29","Desmatamento"],"articleSection":["Destaques"],"inLanguage":"pt-BR","potentialAction":[{"@type":"CommentAction","name":"Comment","target":["https:\/\/prefeitosegestoes.com.br\/portal\/cop29-governo-detalha-novas-metas-de-reducao-de-emissoes-de-gases-de-efeito-estufa-do-brasil\/#respond"]}]},{"@type":"WebPage","@id":"https:\/\/prefeitosegestoes.com.br\/portal\/cop29-governo-detalha-novas-metas-de-reducao-de-emissoes-de-gases-de-efeito-estufa-do-brasil\/","url":"https:\/\/prefeitosegestoes.com.br\/portal\/cop29-governo-detalha-novas-metas-de-reducao-de-emissoes-de-gases-de-efeito-estufa-do-brasil\/","name":"COP29: Governo detalha novas metas de redu\u00e7\u00e3o de emiss\u00f5es de gases de efeito estufa do Brasil - Prefeitos &amp; Gest\u00f5es","isPartOf":{"@id":"https:\/\/prefeitosegestoes.com.br\/portal\/#website"},"primaryImageOfPage":{"@id":"https:\/\/prefeitosegestoes.com.br\/portal\/cop29-governo-detalha-novas-metas-de-reducao-de-emissoes-de-gases-de-efeito-estufa-do-brasil\/#primaryimage"},"image":{"@id":"https:\/\/prefeitosegestoes.com.br\/portal\/cop29-governo-detalha-novas-metas-de-reducao-de-emissoes-de-gases-de-efeito-estufa-do-brasil\/#primaryimage"},"thumbnailUrl":"https:\/\/prefeitosegestoes.com.br\/portal\/wp-content\/uploads\/2024\/11\/125a0709.webp","datePublished":"2024-11-13T15:15:19+00:00","breadcrumb":{"@id":"https:\/\/prefeitosegestoes.com.br\/portal\/cop29-governo-detalha-novas-metas-de-reducao-de-emissoes-de-gases-de-efeito-estufa-do-brasil\/#breadcrumb"},"inLanguage":"pt-BR","potentialAction":[{"@type":"ReadAction","target":["https:\/\/prefeitosegestoes.com.br\/portal\/cop29-governo-detalha-novas-metas-de-reducao-de-emissoes-de-gases-de-efeito-estufa-do-brasil\/"]}]},{"@type":"ImageObject","inLanguage":"pt-BR","@id":"https:\/\/prefeitosegestoes.com.br\/portal\/cop29-governo-detalha-novas-metas-de-reducao-de-emissoes-de-gases-de-efeito-estufa-do-brasil\/#primaryimage","url":"https:\/\/prefeitosegestoes.com.br\/portal\/wp-content\/uploads\/2024\/11\/125a0709.webp","contentUrl":"https:\/\/prefeitosegestoes.com.br\/portal\/wp-content\/uploads\/2024\/11\/125a0709.webp","width":1024,"height":768},{"@type":"BreadcrumbList","@id":"https:\/\/prefeitosegestoes.com.br\/portal\/cop29-governo-detalha-novas-metas-de-reducao-de-emissoes-de-gases-de-efeito-estufa-do-brasil\/#breadcrumb","itemListElement":[{"@type":"ListItem","position":1,"name":"In\u00edcio","item":"https:\/\/prefeitosegestoes.com.br\/portal\/"},{"@type":"ListItem","position":2,"name":"COP29: Governo detalha novas metas de redu\u00e7\u00e3o de emiss\u00f5es de gases de efeito estufa do Brasil"}]},{"@type":"WebSite","@id":"https:\/\/prefeitosegestoes.com.br\/portal\/#website","url":"https:\/\/prefeitosegestoes.com.br\/portal\/","name":"Prefeitos & Gest\u00f5es","description":"","publisher":{"@id":"https:\/\/prefeitosegestoes.com.br\/portal\/#organization"},"potentialAction":[{"@type":"SearchAction","target":{"@type":"EntryPoint","urlTemplate":"https:\/\/prefeitosegestoes.com.br\/portal\/?s={search_term_string}"},"query-input":{"@type":"PropertyValueSpecification","valueRequired":true,"valueName":"search_term_string"}}],"inLanguage":"pt-BR"},{"@type":"Organization","@id":"https:\/\/prefeitosegestoes.com.br\/portal\/#organization","name":"Prefeitos & Gest\u00f5es","url":"https:\/\/prefeitosegestoes.com.br\/portal\/","logo":{"@type":"ImageObject","inLanguage":"pt-BR","@id":"https:\/\/prefeitosegestoes.com.br\/portal\/#\/schema\/logo\/image\/","url":"https:\/\/prefeitosegestoes.com.br\/portal\/wp-content\/uploads\/2024\/10\/lg_trans_prefeitos_2024_preto2.png","contentUrl":"https:\/\/prefeitosegestoes.com.br\/portal\/wp-content\/uploads\/2024\/10\/lg_trans_prefeitos_2024_preto2.png","width":199,"height":122,"caption":"Prefeitos & Gest\u00f5es"},"image":{"@id":"https:\/\/prefeitosegestoes.com.br\/portal\/#\/schema\/logo\/image\/"},"sameAs":["https:\/\/www.facebook.com\/prefeitosonline","https:\/\/x.com\/PrefGestoes"]},{"@type":"Person","@id":"https:\/\/prefeitosegestoes.com.br\/portal\/#\/schema\/person\/d00059f2ec99963e7e1850d448ae94b8","name":"Prefeitos &amp; Gest\u00f5es","image":{"@type":"ImageObject","inLanguage":"pt-BR","@id":"https:\/\/secure.gravatar.com\/avatar\/738fb281e479212ed32c1a21a4307dda9f3af9292edb6918a16c9ce9fff5f48d?s=96&d=mm&r=g","url":"https:\/\/secure.gravatar.com\/avatar\/738fb281e479212ed32c1a21a4307dda9f3af9292edb6918a16c9ce9fff5f48d?s=96&d=mm&r=g","contentUrl":"https:\/\/secure.gravatar.com\/avatar\/738fb281e479212ed32c1a21a4307dda9f3af9292edb6918a16c9ce9fff5f48d?s=96&d=mm&r=g","caption":"Prefeitos &amp; Gest\u00f5es"},"url":"https:\/\/prefeitosegestoes.com.br\/portal\/author\/prefeitosegestoes\/"}]}},"_links":{"self":[{"href":"https:\/\/prefeitosegestoes.com.br\/portal\/wp-json\/wp\/v2\/posts\/2834","targetHints":{"allow":["GET"]}}],"collection":[{"href":"https:\/\/prefeitosegestoes.com.br\/portal\/wp-json\/wp\/v2\/posts"}],"about":[{"href":"https:\/\/prefeitosegestoes.com.br\/portal\/wp-json\/wp\/v2\/types\/post"}],"author":[{"embeddable":true,"href":"https:\/\/prefeitosegestoes.com.br\/portal\/wp-json\/wp\/v2\/users\/2"}],"replies":[{"embeddable":true,"href":"https:\/\/prefeitosegestoes.com.br\/portal\/wp-json\/wp\/v2\/comments?post=2834"}],"version-history":[{"count":1,"href":"https:\/\/prefeitosegestoes.com.br\/portal\/wp-json\/wp\/v2\/posts\/2834\/revisions"}],"predecessor-version":[{"id":2836,"href":"https:\/\/prefeitosegestoes.com.br\/portal\/wp-json\/wp\/v2\/posts\/2834\/revisions\/2836"}],"wp:featuredmedia":[{"embeddable":true,"href":"https:\/\/prefeitosegestoes.com.br\/portal\/wp-json\/wp\/v2\/media\/2835"}],"wp:attachment":[{"href":"https:\/\/prefeitosegestoes.com.br\/portal\/wp-json\/wp\/v2\/media?parent=2834"}],"wp:term":[{"taxonomy":"category","embeddable":true,"href":"https:\/\/prefeitosegestoes.com.br\/portal\/wp-json\/wp\/v2\/categories?post=2834"},{"taxonomy":"post_tag","embeddable":true,"href":"https:\/\/prefeitosegestoes.com.br\/portal\/wp-json\/wp\/v2\/tags?post=2834"}],"curies":[{"name":"wp","href":"https:\/\/api.w.org\/{rel}","templated":true}]}}