{"id":2831,"date":"2024-11-12T18:12:58","date_gmt":"2024-11-12T21:12:58","guid":{"rendered":"https:\/\/prefeitosegestoes.com.br\/portal\/?p=2831"},"modified":"2024-11-12T18:12:58","modified_gmt":"2024-11-12T21:12:58","slug":"apos-cinco-anos-brasil-recupera-certificado-de-pais-livre-do-sarampo","status":"publish","type":"post","link":"https:\/\/prefeitosegestoes.com.br\/portal\/apos-cinco-anos-brasil-recupera-certificado-de-pais-livre-do-sarampo\/","title":{"rendered":"Ap\u00f3s cinco anos, Brasil recupera certificado de pa\u00eds livre do sarampo"},"content":{"rendered":"<div class=\"mc-article-header\">\n<div class=\"row content-head mc-column non-featured \">\n<div class=\"medium-centered subtitle\">\n<h6 class=\"content-head__subtitle\">Foto:Tomaz Silva\/Ag\u00eancia Brasil<\/h6>\n<h2 class=\"content-head__subtitle\">Recertifica\u00e7\u00e3o foi entregue pela Organiza\u00e7\u00e3o Pan-Americana da Sa\u00fade (OPAS). Pa\u00eds n\u00e3o registra caso de sarampo desde 2022.<\/h2>\n<\/div>\n<\/div>\n<div class=\"content__signa-share mc-column\">\n<div class=\"content__signature\">\n<div class=\"content-publication-data\">\n<div class=\"content-publication-data__text\">\n<p class=\"content-publication-data__from\" title=\"Mariana Garcia\">Por\u00a0<a class=\"multi_signatures\" href=\"https:\/\/g1.globo.com\/autores\/mariana-garcia\/\">Mariana Garcia<\/a>, g1<\/p>\n<p class=\"content-publication-data__updated\"><time datetime=\"2024-11-12T15:08:21.606Z\">12\/11\/2024 12h08\u00a0<\/time><span class=\"content-publication-data__updated-relative\">\u00a0<time datetime=\"2024-11-12T19:00:08.934Z\">Atualizado\u00a0<time datetime=\"2024-11-12T19:00:08.934Z\">h\u00e1 uma hora<\/time><\/time><\/span><\/p>\n<\/div>\n<\/div>\n<\/div>\n<\/div>\n<\/div>\n<div class=\"mc-article-body\">\n<article>\n<div id=\"chunk-6e4kj\">\n<div class=\"mc-column content-text active-extra-styles \" data-block-type=\"unstyled\" data-block-weight=\"35\" data-block-id=\"2\">\n<p class=\" content-text__container \" data-track-category=\"Link no Texto\" data-track-links=\"\" data-mrf-recirculation=\"Artigo - Links Texto\">O Brasil est\u00e1, novamente, livre do sarampo. Nesta ter\u00e7a-feira (12), a Organiza\u00e7\u00e3o Pan-Americana da Sa\u00fade (OPAS) entregou ao Minist\u00e9rio da Sa\u00fade a\u00a0<strong>recertifica\u00e7\u00e3o de elimina\u00e7\u00e3o do sarampo, rub\u00e9ola e S\u00edndrome da Rub\u00e9ola Cong\u00eanita (SRC)<\/strong>.<\/p>\n<\/div>\n<\/div>\n<div class=\"wall protected-content\">\n<div id=\"chunk-3oc2t\">\n<div class=\"mc-column content-text active-extra-styles \" data-block-type=\"unstyled\" data-block-weight=\"49\" data-block-id=\"4\">\n<p class=\" content-text__container \" data-track-category=\"Link no Texto\" data-track-links=\"\" data-mrf-recirculation=\"Artigo - Links Texto\">O pa\u00eds j\u00e1 havia sido classificado como zona livre do sarampo em 2016. No entanto,\u00a0<a class=\"\" href=\"https:\/\/g1.globo.com\/ciencia-e-saude\/noticia\/2019\/03\/19\/brasil-perdera-certificado-de-erradicacao-de-sarampo-apos-novo-caso-registrado.ghtml\" data-mrf-link=\"https:\/\/g1.globo.com\/ciencia-e-saude\/noticia\/2019\/03\/19\/brasil-perdera-certificado-de-erradicacao-de-sarampo-apos-novo-caso-registrado.ghtml\">acabou perdendo o certificado em 2019<\/a>\u00a0ap\u00f3s surtos da doen\u00e7a. Entre fevereiro de 2018 e fevereiro de 2019, o Brasil registrou\u00a0<strong>10.374 casos<\/strong>. O pico foi atingido em julho de 2018, com<strong>\u00a03.950 casos.<\/strong><\/p>\n<\/div>\n<\/div>\n<div id=\"chunk-9t0qe\">\n<div class=\"mc-column content-text active-extra-styles \" data-block-type=\"unstyled\" data-block-weight=\"42\" data-block-id=\"5\">\n<p class=\" content-text__container \" data-track-category=\"Link no Texto\" data-track-links=\"\" data-mrf-recirculation=\"Artigo - Links Texto\">Em junho,\u00a0<strong>o Brasil completou dois anos sem casos aut\u00f3ctones (com transmiss\u00e3o em territ\u00f3rio nacional) de sarampo<\/strong> \u2014 o \u00faltimo foi confirmado em 5 de junho de 2022, no Amap\u00e1. Todos os registros da doen\u00e7a foram de indiv\u00edduos que vieram do exterior.<\/p>\n<\/div>\n<\/div>\n<div id=\"chunk-bilfa\">\n<div class=\"mc-column content-text active-extra-styles \" data-block-type=\"unstyled\" data-block-weight=\"45\" data-block-id=\"7\">\n<p class=\" content-text__container \" data-track-category=\"Link no Texto\" data-track-links=\"\" data-mrf-recirculation=\"Artigo - Links Texto\"><em>\ud83d\udccdPara cumprir os crit\u00e9rios de recertifica\u00e7\u00e3o, o Brasil precisou demonstrar que n\u00e3o houve transmiss\u00e3o do v\u00edrus do sarampo durante pelo menos um ano, al\u00e9m de ter fortalecido o seu programa de vacina\u00e7\u00e3o de rotina, a vigil\u00e2ncia epidemiol\u00f3gica e a resposta r\u00e1pida a casos importados.<\/em><\/p>\n<\/div>\n<\/div>\n<div id=\"chunk-ep2l7\">\n<div class=\"mc-column content-text active-extra-styles\" data-block-type=\"raw\" data-block-weight=\"40\" data-block-id=\"8\">\n<blockquote class=\"content-blockquote theme-border-color-primary-before\"><p>&#8220;Desde l\u00e1 a vigil\u00e2ncia se intensificou, a cobertura vacinal aumentou e conseguimos a recertifica\u00e7\u00e3o. Avan\u00e7amos em todos os processos, principalmente nas coberturas vacinais&#8221;, explica o infectologista Renato Kfouri, presidente da C\u00e2mara T\u00e9cnica do Brasil de Verifica\u00e7\u00e3o da Elimina\u00e7\u00e3o do Sarampo.<\/p><\/blockquote>\n<\/div>\n<\/div>\n<div id=\"chunk-2flqq\">\n<div class=\"mc-column content-text active-extra-styles \" data-block-type=\"unstyled\" data-block-weight=\"45\" data-block-id=\"9\">\n<p class=\" content-text__container \" data-track-category=\"Link no Texto\" data-track-links=\"\" data-mrf-recirculation=\"Artigo - Links Texto\">O sarampo \u00e9 uma doen\u00e7a extremamente contagiosa e grave,\u00a0<strong>que pode ser evitada por vacina<\/strong>. Estima-se que uma pessoa infectada pode contaminar outras 12 ou 18 pessoas. A transmiss\u00e3o ocorre por meio das secre\u00e7\u00f5es do nariz e da boca expelidas ao tossir, respirar ou falar.<\/p>\n<\/div>\n<\/div>\n<div id=\"chunk-4ib1t\">\n<div class=\"mc-column content-text active-extra-styles \" data-block-type=\"unstyled\" data-block-weight=\"45\" data-block-id=\"10\">\n<p class=\" content-text__container \" data-track-category=\"Link no Texto\" data-track-links=\"\" data-mrf-recirculation=\"Artigo - Links Texto\">Os principais sintomas s\u00e3o manchas vermelhas no corpo e febre alta, acompanhados de tosse seca, conjuntivite, nariz escorrendo ou entupido e mal-estar intenso. A doen\u00e7a pode deixar sequelas e at\u00e9 causar a morte. Entre as complica\u00e7\u00f5es est\u00e3o: pneumonia, infec\u00e7\u00e3o no ouvido, encefalite aguda e morte.<\/p>\n<\/div>\n<\/div>\n<div id=\"chunk-1cibs\">\n<div class=\"mc-column content-text active-extra-styles\" data-block-type=\"raw\" data-block-weight=\"2\" data-block-id=\"13\">\n<div class=\"content-intertitle\">\n<h2>Vigil\u00e2ncia continua<\/h2>\n<\/div>\n<\/div>\n<\/div>\n<div id=\"chunk-d46gv\">\n<div class=\"mc-column content-text active-extra-styles \" data-block-type=\"unstyled\" data-block-weight=\"30\" data-block-id=\"14\">\n<p class=\" content-text__container \" data-track-category=\"Link no Texto\" data-track-links=\"\" data-mrf-recirculation=\"Artigo - Links Texto\"><strong>Eliminar uma doen\u00e7a \u00e9 uma grande conquista para um pa\u00eds<\/strong>. Mas, para mant\u00ea-la longe, \u00e9 preciso proteger a popula\u00e7\u00e3o, j\u00e1 que o v\u00edrus continua circulando no mundo. Como?\u00a0<strong>Vacinando<\/strong>.<\/p>\n<\/div>\n<\/div>\n<div id=\"chunk-a1s9d\">\n<div class=\"mc-column content-text active-extra-styles\" data-block-type=\"raw\" data-block-weight=\"23\" data-block-id=\"15\">\n<blockquote class=\"content-blockquote theme-border-color-primary-before\"><p>&#8220;Se conseguirmos manter a popula\u00e7\u00e3o vacinada, nos manteremos livres do sarampo&#8221;, afirma Kfouri, que tamb\u00e9m \u00e9 vice-presidente da Sociedade Brasileira de Imuniza\u00e7\u00f5es (SBIm).<\/p><\/blockquote>\n<\/div>\n<\/div>\n<div id=\"chunk-eilsk\">\n<div class=\"mc-column content-text active-extra-styles \" data-block-type=\"unstyled\" data-block-weight=\"33\" data-block-id=\"16\">\n<p class=\" content-text__container \" data-track-category=\"Link no Texto\" data-track-links=\"\" data-mrf-recirculation=\"Artigo - Links Texto\">Se algu\u00e9m com sarampo de outro pa\u00eds encontra algu\u00e9m suscet\u00edvel no Brasil, algu\u00e9m que n\u00e3o esteja protegido, o v\u00edrus pode voltar a circular e podemos ter casos aut\u00f3ctones (com transmiss\u00e3o em territ\u00f3rio nacional).<\/p>\n<\/div>\n<\/div>\n<div id=\"chunk-7lgv1\">\n<div class=\"mc-column content-text active-extra-styles \" data-block-type=\"unstyled\" data-block-weight=\"51\" data-block-id=\"17\">\n<p class=\" content-text__container \" data-track-category=\"Link no Texto\" data-track-links=\"\" data-mrf-recirculation=\"Artigo - Links Texto\">Por isso, n\u00e3o \u00e9 porque o pa\u00eds est\u00e1 &#8220;livre do sarampo&#8221; que devemos baixar a guarda. A vacina que protege contra o sarampo \u00e9 a tr\u00edplice viral (que tamb\u00e9m imuniza contra rub\u00e9ola e caxumba) e est\u00e1 dispon\u00edvel na rede p\u00fablica para todas as pessoas de 12 meses a 59 anos.<\/p>\n<\/div>\n<\/div>\n<div id=\"chunk-oucv\">\n<div class=\"mc-column content-text active-extra-styles \" data-block-type=\"unstyled\" data-block-weight=\"63\" data-block-id=\"18\">\n<p class=\" content-text__container \" data-track-category=\"Link no Texto\" data-track-links=\"\" data-mrf-recirculation=\"Artigo - Links Texto\">As crian\u00e7as tomam uma dose da tr\u00edplice viral aos 12 meses e outra aos 15 meses. S\u00f3 quem n\u00e3o tomou as duas doses quando crian\u00e7a ou n\u00e3o completou o esquema vacinal \u00e9 que precisa tomar o imunizante na fase adulta: duas doses, com um m\u00eas de intervalo, para quem tem at\u00e9 29 anos e uma dose para pessoas de 30 a 59 anos.<\/p>\n<\/div>\n<\/div>\n<div id=\"chunk-9b8lf\">\n<div class=\"mc-column content-text active-extra-styles \" data-block-type=\"unstyled\" data-block-weight=\"55\" data-block-id=\"20\">\n<p class=\" content-text__container \" data-track-category=\"Link no Texto\" data-track-links=\"\" data-mrf-recirculation=\"Artigo - Links Texto\">A cobertura vacinal da primeira dose, que chegou a pouco mais de 95% em 2016, caiu para 74% em 2021. Neste ano, segundo o painel do Minist\u00e9rio da Sa\u00fade, j\u00e1 chegou a 91%. J\u00e1 a segunda dose registrou um n\u00famero ainda menor nos \u00faltimos anos, mas vem crescendo \u2014 j\u00e1 superou os 80% em 2024.<\/p>\n<\/div>\n<\/div>\n<div id=\"chunk-7umo1\">\n<div class=\"mc-column content-text active-extra-styles \" data-block-type=\"unstyled\" data-block-weight=\"2\" data-block-id=\"21\">\n<p class=\" content-text__container \" data-track-category=\"Link no Texto\" data-track-links=\"\" data-mrf-recirculation=\"Artigo - Links Texto\"><strong>LEIA TAMB\u00c9M:<\/strong><\/p>\n<\/div>\n<\/div>\n<div id=\"chunk-5svld\">\n<div class=\"mc-column content-text active-extra-styles\" data-block-type=\"raw\" data-block-weight=\"35\" data-block-id=\"22\">\n<p class=\"content-text__container\" data-mrf-recirculation=\"Artigo - Links Texto\">\n<ul class=\"content-unordered-list\">\n<li><a class=\"\" href=\"https:\/\/g1.globo.com\/saude\/noticia\/2024\/11\/12\/novas-doses-da-vacina-contra-mpox-chegam-este-mes-ao-brasil-para-reserva-estrategica.ghtml\">Novas doses da vacina contra mpox chegam este m\u00eas ao Brasil para reserva estrat\u00e9gica<\/a><\/li>\n<li><a class=\"\" href=\"https:\/\/g1.globo.com\/politica\/noticia\/2024\/11\/11\/organizacao-mundial-da-saude-certifica-brasil-como-pais-livre-da-elefantiase.ghtml\">Organiza\u00e7\u00e3o Mundial da Sa\u00fade certifica Brasil como pa\u00eds livre da elefant\u00edase<\/a><\/li>\n<li><a class=\"\" href=\"https:\/\/g1.globo.com\/saude\/noticia\/2024\/11\/04\/vacina-em-gotinhas-da-poliomielite-e-substituida-por-dose-injetavel-entenda-mudancas.ghtml\">Vacina em gotinhas da poliomielite \u00e9 substitu\u00edda por dose injet\u00e1vel<\/a><\/li>\n<\/ul>\n<p>Fonte G1<\/p>\n<\/div>\n<\/div>\n<\/div>\n<\/article>\n<\/div>\n","protected":false},"excerpt":{"rendered":"<p>Foto:Tomaz Silva\/Ag\u00eancia Brasil Recertifica\u00e7\u00e3o foi entregue pela Organiza\u00e7\u00e3o Pan-Americana da Sa\u00fade (OPAS). Pa\u00eds n\u00e3o registra caso de sarampo desde 2022. Por\u00a0Mariana Garcia, g1 12\/11\/2024 12h08\u00a0\u00a0Atualizado\u00a0h\u00e1 uma hora O Brasil est\u00e1, novamente, livre do sarampo. Nesta ter\u00e7a-feira (12), a Organiza\u00e7\u00e3o Pan-Americana da Sa\u00fade (OPAS) entregou ao Minist\u00e9rio da Sa\u00fade a\u00a0recertifica\u00e7\u00e3o de elimina\u00e7\u00e3o do sarampo, rub\u00e9ola e [&hellip;]<\/p>\n","protected":false},"author":2,"featured_media":2832,"comment_status":"open","ping_status":"open","sticky":false,"template":"","format":"standard","meta":{"rop_custom_images_group":[],"rop_custom_messages_group":[],"rop_publish_now":"initial","rop_publish_now_accounts":{"twitter_850042665852968960_850042665852968960":""},"rop_publish_now_history":[],"rop_publish_now_status":"pending","footnotes":""},"categories":[15],"tags":[233,234,232,231,181,230],"class_list":["post-2831","post","type-post","status-publish","format-standard","has-post-thumbnail","hentry","category-destaques","tag-imunizacao","tag-ministerio","tag-recertificacao","tag-sarampo","tag-saude","tag-vacina"],"yoast_head":"<!-- This site is optimized with the Yoast SEO plugin v27.2 - https:\/\/yoast.com\/product\/yoast-seo-wordpress\/ -->\n<title>Ap\u00f3s cinco anos, Brasil recupera certificado de pa\u00eds livre do sarampo - Prefeitos &amp; Gest\u00f5es<\/title>\n<meta name=\"robots\" content=\"index, follow, max-snippet:-1, max-image-preview:large, max-video-preview:-1\" \/>\n<link rel=\"canonical\" href=\"https:\/\/prefeitosegestoes.com.br\/portal\/apos-cinco-anos-brasil-recupera-certificado-de-pais-livre-do-sarampo\/\" \/>\n<meta property=\"og:locale\" content=\"pt_BR\" \/>\n<meta property=\"og:type\" content=\"article\" \/>\n<meta property=\"og:title\" content=\"Ap\u00f3s cinco anos, Brasil recupera certificado de pa\u00eds livre do sarampo - Prefeitos &amp; Gest\u00f5es\" \/>\n<meta property=\"og:description\" content=\"Foto:Tomaz Silva\/Ag\u00eancia Brasil Recertifica\u00e7\u00e3o foi entregue pela Organiza\u00e7\u00e3o Pan-Americana da Sa\u00fade (OPAS). Pa\u00eds n\u00e3o registra caso de sarampo desde 2022. Por\u00a0Mariana Garcia, g1 12\/11\/2024 12h08\u00a0\u00a0Atualizado\u00a0h\u00e1 uma hora O Brasil est\u00e1, novamente, livre do sarampo. Nesta ter\u00e7a-feira (12), a Organiza\u00e7\u00e3o Pan-Americana da Sa\u00fade (OPAS) entregou ao Minist\u00e9rio da Sa\u00fade a\u00a0recertifica\u00e7\u00e3o de elimina\u00e7\u00e3o do sarampo, rub\u00e9ola e [&hellip;]\" \/>\n<meta property=\"og:url\" content=\"https:\/\/prefeitosegestoes.com.br\/portal\/apos-cinco-anos-brasil-recupera-certificado-de-pais-livre-do-sarampo\/\" \/>\n<meta property=\"og:site_name\" content=\"Prefeitos &amp; Gest\u00f5es\" \/>\n<meta property=\"article:publisher\" content=\"https:\/\/www.facebook.com\/prefeitosonline\" \/>\n<meta property=\"article:published_time\" content=\"2024-11-12T21:12:58+00:00\" \/>\n<meta property=\"og:image\" content=\"https:\/\/prefeitosegestoes.com.br\/portal\/wp-content\/uploads\/2024\/11\/dsc8071-1.webp\" \/>\n\t<meta property=\"og:image:width\" content=\"1024\" \/>\n\t<meta property=\"og:image:height\" content=\"768\" \/>\n\t<meta property=\"og:image:type\" content=\"image\/webp\" \/>\n<meta name=\"author\" content=\"Prefeitos &amp; Gest\u00f5es\" \/>\n<meta name=\"twitter:card\" content=\"summary_large_image\" \/>\n<meta name=\"twitter:creator\" content=\"@PrefGestoes\" \/>\n<meta name=\"twitter:site\" content=\"@PrefGestoes\" \/>\n<meta name=\"twitter:label1\" content=\"Escrito por\" \/>\n\t<meta name=\"twitter:data1\" content=\"Prefeitos &amp; Gest\u00f5es\" \/>\n\t<meta name=\"twitter:label2\" content=\"Est. tempo de leitura\" \/>\n\t<meta name=\"twitter:data2\" content=\"3 minutos\" \/>\n<script type=\"application\/ld+json\" class=\"yoast-schema-graph\">{\"@context\":\"https:\/\/schema.org\",\"@graph\":[{\"@type\":\"Article\",\"@id\":\"https:\/\/prefeitosegestoes.com.br\/portal\/apos-cinco-anos-brasil-recupera-certificado-de-pais-livre-do-sarampo\/#article\",\"isPartOf\":{\"@id\":\"https:\/\/prefeitosegestoes.com.br\/portal\/apos-cinco-anos-brasil-recupera-certificado-de-pais-livre-do-sarampo\/\"},\"author\":{\"name\":\"Prefeitos &amp; Gest\u00f5es\",\"@id\":\"https:\/\/prefeitosegestoes.com.br\/portal\/#\/schema\/person\/d00059f2ec99963e7e1850d448ae94b8\"},\"headline\":\"Ap\u00f3s cinco anos, Brasil recupera certificado de pa\u00eds livre do sarampo\",\"datePublished\":\"2024-11-12T21:12:58+00:00\",\"mainEntityOfPage\":{\"@id\":\"https:\/\/prefeitosegestoes.com.br\/portal\/apos-cinco-anos-brasil-recupera-certificado-de-pais-livre-do-sarampo\/\"},\"wordCount\":694,\"commentCount\":0,\"publisher\":{\"@id\":\"https:\/\/prefeitosegestoes.com.br\/portal\/#organization\"},\"image\":{\"@id\":\"https:\/\/prefeitosegestoes.com.br\/portal\/apos-cinco-anos-brasil-recupera-certificado-de-pais-livre-do-sarampo\/#primaryimage\"},\"thumbnailUrl\":\"https:\/\/prefeitosegestoes.com.br\/portal\/wp-content\/uploads\/2024\/11\/dsc8071-1.webp\",\"keywords\":[\"Imuniza\u00e7\u00e3o\",\"Minist\u00e9rio\",\"Recertifica\u00e7\u00e3o\",\"Sarampo\",\"Sa\u00fade\",\"Vacina\"],\"articleSection\":[\"Destaques\"],\"inLanguage\":\"pt-BR\",\"potentialAction\":[{\"@type\":\"CommentAction\",\"name\":\"Comment\",\"target\":[\"https:\/\/prefeitosegestoes.com.br\/portal\/apos-cinco-anos-brasil-recupera-certificado-de-pais-livre-do-sarampo\/#respond\"]}]},{\"@type\":\"WebPage\",\"@id\":\"https:\/\/prefeitosegestoes.com.br\/portal\/apos-cinco-anos-brasil-recupera-certificado-de-pais-livre-do-sarampo\/\",\"url\":\"https:\/\/prefeitosegestoes.com.br\/portal\/apos-cinco-anos-brasil-recupera-certificado-de-pais-livre-do-sarampo\/\",\"name\":\"Ap\u00f3s cinco anos, Brasil recupera certificado de pa\u00eds livre do sarampo - Prefeitos &amp; Gest\u00f5es\",\"isPartOf\":{\"@id\":\"https:\/\/prefeitosegestoes.com.br\/portal\/#website\"},\"primaryImageOfPage\":{\"@id\":\"https:\/\/prefeitosegestoes.com.br\/portal\/apos-cinco-anos-brasil-recupera-certificado-de-pais-livre-do-sarampo\/#primaryimage\"},\"image\":{\"@id\":\"https:\/\/prefeitosegestoes.com.br\/portal\/apos-cinco-anos-brasil-recupera-certificado-de-pais-livre-do-sarampo\/#primaryimage\"},\"thumbnailUrl\":\"https:\/\/prefeitosegestoes.com.br\/portal\/wp-content\/uploads\/2024\/11\/dsc8071-1.webp\",\"datePublished\":\"2024-11-12T21:12:58+00:00\",\"breadcrumb\":{\"@id\":\"https:\/\/prefeitosegestoes.com.br\/portal\/apos-cinco-anos-brasil-recupera-certificado-de-pais-livre-do-sarampo\/#breadcrumb\"},\"inLanguage\":\"pt-BR\",\"potentialAction\":[{\"@type\":\"ReadAction\",\"target\":[\"https:\/\/prefeitosegestoes.com.br\/portal\/apos-cinco-anos-brasil-recupera-certificado-de-pais-livre-do-sarampo\/\"]}]},{\"@type\":\"ImageObject\",\"inLanguage\":\"pt-BR\",\"@id\":\"https:\/\/prefeitosegestoes.com.br\/portal\/apos-cinco-anos-brasil-recupera-certificado-de-pais-livre-do-sarampo\/#primaryimage\",\"url\":\"https:\/\/prefeitosegestoes.com.br\/portal\/wp-content\/uploads\/2024\/11\/dsc8071-1.webp\",\"contentUrl\":\"https:\/\/prefeitosegestoes.com.br\/portal\/wp-content\/uploads\/2024\/11\/dsc8071-1.webp\",\"width\":1024,\"height\":768},{\"@type\":\"BreadcrumbList\",\"@id\":\"https:\/\/prefeitosegestoes.com.br\/portal\/apos-cinco-anos-brasil-recupera-certificado-de-pais-livre-do-sarampo\/#breadcrumb\",\"itemListElement\":[{\"@type\":\"ListItem\",\"position\":1,\"name\":\"In\u00edcio\",\"item\":\"https:\/\/prefeitosegestoes.com.br\/portal\/\"},{\"@type\":\"ListItem\",\"position\":2,\"name\":\"Ap\u00f3s cinco anos, Brasil recupera certificado de pa\u00eds livre do sarampo\"}]},{\"@type\":\"WebSite\",\"@id\":\"https:\/\/prefeitosegestoes.com.br\/portal\/#website\",\"url\":\"https:\/\/prefeitosegestoes.com.br\/portal\/\",\"name\":\"Prefeitos & Gest\u00f5es\",\"description\":\"\",\"publisher\":{\"@id\":\"https:\/\/prefeitosegestoes.com.br\/portal\/#organization\"},\"potentialAction\":[{\"@type\":\"SearchAction\",\"target\":{\"@type\":\"EntryPoint\",\"urlTemplate\":\"https:\/\/prefeitosegestoes.com.br\/portal\/?s={search_term_string}\"},\"query-input\":{\"@type\":\"PropertyValueSpecification\",\"valueRequired\":true,\"valueName\":\"search_term_string\"}}],\"inLanguage\":\"pt-BR\"},{\"@type\":\"Organization\",\"@id\":\"https:\/\/prefeitosegestoes.com.br\/portal\/#organization\",\"name\":\"Prefeitos & Gest\u00f5es\",\"url\":\"https:\/\/prefeitosegestoes.com.br\/portal\/\",\"logo\":{\"@type\":\"ImageObject\",\"inLanguage\":\"pt-BR\",\"@id\":\"https:\/\/prefeitosegestoes.com.br\/portal\/#\/schema\/logo\/image\/\",\"url\":\"https:\/\/prefeitosegestoes.com.br\/portal\/wp-content\/uploads\/2024\/10\/lg_trans_prefeitos_2024_preto2.png\",\"contentUrl\":\"https:\/\/prefeitosegestoes.com.br\/portal\/wp-content\/uploads\/2024\/10\/lg_trans_prefeitos_2024_preto2.png\",\"width\":199,\"height\":122,\"caption\":\"Prefeitos & Gest\u00f5es\"},\"image\":{\"@id\":\"https:\/\/prefeitosegestoes.com.br\/portal\/#\/schema\/logo\/image\/\"},\"sameAs\":[\"https:\/\/www.facebook.com\/prefeitosonline\",\"https:\/\/x.com\/PrefGestoes\"]},{\"@type\":\"Person\",\"@id\":\"https:\/\/prefeitosegestoes.com.br\/portal\/#\/schema\/person\/d00059f2ec99963e7e1850d448ae94b8\",\"name\":\"Prefeitos &amp; Gest\u00f5es\",\"image\":{\"@type\":\"ImageObject\",\"inLanguage\":\"pt-BR\",\"@id\":\"https:\/\/secure.gravatar.com\/avatar\/738fb281e479212ed32c1a21a4307dda9f3af9292edb6918a16c9ce9fff5f48d?s=96&d=mm&r=g\",\"url\":\"https:\/\/secure.gravatar.com\/avatar\/738fb281e479212ed32c1a21a4307dda9f3af9292edb6918a16c9ce9fff5f48d?s=96&d=mm&r=g\",\"contentUrl\":\"https:\/\/secure.gravatar.com\/avatar\/738fb281e479212ed32c1a21a4307dda9f3af9292edb6918a16c9ce9fff5f48d?s=96&d=mm&r=g\",\"caption\":\"Prefeitos &amp; Gest\u00f5es\"},\"url\":\"https:\/\/prefeitosegestoes.com.br\/portal\/author\/prefeitosegestoes\/\"}]}<\/script>\n<!-- \/ Yoast SEO plugin. -->","yoast_head_json":{"title":"Ap\u00f3s cinco anos, Brasil recupera certificado de pa\u00eds livre do sarampo - Prefeitos &amp; Gest\u00f5es","robots":{"index":"index","follow":"follow","max-snippet":"max-snippet:-1","max-image-preview":"max-image-preview:large","max-video-preview":"max-video-preview:-1"},"canonical":"https:\/\/prefeitosegestoes.com.br\/portal\/apos-cinco-anos-brasil-recupera-certificado-de-pais-livre-do-sarampo\/","og_locale":"pt_BR","og_type":"article","og_title":"Ap\u00f3s cinco anos, Brasil recupera certificado de pa\u00eds livre do sarampo - Prefeitos &amp; Gest\u00f5es","og_description":"Foto:Tomaz Silva\/Ag\u00eancia Brasil Recertifica\u00e7\u00e3o foi entregue pela Organiza\u00e7\u00e3o Pan-Americana da Sa\u00fade (OPAS). Pa\u00eds n\u00e3o registra caso de sarampo desde 2022. Por\u00a0Mariana Garcia, g1 12\/11\/2024 12h08\u00a0\u00a0Atualizado\u00a0h\u00e1 uma hora O Brasil est\u00e1, novamente, livre do sarampo. Nesta ter\u00e7a-feira (12), a Organiza\u00e7\u00e3o Pan-Americana da Sa\u00fade (OPAS) entregou ao Minist\u00e9rio da Sa\u00fade a\u00a0recertifica\u00e7\u00e3o de elimina\u00e7\u00e3o do sarampo, rub\u00e9ola e [&hellip;]","og_url":"https:\/\/prefeitosegestoes.com.br\/portal\/apos-cinco-anos-brasil-recupera-certificado-de-pais-livre-do-sarampo\/","og_site_name":"Prefeitos &amp; Gest\u00f5es","article_publisher":"https:\/\/www.facebook.com\/prefeitosonline","article_published_time":"2024-11-12T21:12:58+00:00","og_image":[{"width":1024,"height":768,"url":"https:\/\/prefeitosegestoes.com.br\/portal\/wp-content\/uploads\/2024\/11\/dsc8071-1.webp","type":"image\/webp"}],"author":"Prefeitos &amp; Gest\u00f5es","twitter_card":"summary_large_image","twitter_creator":"@PrefGestoes","twitter_site":"@PrefGestoes","twitter_misc":{"Escrito por":"Prefeitos &amp; Gest\u00f5es","Est. tempo de leitura":"3 minutos"},"schema":{"@context":"https:\/\/schema.org","@graph":[{"@type":"Article","@id":"https:\/\/prefeitosegestoes.com.br\/portal\/apos-cinco-anos-brasil-recupera-certificado-de-pais-livre-do-sarampo\/#article","isPartOf":{"@id":"https:\/\/prefeitosegestoes.com.br\/portal\/apos-cinco-anos-brasil-recupera-certificado-de-pais-livre-do-sarampo\/"},"author":{"name":"Prefeitos &amp; Gest\u00f5es","@id":"https:\/\/prefeitosegestoes.com.br\/portal\/#\/schema\/person\/d00059f2ec99963e7e1850d448ae94b8"},"headline":"Ap\u00f3s cinco anos, Brasil recupera certificado de pa\u00eds livre do sarampo","datePublished":"2024-11-12T21:12:58+00:00","mainEntityOfPage":{"@id":"https:\/\/prefeitosegestoes.com.br\/portal\/apos-cinco-anos-brasil-recupera-certificado-de-pais-livre-do-sarampo\/"},"wordCount":694,"commentCount":0,"publisher":{"@id":"https:\/\/prefeitosegestoes.com.br\/portal\/#organization"},"image":{"@id":"https:\/\/prefeitosegestoes.com.br\/portal\/apos-cinco-anos-brasil-recupera-certificado-de-pais-livre-do-sarampo\/#primaryimage"},"thumbnailUrl":"https:\/\/prefeitosegestoes.com.br\/portal\/wp-content\/uploads\/2024\/11\/dsc8071-1.webp","keywords":["Imuniza\u00e7\u00e3o","Minist\u00e9rio","Recertifica\u00e7\u00e3o","Sarampo","Sa\u00fade","Vacina"],"articleSection":["Destaques"],"inLanguage":"pt-BR","potentialAction":[{"@type":"CommentAction","name":"Comment","target":["https:\/\/prefeitosegestoes.com.br\/portal\/apos-cinco-anos-brasil-recupera-certificado-de-pais-livre-do-sarampo\/#respond"]}]},{"@type":"WebPage","@id":"https:\/\/prefeitosegestoes.com.br\/portal\/apos-cinco-anos-brasil-recupera-certificado-de-pais-livre-do-sarampo\/","url":"https:\/\/prefeitosegestoes.com.br\/portal\/apos-cinco-anos-brasil-recupera-certificado-de-pais-livre-do-sarampo\/","name":"Ap\u00f3s cinco anos, Brasil recupera certificado de pa\u00eds livre do sarampo - Prefeitos &amp; Gest\u00f5es","isPartOf":{"@id":"https:\/\/prefeitosegestoes.com.br\/portal\/#website"},"primaryImageOfPage":{"@id":"https:\/\/prefeitosegestoes.com.br\/portal\/apos-cinco-anos-brasil-recupera-certificado-de-pais-livre-do-sarampo\/#primaryimage"},"image":{"@id":"https:\/\/prefeitosegestoes.com.br\/portal\/apos-cinco-anos-brasil-recupera-certificado-de-pais-livre-do-sarampo\/#primaryimage"},"thumbnailUrl":"https:\/\/prefeitosegestoes.com.br\/portal\/wp-content\/uploads\/2024\/11\/dsc8071-1.webp","datePublished":"2024-11-12T21:12:58+00:00","breadcrumb":{"@id":"https:\/\/prefeitosegestoes.com.br\/portal\/apos-cinco-anos-brasil-recupera-certificado-de-pais-livre-do-sarampo\/#breadcrumb"},"inLanguage":"pt-BR","potentialAction":[{"@type":"ReadAction","target":["https:\/\/prefeitosegestoes.com.br\/portal\/apos-cinco-anos-brasil-recupera-certificado-de-pais-livre-do-sarampo\/"]}]},{"@type":"ImageObject","inLanguage":"pt-BR","@id":"https:\/\/prefeitosegestoes.com.br\/portal\/apos-cinco-anos-brasil-recupera-certificado-de-pais-livre-do-sarampo\/#primaryimage","url":"https:\/\/prefeitosegestoes.com.br\/portal\/wp-content\/uploads\/2024\/11\/dsc8071-1.webp","contentUrl":"https:\/\/prefeitosegestoes.com.br\/portal\/wp-content\/uploads\/2024\/11\/dsc8071-1.webp","width":1024,"height":768},{"@type":"BreadcrumbList","@id":"https:\/\/prefeitosegestoes.com.br\/portal\/apos-cinco-anos-brasil-recupera-certificado-de-pais-livre-do-sarampo\/#breadcrumb","itemListElement":[{"@type":"ListItem","position":1,"name":"In\u00edcio","item":"https:\/\/prefeitosegestoes.com.br\/portal\/"},{"@type":"ListItem","position":2,"name":"Ap\u00f3s cinco anos, Brasil recupera certificado de pa\u00eds livre do sarampo"}]},{"@type":"WebSite","@id":"https:\/\/prefeitosegestoes.com.br\/portal\/#website","url":"https:\/\/prefeitosegestoes.com.br\/portal\/","name":"Prefeitos & Gest\u00f5es","description":"","publisher":{"@id":"https:\/\/prefeitosegestoes.com.br\/portal\/#organization"},"potentialAction":[{"@type":"SearchAction","target":{"@type":"EntryPoint","urlTemplate":"https:\/\/prefeitosegestoes.com.br\/portal\/?s={search_term_string}"},"query-input":{"@type":"PropertyValueSpecification","valueRequired":true,"valueName":"search_term_string"}}],"inLanguage":"pt-BR"},{"@type":"Organization","@id":"https:\/\/prefeitosegestoes.com.br\/portal\/#organization","name":"Prefeitos & Gest\u00f5es","url":"https:\/\/prefeitosegestoes.com.br\/portal\/","logo":{"@type":"ImageObject","inLanguage":"pt-BR","@id":"https:\/\/prefeitosegestoes.com.br\/portal\/#\/schema\/logo\/image\/","url":"https:\/\/prefeitosegestoes.com.br\/portal\/wp-content\/uploads\/2024\/10\/lg_trans_prefeitos_2024_preto2.png","contentUrl":"https:\/\/prefeitosegestoes.com.br\/portal\/wp-content\/uploads\/2024\/10\/lg_trans_prefeitos_2024_preto2.png","width":199,"height":122,"caption":"Prefeitos & Gest\u00f5es"},"image":{"@id":"https:\/\/prefeitosegestoes.com.br\/portal\/#\/schema\/logo\/image\/"},"sameAs":["https:\/\/www.facebook.com\/prefeitosonline","https:\/\/x.com\/PrefGestoes"]},{"@type":"Person","@id":"https:\/\/prefeitosegestoes.com.br\/portal\/#\/schema\/person\/d00059f2ec99963e7e1850d448ae94b8","name":"Prefeitos &amp; Gest\u00f5es","image":{"@type":"ImageObject","inLanguage":"pt-BR","@id":"https:\/\/secure.gravatar.com\/avatar\/738fb281e479212ed32c1a21a4307dda9f3af9292edb6918a16c9ce9fff5f48d?s=96&d=mm&r=g","url":"https:\/\/secure.gravatar.com\/avatar\/738fb281e479212ed32c1a21a4307dda9f3af9292edb6918a16c9ce9fff5f48d?s=96&d=mm&r=g","contentUrl":"https:\/\/secure.gravatar.com\/avatar\/738fb281e479212ed32c1a21a4307dda9f3af9292edb6918a16c9ce9fff5f48d?s=96&d=mm&r=g","caption":"Prefeitos &amp; Gest\u00f5es"},"url":"https:\/\/prefeitosegestoes.com.br\/portal\/author\/prefeitosegestoes\/"}]}},"_links":{"self":[{"href":"https:\/\/prefeitosegestoes.com.br\/portal\/wp-json\/wp\/v2\/posts\/2831","targetHints":{"allow":["GET"]}}],"collection":[{"href":"https:\/\/prefeitosegestoes.com.br\/portal\/wp-json\/wp\/v2\/posts"}],"about":[{"href":"https:\/\/prefeitosegestoes.com.br\/portal\/wp-json\/wp\/v2\/types\/post"}],"author":[{"embeddable":true,"href":"https:\/\/prefeitosegestoes.com.br\/portal\/wp-json\/wp\/v2\/users\/2"}],"replies":[{"embeddable":true,"href":"https:\/\/prefeitosegestoes.com.br\/portal\/wp-json\/wp\/v2\/comments?post=2831"}],"version-history":[{"count":1,"href":"https:\/\/prefeitosegestoes.com.br\/portal\/wp-json\/wp\/v2\/posts\/2831\/revisions"}],"predecessor-version":[{"id":2833,"href":"https:\/\/prefeitosegestoes.com.br\/portal\/wp-json\/wp\/v2\/posts\/2831\/revisions\/2833"}],"wp:featuredmedia":[{"embeddable":true,"href":"https:\/\/prefeitosegestoes.com.br\/portal\/wp-json\/wp\/v2\/media\/2832"}],"wp:attachment":[{"href":"https:\/\/prefeitosegestoes.com.br\/portal\/wp-json\/wp\/v2\/media?parent=2831"}],"wp:term":[{"taxonomy":"category","embeddable":true,"href":"https:\/\/prefeitosegestoes.com.br\/portal\/wp-json\/wp\/v2\/categories?post=2831"},{"taxonomy":"post_tag","embeddable":true,"href":"https:\/\/prefeitosegestoes.com.br\/portal\/wp-json\/wp\/v2\/tags?post=2831"}],"curies":[{"name":"wp","href":"https:\/\/api.w.org\/{rel}","templated":true}]}}