{"id":2826,"date":"2024-11-12T17:54:05","date_gmt":"2024-11-12T20:54:05","guid":{"rendered":"https:\/\/prefeitosegestoes.com.br\/portal\/?p=2826"},"modified":"2024-11-12T17:54:05","modified_gmt":"2024-11-12T20:54:05","slug":"previdencia-dos-militares-vai-entrar-na-contencao-de-gastos-do-governo","status":"publish","type":"post","link":"https:\/\/prefeitosegestoes.com.br\/portal\/previdencia-dos-militares-vai-entrar-na-contencao-de-gastos-do-governo\/","title":{"rendered":"Previd\u00eancia dos militares vai entrar na conten\u00e7\u00e3o de gastos do governo"},"content":{"rendered":"<div class=\"mc-article-header\">\n<div class=\"top__signature mc-column  top__signature--padded\">\n<div class=\"top__signature__text\">\n<h6 class=\"top__signature__text__author-name\">Foto: Rafa Neddermeyer\/Ag\u00eancia Brasil<\/h6>\n<p class=\"top__signature__text__author-name\">Por Valdo Cruz<\/p>\n<p class=\"top__signature__text__biography\">Comentarista de pol\u00edtica e economia da GloboNews.<\/p>\n<\/div>\n<\/div>\n<div class=\"row content-head mc-column non-featured profiled\">\n<div class=\"title\" data-block-type=\"title\" data-block-id=\"0\">\n<h1 class=\"content-head__title\">Chamados a contribuir com o pacote fiscal, militares aceitam mudan\u00e7as pontuais no sistema de previd\u00eancia da corpora\u00e7\u00e3o<\/h1>\n<\/div>\n<\/div>\n<div class=\"content__signa-share mc-column\">\n<div class=\"content__signature\">\n<div class=\"content-publication-data\">\n<div class=\"content-publication-data__text\">\n<p class=\"content-publication-data__from\" title=\"{}\">g1 e GloboNews\u00a0\u2014 Bras\u00edlia<\/p>\n<p class=\"content-publication-data__updated\"><time datetime=\"2024-11-12T12:31:24.688Z\">12\/11\/2024 09h31\u00a0<\/time><span class=\"content-publication-data__updated-relative\">\u00a0<time datetime=\"2024-11-12T15:55:13.680Z\">Atualizado\u00a0<time datetime=\"2024-11-12T15:55:13.680Z\">h\u00e1 4 horas<\/time><\/time><\/span><\/p>\n<\/div>\n<\/div>\n<\/div>\n<\/div>\n<div class=\"glb-share-bar content__share-bar\">\n<div class=\"glb-share-bar_icons\">\n<div class=\"glb-share-bar_button-img\"><\/div>\n<\/div>\n<\/div>\n<\/div>\n<div class=\"mc-article-body\">\n<article>\n<div id=\"chunk-cl517\">\n<div class=\"row medium-uncollapsed content-media content-photo\" data-block-type=\"backstage-photo\" data-block-id=\"1\">\n<div class=\" mc-column  content-media__container\">\n<div class=\"content-media-container glb-skeleton-box\">\n<figure class=\"content-media-figure\"><img decoding=\"async\" class=\"i-amphtml-fill-content i-amphtml-replaced-content\" src=\"https:\/\/s2-g1.glbimg.com\/7QNIVh6yAH4xokKahqBzn48YPc8=\/0x0:1920x1080\/984x0\/smart\/filters:strip_icc()\/i.s3.glbimg.com\/v1\/AUTH_59edd422c0c84a879bd37670ae4f538a\/internal_photos\/bs\/2022\/B\/X\/UYeigwTNSKDCztvmA8dA\/f1241-tiro-ministerio-defesa-19112022-frame-3442.jpeg\" sizes=\"(max-width: 1680px) 648px, 100vw\" srcset=\"https:\/\/s2-g1.glbimg.com\/lMNlm_L-36PQ6NJ2BQYk1GxLN4I=\/0x0:1920x1080\/1000x0\/smart\/filters:strip_icc()\/i.s3.glbimg.com\/v1\/AUTH_59edd422c0c84a879bd37670ae4f538a\/internal_photos\/bs\/2022\/B\/X\/UYeigwTNSKDCztvmA8dA\/f1241-tiro-ministerio-defesa-19112022-frame-3442.jpeg 1000w, https:\/\/s2-g1.glbimg.com\/7QNIVh6yAH4xokKahqBzn48YPc8=\/0x0:1920x1080\/984x0\/smart\/filters:strip_icc()\/i.s3.glbimg.com\/v1\/AUTH_59edd422c0c84a879bd37670ae4f538a\/internal_photos\/bs\/2022\/B\/X\/UYeigwTNSKDCztvmA8dA\/f1241-tiro-ministerio-defesa-19112022-frame-3442.jpeg 984w, https:\/\/s2-g1.glbimg.com\/eQhXH0BWzJpzq__ksZvxhtbzwUk=\/0x0:1920x1080\/640x0\/smart\/filters:strip_icc()\/i.s3.glbimg.com\/v1\/AUTH_59edd422c0c84a879bd37670ae4f538a\/internal_photos\/bs\/2022\/B\/X\/UYeigwTNSKDCztvmA8dA\/f1241-tiro-ministerio-defesa-19112022-frame-3442.jpeg 640w, https:\/\/s2-g1.glbimg.com\/w-GIHQZxHG1KNOMygQhfi_vJ64c=\/0x0:1920x1080\/600x0\/smart\/filters:strip_icc()\/i.s3.glbimg.com\/v1\/AUTH_59edd422c0c84a879bd37670ae4f538a\/internal_photos\/bs\/2022\/B\/X\/UYeigwTNSKDCztvmA8dA\/f1241-tiro-ministerio-defesa-19112022-frame-3442.jpeg 600w\" alt=\"Fachada do Minist\u00e9rio da Defesa, em Bras\u00edlia \u2014 Foto: TV Globo\/Reprodu\u00e7\u00e3o\" \/><\/figure>\n<\/div>\n<p class=\"content-media__description  \">Fachada do Minist\u00e9rio da Defesa, em Bras\u00edlia \u2014 Foto: TV Globo\/Reprodu\u00e7\u00e3o<\/p>\n<\/div>\n<\/div>\n<\/div>\n<div id=\"chunk-51l6h\">\n<div class=\"mc-column content-text active-extra-styles \" data-block-type=\"unstyled\" data-block-weight=\"32\" data-block-id=\"2\">\n<p class=\" content-text__container \" data-track-category=\"Link no Texto\" data-track-links=\"\" data-mrf-recirculation=\"Artigo - Links Texto\">O presidente\u00a0<a class=\"\" href=\"https:\/\/g1.globo.com\/tudo-sobre\/luiz-inacio-lula-da-silva\/\" data-mrf-link=\"https:\/\/g1.globo.com\/tudo-sobre\/luiz-inacio-lula-da-silva\/\">Luiz In\u00e1cio Lula da Silva<\/a>\u00a0(PT) decidiu incluir o\u00a0<a class=\"\" href=\"https:\/\/g1.globo.com\/tudo-sobre\/ministerio-da-defesa\/\" data-mrf-link=\"https:\/\/g1.globo.com\/tudo-sobre\/ministerio-da-defesa\/\">Minist\u00e9rio da Defesa<\/a>\u00a0<strong>no esfor\u00e7o fiscal para zerar o d\u00e9ficit p\u00fablico<\/strong>\u00a0no ano que vem e refor\u00e7ar o arcabou\u00e7o fiscal.<\/p>\n<\/div>\n<\/div>\n<div class=\"wall protected-content\">\n<div id=\"chunk-8rnpq\">\n<div class=\"mc-column content-text active-extra-styles \" data-block-type=\"unstyled\" data-block-weight=\"16\" data-block-id=\"4\">\n<p class=\" content-text__container \" data-track-category=\"Link no Texto\" data-track-links=\"\" data-mrf-recirculation=\"Artigo - Links Texto\">Os militares resistem a uma mudan\u00e7a radical no sistema previdenci\u00e1rio deles, mas aceitam mudan\u00e7as pontuais.<\/p>\n<\/div>\n<\/div>\n<div id=\"chunk-9hkga\">\n<div class=\"mc-column content-text active-extra-styles \" data-block-type=\"unstyled\" data-block-weight=\"16\" data-block-id=\"5\">\n<p class=\" content-text__container \" data-track-category=\"Link no Texto\" data-track-links=\"\" data-mrf-recirculation=\"Artigo - Links Texto\">Cobram, por outro lado, altera\u00e7\u00f5es tamb\u00e9m em outros sistemas de previd\u00eancia de carreiras de Estado.<\/p>\n<\/div>\n<\/div>\n<div id=\"chunk-di1mm\">\n<div class=\"mc-column content-text active-extra-styles \" data-block-type=\"unstyled\" data-block-weight=\"28\" data-block-id=\"6\">\n<p class=\" content-text__container \" data-track-category=\"Link no Texto\" data-track-links=\"\" data-mrf-recirculation=\"Artigo - Links Texto\">Citam, por exemplo, o Judici\u00e1rio, que tem um sistema com supersal\u00e1rios e aposentadorias elevadas. Segundo militares, &#8220;n\u00e3o \u00e9 justo que apenas eles contribuam com mais cortes na Previd\u00eancia&#8221;.<\/p>\n<\/div>\n<\/div>\n<div id=\"chunk-ef06l\">\n<div class=\"mc-column content-text active-extra-styles \" data-block-type=\"unstyled\" data-block-weight=\"29\" data-block-id=\"7\">\n<p class=\" content-text__container \" data-track-category=\"Link no Texto\" data-track-links=\"\" data-mrf-recirculation=\"Artigo - Links Texto\">Em 2019, o Sistema de Prote\u00e7\u00e3o Social dos Militares das For\u00e7as Armadas sofreu uma reforma, que reestruturou a carreira, aumentou o tempo de servi\u00e7o e a al\u00edquota de contribui\u00e7\u00e3o.<\/p>\n<\/div>\n<\/div>\n<div id=\"chunk-ffgq2\">\n<div class=\"mc-column content-text active-extra-styles \" data-block-type=\"unstyled\" data-block-weight=\"25\" data-block-id=\"9\">\n<p class=\" content-text__container \" data-track-category=\"Link no Texto\" data-track-links=\"\" data-mrf-recirculation=\"Artigo - Links Texto\">Na reforma feita no governo Bolsonaro, alguns benef\u00edcios foram mantidos ou at\u00e9 melhorados. Entre eles, a indeniza\u00e7\u00e3o quando o militar passa para a reserva.<\/p>\n<\/div>\n<\/div>\n<div id=\"chunk-5a2b1\">\n<div class=\"mc-column content-text active-extra-styles \" data-block-type=\"unstyled\" data-block-weight=\"19\" data-block-id=\"10\">\n<p class=\" content-text__container \" data-track-category=\"Link no Texto\" data-track-links=\"\" data-mrf-recirculation=\"Artigo - Links Texto\">A reforma de 2019\u00a0<strong>elevou de quatro para oito<\/strong> os vencimentos que os militares recebem na hora da aposentadoria.<\/p>\n<\/div>\n<\/div>\n<div id=\"chunk-560o4\">\n<div class=\"mc-column content-text active-extra-styles \" data-block-type=\"unstyled\" data-block-weight=\"23\" data-block-id=\"12\">\n<p class=\" content-text__container \" data-track-category=\"Link no Texto\" data-track-links=\"\" data-mrf-recirculation=\"Artigo - Links Texto\">Os militares lembram que eles n\u00e3o se aposentam, mas passam para a reserva remunerada. Essa indeniza\u00e7\u00e3o pode voltar a quatro vencimentos ou reduzida.<\/p>\n<\/div>\n<\/div>\n<div id=\"chunk-eso7g\">\n<div class=\"mc-column content-text active-extra-styles \" data-block-type=\"unstyled\" data-block-weight=\"39\" data-block-id=\"13\">\n<p class=\" content-text__container \" data-track-category=\"Link no Texto\" data-track-links=\"\" data-mrf-recirculation=\"Artigo - Links Texto\">Outra mudan\u00e7a que pode ser feita se refere \u00e0 pens\u00e3o de filha solteiras de militares. O benef\u00edcio foi extinto a partir de 2001, mas mantido para os militares que entraram nas For\u00e7as Armadas at\u00e9 o ano de 2000.<\/p>\n<\/div>\n<\/div>\n<div id=\"chunk-3aqum\">\n<div class=\"mc-column content-text active-extra-styles \" data-block-type=\"unstyled\" data-block-weight=\"14\" data-block-id=\"15\">\n<p class=\" content-text__container \" data-track-category=\"Link no Texto\" data-track-links=\"\" data-mrf-recirculation=\"Artigo - Links Texto\">Agora, a mudan\u00e7a pode ocorrer tamb\u00e9m para quem j\u00e1 estava na corpora\u00e7\u00e3o naquele ano.<\/p>\n<\/div>\n<\/div>\n<div id=\"chunk-5j0qs\">\n<div class=\"mc-column content-text active-extra-styles \" data-block-type=\"unstyled\" data-block-weight=\"34\" data-block-id=\"16\">\n<p class=\" content-text__container \" data-track-category=\"Link no Texto\" data-track-links=\"\" data-mrf-recirculation=\"Artigo - Links Texto\">O governo discute ainda acabar com a chamada pens\u00e3o por morte ficta, concedida \u00e0 mulher de um militar quando ele \u00e9 expulso das For\u00e7as Armadas por irregularidades cometidas no seu per\u00edodo da ativa.<\/p>\n<\/div>\n<\/div>\n<div id=\"chunk-220ae\">\n<div class=\"mc-column content-text active-extra-styles \" data-block-type=\"unstyled\" data-block-weight=\"16\" data-block-id=\"18\">\n<p class=\" content-text__container \" data-track-category=\"Link no Texto\" data-track-links=\"\" data-mrf-recirculation=\"Artigo - Links Texto\">Hoje, ele \u00e9 expulso, mas \u00e9 como se estivesse morto, com sua mulher recebendo uma pens\u00e3o.<\/p>\n<\/div>\n<\/div>\n<div id=\"chunk-5ou7l\">\n<div class=\"mc-column content-text active-extra-styles \" data-block-type=\"unstyled\" data-block-weight=\"34\" data-block-id=\"19\">\n<p class=\" content-text__container \" data-track-category=\"Link no Texto\" data-track-links=\"\" data-mrf-recirculation=\"Artigo - Links Texto\">Relat\u00f3rio do\u00a0<a class=\"\" href=\"https:\/\/g1.globo.com\/tudo-sobre\/tribunal-de-contas-da-uniao\/\" data-mrf-link=\"https:\/\/g1.globo.com\/tudo-sobre\/tribunal-de-contas-da-uniao\/\">Tribunal de Contas da Uni\u00e3o<\/a>\u00a0(TCU) divulgado recentemente mostrou que os militares arrecadam cerca de R$ 9,1 bilh\u00f5es para o sistema de prote\u00e7\u00e3o social deles, enquanto o gasto atinge R$ 58,8 bilh\u00f5es.<\/p>\n<\/div>\n<\/div>\n<div id=\"chunk-3nb8t\">\n<div class=\"mc-column content-text active-extra-styles \" data-block-type=\"unstyled\" data-block-weight=\"11\" data-block-id=\"20\">\n<p class=\" content-text__container \" data-track-category=\"Link no Texto\" data-track-links=\"\" data-mrf-recirculation=\"Artigo - Links Texto\">O TCU defendeu mudan\u00e7as no sistema de Previd\u00eancia dos militares.<\/p>\n<\/div>\n<\/div>\n<div id=\"chunk-8brka\">\n<div class=\"mc-column content-text active-extra-styles \" data-block-type=\"unstyled\" data-block-weight=\"27\" data-block-id=\"22\">\n<p class=\" content-text__container \" data-track-category=\"Link no Texto\" data-track-links=\"\" data-mrf-recirculation=\"Artigo - Links Texto\">Dentro das For\u00e7as Armadas, a avalia\u00e7\u00e3o \u00e9 que os militares podem contribuir e que, para preservar o essencial do sistema deles, aceitam mudan\u00e7as em alguns benef\u00edcios.<\/p>\n<\/div>\n<\/div>\n<div id=\"chunk-30s4n\">\n<div class=\"mc-column content-text active-extra-styles \" data-block-type=\"unstyled\" data-block-weight=\"16\" data-block-id=\"23\">\n<p class=\" content-text__container \" data-track-category=\"Link no Texto\" data-track-links=\"\" data-mrf-recirculation=\"Artigo - Links Texto\">Lula decidiu incluir o Minist\u00e9rio da Defesa depois de arbitrar um corte menor nos minist\u00e9rios sociais.<\/p>\n<\/div>\n<\/div>\n<div id=\"chunk-fse2f\">\n<div class=\"mc-column content-text active-extra-styles \" data-block-type=\"unstyled\" data-block-weight=\"30\" data-block-id=\"24\">\n<p class=\" content-text__container \" data-track-category=\"Link no Texto\" data-track-links=\"\" data-mrf-recirculation=\"Artigo - Links Texto\">O ministro da Defesa, Jos\u00e9 M\u00facio, deve se encontrar at\u00e9 esta quarta-feira (13) com o ministro da Fazenda,\u00a0<a class=\"\" href=\"https:\/\/g1.globo.com\/politica\/politico\/fernando-haddad\/\" data-mrf-link=\"https:\/\/g1.globo.com\/politica\/politico\/fernando-haddad\/\">Fernando Haddad<\/a>, para discutir altera\u00e7\u00f5es no sistema de prote\u00e7\u00e3o social dos militares.<\/p>\n<p data-track-category=\"Link no Texto\" data-track-links=\"\" data-mrf-recirculation=\"Artigo - Links Texto\">Fonte G1<\/p>\n<\/div>\n<\/div>\n<\/div>\n<\/article>\n<\/div>\n","protected":false},"excerpt":{"rendered":"<p>Foto: Rafa Neddermeyer\/Ag\u00eancia Brasil Por Valdo Cruz Comentarista de pol\u00edtica e economia da GloboNews. Chamados a contribuir com o pacote fiscal, militares aceitam mudan\u00e7as pontuais no sistema de previd\u00eancia da corpora\u00e7\u00e3o g1 e GloboNews\u00a0\u2014 Bras\u00edlia 12\/11\/2024 09h31\u00a0\u00a0Atualizado\u00a0h\u00e1 4 horas Fachada do Minist\u00e9rio da Defesa, em Bras\u00edlia \u2014 Foto: TV Globo\/Reprodu\u00e7\u00e3o O presidente\u00a0Luiz In\u00e1cio Lula da [&hellip;]<\/p>\n","protected":false},"author":2,"featured_media":2827,"comment_status":"open","ping_status":"open","sticky":false,"template":"","format":"standard","meta":{"rop_custom_images_group":[],"rop_custom_messages_group":[],"rop_publish_now":"initial","rop_publish_now_accounts":{"twitter_850042665852968960_850042665852968960":""},"rop_publish_now_history":[],"rop_publish_now_status":"pending","footnotes":""},"categories":[15],"tags":[227,226,228,229,224,225],"class_list":["post-2826","post","type-post","status-publish","format-standard","has-post-thumbnail","hentry","category-destaques","tag-beneficio","tag-corporacao","tag-gastos","tag-governo","tag-militares","tag-previdencia"],"yoast_head":"<!-- This site is optimized with the Yoast SEO plugin v27.2 - https:\/\/yoast.com\/product\/yoast-seo-wordpress\/ -->\n<title>Previd\u00eancia dos militares vai entrar na conten\u00e7\u00e3o de gastos do governo - Prefeitos &amp; Gest\u00f5es<\/title>\n<meta name=\"robots\" content=\"index, follow, max-snippet:-1, max-image-preview:large, max-video-preview:-1\" \/>\n<link rel=\"canonical\" href=\"https:\/\/prefeitosegestoes.com.br\/portal\/previdencia-dos-militares-vai-entrar-na-contencao-de-gastos-do-governo\/\" \/>\n<meta property=\"og:locale\" content=\"pt_BR\" \/>\n<meta property=\"og:type\" content=\"article\" \/>\n<meta property=\"og:title\" content=\"Previd\u00eancia dos militares vai entrar na conten\u00e7\u00e3o de gastos do governo - Prefeitos &amp; Gest\u00f5es\" \/>\n<meta property=\"og:description\" content=\"Foto: Rafa Neddermeyer\/Ag\u00eancia Brasil Por Valdo Cruz Comentarista de pol\u00edtica e economia da GloboNews. Chamados a contribuir com o pacote fiscal, militares aceitam mudan\u00e7as pontuais no sistema de previd\u00eancia da corpora\u00e7\u00e3o g1 e GloboNews\u00a0\u2014 Bras\u00edlia 12\/11\/2024 09h31\u00a0\u00a0Atualizado\u00a0h\u00e1 4 horas Fachada do Minist\u00e9rio da Defesa, em Bras\u00edlia \u2014 Foto: TV Globo\/Reprodu\u00e7\u00e3o O presidente\u00a0Luiz In\u00e1cio Lula da [&hellip;]\" \/>\n<meta property=\"og:url\" content=\"https:\/\/prefeitosegestoes.com.br\/portal\/previdencia-dos-militares-vai-entrar-na-contencao-de-gastos-do-governo\/\" \/>\n<meta property=\"og:site_name\" content=\"Prefeitos &amp; Gest\u00f5es\" \/>\n<meta property=\"article:publisher\" content=\"https:\/\/www.facebook.com\/prefeitosonline\" \/>\n<meta property=\"article:published_time\" content=\"2024-11-12T20:54:05+00:00\" \/>\n<meta property=\"og:image\" content=\"https:\/\/prefeitosegestoes.com.br\/portal\/wp-content\/uploads\/2024\/11\/raf03963.webp\" \/>\n\t<meta property=\"og:image:width\" content=\"1024\" \/>\n\t<meta property=\"og:image:height\" content=\"768\" \/>\n\t<meta property=\"og:image:type\" content=\"image\/webp\" \/>\n<meta name=\"author\" content=\"Prefeitos &amp; Gest\u00f5es\" \/>\n<meta name=\"twitter:card\" content=\"summary_large_image\" \/>\n<meta name=\"twitter:creator\" content=\"@PrefGestoes\" \/>\n<meta name=\"twitter:site\" content=\"@PrefGestoes\" \/>\n<meta name=\"twitter:label1\" content=\"Escrito por\" \/>\n\t<meta name=\"twitter:data1\" content=\"Prefeitos &amp; Gest\u00f5es\" \/>\n\t<meta name=\"twitter:label2\" content=\"Est. tempo de leitura\" \/>\n\t<meta name=\"twitter:data2\" content=\"3 minutos\" \/>\n<script type=\"application\/ld+json\" class=\"yoast-schema-graph\">{\"@context\":\"https:\/\/schema.org\",\"@graph\":[{\"@type\":\"Article\",\"@id\":\"https:\/\/prefeitosegestoes.com.br\/portal\/previdencia-dos-militares-vai-entrar-na-contencao-de-gastos-do-governo\/#article\",\"isPartOf\":{\"@id\":\"https:\/\/prefeitosegestoes.com.br\/portal\/previdencia-dos-militares-vai-entrar-na-contencao-de-gastos-do-governo\/\"},\"author\":{\"name\":\"Prefeitos &amp; Gest\u00f5es\",\"@id\":\"https:\/\/prefeitosegestoes.com.br\/portal\/#\/schema\/person\/d00059f2ec99963e7e1850d448ae94b8\"},\"headline\":\"Previd\u00eancia dos militares vai entrar na conten\u00e7\u00e3o de gastos do governo\",\"datePublished\":\"2024-11-12T20:54:05+00:00\",\"mainEntityOfPage\":{\"@id\":\"https:\/\/prefeitosegestoes.com.br\/portal\/previdencia-dos-militares-vai-entrar-na-contencao-de-gastos-do-governo\/\"},\"wordCount\":515,\"commentCount\":0,\"publisher\":{\"@id\":\"https:\/\/prefeitosegestoes.com.br\/portal\/#organization\"},\"image\":{\"@id\":\"https:\/\/prefeitosegestoes.com.br\/portal\/previdencia-dos-militares-vai-entrar-na-contencao-de-gastos-do-governo\/#primaryimage\"},\"thumbnailUrl\":\"https:\/\/prefeitosegestoes.com.br\/portal\/wp-content\/uploads\/2024\/11\/raf03963.webp\",\"keywords\":[\"Benef\u00edcio\",\"Corpora\u00e7\u00e3o\",\"Gastos\",\"Governo\",\"Militares\",\"Previd\u00eancia\"],\"articleSection\":[\"Destaques\"],\"inLanguage\":\"pt-BR\",\"potentialAction\":[{\"@type\":\"CommentAction\",\"name\":\"Comment\",\"target\":[\"https:\/\/prefeitosegestoes.com.br\/portal\/previdencia-dos-militares-vai-entrar-na-contencao-de-gastos-do-governo\/#respond\"]}]},{\"@type\":\"WebPage\",\"@id\":\"https:\/\/prefeitosegestoes.com.br\/portal\/previdencia-dos-militares-vai-entrar-na-contencao-de-gastos-do-governo\/\",\"url\":\"https:\/\/prefeitosegestoes.com.br\/portal\/previdencia-dos-militares-vai-entrar-na-contencao-de-gastos-do-governo\/\",\"name\":\"Previd\u00eancia dos militares vai entrar na conten\u00e7\u00e3o de gastos do governo - Prefeitos &amp; Gest\u00f5es\",\"isPartOf\":{\"@id\":\"https:\/\/prefeitosegestoes.com.br\/portal\/#website\"},\"primaryImageOfPage\":{\"@id\":\"https:\/\/prefeitosegestoes.com.br\/portal\/previdencia-dos-militares-vai-entrar-na-contencao-de-gastos-do-governo\/#primaryimage\"},\"image\":{\"@id\":\"https:\/\/prefeitosegestoes.com.br\/portal\/previdencia-dos-militares-vai-entrar-na-contencao-de-gastos-do-governo\/#primaryimage\"},\"thumbnailUrl\":\"https:\/\/prefeitosegestoes.com.br\/portal\/wp-content\/uploads\/2024\/11\/raf03963.webp\",\"datePublished\":\"2024-11-12T20:54:05+00:00\",\"breadcrumb\":{\"@id\":\"https:\/\/prefeitosegestoes.com.br\/portal\/previdencia-dos-militares-vai-entrar-na-contencao-de-gastos-do-governo\/#breadcrumb\"},\"inLanguage\":\"pt-BR\",\"potentialAction\":[{\"@type\":\"ReadAction\",\"target\":[\"https:\/\/prefeitosegestoes.com.br\/portal\/previdencia-dos-militares-vai-entrar-na-contencao-de-gastos-do-governo\/\"]}]},{\"@type\":\"ImageObject\",\"inLanguage\":\"pt-BR\",\"@id\":\"https:\/\/prefeitosegestoes.com.br\/portal\/previdencia-dos-militares-vai-entrar-na-contencao-de-gastos-do-governo\/#primaryimage\",\"url\":\"https:\/\/prefeitosegestoes.com.br\/portal\/wp-content\/uploads\/2024\/11\/raf03963.webp\",\"contentUrl\":\"https:\/\/prefeitosegestoes.com.br\/portal\/wp-content\/uploads\/2024\/11\/raf03963.webp\",\"width\":1024,\"height\":768},{\"@type\":\"BreadcrumbList\",\"@id\":\"https:\/\/prefeitosegestoes.com.br\/portal\/previdencia-dos-militares-vai-entrar-na-contencao-de-gastos-do-governo\/#breadcrumb\",\"itemListElement\":[{\"@type\":\"ListItem\",\"position\":1,\"name\":\"In\u00edcio\",\"item\":\"https:\/\/prefeitosegestoes.com.br\/portal\/\"},{\"@type\":\"ListItem\",\"position\":2,\"name\":\"Previd\u00eancia dos militares vai entrar na conten\u00e7\u00e3o de gastos do governo\"}]},{\"@type\":\"WebSite\",\"@id\":\"https:\/\/prefeitosegestoes.com.br\/portal\/#website\",\"url\":\"https:\/\/prefeitosegestoes.com.br\/portal\/\",\"name\":\"Prefeitos & Gest\u00f5es\",\"description\":\"\",\"publisher\":{\"@id\":\"https:\/\/prefeitosegestoes.com.br\/portal\/#organization\"},\"potentialAction\":[{\"@type\":\"SearchAction\",\"target\":{\"@type\":\"EntryPoint\",\"urlTemplate\":\"https:\/\/prefeitosegestoes.com.br\/portal\/?s={search_term_string}\"},\"query-input\":{\"@type\":\"PropertyValueSpecification\",\"valueRequired\":true,\"valueName\":\"search_term_string\"}}],\"inLanguage\":\"pt-BR\"},{\"@type\":\"Organization\",\"@id\":\"https:\/\/prefeitosegestoes.com.br\/portal\/#organization\",\"name\":\"Prefeitos & Gest\u00f5es\",\"url\":\"https:\/\/prefeitosegestoes.com.br\/portal\/\",\"logo\":{\"@type\":\"ImageObject\",\"inLanguage\":\"pt-BR\",\"@id\":\"https:\/\/prefeitosegestoes.com.br\/portal\/#\/schema\/logo\/image\/\",\"url\":\"https:\/\/prefeitosegestoes.com.br\/portal\/wp-content\/uploads\/2024\/10\/lg_trans_prefeitos_2024_preto2.png\",\"contentUrl\":\"https:\/\/prefeitosegestoes.com.br\/portal\/wp-content\/uploads\/2024\/10\/lg_trans_prefeitos_2024_preto2.png\",\"width\":199,\"height\":122,\"caption\":\"Prefeitos & Gest\u00f5es\"},\"image\":{\"@id\":\"https:\/\/prefeitosegestoes.com.br\/portal\/#\/schema\/logo\/image\/\"},\"sameAs\":[\"https:\/\/www.facebook.com\/prefeitosonline\",\"https:\/\/x.com\/PrefGestoes\"]},{\"@type\":\"Person\",\"@id\":\"https:\/\/prefeitosegestoes.com.br\/portal\/#\/schema\/person\/d00059f2ec99963e7e1850d448ae94b8\",\"name\":\"Prefeitos &amp; Gest\u00f5es\",\"image\":{\"@type\":\"ImageObject\",\"inLanguage\":\"pt-BR\",\"@id\":\"https:\/\/secure.gravatar.com\/avatar\/738fb281e479212ed32c1a21a4307dda9f3af9292edb6918a16c9ce9fff5f48d?s=96&d=mm&r=g\",\"url\":\"https:\/\/secure.gravatar.com\/avatar\/738fb281e479212ed32c1a21a4307dda9f3af9292edb6918a16c9ce9fff5f48d?s=96&d=mm&r=g\",\"contentUrl\":\"https:\/\/secure.gravatar.com\/avatar\/738fb281e479212ed32c1a21a4307dda9f3af9292edb6918a16c9ce9fff5f48d?s=96&d=mm&r=g\",\"caption\":\"Prefeitos &amp; Gest\u00f5es\"},\"url\":\"https:\/\/prefeitosegestoes.com.br\/portal\/author\/prefeitosegestoes\/\"}]}<\/script>\n<!-- \/ Yoast SEO plugin. -->","yoast_head_json":{"title":"Previd\u00eancia dos militares vai entrar na conten\u00e7\u00e3o de gastos do governo - Prefeitos &amp; Gest\u00f5es","robots":{"index":"index","follow":"follow","max-snippet":"max-snippet:-1","max-image-preview":"max-image-preview:large","max-video-preview":"max-video-preview:-1"},"canonical":"https:\/\/prefeitosegestoes.com.br\/portal\/previdencia-dos-militares-vai-entrar-na-contencao-de-gastos-do-governo\/","og_locale":"pt_BR","og_type":"article","og_title":"Previd\u00eancia dos militares vai entrar na conten\u00e7\u00e3o de gastos do governo - Prefeitos &amp; Gest\u00f5es","og_description":"Foto: Rafa Neddermeyer\/Ag\u00eancia Brasil Por Valdo Cruz Comentarista de pol\u00edtica e economia da GloboNews. Chamados a contribuir com o pacote fiscal, militares aceitam mudan\u00e7as pontuais no sistema de previd\u00eancia da corpora\u00e7\u00e3o g1 e GloboNews\u00a0\u2014 Bras\u00edlia 12\/11\/2024 09h31\u00a0\u00a0Atualizado\u00a0h\u00e1 4 horas Fachada do Minist\u00e9rio da Defesa, em Bras\u00edlia \u2014 Foto: TV Globo\/Reprodu\u00e7\u00e3o O presidente\u00a0Luiz In\u00e1cio Lula da [&hellip;]","og_url":"https:\/\/prefeitosegestoes.com.br\/portal\/previdencia-dos-militares-vai-entrar-na-contencao-de-gastos-do-governo\/","og_site_name":"Prefeitos &amp; Gest\u00f5es","article_publisher":"https:\/\/www.facebook.com\/prefeitosonline","article_published_time":"2024-11-12T20:54:05+00:00","og_image":[{"width":1024,"height":768,"url":"https:\/\/prefeitosegestoes.com.br\/portal\/wp-content\/uploads\/2024\/11\/raf03963.webp","type":"image\/webp"}],"author":"Prefeitos &amp; Gest\u00f5es","twitter_card":"summary_large_image","twitter_creator":"@PrefGestoes","twitter_site":"@PrefGestoes","twitter_misc":{"Escrito por":"Prefeitos &amp; Gest\u00f5es","Est. tempo de leitura":"3 minutos"},"schema":{"@context":"https:\/\/schema.org","@graph":[{"@type":"Article","@id":"https:\/\/prefeitosegestoes.com.br\/portal\/previdencia-dos-militares-vai-entrar-na-contencao-de-gastos-do-governo\/#article","isPartOf":{"@id":"https:\/\/prefeitosegestoes.com.br\/portal\/previdencia-dos-militares-vai-entrar-na-contencao-de-gastos-do-governo\/"},"author":{"name":"Prefeitos &amp; Gest\u00f5es","@id":"https:\/\/prefeitosegestoes.com.br\/portal\/#\/schema\/person\/d00059f2ec99963e7e1850d448ae94b8"},"headline":"Previd\u00eancia dos militares vai entrar na conten\u00e7\u00e3o de gastos do governo","datePublished":"2024-11-12T20:54:05+00:00","mainEntityOfPage":{"@id":"https:\/\/prefeitosegestoes.com.br\/portal\/previdencia-dos-militares-vai-entrar-na-contencao-de-gastos-do-governo\/"},"wordCount":515,"commentCount":0,"publisher":{"@id":"https:\/\/prefeitosegestoes.com.br\/portal\/#organization"},"image":{"@id":"https:\/\/prefeitosegestoes.com.br\/portal\/previdencia-dos-militares-vai-entrar-na-contencao-de-gastos-do-governo\/#primaryimage"},"thumbnailUrl":"https:\/\/prefeitosegestoes.com.br\/portal\/wp-content\/uploads\/2024\/11\/raf03963.webp","keywords":["Benef\u00edcio","Corpora\u00e7\u00e3o","Gastos","Governo","Militares","Previd\u00eancia"],"articleSection":["Destaques"],"inLanguage":"pt-BR","potentialAction":[{"@type":"CommentAction","name":"Comment","target":["https:\/\/prefeitosegestoes.com.br\/portal\/previdencia-dos-militares-vai-entrar-na-contencao-de-gastos-do-governo\/#respond"]}]},{"@type":"WebPage","@id":"https:\/\/prefeitosegestoes.com.br\/portal\/previdencia-dos-militares-vai-entrar-na-contencao-de-gastos-do-governo\/","url":"https:\/\/prefeitosegestoes.com.br\/portal\/previdencia-dos-militares-vai-entrar-na-contencao-de-gastos-do-governo\/","name":"Previd\u00eancia dos militares vai entrar na conten\u00e7\u00e3o de gastos do governo - Prefeitos &amp; Gest\u00f5es","isPartOf":{"@id":"https:\/\/prefeitosegestoes.com.br\/portal\/#website"},"primaryImageOfPage":{"@id":"https:\/\/prefeitosegestoes.com.br\/portal\/previdencia-dos-militares-vai-entrar-na-contencao-de-gastos-do-governo\/#primaryimage"},"image":{"@id":"https:\/\/prefeitosegestoes.com.br\/portal\/previdencia-dos-militares-vai-entrar-na-contencao-de-gastos-do-governo\/#primaryimage"},"thumbnailUrl":"https:\/\/prefeitosegestoes.com.br\/portal\/wp-content\/uploads\/2024\/11\/raf03963.webp","datePublished":"2024-11-12T20:54:05+00:00","breadcrumb":{"@id":"https:\/\/prefeitosegestoes.com.br\/portal\/previdencia-dos-militares-vai-entrar-na-contencao-de-gastos-do-governo\/#breadcrumb"},"inLanguage":"pt-BR","potentialAction":[{"@type":"ReadAction","target":["https:\/\/prefeitosegestoes.com.br\/portal\/previdencia-dos-militares-vai-entrar-na-contencao-de-gastos-do-governo\/"]}]},{"@type":"ImageObject","inLanguage":"pt-BR","@id":"https:\/\/prefeitosegestoes.com.br\/portal\/previdencia-dos-militares-vai-entrar-na-contencao-de-gastos-do-governo\/#primaryimage","url":"https:\/\/prefeitosegestoes.com.br\/portal\/wp-content\/uploads\/2024\/11\/raf03963.webp","contentUrl":"https:\/\/prefeitosegestoes.com.br\/portal\/wp-content\/uploads\/2024\/11\/raf03963.webp","width":1024,"height":768},{"@type":"BreadcrumbList","@id":"https:\/\/prefeitosegestoes.com.br\/portal\/previdencia-dos-militares-vai-entrar-na-contencao-de-gastos-do-governo\/#breadcrumb","itemListElement":[{"@type":"ListItem","position":1,"name":"In\u00edcio","item":"https:\/\/prefeitosegestoes.com.br\/portal\/"},{"@type":"ListItem","position":2,"name":"Previd\u00eancia dos militares vai entrar na conten\u00e7\u00e3o de gastos do governo"}]},{"@type":"WebSite","@id":"https:\/\/prefeitosegestoes.com.br\/portal\/#website","url":"https:\/\/prefeitosegestoes.com.br\/portal\/","name":"Prefeitos & Gest\u00f5es","description":"","publisher":{"@id":"https:\/\/prefeitosegestoes.com.br\/portal\/#organization"},"potentialAction":[{"@type":"SearchAction","target":{"@type":"EntryPoint","urlTemplate":"https:\/\/prefeitosegestoes.com.br\/portal\/?s={search_term_string}"},"query-input":{"@type":"PropertyValueSpecification","valueRequired":true,"valueName":"search_term_string"}}],"inLanguage":"pt-BR"},{"@type":"Organization","@id":"https:\/\/prefeitosegestoes.com.br\/portal\/#organization","name":"Prefeitos & Gest\u00f5es","url":"https:\/\/prefeitosegestoes.com.br\/portal\/","logo":{"@type":"ImageObject","inLanguage":"pt-BR","@id":"https:\/\/prefeitosegestoes.com.br\/portal\/#\/schema\/logo\/image\/","url":"https:\/\/prefeitosegestoes.com.br\/portal\/wp-content\/uploads\/2024\/10\/lg_trans_prefeitos_2024_preto2.png","contentUrl":"https:\/\/prefeitosegestoes.com.br\/portal\/wp-content\/uploads\/2024\/10\/lg_trans_prefeitos_2024_preto2.png","width":199,"height":122,"caption":"Prefeitos & Gest\u00f5es"},"image":{"@id":"https:\/\/prefeitosegestoes.com.br\/portal\/#\/schema\/logo\/image\/"},"sameAs":["https:\/\/www.facebook.com\/prefeitosonline","https:\/\/x.com\/PrefGestoes"]},{"@type":"Person","@id":"https:\/\/prefeitosegestoes.com.br\/portal\/#\/schema\/person\/d00059f2ec99963e7e1850d448ae94b8","name":"Prefeitos &amp; Gest\u00f5es","image":{"@type":"ImageObject","inLanguage":"pt-BR","@id":"https:\/\/secure.gravatar.com\/avatar\/738fb281e479212ed32c1a21a4307dda9f3af9292edb6918a16c9ce9fff5f48d?s=96&d=mm&r=g","url":"https:\/\/secure.gravatar.com\/avatar\/738fb281e479212ed32c1a21a4307dda9f3af9292edb6918a16c9ce9fff5f48d?s=96&d=mm&r=g","contentUrl":"https:\/\/secure.gravatar.com\/avatar\/738fb281e479212ed32c1a21a4307dda9f3af9292edb6918a16c9ce9fff5f48d?s=96&d=mm&r=g","caption":"Prefeitos &amp; Gest\u00f5es"},"url":"https:\/\/prefeitosegestoes.com.br\/portal\/author\/prefeitosegestoes\/"}]}},"_links":{"self":[{"href":"https:\/\/prefeitosegestoes.com.br\/portal\/wp-json\/wp\/v2\/posts\/2826","targetHints":{"allow":["GET"]}}],"collection":[{"href":"https:\/\/prefeitosegestoes.com.br\/portal\/wp-json\/wp\/v2\/posts"}],"about":[{"href":"https:\/\/prefeitosegestoes.com.br\/portal\/wp-json\/wp\/v2\/types\/post"}],"author":[{"embeddable":true,"href":"https:\/\/prefeitosegestoes.com.br\/portal\/wp-json\/wp\/v2\/users\/2"}],"replies":[{"embeddable":true,"href":"https:\/\/prefeitosegestoes.com.br\/portal\/wp-json\/wp\/v2\/comments?post=2826"}],"version-history":[{"count":1,"href":"https:\/\/prefeitosegestoes.com.br\/portal\/wp-json\/wp\/v2\/posts\/2826\/revisions"}],"predecessor-version":[{"id":2828,"href":"https:\/\/prefeitosegestoes.com.br\/portal\/wp-json\/wp\/v2\/posts\/2826\/revisions\/2828"}],"wp:featuredmedia":[{"embeddable":true,"href":"https:\/\/prefeitosegestoes.com.br\/portal\/wp-json\/wp\/v2\/media\/2827"}],"wp:attachment":[{"href":"https:\/\/prefeitosegestoes.com.br\/portal\/wp-json\/wp\/v2\/media?parent=2826"}],"wp:term":[{"taxonomy":"category","embeddable":true,"href":"https:\/\/prefeitosegestoes.com.br\/portal\/wp-json\/wp\/v2\/categories?post=2826"},{"taxonomy":"post_tag","embeddable":true,"href":"https:\/\/prefeitosegestoes.com.br\/portal\/wp-json\/wp\/v2\/tags?post=2826"}],"curies":[{"name":"wp","href":"https:\/\/api.w.org\/{rel}","templated":true}]}}