{"id":2792,"date":"2024-11-12T14:26:19","date_gmt":"2024-11-12T17:26:19","guid":{"rendered":"https:\/\/prefeitosegestoes.com.br\/portal\/?p=2792"},"modified":"2024-11-12T14:26:19","modified_gmt":"2024-11-12T17:26:19","slug":"6x1-5x2-4x3-conheca-os-tipos-de-escala-de-trabalho","status":"publish","type":"post","link":"https:\/\/prefeitosegestoes.com.br\/portal\/6x1-5x2-4x3-conheca-os-tipos-de-escala-de-trabalho\/","title":{"rendered":"6\u00d71, 5\u00d72, 4\u00d73: conhe\u00e7a os tipos de escala de trabalho"},"content":{"rendered":"<header class=\"single-header\">\n<h6 class=\"single-header__excerpt\">Foto: Marcelo Camargo\/Ag\u00eancia Brasil<\/h6>\n<h2 class=\"single-header__excerpt\">Tema tem sido amplamente discutido em fun\u00e7\u00e3o de projeto encabe\u00e7ado pela deputada Erika Hilton que busca extinguir a escala 6\u00d71<\/h2>\n<address class=\"single-header__author\">\n<p class=\"author__name\"><span class=\"author__group\"><a href=\"https:\/\/www.cnnbrasil.com.br\/autor\/victor-aguiar\/\">Victor Aguiar<\/a><span class=\"tp__author\">colabora\u00e7\u00e3o para a CNN<\/span><\/span>\u00a0<span class=\"author__post__data\">, S\u00e3o Paulo<\/span><\/p>\n<\/address>\n<p><time class=\"single-header__time\">11\/11\/2024 \u00e0s 11:34 | Atualizado 11\/11\/2024 \u00e0s 11:34<\/time><\/header>\n<div class=\"single-content\">\n<p>O tema das escalas de trabalho tem dominado o debate p\u00fablico nas redes sociais nos \u00faltimos dias, desde que um projeto idealizado pelo vereador rec\u00e9m-eleito Rick Azevedo (PSOL) foi levado \u00e0 C\u00e2mara dos Deputados pela deputada federal Erika Hilton (PSOL-SP), e que prop\u00f5e o fim da escala 6\u00d71.<\/p>\n<p>At\u00e9 agora, a Proposta de Emenda \u00e0 Constitui\u00e7\u00e3o (PEC) n\u00e3o est\u00e1 em tramita\u00e7\u00e3o e nem tem um n\u00famero definido, pois ainda\u00a0<a href=\"https:\/\/www.cnnbrasil.com.br\/blogs\/gustavo-uribe\/politica\/6x1-governo-monitora-debate-sobre-mudanca-em-escala-de-trabalho\/\">n\u00e3o foram angariadas assinaturas o suficiente<\/a>. Das 171 necess\u00e1rias, Erika informou \u00e0\u00a0<b>CNN<\/b>\u00a0que tem aproximadamente 70, at\u00e9 o momento.<\/p>\n<aside class=\"read-too read-too--with-img\">\n<ul class=\"read-too__list\">\n<li class=\"read-too__list-item\">\n<h3 class=\"read-too__post-title\"><\/h3>\n<\/li>\n<\/ul>\n<\/aside>\n<p>A Consolida\u00e7\u00e3o das Leis do Trabalho (CLT) n\u00e3o prev\u00ea, especificamente, modelos de escala de trabalho. Segundo a lei, s\u00e3o aceitas quaisquer modalidades, contanto que satisfa\u00e7am os limites de 8 horas di\u00e1rias e 44 horas semanais.<\/p>\n<p>Isso significa que as alternativas apresentadas pela\u00a0<b>CNN<\/b>\u00a0a seguir n\u00e3o representam, necessariamente, todas as alternativas poss\u00edveis de escalas \u2014 muitas vezes, esses modelos s\u00e3o negociados diretamente entre o patr\u00e3o e o trabalhador, ou por meio de acordos sindicais. No entanto, s\u00e3o alguns dos esquemas mais comuns encontrados no mercado de trabalho. Veja:<\/p>\n<h2><b>Escala 6\u00d71<\/b><\/h2>\n<p>Modelo alvo do projeto de Azevedo e Erika, consiste em uma jornada de seis dias de trabalho para um de folga. \u00c9 um dos tipos mais comuns em empreendimentos do setor de varejo, mercados ou restaurantes, por exemplo.<\/p>\n<p>O dia de descanso pode ser fixo na semana ou alternado, dentro de um revezamento. A lei prev\u00ea, no entanto, que pelo menos uma das folgas dentro de um per\u00edodo de sete semanas seja em um domingo.<\/p>\n<p>Na justificativa da proposta apresentada, a deputada cita impactos da escala na qualidade de vida dos trabalhadores, desde a sa\u00fade at\u00e9 rela\u00e7\u00f5es familiares.<\/p>\n<h2><b>Escala 5\u00d72<\/b><\/h2>\n<p>Considerado o \u201cpadr\u00e3o\u201d no mercado de trabalho, \u00e9 um modelo no qual o funcion\u00e1rio trabalha por cinco dias e descansa durante dois. Em grande parte das vezes, os dois dias de descanso coincidem com o fim de semana, embora n\u00e3o seja uma exig\u00eancia. A jornada de trabalho costuma ser de 8 horas, totalizando 40 horas semanais.<\/p>\n<h2><b>Escala 4\u00d73<\/b><\/h2>\n<p>Embora seja pouco comum no mercado de trabalho brasileiro, a escala 4\u00d73 come\u00e7ou a ser discutida no pa\u00eds como uma alternativa de promo\u00e7\u00e3o do bem-estar, produtividade e qualidade de vida dos funcion\u00e1rios.<\/p>\n<p>Experimentada em pa\u00edses como Reino Unido, Estados Unidos, Espanha, Austr\u00e1lia e outros pa\u00edses, o modelo tamb\u00e9m\u00a0<a href=\"https:\/\/www.cnnbrasil.com.br\/economia\/macroeconomia\/semana-com-4-dias-de-trabalho-sera-testada-no-brasil-ainda-neste-ano-entenda-iniciativa\/\">est\u00e1 sendo testado no Brasil<\/a>\u00a0por meio de uma parceria entre a consultoria Reconnect Happiness e a organiza\u00e7\u00e3o 4 Day Week Global.<\/p>\n<p>No Reino Unido, um estudo mostrou que<a href=\"https:\/\/www.4dayweek.co.uk\/pilot-programme\">\u00a092% das empresas participantes decidiram manter a jornada de trabalho reduzida<\/a>. Entre outros resultados, o teste revelou que a redu\u00e7\u00e3o da jornada de trabalho n\u00e3o diminuiu a produtividade e que o n\u00famero de sa\u00eddas de funcion\u00e1rios caiu 57% durante o per\u00edodo experimental.<\/p>\n<h2><b>Escala 5\u00d71<\/b><\/h2>\n<p>Neste caso, s\u00e3o cinco dias de trabalho para um dia de folga. Parecida com a escala 6\u00d71 no quesito do tempo de descanso, a principal diferen\u00e7a dessa escala em rela\u00e7\u00e3o \u00e0s anteriores \u00e9 a de que as folgas caem em dias diferentes a cada semana. A CLT prev\u00ea, no entanto, que pelo menos um dos dias de descanso no m\u00eas seja em um domingo.<\/p>\n<h2><b>Escalas baseadas em horas trabalhadas<\/b><\/h2>\n<p>Diferentemente das escalas anteriores, existem modelos baseados na divis\u00e3o por horas ao inv\u00e9s de dias. Na escala 12\u00d736, por exemplo, o funcion\u00e1rio trabalha 12 horas consecutivas e descansa nas 36 horas seguintes \u2014 dentro de um per\u00edodo de dois dias completos, um quarto do tempo \u00e9 gasto trabalhando, com os outros tr\u00eas quartos reservados ao repouso.<\/p>\n<p>Vale notar que, segundo a lei, essa escala s\u00f3 pode ser empregada atrav\u00e9s de acordo escrito entre patr\u00e3o e trabalhador.<\/p>\n<p>Outros exemplos de escalas especiais s\u00e3o a 18\u00d736 e a 24\u00d748, reservadas a \u00e1reas que n\u00e3o podem interromper suas atividades (servi\u00e7os de sa\u00fade, seguran\u00e7a ou emergenciais).<\/p>\n<p>Fonte CNN<\/p>\n<\/div>\n","protected":false},"excerpt":{"rendered":"<p>Foto: Marcelo Camargo\/Ag\u00eancia Brasil Tema tem sido amplamente discutido em fun\u00e7\u00e3o de projeto encabe\u00e7ado pela deputada Erika Hilton que busca extinguir a escala 6\u00d71 Victor Aguiarcolabora\u00e7\u00e3o para a CNN\u00a0, S\u00e3o Paulo 11\/11\/2024 \u00e0s 11:34 | Atualizado 11\/11\/2024 \u00e0s 11:34 O tema das escalas de trabalho tem dominado o debate p\u00fablico nas redes sociais nos \u00faltimos [&hellip;]<\/p>\n","protected":false},"author":2,"featured_media":2793,"comment_status":"open","ping_status":"open","sticky":false,"template":"","format":"standard","meta":{"rop_custom_images_group":[],"rop_custom_messages_group":[],"rop_publish_now":"initial","rop_publish_now_accounts":{"twitter_850042665852968960_850042665852968960":""},"rop_publish_now_history":[],"rop_publish_now_status":"pending","footnotes":""},"categories":[15],"tags":[223,219,222,220,221,218],"class_list":["post-2792","post","type-post","status-publish","format-standard","has-post-thumbnail","hentry","category-destaques","tag-clt","tag-escala","tag-folga","tag-jornada","tag-semana","tag-trabalho"],"yoast_head":"<!-- This site is optimized with the Yoast SEO plugin v27.2 - https:\/\/yoast.com\/product\/yoast-seo-wordpress\/ -->\n<title>6\u00d71, 5\u00d72, 4\u00d73: conhe\u00e7a os tipos de escala de trabalho - Prefeitos &amp; Gest\u00f5es<\/title>\n<meta name=\"robots\" content=\"index, follow, max-snippet:-1, max-image-preview:large, max-video-preview:-1\" \/>\n<link rel=\"canonical\" href=\"https:\/\/prefeitosegestoes.com.br\/portal\/6x1-5x2-4x3-conheca-os-tipos-de-escala-de-trabalho\/\" \/>\n<meta property=\"og:locale\" content=\"pt_BR\" \/>\n<meta property=\"og:type\" content=\"article\" \/>\n<meta property=\"og:title\" content=\"6\u00d71, 5\u00d72, 4\u00d73: conhe\u00e7a os tipos de escala de trabalho - Prefeitos &amp; Gest\u00f5es\" \/>\n<meta property=\"og:description\" content=\"Foto: Marcelo Camargo\/Ag\u00eancia Brasil Tema tem sido amplamente discutido em fun\u00e7\u00e3o de projeto encabe\u00e7ado pela deputada Erika Hilton que busca extinguir a escala 6\u00d71 Victor Aguiarcolabora\u00e7\u00e3o para a CNN\u00a0, S\u00e3o Paulo 11\/11\/2024 \u00e0s 11:34 | Atualizado 11\/11\/2024 \u00e0s 11:34 O tema das escalas de trabalho tem dominado o debate p\u00fablico nas redes sociais nos \u00faltimos [&hellip;]\" \/>\n<meta property=\"og:url\" content=\"https:\/\/prefeitosegestoes.com.br\/portal\/6x1-5x2-4x3-conheca-os-tipos-de-escala-de-trabalho\/\" \/>\n<meta property=\"og:site_name\" content=\"Prefeitos &amp; Gest\u00f5es\" \/>\n<meta property=\"article:publisher\" content=\"https:\/\/www.facebook.com\/prefeitosonline\" \/>\n<meta property=\"article:published_time\" content=\"2024-11-12T17:26:19+00:00\" \/>\n<meta property=\"og:image\" content=\"https:\/\/prefeitosegestoes.com.br\/portal\/wp-content\/uploads\/2024\/11\/carteira-de-trabalho-digital_mcamgo_abr_240620211818.webp\" \/>\n\t<meta property=\"og:image:width\" content=\"1024\" \/>\n\t<meta property=\"og:image:height\" content=\"768\" \/>\n\t<meta property=\"og:image:type\" content=\"image\/webp\" \/>\n<meta name=\"author\" content=\"Prefeitos &amp; Gest\u00f5es\" \/>\n<meta name=\"twitter:card\" content=\"summary_large_image\" \/>\n<meta name=\"twitter:creator\" content=\"@PrefGestoes\" \/>\n<meta name=\"twitter:site\" content=\"@PrefGestoes\" \/>\n<meta name=\"twitter:label1\" content=\"Escrito por\" \/>\n\t<meta name=\"twitter:data1\" content=\"Prefeitos &amp; Gest\u00f5es\" \/>\n\t<meta name=\"twitter:label2\" content=\"Est. tempo de leitura\" \/>\n\t<meta name=\"twitter:data2\" content=\"3 minutos\" \/>\n<script type=\"application\/ld+json\" class=\"yoast-schema-graph\">{\"@context\":\"https:\/\/schema.org\",\"@graph\":[{\"@type\":\"Article\",\"@id\":\"https:\/\/prefeitosegestoes.com.br\/portal\/6x1-5x2-4x3-conheca-os-tipos-de-escala-de-trabalho\/#article\",\"isPartOf\":{\"@id\":\"https:\/\/prefeitosegestoes.com.br\/portal\/6x1-5x2-4x3-conheca-os-tipos-de-escala-de-trabalho\/\"},\"author\":{\"name\":\"Prefeitos &amp; Gest\u00f5es\",\"@id\":\"https:\/\/prefeitosegestoes.com.br\/portal\/#\/schema\/person\/d00059f2ec99963e7e1850d448ae94b8\"},\"headline\":\"6\u00d71, 5\u00d72, 4\u00d73: conhe\u00e7a os tipos de escala de trabalho\",\"datePublished\":\"2024-11-12T17:26:19+00:00\",\"mainEntityOfPage\":{\"@id\":\"https:\/\/prefeitosegestoes.com.br\/portal\/6x1-5x2-4x3-conheca-os-tipos-de-escala-de-trabalho\/\"},\"wordCount\":707,\"commentCount\":0,\"publisher\":{\"@id\":\"https:\/\/prefeitosegestoes.com.br\/portal\/#organization\"},\"image\":{\"@id\":\"https:\/\/prefeitosegestoes.com.br\/portal\/6x1-5x2-4x3-conheca-os-tipos-de-escala-de-trabalho\/#primaryimage\"},\"thumbnailUrl\":\"https:\/\/prefeitosegestoes.com.br\/portal\/wp-content\/uploads\/2024\/11\/carteira-de-trabalho-digital_mcamgo_abr_240620211818.webp\",\"keywords\":[\"CLT\",\"Escala\",\"Folga\",\"Jornada\",\"Semana\",\"Trabalho\"],\"articleSection\":[\"Destaques\"],\"inLanguage\":\"pt-BR\",\"potentialAction\":[{\"@type\":\"CommentAction\",\"name\":\"Comment\",\"target\":[\"https:\/\/prefeitosegestoes.com.br\/portal\/6x1-5x2-4x3-conheca-os-tipos-de-escala-de-trabalho\/#respond\"]}]},{\"@type\":\"WebPage\",\"@id\":\"https:\/\/prefeitosegestoes.com.br\/portal\/6x1-5x2-4x3-conheca-os-tipos-de-escala-de-trabalho\/\",\"url\":\"https:\/\/prefeitosegestoes.com.br\/portal\/6x1-5x2-4x3-conheca-os-tipos-de-escala-de-trabalho\/\",\"name\":\"6\u00d71, 5\u00d72, 4\u00d73: conhe\u00e7a os tipos de escala de trabalho - Prefeitos &amp; Gest\u00f5es\",\"isPartOf\":{\"@id\":\"https:\/\/prefeitosegestoes.com.br\/portal\/#website\"},\"primaryImageOfPage\":{\"@id\":\"https:\/\/prefeitosegestoes.com.br\/portal\/6x1-5x2-4x3-conheca-os-tipos-de-escala-de-trabalho\/#primaryimage\"},\"image\":{\"@id\":\"https:\/\/prefeitosegestoes.com.br\/portal\/6x1-5x2-4x3-conheca-os-tipos-de-escala-de-trabalho\/#primaryimage\"},\"thumbnailUrl\":\"https:\/\/prefeitosegestoes.com.br\/portal\/wp-content\/uploads\/2024\/11\/carteira-de-trabalho-digital_mcamgo_abr_240620211818.webp\",\"datePublished\":\"2024-11-12T17:26:19+00:00\",\"breadcrumb\":{\"@id\":\"https:\/\/prefeitosegestoes.com.br\/portal\/6x1-5x2-4x3-conheca-os-tipos-de-escala-de-trabalho\/#breadcrumb\"},\"inLanguage\":\"pt-BR\",\"potentialAction\":[{\"@type\":\"ReadAction\",\"target\":[\"https:\/\/prefeitosegestoes.com.br\/portal\/6x1-5x2-4x3-conheca-os-tipos-de-escala-de-trabalho\/\"]}]},{\"@type\":\"ImageObject\",\"inLanguage\":\"pt-BR\",\"@id\":\"https:\/\/prefeitosegestoes.com.br\/portal\/6x1-5x2-4x3-conheca-os-tipos-de-escala-de-trabalho\/#primaryimage\",\"url\":\"https:\/\/prefeitosegestoes.com.br\/portal\/wp-content\/uploads\/2024\/11\/carteira-de-trabalho-digital_mcamgo_abr_240620211818.webp\",\"contentUrl\":\"https:\/\/prefeitosegestoes.com.br\/portal\/wp-content\/uploads\/2024\/11\/carteira-de-trabalho-digital_mcamgo_abr_240620211818.webp\",\"width\":1024,\"height\":768},{\"@type\":\"BreadcrumbList\",\"@id\":\"https:\/\/prefeitosegestoes.com.br\/portal\/6x1-5x2-4x3-conheca-os-tipos-de-escala-de-trabalho\/#breadcrumb\",\"itemListElement\":[{\"@type\":\"ListItem\",\"position\":1,\"name\":\"In\u00edcio\",\"item\":\"https:\/\/prefeitosegestoes.com.br\/portal\/\"},{\"@type\":\"ListItem\",\"position\":2,\"name\":\"6\u00d71, 5\u00d72, 4\u00d73: conhe\u00e7a os tipos de escala de trabalho\"}]},{\"@type\":\"WebSite\",\"@id\":\"https:\/\/prefeitosegestoes.com.br\/portal\/#website\",\"url\":\"https:\/\/prefeitosegestoes.com.br\/portal\/\",\"name\":\"Prefeitos & Gest\u00f5es\",\"description\":\"\",\"publisher\":{\"@id\":\"https:\/\/prefeitosegestoes.com.br\/portal\/#organization\"},\"potentialAction\":[{\"@type\":\"SearchAction\",\"target\":{\"@type\":\"EntryPoint\",\"urlTemplate\":\"https:\/\/prefeitosegestoes.com.br\/portal\/?s={search_term_string}\"},\"query-input\":{\"@type\":\"PropertyValueSpecification\",\"valueRequired\":true,\"valueName\":\"search_term_string\"}}],\"inLanguage\":\"pt-BR\"},{\"@type\":\"Organization\",\"@id\":\"https:\/\/prefeitosegestoes.com.br\/portal\/#organization\",\"name\":\"Prefeitos & Gest\u00f5es\",\"url\":\"https:\/\/prefeitosegestoes.com.br\/portal\/\",\"logo\":{\"@type\":\"ImageObject\",\"inLanguage\":\"pt-BR\",\"@id\":\"https:\/\/prefeitosegestoes.com.br\/portal\/#\/schema\/logo\/image\/\",\"url\":\"https:\/\/prefeitosegestoes.com.br\/portal\/wp-content\/uploads\/2024\/10\/lg_trans_prefeitos_2024_preto2.png\",\"contentUrl\":\"https:\/\/prefeitosegestoes.com.br\/portal\/wp-content\/uploads\/2024\/10\/lg_trans_prefeitos_2024_preto2.png\",\"width\":199,\"height\":122,\"caption\":\"Prefeitos & Gest\u00f5es\"},\"image\":{\"@id\":\"https:\/\/prefeitosegestoes.com.br\/portal\/#\/schema\/logo\/image\/\"},\"sameAs\":[\"https:\/\/www.facebook.com\/prefeitosonline\",\"https:\/\/x.com\/PrefGestoes\"]},{\"@type\":\"Person\",\"@id\":\"https:\/\/prefeitosegestoes.com.br\/portal\/#\/schema\/person\/d00059f2ec99963e7e1850d448ae94b8\",\"name\":\"Prefeitos &amp; Gest\u00f5es\",\"image\":{\"@type\":\"ImageObject\",\"inLanguage\":\"pt-BR\",\"@id\":\"https:\/\/secure.gravatar.com\/avatar\/738fb281e479212ed32c1a21a4307dda9f3af9292edb6918a16c9ce9fff5f48d?s=96&d=mm&r=g\",\"url\":\"https:\/\/secure.gravatar.com\/avatar\/738fb281e479212ed32c1a21a4307dda9f3af9292edb6918a16c9ce9fff5f48d?s=96&d=mm&r=g\",\"contentUrl\":\"https:\/\/secure.gravatar.com\/avatar\/738fb281e479212ed32c1a21a4307dda9f3af9292edb6918a16c9ce9fff5f48d?s=96&d=mm&r=g\",\"caption\":\"Prefeitos &amp; Gest\u00f5es\"},\"url\":\"https:\/\/prefeitosegestoes.com.br\/portal\/author\/prefeitosegestoes\/\"}]}<\/script>\n<!-- \/ Yoast SEO plugin. -->","yoast_head_json":{"title":"6\u00d71, 5\u00d72, 4\u00d73: conhe\u00e7a os tipos de escala de trabalho - Prefeitos &amp; Gest\u00f5es","robots":{"index":"index","follow":"follow","max-snippet":"max-snippet:-1","max-image-preview":"max-image-preview:large","max-video-preview":"max-video-preview:-1"},"canonical":"https:\/\/prefeitosegestoes.com.br\/portal\/6x1-5x2-4x3-conheca-os-tipos-de-escala-de-trabalho\/","og_locale":"pt_BR","og_type":"article","og_title":"6\u00d71, 5\u00d72, 4\u00d73: conhe\u00e7a os tipos de escala de trabalho - Prefeitos &amp; Gest\u00f5es","og_description":"Foto: Marcelo Camargo\/Ag\u00eancia Brasil Tema tem sido amplamente discutido em fun\u00e7\u00e3o de projeto encabe\u00e7ado pela deputada Erika Hilton que busca extinguir a escala 6\u00d71 Victor Aguiarcolabora\u00e7\u00e3o para a CNN\u00a0, S\u00e3o Paulo 11\/11\/2024 \u00e0s 11:34 | Atualizado 11\/11\/2024 \u00e0s 11:34 O tema das escalas de trabalho tem dominado o debate p\u00fablico nas redes sociais nos \u00faltimos [&hellip;]","og_url":"https:\/\/prefeitosegestoes.com.br\/portal\/6x1-5x2-4x3-conheca-os-tipos-de-escala-de-trabalho\/","og_site_name":"Prefeitos &amp; Gest\u00f5es","article_publisher":"https:\/\/www.facebook.com\/prefeitosonline","article_published_time":"2024-11-12T17:26:19+00:00","og_image":[{"width":1024,"height":768,"url":"https:\/\/prefeitosegestoes.com.br\/portal\/wp-content\/uploads\/2024\/11\/carteira-de-trabalho-digital_mcamgo_abr_240620211818.webp","type":"image\/webp"}],"author":"Prefeitos &amp; Gest\u00f5es","twitter_card":"summary_large_image","twitter_creator":"@PrefGestoes","twitter_site":"@PrefGestoes","twitter_misc":{"Escrito por":"Prefeitos &amp; Gest\u00f5es","Est. tempo de leitura":"3 minutos"},"schema":{"@context":"https:\/\/schema.org","@graph":[{"@type":"Article","@id":"https:\/\/prefeitosegestoes.com.br\/portal\/6x1-5x2-4x3-conheca-os-tipos-de-escala-de-trabalho\/#article","isPartOf":{"@id":"https:\/\/prefeitosegestoes.com.br\/portal\/6x1-5x2-4x3-conheca-os-tipos-de-escala-de-trabalho\/"},"author":{"name":"Prefeitos &amp; Gest\u00f5es","@id":"https:\/\/prefeitosegestoes.com.br\/portal\/#\/schema\/person\/d00059f2ec99963e7e1850d448ae94b8"},"headline":"6\u00d71, 5\u00d72, 4\u00d73: conhe\u00e7a os tipos de escala de trabalho","datePublished":"2024-11-12T17:26:19+00:00","mainEntityOfPage":{"@id":"https:\/\/prefeitosegestoes.com.br\/portal\/6x1-5x2-4x3-conheca-os-tipos-de-escala-de-trabalho\/"},"wordCount":707,"commentCount":0,"publisher":{"@id":"https:\/\/prefeitosegestoes.com.br\/portal\/#organization"},"image":{"@id":"https:\/\/prefeitosegestoes.com.br\/portal\/6x1-5x2-4x3-conheca-os-tipos-de-escala-de-trabalho\/#primaryimage"},"thumbnailUrl":"https:\/\/prefeitosegestoes.com.br\/portal\/wp-content\/uploads\/2024\/11\/carteira-de-trabalho-digital_mcamgo_abr_240620211818.webp","keywords":["CLT","Escala","Folga","Jornada","Semana","Trabalho"],"articleSection":["Destaques"],"inLanguage":"pt-BR","potentialAction":[{"@type":"CommentAction","name":"Comment","target":["https:\/\/prefeitosegestoes.com.br\/portal\/6x1-5x2-4x3-conheca-os-tipos-de-escala-de-trabalho\/#respond"]}]},{"@type":"WebPage","@id":"https:\/\/prefeitosegestoes.com.br\/portal\/6x1-5x2-4x3-conheca-os-tipos-de-escala-de-trabalho\/","url":"https:\/\/prefeitosegestoes.com.br\/portal\/6x1-5x2-4x3-conheca-os-tipos-de-escala-de-trabalho\/","name":"6\u00d71, 5\u00d72, 4\u00d73: conhe\u00e7a os tipos de escala de trabalho - Prefeitos &amp; Gest\u00f5es","isPartOf":{"@id":"https:\/\/prefeitosegestoes.com.br\/portal\/#website"},"primaryImageOfPage":{"@id":"https:\/\/prefeitosegestoes.com.br\/portal\/6x1-5x2-4x3-conheca-os-tipos-de-escala-de-trabalho\/#primaryimage"},"image":{"@id":"https:\/\/prefeitosegestoes.com.br\/portal\/6x1-5x2-4x3-conheca-os-tipos-de-escala-de-trabalho\/#primaryimage"},"thumbnailUrl":"https:\/\/prefeitosegestoes.com.br\/portal\/wp-content\/uploads\/2024\/11\/carteira-de-trabalho-digital_mcamgo_abr_240620211818.webp","datePublished":"2024-11-12T17:26:19+00:00","breadcrumb":{"@id":"https:\/\/prefeitosegestoes.com.br\/portal\/6x1-5x2-4x3-conheca-os-tipos-de-escala-de-trabalho\/#breadcrumb"},"inLanguage":"pt-BR","potentialAction":[{"@type":"ReadAction","target":["https:\/\/prefeitosegestoes.com.br\/portal\/6x1-5x2-4x3-conheca-os-tipos-de-escala-de-trabalho\/"]}]},{"@type":"ImageObject","inLanguage":"pt-BR","@id":"https:\/\/prefeitosegestoes.com.br\/portal\/6x1-5x2-4x3-conheca-os-tipos-de-escala-de-trabalho\/#primaryimage","url":"https:\/\/prefeitosegestoes.com.br\/portal\/wp-content\/uploads\/2024\/11\/carteira-de-trabalho-digital_mcamgo_abr_240620211818.webp","contentUrl":"https:\/\/prefeitosegestoes.com.br\/portal\/wp-content\/uploads\/2024\/11\/carteira-de-trabalho-digital_mcamgo_abr_240620211818.webp","width":1024,"height":768},{"@type":"BreadcrumbList","@id":"https:\/\/prefeitosegestoes.com.br\/portal\/6x1-5x2-4x3-conheca-os-tipos-de-escala-de-trabalho\/#breadcrumb","itemListElement":[{"@type":"ListItem","position":1,"name":"In\u00edcio","item":"https:\/\/prefeitosegestoes.com.br\/portal\/"},{"@type":"ListItem","position":2,"name":"6\u00d71, 5\u00d72, 4\u00d73: conhe\u00e7a os tipos de escala de trabalho"}]},{"@type":"WebSite","@id":"https:\/\/prefeitosegestoes.com.br\/portal\/#website","url":"https:\/\/prefeitosegestoes.com.br\/portal\/","name":"Prefeitos & Gest\u00f5es","description":"","publisher":{"@id":"https:\/\/prefeitosegestoes.com.br\/portal\/#organization"},"potentialAction":[{"@type":"SearchAction","target":{"@type":"EntryPoint","urlTemplate":"https:\/\/prefeitosegestoes.com.br\/portal\/?s={search_term_string}"},"query-input":{"@type":"PropertyValueSpecification","valueRequired":true,"valueName":"search_term_string"}}],"inLanguage":"pt-BR"},{"@type":"Organization","@id":"https:\/\/prefeitosegestoes.com.br\/portal\/#organization","name":"Prefeitos & Gest\u00f5es","url":"https:\/\/prefeitosegestoes.com.br\/portal\/","logo":{"@type":"ImageObject","inLanguage":"pt-BR","@id":"https:\/\/prefeitosegestoes.com.br\/portal\/#\/schema\/logo\/image\/","url":"https:\/\/prefeitosegestoes.com.br\/portal\/wp-content\/uploads\/2024\/10\/lg_trans_prefeitos_2024_preto2.png","contentUrl":"https:\/\/prefeitosegestoes.com.br\/portal\/wp-content\/uploads\/2024\/10\/lg_trans_prefeitos_2024_preto2.png","width":199,"height":122,"caption":"Prefeitos & Gest\u00f5es"},"image":{"@id":"https:\/\/prefeitosegestoes.com.br\/portal\/#\/schema\/logo\/image\/"},"sameAs":["https:\/\/www.facebook.com\/prefeitosonline","https:\/\/x.com\/PrefGestoes"]},{"@type":"Person","@id":"https:\/\/prefeitosegestoes.com.br\/portal\/#\/schema\/person\/d00059f2ec99963e7e1850d448ae94b8","name":"Prefeitos &amp; Gest\u00f5es","image":{"@type":"ImageObject","inLanguage":"pt-BR","@id":"https:\/\/secure.gravatar.com\/avatar\/738fb281e479212ed32c1a21a4307dda9f3af9292edb6918a16c9ce9fff5f48d?s=96&d=mm&r=g","url":"https:\/\/secure.gravatar.com\/avatar\/738fb281e479212ed32c1a21a4307dda9f3af9292edb6918a16c9ce9fff5f48d?s=96&d=mm&r=g","contentUrl":"https:\/\/secure.gravatar.com\/avatar\/738fb281e479212ed32c1a21a4307dda9f3af9292edb6918a16c9ce9fff5f48d?s=96&d=mm&r=g","caption":"Prefeitos &amp; Gest\u00f5es"},"url":"https:\/\/prefeitosegestoes.com.br\/portal\/author\/prefeitosegestoes\/"}]}},"_links":{"self":[{"href":"https:\/\/prefeitosegestoes.com.br\/portal\/wp-json\/wp\/v2\/posts\/2792","targetHints":{"allow":["GET"]}}],"collection":[{"href":"https:\/\/prefeitosegestoes.com.br\/portal\/wp-json\/wp\/v2\/posts"}],"about":[{"href":"https:\/\/prefeitosegestoes.com.br\/portal\/wp-json\/wp\/v2\/types\/post"}],"author":[{"embeddable":true,"href":"https:\/\/prefeitosegestoes.com.br\/portal\/wp-json\/wp\/v2\/users\/2"}],"replies":[{"embeddable":true,"href":"https:\/\/prefeitosegestoes.com.br\/portal\/wp-json\/wp\/v2\/comments?post=2792"}],"version-history":[{"count":1,"href":"https:\/\/prefeitosegestoes.com.br\/portal\/wp-json\/wp\/v2\/posts\/2792\/revisions"}],"predecessor-version":[{"id":2794,"href":"https:\/\/prefeitosegestoes.com.br\/portal\/wp-json\/wp\/v2\/posts\/2792\/revisions\/2794"}],"wp:featuredmedia":[{"embeddable":true,"href":"https:\/\/prefeitosegestoes.com.br\/portal\/wp-json\/wp\/v2\/media\/2793"}],"wp:attachment":[{"href":"https:\/\/prefeitosegestoes.com.br\/portal\/wp-json\/wp\/v2\/media?parent=2792"}],"wp:term":[{"taxonomy":"category","embeddable":true,"href":"https:\/\/prefeitosegestoes.com.br\/portal\/wp-json\/wp\/v2\/categories?post=2792"},{"taxonomy":"post_tag","embeddable":true,"href":"https:\/\/prefeitosegestoes.com.br\/portal\/wp-json\/wp\/v2\/tags?post=2792"}],"curies":[{"name":"wp","href":"https:\/\/api.w.org\/{rel}","templated":true}]}}