{"id":2440,"date":"2024-11-04T08:44:44","date_gmt":"2024-11-04T11:44:44","guid":{"rendered":"https:\/\/prefeitosegestoes.com.br\/portal\/?p=2440"},"modified":"2024-11-04T08:44:44","modified_gmt":"2024-11-04T11:44:44","slug":"kamala-ou-trump-como-afetam-a-economia-brasileira-e-quais-os-impactos-no-dolar-bolsa-e-juros","status":"publish","type":"post","link":"https:\/\/prefeitosegestoes.com.br\/portal\/kamala-ou-trump-como-afetam-a-economia-brasileira-e-quais-os-impactos-no-dolar-bolsa-e-juros\/","title":{"rendered":"Kamala ou Trump: como afetam a economia brasileira e quais os impactos no d\u00f3lar, bolsa e juros"},"content":{"rendered":"<div class=\"mc-article-header\">\n<div class=\"row content-head mc-column non-featured \">\n<div class=\"medium-centered subtitle\">\n<h6 class=\"content-head__subtitle\">Foto: Fernando Fraz\u00e3o\/Agencia Brasil<\/h6>\n<h2 class=\"content-head__subtitle\">Especialistas ouvidos pelo g1 explicam que dois principais temas podem gerar reflexos ao Brasil: as contas p\u00fablicas dos EUA e o protecionismo, marcado pela guerra comercial contra a China.<\/h2>\n<\/div>\n<\/div>\n<div class=\"content__signa-share mc-column\">\n<div class=\"content__signature\">\n<div class=\"content-publication-data\">\n<div class=\"content-publication-data__text\">\n<p class=\"content-publication-data__from\" title=\"Andr\u00e9 Catto\">Por\u00a0<a class=\"multi_signatures\" href=\"https:\/\/g1.globo.com\/autores\/andre-catto\/\">Andr\u00e9 Catto<\/a>, g1<\/p>\n<p class=\"content-publication-data__updated\"><time datetime=\"2024-11-04T08:03:34.553Z\">04\/11\/2024 05h03\u00a0<\/time><span class=\"content-publication-data__updated-relative\">\u00a0<time datetime=\"2024-11-04T11:24:17.944Z\">Atualizado\u00a0<time datetime=\"2024-11-04T11:24:17.944Z\">h\u00e1 9 minutos<\/time><\/time><\/span><\/p>\n<\/div>\n<\/div>\n<\/div>\n<\/div>\n<\/div>\n<div class=\"mc-article-body\">\n<article>\n<div id=\"chunk-fsp89\">\n<div class=\"row medium-uncollapsed content-media content-photo\" data-block-type=\"backstage-photo\" data-block-id=\"1\">\n<div class=\"column medium-22 large-20 medium-centered   content-media__container\">\n<div class=\"content-media-container glb-skeleton-box\">\n<figure class=\"content-media-figure\"><img decoding=\"async\" class=\"i-amphtml-fill-content i-amphtml-replaced-content\" src=\"https:\/\/s2-g1.glbimg.com\/fNeN7ToSgRBjPTOxsZaFET1AhQk=\/0x0:1920x1080\/1008x0\/smart\/filters:strip_icc()\/i.s3.glbimg.com\/v1\/AUTH_59edd422c0c84a879bd37670ae4f538a\/internal_photos\/bs\/2024\/7\/u\/BA2oWWT5mzsMK6aDztKA\/fotojet-12-.jpg\" srcset=\"\" alt=\"Democrata Kamala Harris e republicano Donald Trump. \u2014 Foto: Reuters\" \/><\/figure>\n<\/div>\n<p class=\"content-media__description  \">Democrata Kamala Harris e republicano Donald Trump. \u2014 Foto: Reuters<\/p>\n<\/div>\n<\/div>\n<\/div>\n<div id=\"chunk-7fdh\">\n<div class=\"mc-column content-text active-extra-styles \" data-block-type=\"unstyled\" data-block-weight=\"44\" data-block-id=\"2\">\n<p class=\" content-text__container \" data-track-category=\"Link no Texto\" data-track-links=\"\" data-mrf-recirculation=\"Artigo - Links Texto\">Os norte-americanos\u00a0<a class=\"\" href=\"https:\/\/g1.globo.com\/mundo\/eleicoes-nos-eua\/2024\/\" data-mrf-link=\"https:\/\/g1.globo.com\/mundo\/eleicoes-nos-eua\/2024\/\">v\u00e3o \u00e0s urnas nesta ter\u00e7a-feira, 5 de novembro<\/a>, para decidir quem ser\u00e1 o pr\u00f3ximo presidente dos\u00a0<a class=\"\" href=\"https:\/\/g1.globo.com\/tudo-sobre\/estados-unidos\/\" data-mrf-link=\"https:\/\/g1.globo.com\/tudo-sobre\/estados-unidos\/\">Estados Unidos<\/a>. E, como esperado, a elei\u00e7\u00e3o da maior economia do planeta est\u00e1 sendo acompanhada de perto por agentes econ\u00f4micos do mundo inteiro, incluindo o Brasil.<\/p>\n<\/div>\n<\/div>\n<div class=\"wall protected-content\">\n<div id=\"chunk-bpr6l\">\n<div class=\"mc-column content-text active-extra-styles \" data-block-type=\"unstyled\" data-block-weight=\"44\" data-block-id=\"4\">\n<p class=\" content-text__container \" data-track-category=\"Link no Texto\" data-track-links=\"\" data-mrf-recirculation=\"Artigo - Links Texto\">A vice-presidente\u00a0<a class=\"\" href=\"https:\/\/g1.globo.com\/tudo-sobre\/kamala-harris\/\" data-mrf-link=\"https:\/\/g1.globo.com\/tudo-sobre\/kamala-harris\/\">Kamala Harris<\/a>\u00a0deu novos ares \u00e0 corrida eleitoral ap\u00f3s\u00a0<a class=\"\" href=\"https:\/\/g1.globo.com\/tudo-sobre\/joe-biden\/\" data-mrf-link=\"https:\/\/g1.globo.com\/tudo-sobre\/joe-biden\/\">Joe Biden<\/a>, presidente do pa\u00eds,\u00a0<a class=\"\" href=\"https:\/\/g1.globo.com\/mundo\/noticia\/2024\/07\/21\/biden-presidencia.ghtml\" data-mrf-link=\"https:\/\/g1.globo.com\/mundo\/noticia\/2024\/07\/21\/biden-presidencia.ghtml\">desistir da candidatura<\/a>. Com a mudan\u00e7a no lado democrata, cresceram as expectativas sobre como seria a condu\u00e7\u00e3o econ\u00f4mica em uma eventual gest\u00e3o de Kamala, ent\u00e3o estreante no cargo.<\/p>\n<\/div>\n<\/div>\n<div id=\"chunk-77n2d\">\n<div class=\"mc-column content-text active-extra-styles \" data-block-type=\"unstyled\" data-block-weight=\"49\" data-block-id=\"5\">\n<p class=\" content-text__container \" data-track-category=\"Link no Texto\" data-track-links=\"\" data-mrf-recirculation=\"Artigo - Links Texto\">Do outro lado, o republicano\u00a0<a class=\"\" href=\"https:\/\/g1.globo.com\/tudo-sobre\/donald-trump\/\" data-mrf-link=\"https:\/\/g1.globo.com\/tudo-sobre\/donald-trump\/\">Donald Trump<\/a>\u00a0\u00e9\u00a0<a class=\"\" href=\"https:\/\/g1.globo.com\/economia\/noticia\/2019\/10\/06\/a-economia-dos-eua-nunca-esteve-tao-bem-como-diz-trump.ghtml\" data-mrf-link=\"https:\/\/g1.globo.com\/economia\/noticia\/2019\/10\/06\/a-economia-dos-eua-nunca-esteve-tao-bem-como-diz-trump.ghtml\">velho conhecido do mercado<\/a>. O ex-presidente comandou o pa\u00eds de janeiro de 2017 a janeiro de 2021 e,\u00a0<a class=\"\" href=\"https:\/\/g1.globo.com\/mundo\/noticia\/trump-cria-polemica-por-contato-presidencial-com-familias-de-soldados-mortos.ghtml\" data-mrf-link=\"https:\/\/g1.globo.com\/mundo\/noticia\/trump-cria-polemica-por-contato-presidencial-com-familias-de-soldados-mortos.ghtml\">em meio a diversas pol\u00eamicas<\/a>, deu uma\u00a0<a class=\"\" href=\"https:\/\/g1.globo.com\/mundo\/noticia\/2021\/01\/18\/o-que-era-trump-representou-para-os-eua-e-para-o-brasil.ghtml\" data-mrf-link=\"https:\/\/g1.globo.com\/mundo\/noticia\/2021\/01\/18\/o-que-era-trump-representou-para-os-eua-e-para-o-brasil.ghtml\">pr\u00e9via de sua gest\u00e3o na economia<\/a> \u2014 ainda que novas ideias estejam sendo avaliadas por investidores.<\/p>\n<\/div>\n<\/div>\n<div id=\"chunk-4qtua\">\n<div class=\"mc-column content-text active-extra-styles \" data-block-type=\"unstyled\" data-block-weight=\"51\" data-block-id=\"7\">\n<p class=\" content-text__container \" data-track-category=\"Link no Texto\" data-track-links=\"\" data-mrf-recirculation=\"Artigo - Links Texto\">Com a disputa voto a voto, a desconfian\u00e7a\u00a0<a class=\"\" href=\"https:\/\/g1.globo.com\/economia\/noticia\/2024\/10\/22\/dolar-ibovespa.ghtml\" data-mrf-link=\"https:\/\/g1.globo.com\/economia\/noticia\/2024\/10\/22\/dolar-ibovespa.ghtml\">de que Trump esteja em ligeira vantagem deu o tom do mercado nos \u00faltimos dias<\/a>. As d\u00favidas est\u00e3o no efeito de uma postura protecionista do republicano, que promete eleva\u00e7\u00e3o de tarifas e uma escalada da guerra comercial contra a China.\u00a0<em>(leia mais abaixo)<\/em><\/p>\n<\/div>\n<\/div>\n<div id=\"chunk-di7pv\">\n<div class=\"mc-column content-text active-extra-styles \" data-block-type=\"unstyled\" data-block-weight=\"2\" data-block-id=\"8\">\n<p class=\" content-text__container \" data-track-category=\"Link no Texto\" data-track-links=\"\" data-mrf-recirculation=\"Artigo - Links Texto\"><strong>LEIA TAMB\u00c9M<\/strong><\/p>\n<\/div>\n<\/div>\n<div id=\"chunk-eqvdr\">\n<div class=\"mc-column content-text active-extra-styles\" data-block-type=\"raw\" data-block-weight=\"19\" data-block-id=\"9\">\n<ul class=\"content-unordered-list\">\n<li><a class=\"\" href=\"https:\/\/g1.globo.com\/economia\/noticia\/2024\/08\/24\/de-critico-a-entusiasta-por-que-donald-trump-esta-obcecado-por-criptomoedas.ghtml\">De cr\u00edtico a entusiasta: por que Donald Trump est\u00e1 obcecado por criptomoedas?<\/a><\/li>\n<li><a class=\"\" href=\"https:\/\/g1.globo.com\/economia\/noticia\/2024\/08\/16\/kamala-harris-economia.ghtml\">Kamala Harris promete foco na classe trabalhadora<\/a><\/li>\n<\/ul>\n<\/div>\n<\/div>\n<div id=\"chunk-8n9ll\">\n<div class=\"mc-column content-text active-extra-styles \" data-block-type=\"unstyled\" data-block-weight=\"43\" data-block-id=\"10\">\n<p class=\" content-text__container \" data-track-category=\"Link no Texto\" data-track-links=\"\" data-mrf-recirculation=\"Artigo - Links Texto\">O pimeiro debate \u2014 e o \u00fanico \u2014 entre Trump e Kamala ocorreu no dia 10 de setembro, em uma noite <a class=\"\" href=\"https:\/\/g1.globo.com\/mundo\/eleicoes-nos-eua\/2024\/noticia\/2024\/09\/10\/kamala-e-trump-fazem-debate.ghtml\" data-mrf-link=\"https:\/\/g1.globo.com\/mundo\/eleicoes-nos-eua\/2024\/noticia\/2024\/09\/10\/kamala-e-trump-fazem-debate.ghtml\">marcada pelo tom mais assertivo da democrata<\/a>, que se imp\u00f4s, inclusive, em temas mais confort\u00e1veis para o republicano, como imigra\u00e7\u00e3o e economia.<\/p>\n<\/div>\n<\/div>\n<div id=\"chunk-cnbsb\">\n<div class=\"mc-column content-text active-extra-styles \" data-block-type=\"unstyled\" data-block-weight=\"39\" data-block-id=\"11\">\n<p class=\" content-text__container \" data-track-category=\"Link no Texto\" data-track-links=\"\" data-mrf-recirculation=\"Artigo - Links Texto\">O cen\u00e1rio eleitoral, no entanto, ainda est\u00e1 indefinido: o agregador FiveThirtyEight, que compila e publica a m\u00e9dia das pesquisas realizadas at\u00e9 agora, mostra\u00a0<strong>Kamala com 48% das inten\u00e7\u00f5es de voto<\/strong>, pouco \u00e0 frente de\u00a0<strong>Trump, que tem 46,7%.<\/strong><\/p>\n<\/div>\n<\/div>\n<div id=\"chunk-ai0po\">\n<div class=\"mc-column content-text active-extra-styles \" data-block-type=\"unstyled\" data-block-weight=\"27\" data-block-id=\"12\">\n<p class=\" content-text__container \" data-track-category=\"Link no Texto\" data-track-links=\"\" data-mrf-recirculation=\"Artigo - Links Texto\">Especialistas ouvidos pelo\u00a0<a class=\"\" href=\"https:\/\/g1.globo.com\/\" data-mrf-link=\"https:\/\/g1.globo.com\/\"><strong>g1<\/strong><\/a><strong>\u00a0<\/strong>explicam que h\u00e1 dois principais temas que tendem a se refletir na economia brasileira ap\u00f3s o vencedor assumir o cargo, em 2025:<\/p>\n<\/div>\n<\/div>\n<div id=\"chunk-8uf1i\">\n<div class=\"mc-column content-text active-extra-styles\" data-block-type=\"raw\" data-block-weight=\"20\" data-block-id=\"13\">\n<ul class=\"content-unordered-list\">\n<li><strong>O protecionismo<\/strong>, por meio do controle comercial;<\/li>\n<li><strong>As contas p\u00fablicas dos EUA<\/strong>, com as diferentes medidas sobre gastos e incentivos.<\/li>\n<\/ul>\n<\/div>\n<\/div>\n<div id=\"chunk-dqaip\">\n<div class=\"content-ads content-ads--reveal\" data-block-type=\"ads\" data-block-id=\"14\"><\/div>\n<\/div>\n<div id=\"chunk-cahnf\">\n<div class=\"mc-column content-text active-extra-styles \" data-block-type=\"unstyled\" data-block-weight=\"30\" data-block-id=\"15\">\n<p class=\" content-text__container \" data-track-category=\"Link no Texto\" data-track-links=\"\" data-mrf-recirculation=\"Artigo - Links Texto\">Mesmo com semelhan\u00e7as em alguns aspectos \u2014 como a busca pelo fortalecimento da economia norte-americana e a guerra contra a China \u2014, a democrata e o republicano t\u00eam vis\u00f5es distintas.<\/p>\n<\/div>\n<\/div>\n<div id=\"chunk-bop1i\">\n<div class=\"mc-column content-text active-extra-styles \" data-block-type=\"unstyled\" data-block-weight=\"34\" data-block-id=\"16\">\n<p class=\" content-text__container \" data-track-category=\"Link no Texto\" data-track-links=\"\" data-mrf-recirculation=\"Artigo - Links Texto\">Se, por um lado, h\u00e1 um protecionismo mais presente na postura de Donald Trump, Kamala tem princ\u00edpios mais alinhados a aspectos sociais, com previs\u00e3o de maior transfer\u00eancia de renda \u00e0 popula\u00e7\u00e3o mais pobre.<\/p>\n<\/div>\n<\/div>\n<div id=\"chunk-egp7c\">\n<div class=\"mc-column content-text active-extra-styles \" data-block-type=\"unstyled\" data-block-weight=\"11\" data-block-id=\"17\">\n<p class=\" content-text__container \" data-track-category=\"Link no Texto\" data-track-links=\"\" data-mrf-recirculation=\"Artigo - Links Texto\">E ambas as condutas podem causar reflexos no Brasil, conforme especialistas.<\/p>\n<\/div>\n<\/div>\n<div id=\"chunk-fjqlj\">\n<div class=\"mc-column content-text active-extra-styles \" data-block-type=\"unstyled\" data-block-weight=\"13\" data-block-id=\"18\">\n<p class=\" content-text__container \" data-track-category=\"Link no Texto\" data-track-links=\"\" data-mrf-recirculation=\"Artigo - Links Texto\"><strong>Entenda, a partir dos temas abaixo, os poss\u00edveis impactos para a economia brasileira:<\/strong><\/p>\n<\/div>\n<\/div>\n<div id=\"chunk-6n74d\">\n<div class=\"mc-column content-text active-extra-styles\" data-block-type=\"raw\" data-block-weight=\"2\" data-block-id=\"22\">\n<div class=\"content-intertitle\">\n<h2>Balan\u00e7a comercial<\/h2>\n<\/div>\n<\/div>\n<\/div>\n<div id=\"chunk-7s3cd\">\n<div class=\"mc-column content-text active-extra-styles \" data-block-type=\"unstyled\" data-block-weight=\"29\" data-block-id=\"23\">\n<p class=\" content-text__container \" data-track-category=\"Link no Texto\" data-track-links=\"\" data-mrf-recirculation=\"Artigo - Links Texto\">Os Estados Unidos s\u00e3o o segundo principal parceiro comercial do Brasil, atr\u00e1s apenas da China. Isso significa que h\u00e1 um importante fluxo de importa\u00e7\u00e3o e exporta\u00e7\u00e3o entre os pa\u00edses.<\/p>\n<\/div>\n<\/div>\n<div id=\"chunk-7080t\">\n<div class=\"mc-column content-text active-extra-styles \" data-block-type=\"unstyled\" data-block-weight=\"27\" data-block-id=\"24\">\n<p class=\" content-text__container \" data-track-category=\"Link no Texto\" data-track-links=\"\" data-mrf-recirculation=\"Artigo - Links Texto\">Welber Barral, consultor especializado em com\u00e9rcio internacional, afirma que a rela\u00e7\u00e3o do Brasil com os norte-americanos \u00e9 considerada est\u00e1vel desde o governo de\u00a0<a class=\"\" href=\"https:\/\/g1.globo.com\/tudo-sobre\/barack-obama\/\" data-mrf-link=\"https:\/\/g1.globo.com\/tudo-sobre\/barack-obama\/\">Barack Obama<\/a>\u00a0(2009-2017).<\/p>\n<\/div>\n<\/div>\n<div id=\"chunk-3fj8b\">\n<div class=\"mc-column content-text active-extra-styles \" data-block-type=\"unstyled\" data-block-weight=\"39\" data-block-id=\"25\">\n<p class=\" content-text__container \" data-track-category=\"Link no Texto\" data-track-links=\"\" data-mrf-recirculation=\"Artigo - Links Texto\">Ele aponta, no entanto, que o governo Trump ficou marcado por uma s\u00e9rie de decis\u00f5es &#8220;imprevis\u00edveis&#8221;. Entre elas,\u00a0<a class=\"\" href=\"https:\/\/g1.globo.com\/economia\/noticia\/trump-anuncia-medidas-contra-importacoes-da-china.ghtml\" data-mrf-link=\"https:\/\/g1.globo.com\/economia\/noticia\/trump-anuncia-medidas-contra-importacoes-da-china.ghtml\">medidas contra a importa\u00e7\u00e3o de produtos chineses<\/a>, que acabaram impactando tamb\u00e9m o fluxo de vendas do mercado brasileiro para os EUA.<\/p>\n<\/div>\n<\/div>\n<div id=\"chunk-6l9si\">\n<div class=\"mc-column content-text active-extra-styles\" data-block-type=\"raw\" data-block-weight=\"60\" data-block-id=\"26\">\n<blockquote class=\"content-blockquote theme-border-color-primary-before\"><p>&#8220;Trump tem batido muito mais forte contra a China e tem atuado para restringir, principalmente, exporta\u00e7\u00f5es de tecnologia acess\u00edvel para o pa\u00eds asi\u00e1tico. Ele tamb\u00e9m tem amea\u00e7ado punir pa\u00edses que comecem a operar na moeda chinesa. Ent\u00e3o, com Trump, podemos ter uma san\u00e7\u00e3o indireta \u2014 ou seja, uma san\u00e7\u00e3o contra a China e que possa afetar as exporta\u00e7\u00f5es brasileiras&#8221;, diz.<\/p><\/blockquote>\n<\/div>\n<\/div>\n<div id=\"chunk-do0c6\">\n<div class=\"mc-column content-text active-extra-styles \" data-block-type=\"unstyled\" data-block-weight=\"42\" data-block-id=\"28\">\n<p class=\" content-text__container \" data-track-category=\"Link no Texto\" data-track-links=\"\" data-mrf-recirculation=\"Artigo - Links Texto\">Por outro lado, o governo do democrata Biden n\u00e3o s\u00f3 manteve, mas tamb\u00e9m\u00a0<a class=\"\" href=\"https:\/\/g1.globo.com\/economia\/noticia\/2024\/05\/14\/eua-aumenta-tarifas-contra-produtos-da-china.ghtml\" data-mrf-link=\"https:\/\/g1.globo.com\/economia\/noticia\/2024\/05\/14\/eua-aumenta-tarifas-contra-produtos-da-china.ghtml\">aumentou as tarifas contra produtos chineses<\/a>. Em maio deste ano, ele elevou as cobran\u00e7as sobre itens ligados a tecnologia, como ve\u00edculos el\u00e9tricos, semicondutores, baterias, c\u00e9lulas solares, a\u00e7o e alum\u00ednio.<\/p>\n<\/div>\n<\/div>\n<div id=\"chunk-390rd\">\n<div class=\"mc-column content-text active-extra-styles \" data-block-type=\"unstyled\" data-block-weight=\"38\" data-block-id=\"29\">\n<p class=\" content-text__container \" data-track-category=\"Link no Texto\" data-track-links=\"\" data-mrf-recirculation=\"Artigo - Links Texto\">A medida vem em meio \u00e0 for\u00e7a do gigante asi\u00e1tico no com\u00e9rcio de produtos superbaratos e no mercado de ve\u00edculos eletrificados. Conforme j\u00e1 mostrou o\u00a0<a class=\"\" href=\"https:\/\/g1.globo.com\/\" data-mrf-link=\"https:\/\/g1.globo.com\/\"><strong>g1<\/strong><\/a>,\u00a0<a class=\"\" href=\"https:\/\/g1.globo.com\/carros\/noticia\/2023\/11\/23\/carros-eletricos-entenda-os-desafios-e-perspectivas-do-setor.ghtml\" data-mrf-link=\"https:\/\/g1.globo.com\/carros\/noticia\/2023\/11\/23\/carros-eletricos-entenda-os-desafios-e-perspectivas-do-setor.ghtml\">a China det\u00e9m quase 20% do mercado globa<\/a><a class=\"\" href=\"https:\/\/g1.globo.com\/carros\/noticia\/2023\/11\/23\/carros-eletricos-entenda-os-desafios-e-perspectivas-do-setor.ghtml\" data-mrf-link=\"https:\/\/g1.globo.com\/carros\/noticia\/2023\/11\/23\/carros-eletricos-entenda-os-desafios-e-perspectivas-do-setor.ghtml\">l de ve\u00edculos 100% el\u00e9tricos<\/a>.<\/p>\n<\/div>\n<\/div>\n<div id=\"chunk-o2p9\">\n<div class=\"mc-column content-text active-extra-styles\" data-block-type=\"raw\" data-block-weight=\"25\" data-block-id=\"30\">\n<blockquote class=\"content-blockquote theme-border-color-primary-before\"><p>&#8220;Os setores brasileiros mais prejudicados s\u00e3o os de a\u00e7o e alum\u00ednio, que representam exporta\u00e7\u00f5es importantes do pa\u00eds na rela\u00e7\u00e3o com os Estados Unidos&#8221;, diz Barral.<\/p><\/blockquote>\n<\/div>\n<\/div>\n<div id=\"chunk-227fg\">\n<div class=\"bs-video-block mc-column   content-media content-video\" data-block-type=\"backstage-video\" data-block-id=\"31\">\n<div class=\"content-media__container\">\n<p class=\"content-media__description\">Balan\u00e7a comercial tem super\u00e1vit de US$ 5,4 bilh\u00f5es em setembro<\/p>\n<\/div>\n<\/div>\n<\/div>\n<div id=\"chunk-8d0pq\">\n<div class=\"mc-column content-text active-extra-styles \" data-block-type=\"unstyled\" data-block-weight=\"58\" data-block-id=\"33\">\n<p class=\" content-text__container \" data-track-category=\"Link no Texto\" data-track-links=\"\" data-mrf-recirculation=\"Artigo - Links Texto\">Queda na exporta\u00e7\u00e3o pode significar\u00a0<strong>perda na balan\u00e7a comercial brasileira<\/strong>, que \u00e9 a diferen\u00e7a entre o que o Brasil vende para fora e o que compra de outros pa\u00edses. O saldo negativo da balan\u00e7a (exportar menos do que importar) prejudica, entre outros pontos,\u00a0<a class=\"\" href=\"https:\/\/g1.globo.com\/economia\/noticia\/2022\/10\/19\/reservas-internacionais-do-brasil-atingem-patamar-mais-baixo-desde-abril-de-2011.ghtml\" data-mrf-link=\"https:\/\/g1.globo.com\/economia\/noticia\/2022\/10\/19\/reservas-internacionais-do-brasil-atingem-patamar-mais-baixo-desde-abril-de-2011.ghtml\">a forma\u00e7\u00e3o de reservas internaciona<\/a><a class=\"\" href=\"https:\/\/g1.globo.com\/economia\/noticia\/2022\/10\/19\/reservas-internacionais-do-brasil-atingem-patamar-mais-baixo-desde-abril-de-2011.ghtml\" data-mrf-link=\"https:\/\/g1.globo.com\/economia\/noticia\/2022\/10\/19\/reservas-internacionais-do-brasil-atingem-patamar-mais-baixo-desde-abril-de-2011.ghtml\">is \u2014 valores que um pa\u00eds possui em moeda estrangeira<\/a>.<\/p>\n<\/div>\n<\/div>\n<div id=\"chunk-a0tcv\">\n<div class=\"mc-column content-text active-extra-styles \" data-block-type=\"unstyled\" data-block-weight=\"44\" data-block-id=\"34\">\n<p class=\" content-text__container \" data-track-category=\"Link no Texto\" data-track-links=\"\" data-mrf-recirculation=\"Artigo - Links Texto\">Al\u00e9m disso, impacta negativamente o c\u00e2mbio: quando h\u00e1 menos vendas para o exterior, h\u00e1 menor volume de d\u00f3lar entrando no pa\u00eds, o que\u00a0<strong>enfraquece o real frente \u00e0 moeda norte-americana.<\/strong>\u00a0Por isso, de forma geral, barreiras comerciais s\u00e3o vistas como negativas por agentes econ\u00f4micos.<\/p>\n<\/div>\n<\/div>\n<div id=\"chunk-297o6\">\n<div class=\"mc-column content-text active-extra-styles\" data-block-type=\"raw\" data-block-weight=\"36\" data-block-id=\"35\">\n<blockquote class=\"content-blockquote theme-border-color-primary-before\"><p>a vit\u00f3ria de Kamala Harris poderia levar a uma pol\u00edtica externa americana mais cooperativa e menos protecionista, o que beneficiaria o Brasil em termos de com\u00e9rcio bilateral e investimentos&#8221;, afirma F\u00e1bio Murad, s\u00f3cio da Ip\u00ea Avalia\u00e7\u00f5es.<\/p><\/blockquote>\n<\/div>\n<\/div>\n<div id=\"chunk-ebppv\">\n<div class=\"mc-column content-text active-extra-styles \" data-block-type=\"unstyled\" data-block-weight=\"36\" data-block-id=\"36\">\n<p class=\" content-text__container \" data-track-category=\"Link no Texto\" data-track-links=\"\" data-mrf-recirculation=\"Artigo - Links Texto\">O economista-chefe da An\u00e1lise Econ\u00f4mica, Andr\u00e9 Galhardo, destaca que o acirramento da guerra comercial entre EUA e China ap\u00f3s uma eventual vit\u00f3ria de Trump tamb\u00e9m pode, em outra frente, impactar de forma negativa a ind\u00fastria brasileira.<\/p>\n<\/div>\n<\/div>\n<div id=\"chunk-uguq\">\n<div class=\"mc-column content-text active-extra-styles \" data-block-type=\"unstyled\" data-block-weight=\"42\" data-block-id=\"37\">\n<p class=\" content-text__container \" data-track-category=\"Link no Texto\" data-track-links=\"\" data-mrf-recirculation=\"Artigo - Links Texto\">&#8220;A tend\u00eancia \u00e9 que haja uma sobra de produtos chineses, e esses itens v\u00e3o procurar outras pra\u00e7as, como o Brasil. Ent\u00e3o, ficamos mais expostos a produtos ultrabaratos da China, o que pode prejudicar a ind\u00fastria dom\u00e9stica e impactar a balan\u00e7a comercial&#8221;, diz.<\/p>\n<\/div>\n<\/div>\n<div id=\"chunk-1q51l\">\n<div class=\"mc-column content-text active-extra-styles\" data-block-type=\"raw\" data-block-weight=\"1\" data-block-id=\"40\">\n<div class=\"content-intertitle\">\n<h2>D\u00f3lar<\/h2>\n<\/div>\n<\/div>\n<\/div>\n<div id=\"chunk-9db5v\">\n<div class=\"mc-column content-text active-extra-styles \" data-block-type=\"unstyled\" data-block-weight=\"47\" data-block-id=\"41\">\n<p class=\" content-text__container \" data-track-category=\"Link no Texto\" data-track-links=\"\" data-mrf-recirculation=\"Artigo - Links Texto\">O d\u00f3lar tamb\u00e9m pode ser impactado de diferentes formas a partir de pol\u00edticas econ\u00f4micas de Trump e Kamala. Al\u00e9m dos poss\u00edveis reflexos na balan\u00e7a comercial, h\u00e1 receios de que uma eventual alta da infla\u00e7\u00e3o dos EUA possa resultar em uma\u00a0<strong>valoriza\u00e7\u00e3o da moeda norte-americana frente ao real.<\/strong><\/p>\n<\/div>\n<\/div>\n<div id=\"chunk-d6oo\">\n<div class=\"mc-column content-text active-extra-styles \" data-block-type=\"unstyled\" data-block-weight=\"21\" data-block-id=\"42\">\n<p class=\" content-text__container \" data-track-category=\"Link no Texto\" data-track-links=\"\" data-mrf-recirculation=\"Artigo - Links Texto\">A situa\u00e7\u00e3o j\u00e1 \u00e9 complicada: na sexta-feira, a moeda americana bateu\u00a0<a class=\"\" href=\"https:\/\/g1.globo.com\/economia\/noticia\/2024\/11\/01\/dolar-ibovespa.ghtml\" data-mrf-link=\"https:\/\/g1.globo.com\/economia\/noticia\/2024\/11\/01\/dolar-ibovespa.ghtml\">seu segundo maior valor nominal da hist\u00f3ria, aos R$ 5,86.<\/a><\/p>\n<\/div>\n<\/div>\n<div id=\"chunk-rjij\">\n<div class=\"mc-column content-text active-extra-styles \" data-block-type=\"unstyled\" data-block-weight=\"31\" data-block-id=\"43\">\n<p class=\" content-text__container \" data-track-category=\"Link no Texto\" data-track-links=\"\" data-mrf-recirculation=\"Artigo - Links Texto\">Nesse sentido, o economista-chefe do banco Daycoval, Rafael Cardoso, destaca que as pol\u00edticas fiscais de Kamala, com foco na popula\u00e7\u00e3o mais pobre, podem gerar impactos no \u00edndice de pre\u00e7os do pa\u00eds.<\/p>\n<\/div>\n<\/div>\n<div id=\"chunk-94jk8\">\n<div class=\"mc-column content-text active-extra-styles\" data-block-type=\"raw\" data-block-weight=\"46\" data-block-id=\"45\">\n<blockquote class=\"content-blockquote theme-border-color-primary-before\"><p>&#8220;Uma pol\u00edtica centrada em assistencialismo tende a estimular o consumo e gerar um efeito maior na atividade econ\u00f4mica. Isso eleva a infla\u00e7\u00e3o. E a resposta sabemos qual \u00e9: ou o\u00a0<a class=\"\" href=\"https:\/\/g1.globo.com\/tudo-sobre\/fed\/\">Fed<\/a>\u00a0[o banco central dos EUA] sobe juros ou mant\u00e9m taxas altas por mais tempo&#8221;, diz.<\/p><\/blockquote>\n<\/div>\n<\/div>\n<div id=\"chunk-miep\">\n<div class=\"mc-column content-text active-extra-styles \" data-block-type=\"unstyled\" data-block-weight=\"14\" data-block-id=\"46\">\n<p class=\" content-text__container \" data-track-category=\"Link no Texto\" data-track-links=\"\" data-mrf-recirculation=\"Artigo - Links Texto\">Segundo Cardoso, a l\u00f3gica a partir da pol\u00edtica social de Kamala \u00e9 a seguinte:<\/p>\n<\/div>\n<\/div>\n<div id=\"chunk-9vj8s\">\n<div class=\"mc-column content-text active-extra-styles\" data-block-type=\"raw\" data-block-weight=\"79\" data-block-id=\"47\">\n<ul class=\"content-unordered-list\">\n<li>A maior transfer\u00eancia de renda para a popula\u00e7\u00e3o significa\u00a0<strong>mais dinheiro em circula\u00e7\u00e3o<\/strong>;<\/li>\n<li>Um volume maior de dinheiro na pra\u00e7a tende a<strong>\u00a0impulsionar o consumo<\/strong>;<\/li>\n<li>Esse aumento na demanda, por sua vez, pode\u00a0<strong>pressionar os pre\u00e7os dos EUA<\/strong>\u00a0para cima;<\/li>\n<li>Para controlar os pre\u00e7os, os<strong>\u00a0juros do pa\u00eds tendem a ficar mais elevados<\/strong>;<\/li>\n<li>Taxas elevadas nos Estados Unidos\u00a0<strong>atraem mais investidores para l\u00e1<\/strong>;<\/li>\n<li>Isso se reflete no d\u00f3lar: quanto mais investidores aplicam nos EUA,\u00a0<strong>mais a moeda se fortalece<\/strong>.<\/li>\n<\/ul>\n<\/div>\n<\/div>\n<div id=\"chunk-12q2d\">\n<div class=\"mc-column content-text active-extra-styles\" data-block-type=\"raw\" data-block-weight=\"45\" data-block-id=\"48\">\n<blockquote class=\"content-blockquote theme-border-color-primary-before\"><p>&#8220;N\u00f3s n\u00e3o podemos cravar que a linha \u00e9 exatamente essa, mas, se formos estereotipar o processo, \u00e9 isso o que deve acontecer&#8221;, pondera. &#8220;Ent\u00e3o, do lado protecionista, Trump \u00e9 mais perigoso para o Brasil. Do lado da pol\u00edtica fiscal, a Kamala pode ser mais inflacion\u00e1ria.&#8221;<\/p><\/blockquote>\n<\/div>\n<\/div>\n<div id=\"chunk-ed1l\">\n<div class=\"mc-column content-text active-extra-styles \" data-block-type=\"unstyled\" data-block-weight=\"24\" data-block-id=\"49\">\n<p class=\" content-text__container \" data-track-category=\"Link no Texto\" data-track-links=\"\" data-mrf-recirculation=\"Artigo - Links Texto\">Volnei Eyng, CEO da gestora Multiplike, afirma que a cota\u00e7\u00e3o do d\u00f3lar frente ao real tende a ser influenciada principalmente pelos juros nos EUA.<\/p>\n<\/div>\n<\/div>\n<div id=\"chunk-2tvab\">\n<div class=\"content-ads content-ads--reveal\" data-block-type=\"ads\" data-block-id=\"50\"><\/div>\n<\/div>\n<div id=\"chunk-1u3og\">\n<div class=\"show-flourish-embed-block\">\n<div class=\"show-flourish-embed-block__container show-flourish-embed-block__container--visualization\" data-flourish-embed=\"\" data-flourish-content-type=\"visualization\">\n<div class=\"flourish-embed flourish-embed--visualization flourish-background\" data-src=\"visualisation\/20098143\" data-width=\"100%\"><iframe title=\"Interactive or visual content\" src=\"https:\/\/flo.uri.sh\/visualisation\/20098143\/embed?auto=1\" frameborder=\"0\" scrolling=\"no\" sandbox=\"allow-same-origin allow-forms allow-scripts allow-downloads allow-popups allow-popups-to-escape-sandbox allow-top-navigation-by-user-activation\" data-mce-fragment=\"1\"><\/iframe><\/div>\n<\/div>\n<\/div>\n<\/div>\n<div id=\"chunk-ffv14\">\n<div class=\"mc-column content-text active-extra-styles \" data-block-type=\"unstyled\" data-block-weight=\"31\" data-block-id=\"51\">\n<p class=\" content-text__container \" data-track-category=\"Link no Texto\" data-track-links=\"\" data-mrf-recirculation=\"Artigo - Links Texto\">Mas, seguindo uma linha de racioc\u00ednio distinta, o especialista acredita que Kamala Harris pode ser menos prejudicial do que Donald Trump para a infla\u00e7\u00e3o \u2014 e, assim, para a moeda brasileira.<\/p>\n<\/div>\n<\/div>\n<div id=\"chunk-ddbb5\">\n<div class=\"mc-column content-text active-extra-styles\" data-block-type=\"raw\" data-block-weight=\"43\" data-block-id=\"52\">\n<blockquote class=\"content-blockquote theme-border-color-primary-before\"><p>&#8220;Uma elei\u00e7\u00e3o de Kamala poderia amenizar a for\u00e7a do d\u00f3lar, enquanto um governo Trump, com hist\u00f3rico de protecionismo e contra a imigra\u00e7\u00e3o, poderia levar a um mercado de trabalho mais aquecido, infla\u00e7\u00e3o mais alta, juros maiores e uma moeda norte-americana mais forte&#8221;, diz.<\/p><\/blockquote>\n<\/div>\n<\/div>\n<div id=\"chunk-fl9m0\">\n<div class=\"mc-column content-text active-extra-styles \" data-block-type=\"unstyled\" data-block-weight=\"43\" data-block-id=\"53\">\n<p class=\" content-text__container \" data-track-category=\"Link no Texto\" data-track-links=\"\" data-mrf-recirculation=\"Artigo - Links Texto\">Os temores em rela\u00e7\u00e3o ao d\u00f3lar n\u00e3o ocorrem \u00e0 toa: em 2024, a moeda norte-americana subiu quase 16%, cotada acima de R$ 5,60, em meio a uma\u00a0<a class=\"\" href=\"https:\/\/g1.globo.com\/economia\/noticia\/2024\/07\/03\/juros-nos-eua-cenario-fiscal-e-declaracoes-de-lula-veja-a-cronologia-da-disparada-do-dolar.ghtml\" data-mrf-link=\"https:\/\/g1.globo.com\/economia\/noticia\/2024\/07\/03\/juros-nos-eua-cenario-fiscal-e-declaracoes-de-lula-veja-a-cronologia-da-disparada-do-dolar.ghtml\">s\u00e9rie de fatores externos e internos<\/a> \u2014 incluindo as taxas de juros ainda elevadas nos EUA.<\/p>\n<\/div>\n<\/div>\n<div id=\"chunk-94env\">\n<div class=\"mc-column content-text active-extra-styles \" data-block-type=\"unstyled\" data-block-weight=\"34\" data-block-id=\"55\">\n<p class=\" content-text__container \" data-track-category=\"Link no Texto\" data-track-links=\"\" data-mrf-recirculation=\"Artigo - Links Texto\">O hist\u00f3rico de Trump tamb\u00e9m n\u00e3o traz boas mem\u00f3rias quando o assunto \u00e9 d\u00f3lar. Andr\u00e9 Galhardo, da An\u00e1lise Econ\u00f4mica, lembra que a moeda norte-americana disparou em rela\u00e7\u00e3o ao real durante o governo do republicano.<\/p>\n<\/div>\n<\/div>\n<div id=\"chunk-4837f\">\n<div class=\"mc-column content-text active-extra-styles \" data-block-type=\"unstyled\" data-block-weight=\"56\" data-block-id=\"56\">\n<p class=\" content-text__container \" data-track-category=\"Link no Texto\" data-track-links=\"\" data-mrf-recirculation=\"Artigo - Links Texto\">Trump assumiu a presid\u00eancia dos EUA em janeiro de 2017, com o\u00a0<strong>d\u00f3lar cotado a R$ 3,18<\/strong>. No fim de sua gest\u00e3o, em janeiro de 2021,\u00a0<strong>a moeda valia R$ 5,31<\/strong> \u2014 um salto de 67% no per\u00edodo, com reflexos tamb\u00e9m da pandemia de Covid-19, que teve in\u00edcio em 2020, e de quest\u00f5es internas do Brasil.<\/p>\n<\/div>\n<\/div>\n<div id=\"chunk-m073\">\n<div class=\"mc-column content-text active-extra-styles\" data-block-type=\"raw\" data-block-weight=\"44\" data-block-id=\"57\">\n<blockquote class=\"content-blockquote theme-border-color-primary-before\"><p>&#8220;As tens\u00f5es comerciais [como as que s\u00e3o travadas pelo ex-presidente] elevam o n\u00edvel de incerteza do investidor global. E uma eventual nova gest\u00e3o de Trump pode piorar esse cen\u00e1rio. A consequ\u00eancia, ent\u00e3o, deve ser uma desvaloriza\u00e7\u00e3o gradual e cont\u00ednua da moeda brasileira&#8221;, diz Galhardo.<\/p><\/blockquote>\n<\/div>\n<\/div>\n<div id=\"chunk-btd0e\">\n<div class=\"mc-column content-text active-extra-styles\" data-block-type=\"raw\" data-block-weight=\"1\" data-block-id=\"61\">\n<div class=\"content-intertitle\">\n<h2><a class=\"\" href=\"https:\/\/g1.globo.com\/tudo-sobre\/ibovespa\/\">Ibovespa<\/a><\/h2>\n<\/div>\n<\/div>\n<\/div>\n<div id=\"chunk-d2rjb\">\n<div class=\"mc-column content-text active-extra-styles \" data-block-type=\"unstyled\" data-block-weight=\"27\" data-block-id=\"62\">\n<p class=\" content-text__container \" data-track-category=\"Link no Texto\" data-track-links=\"\" data-mrf-recirculation=\"Artigo - Links Texto\">As pol\u00edticas econ\u00f4micas adotadas pelo pr\u00f3ximo presidente dos Estados Unidos tamb\u00e9m podem influenciar os resultados do Ibovespa, principal \u00edndice acion\u00e1rio da\u00a0<a class=\"\" href=\"https:\/\/g1.globo.com\/tudo-sobre\/bmf-bovespa\/\" data-mrf-link=\"https:\/\/g1.globo.com\/tudo-sobre\/bmf-bovespa\/\">B3<\/a>, a bolsa de valores brasileira.<\/p>\n<\/div>\n<\/div>\n<div id=\"chunk-c4h80\">\n<div class=\"mc-column content-text active-extra-styles \" data-block-type=\"unstyled\" data-block-weight=\"40\" data-block-id=\"63\">\n<p class=\" content-text__container \" data-track-category=\"Link no Texto\" data-track-links=\"\" data-mrf-recirculation=\"Artigo - Links Texto\">Os reflexos podem ser vistos, por exemplo, nas a\u00e7\u00f5es de empresas como a Vale e a\u00a0<a class=\"\" href=\"https:\/\/g1.globo.com\/tudo-sobre\/petrobras\/\" data-mrf-link=\"https:\/\/g1.globo.com\/tudo-sobre\/petrobras\/\">Petrobras<\/a>, que possuem maior peso no \u00edndice e est\u00e3o suscet\u00edveis \u00e0 varia\u00e7\u00e3o dos pre\u00e7os do petr\u00f3leo e do min\u00e9rio de ferro no mercado internacional.<\/p>\n<\/div>\n<\/div>\n<div id=\"chunk-8q6fp\">\n<div class=\"mc-column content-text active-extra-styles \" data-block-type=\"unstyled\" data-block-weight=\"37\" data-block-id=\"64\">\n<p class=\" content-text__container \" data-track-category=\"Link no Texto\" data-track-links=\"\" data-mrf-recirculation=\"Artigo - Links Texto\">Quando as commodities sobem de pre\u00e7o, as a\u00e7\u00f5es das empresas tendem a subir, acompanhando a valoriza\u00e7\u00e3o do produto comercializado por elas. Por outro lado, em caso de queda, os pap\u00e9is tendem a cair, influenciando tamb\u00e9m o Ibovespa.<\/p>\n<\/div>\n<\/div>\n<div id=\"chunk-agk7b\">\n<div class=\"mc-column content-text active-extra-styles\" data-block-type=\"raw\" data-block-weight=\"34\" data-block-id=\"66\">\n<blockquote class=\"content-blockquote theme-border-color-primary-before\"><p>&#8220;Uma poss\u00edvel desacelera\u00e7\u00e3o da economia chinesa, potencializada pelas tens\u00f5es comerciais aplicadas por Trump, pode contaminar diversos setores e jogar o Ibovespa para baixo, em meio ao clima de incerteza&#8221;, diz Galhardo, da An\u00e1lise Econ\u00f4mica.<\/p><\/blockquote>\n<\/div>\n<\/div>\n<div id=\"chunk-5b9qf\">\n<div class=\"mc-column content-text active-extra-styles \" data-block-type=\"unstyled\" data-block-weight=\"28\" data-block-id=\"67\">\n<p class=\" content-text__container \" data-track-category=\"Link no Texto\" data-track-links=\"\" data-mrf-recirculation=\"Artigo - Links Texto\">Alex Andrade, CEO da Swiss Capital, afirma que a candidatura de Kamala oferece menos riscos ao representar uma pol\u00edtica econ\u00f4mica menos protecionista e, possivelmente, um d\u00f3lar menos forte.<\/p>\n<\/div>\n<\/div>\n<div id=\"chunk-dige0\">\n<div class=\"mc-column content-text active-extra-styles \" data-block-type=\"unstyled\" data-block-weight=\"21\" data-block-id=\"68\">\n<p class=\" content-text__container \" data-track-category=\"Link no Texto\" data-track-links=\"\" data-mrf-recirculation=\"Artigo - Links Texto\">Na pr\u00e1tica, diz Andrade, esse movimento poderia beneficiar tamb\u00e9m o setor imobili\u00e1rio \u2014 que tem grandes empresas na composi\u00e7\u00e3o do Ibovespa.<\/p>\n<\/div>\n<\/div>\n<div id=\"chunk-7uijo\">\n<div class=\"mc-column content-text active-extra-styles\" data-block-type=\"raw\" data-block-weight=\"45\" data-block-id=\"69\">\n<blockquote class=\"content-blockquote theme-border-color-primary-before\"><p>&#8220;Uma moeda americana mais fraca tornaria os im\u00f3veis brasileiros mais acess\u00edveis para investidores estrangeiros, potencialmente aumentando a demanda. Al\u00e9m disso, com um d\u00f3lar mais barato, os custos de importa\u00e7\u00e3o de materiais de constru\u00e7\u00e3o poderiam diminuir, reduzindo os custos de desenvolvimento de novos projetos imobili\u00e1rios&#8221;, afirma.<\/p><\/blockquote>\n<\/div>\n<\/div>\n<div id=\"chunk-1jinj\">\n<div class=\"mc-column content-text active-extra-styles \" data-block-type=\"unstyled\" data-block-weight=\"3\" data-block-id=\"70\">\n<p class=\" content-text__container \" data-track-category=\"Link no Texto\" data-track-links=\"\" data-mrf-recirculation=\"Artigo - Links Texto\"><a class=\"\" href=\"https:\/\/g1.globo.com\/economia\/noticia\/2024\/11\/04\/kamala-ou-trump-como-afetam-a-economia-brasileira-e-quais-os-impactos-no-dolar-bolsa-e-juros.ghtml#1\" data-mrf-link=\"https:\/\/g1.globo.com\/economia\/noticia\/2024\/11\/04\/kamala-ou-trump-como-afetam-a-economia-brasileira-e-quais-os-impactos-no-dolar-bolsa-e-juros.ghtml\"><em>Volte ao in\u00edcio.<\/em><\/a><\/p>\n<\/div>\n<\/div>\n<div id=\"chunk-1ekrp\">\n<div class=\"show-flourish-embed-block\">\n<div class=\"show-flourish-embed-block__container show-flourish-embed-block__container--visualization\" data-flourish-embed=\"\" data-flourish-content-type=\"visualization\">\n<div class=\"flourish-embed flourish-embed--visualization flourish-background\" data-src=\"visualisation\/20098150\" data-width=\"100%\"><iframe title=\"Interactive or visual content\" src=\"https:\/\/flo.uri.sh\/visualisation\/20098150\/embed?auto=1\" frameborder=\"0\" scrolling=\"no\" sandbox=\"allow-same-origin allow-forms allow-scripts allow-downloads allow-popups allow-popups-to-escape-sandbox allow-top-navigation-by-user-activation\" data-mce-fragment=\"1\"><\/iframe><\/div>\n<\/div>\n<\/div>\n<\/div>\n<div id=\"chunk-fna3o\">\n<div class=\"mc-column content-text active-extra-styles\" data-block-type=\"raw\" data-block-weight=\"3\" data-block-id=\"72\">\n<div class=\"content-intertitle\">\n<h2>Taxa de juros<\/h2>\n<\/div>\n<\/div>\n<\/div>\n<div id=\"chunk-bpgl8\">\n<div class=\"mc-column content-text active-extra-styles \" data-block-type=\"unstyled\" data-block-weight=\"41\" data-block-id=\"73\">\n<p class=\" content-text__container \" data-track-category=\"Link no Texto\" data-track-links=\"\" data-mrf-recirculation=\"Artigo - Links Texto\">A infla\u00e7\u00e3o norte-americana \u00e9 motivo de preocupa\u00e7\u00e3o n\u00e3o s\u00f3 para o Federal Reserve (Fed, o banco central dos Estados Unidos), mas tamb\u00e9m para o\u00a0<a class=\"\" href=\"https:\/\/g1.globo.com\/tudo-sobre\/banco-central-do-brasil\/\" data-mrf-link=\"https:\/\/g1.globo.com\/tudo-sobre\/banco-central-do-brasil\/\">Banco Central do Brasil<\/a>\u00a0(BC), respons\u00e1vel por decidir sobre a Selic, a taxa b\u00e1sica de juros brasileira.<\/p>\n<\/div>\n<\/div>\n<div id=\"chunk-f3lj6\">\n<div class=\"mc-column content-text active-extra-styles \" data-block-type=\"unstyled\" data-block-weight=\"35\" data-block-id=\"74\">\n<p class=\" content-text__container \" data-track-category=\"Link no Texto\" data-track-links=\"\" data-mrf-recirculation=\"Artigo - Links Texto\">A alta dos juros \u00e9 a principal ferramenta dos bancos centrais para controlar a infla\u00e7\u00e3o.\u00a0<strong>Quanto mais elevada a taxa, mais ela desestimula a atividade econ\u00f4mica<\/strong>, em busca de reflexos de queda nos pre\u00e7os.<\/p>\n<\/div>\n<\/div>\n<div id=\"chunk-f3j4d\">\n<div class=\"mc-column content-text active-extra-styles \" data-block-type=\"unstyled\" data-block-weight=\"35\" data-block-id=\"75\">\n<p class=\" content-text__container \" data-track-category=\"Link no Texto\" data-track-links=\"\" data-mrf-recirculation=\"Artigo - Links Texto\">Em termos simples, \u00e9 a l\u00f3gica da oferta e da demanda: com menos cr\u00e9dito para as pessoas consumirem, menor a tend\u00eancia de busca por produtos e servi\u00e7os, o que ajuda a conter a infla\u00e7\u00e3o.<\/p>\n<\/div>\n<\/div>\n<div id=\"chunk-a58hn\">\n<div class=\"mc-column content-text active-extra-styles \" data-block-type=\"unstyled\" data-block-weight=\"40\" data-block-id=\"77\">\n<p class=\" content-text__container \" data-track-category=\"Link no Texto\" data-track-links=\"\" data-mrf-recirculation=\"Artigo - Links Texto\">Juros mais altos nos EUA tamb\u00e9m elevam a rentabilidade dos Treasuries (t\u00edtulos p\u00fablicos norte-americanos). Isso se reflete nos mercados de a\u00e7\u00f5es e no d\u00f3lar, com a migra\u00e7\u00e3o cada vez maior de investidores para o pa\u00eds, em busca de melhor remunera\u00e7\u00e3o.<\/p>\n<\/div>\n<\/div>\n<div id=\"chunk-9jvpk\">\n<div class=\"show-flourish-embed-block\">\n<div class=\"show-flourish-embed-block__container show-flourish-embed-block__container--visualization\" data-flourish-embed=\"\" data-flourish-content-type=\"visualization\">\n<div class=\"flourish-embed flourish-embed--visualization flourish-background\" data-src=\"visualisation\/20098158\" data-width=\"100%\"><iframe title=\"Interactive or visual content\" src=\"https:\/\/flo.uri.sh\/visualisation\/20098158\/embed?auto=1\" frameborder=\"0\" scrolling=\"no\" sandbox=\"allow-same-origin allow-forms allow-scripts allow-downloads allow-popups allow-popups-to-escape-sandbox allow-top-navigation-by-user-activation\" data-mce-fragment=\"1\"><\/iframe><\/div>\n<\/div>\n<\/div>\n<\/div>\n<div id=\"chunk-8mfbk\">\n<div class=\"mc-column content-text active-extra-styles \" data-block-type=\"unstyled\" data-block-weight=\"45\" data-block-id=\"78\">\n<p class=\" content-text__container \" data-track-category=\"Link no Texto\" data-track-links=\"\" data-mrf-recirculation=\"Artigo - Links Texto\">Essa fuga de capital \u00e9 outro fator que pode colaborar para que o BC do Brasil\u00a0<strong>eleve a taxa Selic por aqui, gerando impacto negativo na atividade econ\u00f4mica brasileira.<\/strong>\u00a0Por isso, a infla\u00e7\u00e3o norte-americana \u00e9 t\u00e3o importante \u2014 e monitorada de perto pelos agentes econ\u00f4micos.<\/p>\n<\/div>\n<\/div>\n<div id=\"chunk-10frd\">\n<div class=\"mc-column content-text active-extra-styles \" data-block-type=\"unstyled\" data-block-weight=\"32\" data-block-id=\"79\">\n<p class=\" content-text__container \" data-track-category=\"Link no Texto\" data-track-links=\"\" data-mrf-recirculation=\"Artigo - Links Texto\">Nesse sentido, especialistas ouvidos pelo\u00a0<a class=\"\" href=\"https:\/\/g1.globo.com\/\" data-mrf-link=\"https:\/\/g1.globo.com\/\"><strong>g1<\/strong><\/a><strong>\u00a0<\/strong>destacam que h\u00e1 um risco maior de alta nos pre\u00e7os a partir do protecionismo de Trump, com poss\u00edveis reflexos na eleva\u00e7\u00e3o da taxa de juros brasileira.<\/p>\n<\/div>\n<\/div>\n<div id=\"chunk-6lqj\">\n<div class=\"mc-column content-text active-extra-styles\" data-block-type=\"raw\" data-block-weight=\"32\" data-block-id=\"81\">\n<blockquote class=\"content-blockquote theme-border-color-primary-before\"><p>&#8220;Trump prop\u00f5e cortes de impostos para aquecer a economia, o que pode gerar preocupa\u00e7\u00f5es com a infla\u00e7\u00e3o e com a sa\u00fade fiscal dos Estados Unidos&#8221;, pontua Jefferson Laatus, chefe-estrategista do grupo Laatus.<\/p><\/blockquote>\n<\/div>\n<\/div>\n<div id=\"chunk-6imqa\">\n<div class=\"mc-column content-text active-extra-styles \" data-block-type=\"unstyled\" data-block-weight=\"42\" data-block-id=\"82\">\n<p class=\" content-text__container \" data-track-category=\"Link no Texto\" data-track-links=\"\" data-mrf-recirculation=\"Artigo - Links Texto\">O especialista alerta, por fim, que a\u00a0<strong>redu\u00e7\u00e3o de impostos no pa\u00eds tamb\u00e9m tende a causar uma menor arrecada\u00e7\u00e3o e um aumento do risco fiscal<\/strong>\u00a0\u2014 ou seja, eleva\u00e7\u00e3o de gastos p\u00fablicos \u2014, podendo pressionar ainda mais a pol\u00edtica monet\u00e1ria do Fed.<\/p>\n<p data-track-category=\"Link no Texto\" data-track-links=\"\" data-mrf-recirculation=\"Artigo - Links Texto\">Fonte: G1<\/p>\n<\/div>\n<\/div>\n<\/div>\n<\/article>\n<\/div>\n","protected":false},"excerpt":{"rendered":"<p>Foto: Fernando Fraz\u00e3o\/Agencia Brasil Especialistas ouvidos pelo g1 explicam que dois principais temas podem gerar reflexos ao Brasil: as contas p\u00fablicas dos EUA e o protecionismo, marcado pela guerra comercial contra a China. Por\u00a0Andr\u00e9 Catto, g1 04\/11\/2024 05h03\u00a0\u00a0Atualizado\u00a0h\u00e1 9 minutos Democrata Kamala Harris e republicano Donald Trump. \u2014 Foto: Reuters Os norte-americanos\u00a0v\u00e3o \u00e0s urnas nesta [&hellip;]<\/p>\n","protected":false},"author":2,"featured_media":2441,"comment_status":"open","ping_status":"open","sticky":false,"template":"","format":"standard","meta":{"rop_custom_images_group":[],"rop_custom_messages_group":[],"rop_publish_now":"initial","rop_publish_now_accounts":{"twitter_850042665852968960_850042665852968960":""},"rop_publish_now_history":[],"rop_publish_now_status":"pending","footnotes":""},"categories":[15],"tags":[205,203,197,201,202,196,204,206],"class_list":["post-2440","post","type-post","status-publish","format-standard","has-post-thumbnail","hentry","category-destaques","tag-contas-publicas","tag-dolar","tag-donald-trump","tag-eleicao","tag-juros","tag-kamala-harris","tag-mercado","tag-protecionismo"],"yoast_head":"<!-- This site is optimized with the Yoast SEO plugin v27.2 - https:\/\/yoast.com\/product\/yoast-seo-wordpress\/ -->\n<title>Kamala ou Trump: como afetam a economia brasileira e quais os impactos no d\u00f3lar, bolsa e juros - Prefeitos &amp; Gest\u00f5es<\/title>\n<meta name=\"robots\" content=\"index, follow, max-snippet:-1, max-image-preview:large, max-video-preview:-1\" \/>\n<link rel=\"canonical\" href=\"https:\/\/prefeitosegestoes.com.br\/portal\/kamala-ou-trump-como-afetam-a-economia-brasileira-e-quais-os-impactos-no-dolar-bolsa-e-juros\/\" \/>\n<meta property=\"og:locale\" content=\"pt_BR\" \/>\n<meta property=\"og:type\" content=\"article\" \/>\n<meta property=\"og:title\" content=\"Kamala ou Trump: como afetam a economia brasileira e quais os impactos no d\u00f3lar, bolsa e juros - Prefeitos &amp; Gest\u00f5es\" \/>\n<meta property=\"og:description\" content=\"Foto: Fernando Fraz\u00e3o\/Agencia Brasil Especialistas ouvidos pelo g1 explicam que dois principais temas podem gerar reflexos ao Brasil: as contas p\u00fablicas dos EUA e o protecionismo, marcado pela guerra comercial contra a China. Por\u00a0Andr\u00e9 Catto, g1 04\/11\/2024 05h03\u00a0\u00a0Atualizado\u00a0h\u00e1 9 minutos Democrata Kamala Harris e republicano Donald Trump. \u2014 Foto: Reuters Os norte-americanos\u00a0v\u00e3o \u00e0s urnas nesta [&hellip;]\" \/>\n<meta property=\"og:url\" content=\"https:\/\/prefeitosegestoes.com.br\/portal\/kamala-ou-trump-como-afetam-a-economia-brasileira-e-quais-os-impactos-no-dolar-bolsa-e-juros\/\" \/>\n<meta property=\"og:site_name\" content=\"Prefeitos &amp; Gest\u00f5es\" \/>\n<meta property=\"article:publisher\" content=\"https:\/\/www.facebook.com\/prefeitosonline\" \/>\n<meta property=\"article:published_time\" content=\"2024-11-04T11:44:44+00:00\" \/>\n<meta property=\"og:image\" content=\"https:\/\/prefeitosegestoes.com.br\/portal\/wp-content\/uploads\/2024\/11\/962845-09062015_randy-berry__abr8186.webp\" \/>\n\t<meta property=\"og:image:width\" content=\"1024\" \/>\n\t<meta property=\"og:image:height\" content=\"768\" \/>\n\t<meta property=\"og:image:type\" content=\"image\/webp\" \/>\n<meta name=\"author\" content=\"Prefeitos &amp; Gest\u00f5es\" \/>\n<meta name=\"twitter:card\" content=\"summary_large_image\" \/>\n<meta name=\"twitter:creator\" content=\"@PrefGestoes\" \/>\n<meta name=\"twitter:site\" content=\"@PrefGestoes\" \/>\n<meta name=\"twitter:label1\" content=\"Escrito por\" \/>\n\t<meta name=\"twitter:data1\" content=\"Prefeitos &amp; Gest\u00f5es\" \/>\n\t<meta name=\"twitter:label2\" content=\"Est. tempo de leitura\" \/>\n\t<meta name=\"twitter:data2\" content=\"11 minutos\" \/>\n<script type=\"application\/ld+json\" class=\"yoast-schema-graph\">{\"@context\":\"https:\/\/schema.org\",\"@graph\":[{\"@type\":\"Article\",\"@id\":\"https:\/\/prefeitosegestoes.com.br\/portal\/kamala-ou-trump-como-afetam-a-economia-brasileira-e-quais-os-impactos-no-dolar-bolsa-e-juros\/#article\",\"isPartOf\":{\"@id\":\"https:\/\/prefeitosegestoes.com.br\/portal\/kamala-ou-trump-como-afetam-a-economia-brasileira-e-quais-os-impactos-no-dolar-bolsa-e-juros\/\"},\"author\":{\"name\":\"Prefeitos &amp; Gest\u00f5es\",\"@id\":\"https:\/\/prefeitosegestoes.com.br\/portal\/#\/schema\/person\/d00059f2ec99963e7e1850d448ae94b8\"},\"headline\":\"Kamala ou Trump: como afetam a economia brasileira e quais os impactos no d\u00f3lar, bolsa e juros\",\"datePublished\":\"2024-11-04T11:44:44+00:00\",\"mainEntityOfPage\":{\"@id\":\"https:\/\/prefeitosegestoes.com.br\/portal\/kamala-ou-trump-como-afetam-a-economia-brasileira-e-quais-os-impactos-no-dolar-bolsa-e-juros\/\"},\"wordCount\":2295,\"commentCount\":0,\"publisher\":{\"@id\":\"https:\/\/prefeitosegestoes.com.br\/portal\/#organization\"},\"image\":{\"@id\":\"https:\/\/prefeitosegestoes.com.br\/portal\/kamala-ou-trump-como-afetam-a-economia-brasileira-e-quais-os-impactos-no-dolar-bolsa-e-juros\/#primaryimage\"},\"thumbnailUrl\":\"https:\/\/prefeitosegestoes.com.br\/portal\/wp-content\/uploads\/2024\/11\/962845-09062015_randy-berry__abr8186.webp\",\"keywords\":[\"Contas P\u00fablicas\",\"D\u00f3lar\",\"Donald Trump\",\"Elei\u00e7\u00e3o\",\"Juros\",\"Kamala Harris\",\"Mercado\",\"Protecionismo\"],\"articleSection\":[\"Destaques\"],\"inLanguage\":\"pt-BR\",\"potentialAction\":[{\"@type\":\"CommentAction\",\"name\":\"Comment\",\"target\":[\"https:\/\/prefeitosegestoes.com.br\/portal\/kamala-ou-trump-como-afetam-a-economia-brasileira-e-quais-os-impactos-no-dolar-bolsa-e-juros\/#respond\"]}]},{\"@type\":\"WebPage\",\"@id\":\"https:\/\/prefeitosegestoes.com.br\/portal\/kamala-ou-trump-como-afetam-a-economia-brasileira-e-quais-os-impactos-no-dolar-bolsa-e-juros\/\",\"url\":\"https:\/\/prefeitosegestoes.com.br\/portal\/kamala-ou-trump-como-afetam-a-economia-brasileira-e-quais-os-impactos-no-dolar-bolsa-e-juros\/\",\"name\":\"Kamala ou Trump: como afetam a economia brasileira e quais os impactos no d\u00f3lar, bolsa e juros - Prefeitos &amp; Gest\u00f5es\",\"isPartOf\":{\"@id\":\"https:\/\/prefeitosegestoes.com.br\/portal\/#website\"},\"primaryImageOfPage\":{\"@id\":\"https:\/\/prefeitosegestoes.com.br\/portal\/kamala-ou-trump-como-afetam-a-economia-brasileira-e-quais-os-impactos-no-dolar-bolsa-e-juros\/#primaryimage\"},\"image\":{\"@id\":\"https:\/\/prefeitosegestoes.com.br\/portal\/kamala-ou-trump-como-afetam-a-economia-brasileira-e-quais-os-impactos-no-dolar-bolsa-e-juros\/#primaryimage\"},\"thumbnailUrl\":\"https:\/\/prefeitosegestoes.com.br\/portal\/wp-content\/uploads\/2024\/11\/962845-09062015_randy-berry__abr8186.webp\",\"datePublished\":\"2024-11-04T11:44:44+00:00\",\"breadcrumb\":{\"@id\":\"https:\/\/prefeitosegestoes.com.br\/portal\/kamala-ou-trump-como-afetam-a-economia-brasileira-e-quais-os-impactos-no-dolar-bolsa-e-juros\/#breadcrumb\"},\"inLanguage\":\"pt-BR\",\"potentialAction\":[{\"@type\":\"ReadAction\",\"target\":[\"https:\/\/prefeitosegestoes.com.br\/portal\/kamala-ou-trump-como-afetam-a-economia-brasileira-e-quais-os-impactos-no-dolar-bolsa-e-juros\/\"]}]},{\"@type\":\"ImageObject\",\"inLanguage\":\"pt-BR\",\"@id\":\"https:\/\/prefeitosegestoes.com.br\/portal\/kamala-ou-trump-como-afetam-a-economia-brasileira-e-quais-os-impactos-no-dolar-bolsa-e-juros\/#primaryimage\",\"url\":\"https:\/\/prefeitosegestoes.com.br\/portal\/wp-content\/uploads\/2024\/11\/962845-09062015_randy-berry__abr8186.webp\",\"contentUrl\":\"https:\/\/prefeitosegestoes.com.br\/portal\/wp-content\/uploads\/2024\/11\/962845-09062015_randy-berry__abr8186.webp\",\"width\":1024,\"height\":768},{\"@type\":\"BreadcrumbList\",\"@id\":\"https:\/\/prefeitosegestoes.com.br\/portal\/kamala-ou-trump-como-afetam-a-economia-brasileira-e-quais-os-impactos-no-dolar-bolsa-e-juros\/#breadcrumb\",\"itemListElement\":[{\"@type\":\"ListItem\",\"position\":1,\"name\":\"In\u00edcio\",\"item\":\"https:\/\/prefeitosegestoes.com.br\/portal\/\"},{\"@type\":\"ListItem\",\"position\":2,\"name\":\"Kamala ou Trump: como afetam a economia brasileira e quais os impactos no d\u00f3lar, bolsa e juros\"}]},{\"@type\":\"WebSite\",\"@id\":\"https:\/\/prefeitosegestoes.com.br\/portal\/#website\",\"url\":\"https:\/\/prefeitosegestoes.com.br\/portal\/\",\"name\":\"Prefeitos & Gest\u00f5es\",\"description\":\"\",\"publisher\":{\"@id\":\"https:\/\/prefeitosegestoes.com.br\/portal\/#organization\"},\"potentialAction\":[{\"@type\":\"SearchAction\",\"target\":{\"@type\":\"EntryPoint\",\"urlTemplate\":\"https:\/\/prefeitosegestoes.com.br\/portal\/?s={search_term_string}\"},\"query-input\":{\"@type\":\"PropertyValueSpecification\",\"valueRequired\":true,\"valueName\":\"search_term_string\"}}],\"inLanguage\":\"pt-BR\"},{\"@type\":\"Organization\",\"@id\":\"https:\/\/prefeitosegestoes.com.br\/portal\/#organization\",\"name\":\"Prefeitos & Gest\u00f5es\",\"url\":\"https:\/\/prefeitosegestoes.com.br\/portal\/\",\"logo\":{\"@type\":\"ImageObject\",\"inLanguage\":\"pt-BR\",\"@id\":\"https:\/\/prefeitosegestoes.com.br\/portal\/#\/schema\/logo\/image\/\",\"url\":\"https:\/\/prefeitosegestoes.com.br\/portal\/wp-content\/uploads\/2024\/10\/lg_trans_prefeitos_2024_preto2.png\",\"contentUrl\":\"https:\/\/prefeitosegestoes.com.br\/portal\/wp-content\/uploads\/2024\/10\/lg_trans_prefeitos_2024_preto2.png\",\"width\":199,\"height\":122,\"caption\":\"Prefeitos & Gest\u00f5es\"},\"image\":{\"@id\":\"https:\/\/prefeitosegestoes.com.br\/portal\/#\/schema\/logo\/image\/\"},\"sameAs\":[\"https:\/\/www.facebook.com\/prefeitosonline\",\"https:\/\/x.com\/PrefGestoes\"]},{\"@type\":\"Person\",\"@id\":\"https:\/\/prefeitosegestoes.com.br\/portal\/#\/schema\/person\/d00059f2ec99963e7e1850d448ae94b8\",\"name\":\"Prefeitos &amp; Gest\u00f5es\",\"image\":{\"@type\":\"ImageObject\",\"inLanguage\":\"pt-BR\",\"@id\":\"https:\/\/secure.gravatar.com\/avatar\/738fb281e479212ed32c1a21a4307dda9f3af9292edb6918a16c9ce9fff5f48d?s=96&d=mm&r=g\",\"url\":\"https:\/\/secure.gravatar.com\/avatar\/738fb281e479212ed32c1a21a4307dda9f3af9292edb6918a16c9ce9fff5f48d?s=96&d=mm&r=g\",\"contentUrl\":\"https:\/\/secure.gravatar.com\/avatar\/738fb281e479212ed32c1a21a4307dda9f3af9292edb6918a16c9ce9fff5f48d?s=96&d=mm&r=g\",\"caption\":\"Prefeitos &amp; Gest\u00f5es\"},\"url\":\"https:\/\/prefeitosegestoes.com.br\/portal\/author\/prefeitosegestoes\/\"}]}<\/script>\n<!-- \/ Yoast SEO plugin. -->","yoast_head_json":{"title":"Kamala ou Trump: como afetam a economia brasileira e quais os impactos no d\u00f3lar, bolsa e juros - Prefeitos &amp; Gest\u00f5es","robots":{"index":"index","follow":"follow","max-snippet":"max-snippet:-1","max-image-preview":"max-image-preview:large","max-video-preview":"max-video-preview:-1"},"canonical":"https:\/\/prefeitosegestoes.com.br\/portal\/kamala-ou-trump-como-afetam-a-economia-brasileira-e-quais-os-impactos-no-dolar-bolsa-e-juros\/","og_locale":"pt_BR","og_type":"article","og_title":"Kamala ou Trump: como afetam a economia brasileira e quais os impactos no d\u00f3lar, bolsa e juros - Prefeitos &amp; Gest\u00f5es","og_description":"Foto: Fernando Fraz\u00e3o\/Agencia Brasil Especialistas ouvidos pelo g1 explicam que dois principais temas podem gerar reflexos ao Brasil: as contas p\u00fablicas dos EUA e o protecionismo, marcado pela guerra comercial contra a China. Por\u00a0Andr\u00e9 Catto, g1 04\/11\/2024 05h03\u00a0\u00a0Atualizado\u00a0h\u00e1 9 minutos Democrata Kamala Harris e republicano Donald Trump. \u2014 Foto: Reuters Os norte-americanos\u00a0v\u00e3o \u00e0s urnas nesta [&hellip;]","og_url":"https:\/\/prefeitosegestoes.com.br\/portal\/kamala-ou-trump-como-afetam-a-economia-brasileira-e-quais-os-impactos-no-dolar-bolsa-e-juros\/","og_site_name":"Prefeitos &amp; Gest\u00f5es","article_publisher":"https:\/\/www.facebook.com\/prefeitosonline","article_published_time":"2024-11-04T11:44:44+00:00","og_image":[{"width":1024,"height":768,"url":"https:\/\/prefeitosegestoes.com.br\/portal\/wp-content\/uploads\/2024\/11\/962845-09062015_randy-berry__abr8186.webp","type":"image\/webp"}],"author":"Prefeitos &amp; Gest\u00f5es","twitter_card":"summary_large_image","twitter_creator":"@PrefGestoes","twitter_site":"@PrefGestoes","twitter_misc":{"Escrito por":"Prefeitos &amp; Gest\u00f5es","Est. tempo de leitura":"11 minutos"},"schema":{"@context":"https:\/\/schema.org","@graph":[{"@type":"Article","@id":"https:\/\/prefeitosegestoes.com.br\/portal\/kamala-ou-trump-como-afetam-a-economia-brasileira-e-quais-os-impactos-no-dolar-bolsa-e-juros\/#article","isPartOf":{"@id":"https:\/\/prefeitosegestoes.com.br\/portal\/kamala-ou-trump-como-afetam-a-economia-brasileira-e-quais-os-impactos-no-dolar-bolsa-e-juros\/"},"author":{"name":"Prefeitos &amp; Gest\u00f5es","@id":"https:\/\/prefeitosegestoes.com.br\/portal\/#\/schema\/person\/d00059f2ec99963e7e1850d448ae94b8"},"headline":"Kamala ou Trump: como afetam a economia brasileira e quais os impactos no d\u00f3lar, bolsa e juros","datePublished":"2024-11-04T11:44:44+00:00","mainEntityOfPage":{"@id":"https:\/\/prefeitosegestoes.com.br\/portal\/kamala-ou-trump-como-afetam-a-economia-brasileira-e-quais-os-impactos-no-dolar-bolsa-e-juros\/"},"wordCount":2295,"commentCount":0,"publisher":{"@id":"https:\/\/prefeitosegestoes.com.br\/portal\/#organization"},"image":{"@id":"https:\/\/prefeitosegestoes.com.br\/portal\/kamala-ou-trump-como-afetam-a-economia-brasileira-e-quais-os-impactos-no-dolar-bolsa-e-juros\/#primaryimage"},"thumbnailUrl":"https:\/\/prefeitosegestoes.com.br\/portal\/wp-content\/uploads\/2024\/11\/962845-09062015_randy-berry__abr8186.webp","keywords":["Contas P\u00fablicas","D\u00f3lar","Donald Trump","Elei\u00e7\u00e3o","Juros","Kamala Harris","Mercado","Protecionismo"],"articleSection":["Destaques"],"inLanguage":"pt-BR","potentialAction":[{"@type":"CommentAction","name":"Comment","target":["https:\/\/prefeitosegestoes.com.br\/portal\/kamala-ou-trump-como-afetam-a-economia-brasileira-e-quais-os-impactos-no-dolar-bolsa-e-juros\/#respond"]}]},{"@type":"WebPage","@id":"https:\/\/prefeitosegestoes.com.br\/portal\/kamala-ou-trump-como-afetam-a-economia-brasileira-e-quais-os-impactos-no-dolar-bolsa-e-juros\/","url":"https:\/\/prefeitosegestoes.com.br\/portal\/kamala-ou-trump-como-afetam-a-economia-brasileira-e-quais-os-impactos-no-dolar-bolsa-e-juros\/","name":"Kamala ou Trump: como afetam a economia brasileira e quais os impactos no d\u00f3lar, bolsa e juros - Prefeitos &amp; Gest\u00f5es","isPartOf":{"@id":"https:\/\/prefeitosegestoes.com.br\/portal\/#website"},"primaryImageOfPage":{"@id":"https:\/\/prefeitosegestoes.com.br\/portal\/kamala-ou-trump-como-afetam-a-economia-brasileira-e-quais-os-impactos-no-dolar-bolsa-e-juros\/#primaryimage"},"image":{"@id":"https:\/\/prefeitosegestoes.com.br\/portal\/kamala-ou-trump-como-afetam-a-economia-brasileira-e-quais-os-impactos-no-dolar-bolsa-e-juros\/#primaryimage"},"thumbnailUrl":"https:\/\/prefeitosegestoes.com.br\/portal\/wp-content\/uploads\/2024\/11\/962845-09062015_randy-berry__abr8186.webp","datePublished":"2024-11-04T11:44:44+00:00","breadcrumb":{"@id":"https:\/\/prefeitosegestoes.com.br\/portal\/kamala-ou-trump-como-afetam-a-economia-brasileira-e-quais-os-impactos-no-dolar-bolsa-e-juros\/#breadcrumb"},"inLanguage":"pt-BR","potentialAction":[{"@type":"ReadAction","target":["https:\/\/prefeitosegestoes.com.br\/portal\/kamala-ou-trump-como-afetam-a-economia-brasileira-e-quais-os-impactos-no-dolar-bolsa-e-juros\/"]}]},{"@type":"ImageObject","inLanguage":"pt-BR","@id":"https:\/\/prefeitosegestoes.com.br\/portal\/kamala-ou-trump-como-afetam-a-economia-brasileira-e-quais-os-impactos-no-dolar-bolsa-e-juros\/#primaryimage","url":"https:\/\/prefeitosegestoes.com.br\/portal\/wp-content\/uploads\/2024\/11\/962845-09062015_randy-berry__abr8186.webp","contentUrl":"https:\/\/prefeitosegestoes.com.br\/portal\/wp-content\/uploads\/2024\/11\/962845-09062015_randy-berry__abr8186.webp","width":1024,"height":768},{"@type":"BreadcrumbList","@id":"https:\/\/prefeitosegestoes.com.br\/portal\/kamala-ou-trump-como-afetam-a-economia-brasileira-e-quais-os-impactos-no-dolar-bolsa-e-juros\/#breadcrumb","itemListElement":[{"@type":"ListItem","position":1,"name":"In\u00edcio","item":"https:\/\/prefeitosegestoes.com.br\/portal\/"},{"@type":"ListItem","position":2,"name":"Kamala ou Trump: como afetam a economia brasileira e quais os impactos no d\u00f3lar, bolsa e juros"}]},{"@type":"WebSite","@id":"https:\/\/prefeitosegestoes.com.br\/portal\/#website","url":"https:\/\/prefeitosegestoes.com.br\/portal\/","name":"Prefeitos & Gest\u00f5es","description":"","publisher":{"@id":"https:\/\/prefeitosegestoes.com.br\/portal\/#organization"},"potentialAction":[{"@type":"SearchAction","target":{"@type":"EntryPoint","urlTemplate":"https:\/\/prefeitosegestoes.com.br\/portal\/?s={search_term_string}"},"query-input":{"@type":"PropertyValueSpecification","valueRequired":true,"valueName":"search_term_string"}}],"inLanguage":"pt-BR"},{"@type":"Organization","@id":"https:\/\/prefeitosegestoes.com.br\/portal\/#organization","name":"Prefeitos & Gest\u00f5es","url":"https:\/\/prefeitosegestoes.com.br\/portal\/","logo":{"@type":"ImageObject","inLanguage":"pt-BR","@id":"https:\/\/prefeitosegestoes.com.br\/portal\/#\/schema\/logo\/image\/","url":"https:\/\/prefeitosegestoes.com.br\/portal\/wp-content\/uploads\/2024\/10\/lg_trans_prefeitos_2024_preto2.png","contentUrl":"https:\/\/prefeitosegestoes.com.br\/portal\/wp-content\/uploads\/2024\/10\/lg_trans_prefeitos_2024_preto2.png","width":199,"height":122,"caption":"Prefeitos & Gest\u00f5es"},"image":{"@id":"https:\/\/prefeitosegestoes.com.br\/portal\/#\/schema\/logo\/image\/"},"sameAs":["https:\/\/www.facebook.com\/prefeitosonline","https:\/\/x.com\/PrefGestoes"]},{"@type":"Person","@id":"https:\/\/prefeitosegestoes.com.br\/portal\/#\/schema\/person\/d00059f2ec99963e7e1850d448ae94b8","name":"Prefeitos &amp; Gest\u00f5es","image":{"@type":"ImageObject","inLanguage":"pt-BR","@id":"https:\/\/secure.gravatar.com\/avatar\/738fb281e479212ed32c1a21a4307dda9f3af9292edb6918a16c9ce9fff5f48d?s=96&d=mm&r=g","url":"https:\/\/secure.gravatar.com\/avatar\/738fb281e479212ed32c1a21a4307dda9f3af9292edb6918a16c9ce9fff5f48d?s=96&d=mm&r=g","contentUrl":"https:\/\/secure.gravatar.com\/avatar\/738fb281e479212ed32c1a21a4307dda9f3af9292edb6918a16c9ce9fff5f48d?s=96&d=mm&r=g","caption":"Prefeitos &amp; Gest\u00f5es"},"url":"https:\/\/prefeitosegestoes.com.br\/portal\/author\/prefeitosegestoes\/"}]}},"_links":{"self":[{"href":"https:\/\/prefeitosegestoes.com.br\/portal\/wp-json\/wp\/v2\/posts\/2440","targetHints":{"allow":["GET"]}}],"collection":[{"href":"https:\/\/prefeitosegestoes.com.br\/portal\/wp-json\/wp\/v2\/posts"}],"about":[{"href":"https:\/\/prefeitosegestoes.com.br\/portal\/wp-json\/wp\/v2\/types\/post"}],"author":[{"embeddable":true,"href":"https:\/\/prefeitosegestoes.com.br\/portal\/wp-json\/wp\/v2\/users\/2"}],"replies":[{"embeddable":true,"href":"https:\/\/prefeitosegestoes.com.br\/portal\/wp-json\/wp\/v2\/comments?post=2440"}],"version-history":[{"count":1,"href":"https:\/\/prefeitosegestoes.com.br\/portal\/wp-json\/wp\/v2\/posts\/2440\/revisions"}],"predecessor-version":[{"id":2442,"href":"https:\/\/prefeitosegestoes.com.br\/portal\/wp-json\/wp\/v2\/posts\/2440\/revisions\/2442"}],"wp:featuredmedia":[{"embeddable":true,"href":"https:\/\/prefeitosegestoes.com.br\/portal\/wp-json\/wp\/v2\/media\/2441"}],"wp:attachment":[{"href":"https:\/\/prefeitosegestoes.com.br\/portal\/wp-json\/wp\/v2\/media?parent=2440"}],"wp:term":[{"taxonomy":"category","embeddable":true,"href":"https:\/\/prefeitosegestoes.com.br\/portal\/wp-json\/wp\/v2\/categories?post=2440"},{"taxonomy":"post_tag","embeddable":true,"href":"https:\/\/prefeitosegestoes.com.br\/portal\/wp-json\/wp\/v2\/tags?post=2440"}],"curies":[{"name":"wp","href":"https:\/\/api.w.org\/{rel}","templated":true}]}}