{"id":2433,"date":"2024-11-01T13:34:05","date_gmt":"2024-11-01T16:34:05","guid":{"rendered":"https:\/\/prefeitosegestoes.com.br\/portal\/?p=2433"},"modified":"2024-11-01T13:34:24","modified_gmt":"2024-11-01T16:34:24","slug":"do-fogo-a-flor-especie-comum-do-cerrado-floresce-somente-apos-queimadas","status":"publish","type":"post","link":"https:\/\/prefeitosegestoes.com.br\/portal\/do-fogo-a-flor-especie-comum-do-cerrado-floresce-somente-apos-queimadas\/","title":{"rendered":"Do fogo \u00e0 flor: esp\u00e9cie comum do Cerrado floresce somente ap\u00f3s queimadas"},"content":{"rendered":"<div class=\"mc-article-header\">\n<div class=\"row content-head mc-column non-featured \">\n<div class=\"medium-centered subtitle\">\n<h6 class=\"content-head__subtitle\">Foto: Jo\u00e9dson Alves\/Ag\u00eancia Brasil<\/h6>\n<h2 class=\"content-head__subtitle\">Flores de cabelo-de-\u00edndio nascem 24 horas ap\u00f3s queimadas naturais; pesquisadores brasileiros registraram descoberta da mais r\u00e1pida flora\u00e7\u00e3o.<\/h2>\n<\/div>\n<\/div>\n<div class=\"content__signa-share mc-column\">\n<div class=\"content__signature\">\n<div class=\"content-publication-data\">\n<div class=\"content-publication-data__text\">\n<p class=\"content-publication-data__updated\"><time datetime=\"2019-04-17T14:10:53.452Z\">17\/04\/2019 11h10\u00a0<\/time><span class=\"content-publication-data__updated-relative\"><time datetime=\"2019-04-17T14:10:53.707Z\">Atualizado\u00a0<time datetime=\"2019-04-17T14:10:53.707Z\">h\u00e1 5 anos<\/time><\/time><\/span><\/p>\n<\/div>\n<\/div>\n<\/div>\n<\/div>\n<\/div>\n<div class=\"mc-article-body\">\n<article>\n<div id=\"chunk-fp5r8\">\n<div class=\"row medium-uncollapsed content-media content-photo\" data-block-type=\"backstage-photo\" data-block-id=\"1\">\n<div class=\" mc-column content-media__container\">\n<div class=\"content-media-container glb-skeleton-box\">\n<figure><\/figure>\n<figure><\/figure>\n<figure class=\"content-media-figure\"><img decoding=\"async\" class=\"i-amphtml-fill-content i-amphtml-replaced-content\" src=\"https:\/\/s2-g1.glbimg.com\/IVupXwrcoKM-Z-BvMZXvgvCyuug=\/0x0:4032x3024\/984x0\/smart\/filters:strip_icc()\/i.s3.glbimg.com\/v1\/AUTH_59edd422c0c84a879bd37670ae4f538a\/internal_photos\/bs\/2019\/b\/n\/DvSkCEQKi481xsRapB6Q\/ejqekkp4.jpeg\" sizes=\"(max-width: 1680px) 648px, 100vw\" srcset=\"https:\/\/s2-g1.glbimg.com\/ATMPzI2VdN5benszIpmMh3b2VAc=\/0x0:4032x3024\/1000x0\/smart\/filters:strip_icc()\/i.s3.glbimg.com\/v1\/AUTH_59edd422c0c84a879bd37670ae4f538a\/internal_photos\/bs\/2019\/b\/n\/DvSkCEQKi481xsRapB6Q\/ejqekkp4.jpeg 1000w, https:\/\/s2-g1.glbimg.com\/IVupXwrcoKM-Z-BvMZXvgvCyuug=\/0x0:4032x3024\/984x0\/smart\/filters:strip_icc()\/i.s3.glbimg.com\/v1\/AUTH_59edd422c0c84a879bd37670ae4f538a\/internal_photos\/bs\/2019\/b\/n\/DvSkCEQKi481xsRapB6Q\/ejqekkp4.jpeg 984w, https:\/\/s2-g1.glbimg.com\/mYblxlrowUEbYLLJDNXbcZMeCwo=\/0x0:4032x3024\/640x0\/smart\/filters:strip_icc()\/i.s3.glbimg.com\/v1\/AUTH_59edd422c0c84a879bd37670ae4f538a\/internal_photos\/bs\/2019\/b\/n\/DvSkCEQKi481xsRapB6Q\/ejqekkp4.jpeg 640w, https:\/\/s2-g1.glbimg.com\/9r4g8wMH_cIIL7Pjosix43Bd2Mw=\/0x0:4032x3024\/600x0\/smart\/filters:strip_icc()\/i.s3.glbimg.com\/v1\/AUTH_59edd422c0c84a879bd37670ae4f538a\/internal_photos\/bs\/2019\/b\/n\/DvSkCEQKi481xsRapB6Q\/ejqekkp4.jpeg 600w\" alt=\"Esp\u00e9cie floresce 24 horas ap\u00f3s o fogo \u2014 Foto: Alessandra Fidelis\/Arquivo Pessoal\" \/><iframe id=\"google_ads_iframe_\/95377733\/tvg_G1\/Sua_Regiao&gt;Sudeste&gt;Sao_Paulo_(Campinas)\/Terra_da_Gente_0\" style=\"font: inherit; box-sizing: inherit; margin-right: 0px; margin-left: 0px; padding: 0px; vertical-align: bottom; border: 0px initial initial;\" tabindex=\"0\" title=\"3rd party ad content\" name=\"google_ads_iframe_\/95377733\/tvg_G1\/Sua_Regiao&gt;Sudeste&gt;Sao_Paulo_(Campinas)\/Terra_da_Gente_0\" width=\"300\" height=\"250\" frameborder=\"0\" marginwidth=\"0\" marginheight=\"0\" scrolling=\"no\" aria-label=\"Advertisement\" data-load-complete=\"true\" data-google-container-id=\"1\" data-mce-fragment=\"1\"><\/iframe><\/figure>\n<\/div>\n<\/div>\n<\/div>\n<\/div>\n<div id=\"chunk-dkjil\">\n<div class=\"mc-column content-text active-extra-styles \" data-block-type=\"unstyled\" data-block-weight=\"40\" data-block-id=\"2\">\n<p class=\" content-text__container \" data-track-category=\"Link no Texto\" data-track-links=\"\" data-mrf-recirculation=\"Artigo - Links Texto\">Fogo na floresta \u00e9 sinal de alerta? Na maioria das vezes sim, mas no Cerrado o fogo pode ser aliado da biodiversidade. Isso porque \u00e9 esse fator ecol\u00f3gico que, quando natural ou controlado, garante a fisionomia campestre caracter\u00edstica do bioma.<\/p>\n<\/div>\n<\/div>\n<div class=\"wall protected-content\">\n<div id=\"chunk-avnb4\">\n<div class=\"mc-column content-text active-extra-styles \" data-block-type=\"unstyled\" data-block-weight=\"39\" data-block-id=\"4\">\n<p class=\" content-text__container \" data-track-category=\"Link no Texto\" data-track-links=\"\" data-mrf-recirculation=\"Artigo - Links Texto\">Durante estudos de queima controlada na Reserva Natural Serra do Tombador (GO), pesquisadores e alunos da UNESP de Ilha Solteira e Rio Claro desvendaram um \u201cmist\u00e9rio\u201d da esp\u00e9cie cabelo-de-\u00edndio, planta amplamente distribu\u00edda no Brasil e muito comum no Cerrado.<\/p>\n<\/div>\n<\/div>\n<div id=\"chunk-44k4e\">\n<div class=\"row medium-uncollapsed content-media content-photo\" data-block-type=\"backstage-photo\" data-block-id=\"5\">\n<div class=\" mc-column content-media__container\">\n<div class=\"content-media-container glb-skeleton-box\">\n<figure class=\"content-media-figure\"><img decoding=\"async\" class=\"i-amphtml-fill-content i-amphtml-replaced-content\" src=\"https:\/\/s2-g1.glbimg.com\/1bC2jhxs09Ikdn-DndSbwgju_nU=\/0x0:3456x2592\/984x0\/smart\/filters:strip_icc()\/i.s3.glbimg.com\/v1\/AUTH_59edd422c0c84a879bd37670ae4f538a\/internal_photos\/bs\/2019\/Q\/a\/BwYwUES8y10N7VBZqMVw\/jatgdkxu.jpeg\" sizes=\"(max-width: 1680px) 648px, 100vw\" srcset=\"https:\/\/s2-g1.glbimg.com\/Eo8jeP2Ub4AmdR2bMlma4hoFMk4=\/0x0:3456x2592\/1000x0\/smart\/filters:strip_icc()\/i.s3.glbimg.com\/v1\/AUTH_59edd422c0c84a879bd37670ae4f538a\/internal_photos\/bs\/2019\/Q\/a\/BwYwUES8y10N7VBZqMVw\/jatgdkxu.jpeg 1000w, https:\/\/s2-g1.glbimg.com\/1bC2jhxs09Ikdn-DndSbwgju_nU=\/0x0:3456x2592\/984x0\/smart\/filters:strip_icc()\/i.s3.glbimg.com\/v1\/AUTH_59edd422c0c84a879bd37670ae4f538a\/internal_photos\/bs\/2019\/Q\/a\/BwYwUES8y10N7VBZqMVw\/jatgdkxu.jpeg 984w, https:\/\/s2-g1.glbimg.com\/MGNALkCemyH_hNpNUfRcDo5Bpsc=\/0x0:3456x2592\/640x0\/smart\/filters:strip_icc()\/i.s3.glbimg.com\/v1\/AUTH_59edd422c0c84a879bd37670ae4f538a\/internal_photos\/bs\/2019\/Q\/a\/BwYwUES8y10N7VBZqMVw\/jatgdkxu.jpeg 640w, https:\/\/s2-g1.glbimg.com\/YXLWhp0bv_jlSSBhDo6TSVv14Yk=\/0x0:3456x2592\/600x0\/smart\/filters:strip_icc()\/i.s3.glbimg.com\/v1\/AUTH_59edd422c0c84a879bd37670ae4f538a\/internal_photos\/bs\/2019\/Q\/a\/BwYwUES8y10N7VBZqMVw\/jatgdkxu.jpeg 600w\" alt=\"A esp\u00e9cie chama aten\u00e7\u00e3o por depender do fogo para florescer \u2014 Foto: Alessandra Fidelis\/Arquivo Pessoal\" \/><\/figure>\n<\/div>\n<p class=\"content-media__description \">A esp\u00e9cie chama aten\u00e7\u00e3o por depender do fogo para florescer \u2014 Foto: Alessandra Fidelis\/Arquivo Pessoal<\/p>\n<\/div>\n<\/div>\n<\/div>\n<div id=\"chunk-3h4hl\">\n<div class=\"mc-column content-text active-extra-styles \" data-block-type=\"unstyled\" data-block-weight=\"38\" data-block-id=\"7\">\n<p class=\" content-text__container \" data-track-category=\"Link no Texto\" data-track-links=\"\" data-mrf-recirculation=\"Artigo - Links Texto\">\u201cRealizando experimentos de queima, com interesse em estudar avaliar o efeito do fogo na flora\u00e7\u00e3o das esp\u00e9cies, observamos que, no dia seguinte ao experimento, a cabelo-de-\u00edndio j\u00e1 come\u00e7ava a florescer\u201d, lembra Alessandra Fidelis, uma das respons\u00e1veis pela pesquisa.<\/p>\n<\/div>\n<\/div>\n<div id=\"chunk-efrq3\">\n<div class=\"mc-column content-text active-extra-styles \" data-block-type=\"unstyled\" data-block-weight=\"42\" data-block-id=\"8\">\n<p class=\" content-text__container \" data-track-category=\"Link no Texto\" data-track-links=\"\" data-mrf-recirculation=\"Artigo - Links Texto\">A flora\u00e7\u00e3o em apenas 24 horas chamou aten\u00e7\u00e3o da equipe, que em 2017 realizou novos testes para avaliar o comportamento da planta com maior precis\u00e3o. Assim, pesquisadores brasileiros foram respons\u00e1veis pelo primeiro registro cient\u00edfico da mais r\u00e1pida flora\u00e7\u00e3o, at\u00e9 ent\u00e3o.<\/p>\n<\/div>\n<\/div>\n<div id=\"chunk-28m1o\">\n<div class=\"row medium-uncollapsed content-media content-photo\" data-block-type=\"backstage-photo\" data-block-id=\"9\">\n<div class=\" mc-column content-media__container\">\n<div class=\"content-media-container glb-skeleton-box\">\n<figure class=\"content-media-figure\"><img decoding=\"async\" class=\"i-amphtml-fill-content i-amphtml-replaced-content\" src=\"https:\/\/s2-g1.glbimg.com\/KViM9tH-CozWEL5RpFstDRB5JSQ=\/0x0:3456x2304\/984x0\/smart\/filters:strip_icc()\/i.s3.glbimg.com\/v1\/AUTH_59edd422c0c84a879bd37670ae4f538a\/internal_photos\/bs\/2019\/5\/d\/s8twp8Sw6rC4SRwk4jww\/sfmyakck.jpeg\" sizes=\"(max-width: 1680px) 648px, 100vw\" srcset=\"https:\/\/s2-g1.glbimg.com\/hi9AeF1hzUqPfzBDzrMraiaRIVI=\/0x0:3456x2304\/1000x0\/smart\/filters:strip_icc()\/i.s3.glbimg.com\/v1\/AUTH_59edd422c0c84a879bd37670ae4f538a\/internal_photos\/bs\/2019\/5\/d\/s8twp8Sw6rC4SRwk4jww\/sfmyakck.jpeg 1000w, https:\/\/s2-g1.glbimg.com\/KViM9tH-CozWEL5RpFstDRB5JSQ=\/0x0:3456x2304\/984x0\/smart\/filters:strip_icc()\/i.s3.glbimg.com\/v1\/AUTH_59edd422c0c84a879bd37670ae4f538a\/internal_photos\/bs\/2019\/5\/d\/s8twp8Sw6rC4SRwk4jww\/sfmyakck.jpeg 984w, https:\/\/s2-g1.glbimg.com\/LfB9-dgNyjvcnfo818PIichCnmU=\/0x0:3456x2304\/640x0\/smart\/filters:strip_icc()\/i.s3.glbimg.com\/v1\/AUTH_59edd422c0c84a879bd37670ae4f538a\/internal_photos\/bs\/2019\/5\/d\/s8twp8Sw6rC4SRwk4jww\/sfmyakck.jpeg 640w, https:\/\/s2-g1.glbimg.com\/KqINUKGYcP-hoNIK9Tytwq4y9OU=\/0x0:3456x2304\/600x0\/smart\/filters:strip_icc()\/i.s3.glbimg.com\/v1\/AUTH_59edd422c0c84a879bd37670ae4f538a\/internal_photos\/bs\/2019\/5\/d\/s8twp8Sw6rC4SRwk4jww\/sfmyakck.jpeg 600w\" alt=\"Cabelo-de-\u00edndio \u00e9 planta amplamente distribu\u00edda no Brasil \u2014 Foto: Alessandra Fidelis\/Arquivo Pessoal\" \/><\/figure>\n<\/div>\n<p class=\"content-media__description \">Cabelo-de-\u00edndio \u00e9 planta amplamente distribu\u00edda no Brasil \u2014 Foto: Alessandra Fidelis\/Arquivo Pessoal<\/p>\n<\/div>\n<\/div>\n<\/div>\n<div id=\"chunk-120b2\">\n<div class=\"mc-column content-text active-extra-styles \" data-block-type=\"unstyled\" data-block-weight=\"61\" data-block-id=\"10\">\n<p class=\" content-text__container \" data-track-category=\"Link no Texto\" data-track-links=\"\" data-mrf-recirculation=\"Artigo - Links Texto\">\u201cNossos estudos continuam, agora avaliando os fatores que levam a tal velocidade no florescimento. Para isso, estamos estudando o efeito do fogo na ecologia, anatomia e fisiologia dessa planta\u201d, explica a pesquisadora, que destaca outra caracter\u00edstica da esp\u00e9cie: ela floresce somente, ou na maioria das vezes, ap\u00f3s as queimadas. \u201cNunca amostramos um indiv\u00edduo com flores em \u00e1reas que n\u00e3o queimam\u201d, diz<\/p>\n<\/div>\n<\/div>\n<div id=\"chunk-8u5m9\">\n<div class=\"mc-column content-text active-extra-styles\" data-block-type=\"raw\" data-block-weight=\"18\" data-block-id=\"12\">\n<blockquote class=\"content-blockquote theme-border-color-primary-before\"><p>Em \u00e1reas onde n\u00e3o pega fogo, dificilmente voc\u00ea encontrar\u00e1 indiv\u00edduos com flor e, se encontrar, apresentar\u00e3o poucas infloresc\u00eancias<\/p><\/blockquote>\n<\/div>\n<\/div>\n<div id=\"chunk-73pa8\">\n<div class=\"mc-column content-text active-extra-styles \" data-block-type=\"unstyled\" data-block-weight=\"34\" data-block-id=\"13\">\n<p class=\" content-text__container \" data-track-category=\"Link no Texto\" data-track-links=\"\" data-mrf-recirculation=\"Artigo - Links Texto\">Alessandra destaca outras esp\u00e9cies que, assim como a planta estudada, se regeneram rapidamente. \u201cNossos estudos indicam que h\u00e1 um pico de flora\u00e7\u00e3o nos primeiros tr\u00eas meses p\u00f3s fogo, principalmente entre as gram\u00edneas\u201d, conta.<\/p>\n<\/div>\n<\/div>\n<div id=\"chunk-67tib\">\n<div class=\"row medium-uncollapsed content-media content-photo\" data-block-type=\"backstage-photo\" data-block-id=\"14\">\n<div class=\" mc-column content-media__container\">\n<p class=\"content-media__description \">Pesquisadores analisam efeito do fogo na flora\u00e7\u00e3o das esp\u00e9cies \u2014 Foto: Vagner Zanzarini\/Arquivo Pessoal<\/p>\n<\/div>\n<\/div>\n<\/div>\n<div id=\"chunk-8gf17\">\n<div class=\"mc-column content-text active-extra-styles \" data-block-type=\"unstyled\" data-block-weight=\"4\" data-block-id=\"15\">\n<p class=\" content-text__container \" data-track-category=\"Link no Texto\" data-track-links=\"\" data-mrf-recirculation=\"Artigo - Links Texto\"><strong>De olho no ch\u00e3o<\/strong><\/p>\n<\/div>\n<\/div>\n<div id=\"chunk-arjo2\">\n<div class=\"mc-column content-text active-extra-styles \" data-block-type=\"unstyled\" data-block-weight=\"54\" data-block-id=\"16\">\n<p class=\" content-text__container \" data-track-category=\"Link no Texto\" data-track-links=\"\" data-mrf-recirculation=\"Artigo - Links Texto\">De acordo com a pesquisadora, a rapidez na flora\u00e7\u00e3o \u00e9 uma prova de como o sistema est\u00e1 adaptado ao fogo. \u201cA vantagem \u00e9 que, logo ap\u00f3s as queimadas, outras plantas que poderiam competir com a esp\u00e9cie ainda est\u00e3o se regenerando, ou seja, produzir flores rapidamente d\u00e1 a vantagem de dispersar suas sementes livremente\u201d, explica.<\/p>\n<\/div>\n<\/div>\n<div id=\"chunk-32on2\">\n<div class=\"mc-column content-text active-extra-styles \" data-block-type=\"unstyled\" data-block-weight=\"48\" data-block-id=\"18\">\n<p class=\" content-text__container \" data-track-category=\"Link no Texto\" data-track-links=\"\" data-mrf-recirculation=\"Artigo - Links Texto\">A quantidade de sementes dispersas pelo vento, que germinam no solo descoberto, tamb\u00e9m servem de alimento para animais como as formigas, por isso, a bi\u00f3loga ressalta: \u201cAp\u00f3s o fogo, se voc\u00ea caminhar no Cerrado e olhar para o solo com bastante aten\u00e7\u00e3o, poder\u00e1 ver muita coisa acontecendo\u201d, relata.<\/p>\n<\/div>\n<\/div>\n<div id=\"chunk-7itsu\">\n<div class=\"row medium-uncollapsed content-media content-photo\" data-block-type=\"backstage-photo\" data-block-id=\"19\">\n<div class=\" mc-column content-media__container\">\n<div class=\"content-media-container glb-skeleton-box\">\n<figure class=\"content-media-figure\"><img decoding=\"async\" class=\"i-amphtml-fill-content i-amphtml-replaced-content\" src=\"https:\/\/s2-g1.glbimg.com\/v6-J3Da6CLbPohFa4aT1ZFpbJOQ=\/0x0:5184x3456\/984x0\/smart\/filters:strip_icc()\/i.s3.glbimg.com\/v1\/AUTH_59edd422c0c84a879bd37670ae4f538a\/internal_photos\/bs\/2019\/K\/2\/XA7V3QS6qxLhxixA4nlw\/pmuf3kdq.jpeg\" sizes=\"(max-width: 1680px) 648px, 100vw\" srcset=\"https:\/\/s2-g1.glbimg.com\/4vmwVT2RMTkAx127XInPKOX3vDg=\/0x0:5184x3456\/1000x0\/smart\/filters:strip_icc()\/i.s3.glbimg.com\/v1\/AUTH_59edd422c0c84a879bd37670ae4f538a\/internal_photos\/bs\/2019\/K\/2\/XA7V3QS6qxLhxixA4nlw\/pmuf3kdq.jpeg 1000w, https:\/\/s2-g1.glbimg.com\/v6-J3Da6CLbPohFa4aT1ZFpbJOQ=\/0x0:5184x3456\/984x0\/smart\/filters:strip_icc()\/i.s3.glbimg.com\/v1\/AUTH_59edd422c0c84a879bd37670ae4f538a\/internal_photos\/bs\/2019\/K\/2\/XA7V3QS6qxLhxixA4nlw\/pmuf3kdq.jpeg 984w, https:\/\/s2-g1.glbimg.com\/FpPZuPlzrDg9q9Obn25pdLyALik=\/0x0:5184x3456\/640x0\/smart\/filters:strip_icc()\/i.s3.glbimg.com\/v1\/AUTH_59edd422c0c84a879bd37670ae4f538a\/internal_photos\/bs\/2019\/K\/2\/XA7V3QS6qxLhxixA4nlw\/pmuf3kdq.jpeg 640w, https:\/\/s2-g1.glbimg.com\/F3KZGbAAqPsEeYey3B7JRPESiqw=\/0x0:5184x3456\/600x0\/smart\/filters:strip_icc()\/i.s3.glbimg.com\/v1\/AUTH_59edd422c0c84a879bd37670ae4f538a\/internal_photos\/bs\/2019\/K\/2\/XA7V3QS6qxLhxixA4nlw\/pmuf3kdq.jpeg 600w\" alt=\"Fogo na floresta \u00e9 visto como destrui\u00e7\u00e3o, mas pode ser fator ecol\u00f3gico fundamental para algumas vegeta\u00e7\u00f5es \u2014 Foto: Alessandra Fidelis\/Arquivo Pessoal\" \/><\/figure>\n<\/div>\n<p class=\"content-media__description \">Fogo na floresta \u00e9 visto como destrui\u00e7\u00e3o, mas pode ser fator ecol\u00f3gico fundamental para algumas vegeta\u00e7\u00f5es \u2014 Foto: Alessandra Fidelis\/Arquivo Pessoal<\/p>\n<\/div>\n<\/div>\n<\/div>\n<div id=\"chunk-a856g\">\n<div class=\"mc-column content-text active-extra-styles \" data-block-type=\"unstyled\" data-block-weight=\"2\" data-block-id=\"20\">\n<p class=\" content-text__container \" data-track-category=\"Link no Texto\" data-track-links=\"\" data-mrf-recirculation=\"Artigo - Links Texto\"><strong>Fogo amigo?<\/strong><\/p>\n<\/div>\n<\/div>\n<div id=\"chunk-biojj\">\n<div class=\"mc-column content-text active-extra-styles \" data-block-type=\"unstyled\" data-block-weight=\"30\" data-block-id=\"21\">\n<p class=\" content-text__container \" data-track-category=\"Link no Texto\" data-track-links=\"\" data-mrf-recirculation=\"Artigo - Links Texto\">\u00c9 antiga a discuss\u00e3o sobre a relev\u00e2ncia do fogo para biomas como o Cerrado, no entanto, pesquisas apontam que, quando controlada, a queimada \u00e9 fundamental para fortalecer o bioma.<\/p>\n<\/div>\n<\/div>\n<div id=\"chunk-8u4qq\">\n<div class=\"mc-column content-text active-extra-styles\" data-block-type=\"quote-plugin\" data-block-id=\"22\">\n<div class=\"show-block-quote\">\n<div class=\"show-block-quote__image\"><\/div>\n<div class=\"show-block-quote__caption\">O Cerrado evoluiu com o fogo, portanto, ele \u00e9 um fator ecol\u00f3gico e evolutivo com grande relev\u00e2ncia<\/div>\n<div class=\"show-block-quote__after-caption\"><\/div>\n<div class=\"show-block-quote__author\">\u2014 Alessandra Fidelis, bi\u00f3loga<\/div>\n<\/div>\n<\/div>\n<\/div>\n<div id=\"chunk-3hv21\">\n<div class=\"mc-column content-text active-extra-styles \" data-block-type=\"unstyled\" data-block-weight=\"53\" data-block-id=\"24\">\n<p class=\" content-text__container \" data-track-category=\"Link no Texto\" data-track-links=\"\" data-mrf-recirculation=\"Artigo - Links Texto\">\u201cRecentemente foi publicado um trabalho mostrando que a exclus\u00e3o do fogo acarreta na perda de 80% das esp\u00e9cies de plantas da savana e 90% das formigas, pois h\u00e1 uma substitui\u00e7\u00e3o do sistema aberto para o florestal\u201d, explica Alessandra, que destaca a import\u00e2ncia de controlar o regime de fogo para a manuten\u00e7\u00e3o do bioma.<\/p>\n<\/div>\n<\/div>\n<div id=\"chunk-6nrml\">\n<div class=\"row medium-uncollapsed content-media content-photo\" data-block-type=\"backstage-photo\" data-block-id=\"25\">\n<div class=\" mc-column content-media__container\">\n<div class=\"content-media-container glb-skeleton-box\">\n<figure class=\"content-media-figure\"><img decoding=\"async\" class=\"i-amphtml-fill-content i-amphtml-replaced-content\" src=\"https:\/\/s2-g1.glbimg.com\/DUtb268x_Cjavk9aBXidGWTupTg=\/0x0:3024x4032\/984x0\/smart\/filters:strip_icc()\/i.s3.glbimg.com\/v1\/AUTH_59edd422c0c84a879bd37670ae4f538a\/internal_photos\/bs\/2019\/Y\/s\/DrjBQrSRWsnTZuNtbsow\/g5sopgz4.jpeg\" sizes=\"(max-width: 1680px) 648px, 100vw\" srcset=\"https:\/\/s2-g1.glbimg.com\/WmsNqDYcqQncRPRA9KCohWuo58w=\/0x0:3024x4032\/1000x0\/smart\/filters:strip_icc()\/i.s3.glbimg.com\/v1\/AUTH_59edd422c0c84a879bd37670ae4f538a\/internal_photos\/bs\/2019\/Y\/s\/DrjBQrSRWsnTZuNtbsow\/g5sopgz4.jpeg 1000w, https:\/\/s2-g1.glbimg.com\/DUtb268x_Cjavk9aBXidGWTupTg=\/0x0:3024x4032\/984x0\/smart\/filters:strip_icc()\/i.s3.glbimg.com\/v1\/AUTH_59edd422c0c84a879bd37670ae4f538a\/internal_photos\/bs\/2019\/Y\/s\/DrjBQrSRWsnTZuNtbsow\/g5sopgz4.jpeg 984w, https:\/\/s2-g1.glbimg.com\/3JA4oF4oHjpL2A0c_mpUOYPvak0=\/0x0:3024x4032\/640x0\/smart\/filters:strip_icc()\/i.s3.glbimg.com\/v1\/AUTH_59edd422c0c84a879bd37670ae4f538a\/internal_photos\/bs\/2019\/Y\/s\/DrjBQrSRWsnTZuNtbsow\/g5sopgz4.jpeg 640w, https:\/\/s2-g1.glbimg.com\/UOhWFemuDP_Ar_xaFqMreDZ-Ip8=\/0x0:3024x4032\/600x0\/smart\/filters:strip_icc()\/i.s3.glbimg.com\/v1\/AUTH_59edd422c0c84a879bd37670ae4f538a\/internal_photos\/bs\/2019\/Y\/s\/DrjBQrSRWsnTZuNtbsow\/g5sopgz4.jpeg 600w\" alt=\"A equipe continua em busca dos fatores que permitem tal velocidade no florescimento \u2014 Foto: Alessandra Fidelis\/Arquivo Pessoal\" \/><\/figure>\n<\/div>\n<p class=\"content-media__description \">A equipe continua em busca dos fatores que permitem tal velocidade no florescimento \u2014 Foto: Alessandra Fidelis\/Arquivo Pessoal<\/p>\n<\/div>\n<\/div>\n<\/div>\n<div id=\"chunk-9pa71\">\n<div class=\"mc-column content-text active-extra-styles \" data-block-type=\"unstyled\" data-block-weight=\"36\" data-block-id=\"26\">\n<p class=\" content-text__container \" data-track-category=\"Link no Texto\" data-track-links=\"\" data-mrf-recirculation=\"Artigo - Links Texto\">\u201cA distribui\u00e7\u00e3o do Cerrado est\u00e1 restrita e muitas \u00e1reas foram exclu\u00eddas do fogo. Isso implica na descaracteriza\u00e7\u00e3o das fisionomias campestres, situa\u00e7\u00e3o que afeta a maior parte da diversidade de esp\u00e9cies do bioma\u201d, alerta a bi\u00f3loga.<\/p>\n<\/div>\n<\/div>\n<div id=\"chunk-7uqcs\">\n<div class=\"mc-column content-text active-extra-styles\" data-block-type=\"quote-plugin\" data-block-id=\"27\">\n<div class=\"show-block-quote\">\n<div class=\"show-block-quote__image\"><\/div>\n<div class=\"show-block-quote__caption\">Perder essas fisionomias abertas significa perder grande parte da diversidade desse bioma t\u00e3o importante e rico<\/div>\n<div class=\"show-block-quote__after-caption\"><\/div>\n<div class=\"show-block-quote__author\">\u2014 Alessandra Fidelis, bi\u00f3loga<\/div>\n<\/div>\n<\/div>\n<\/div>\n<div id=\"chunk-4mltn\">\n<div class=\"row medium-uncollapsed content-media content-photo\" data-block-type=\"backstage-photo\" data-block-id=\"29\">\n<div class=\" mc-column content-media__container\">\n<div class=\"content-media-container glb-skeleton-box\">\n<figure class=\"content-media-figure\"><img decoding=\"async\" class=\"i-amphtml-fill-content i-amphtml-replaced-content\" src=\"https:\/\/s2-g1.glbimg.com\/AJ5ubu7roIjGiIpH60g_KQRByhM=\/0x0:960x720\/984x0\/smart\/filters:strip_icc()\/i.s3.glbimg.com\/v1\/AUTH_59edd422c0c84a879bd37670ae4f538a\/internal_photos\/bs\/2019\/p\/Z\/lyiemaSAKlU5klOwmiNA\/alessandra-fidelis-2.jpg\" sizes=\"(max-width: 1680px) 648px, 100vw\" srcset=\"https:\/\/s2-g1.glbimg.com\/8EsbjVwmL7Z8EVT3TGfBLofmqnQ=\/0x0:960x720\/1000x0\/smart\/filters:strip_icc()\/i.s3.glbimg.com\/v1\/AUTH_59edd422c0c84a879bd37670ae4f538a\/internal_photos\/bs\/2019\/p\/Z\/lyiemaSAKlU5klOwmiNA\/alessandra-fidelis-2.jpg 1000w, https:\/\/s2-g1.glbimg.com\/AJ5ubu7roIjGiIpH60g_KQRByhM=\/0x0:960x720\/984x0\/smart\/filters:strip_icc()\/i.s3.glbimg.com\/v1\/AUTH_59edd422c0c84a879bd37670ae4f538a\/internal_photos\/bs\/2019\/p\/Z\/lyiemaSAKlU5klOwmiNA\/alessandra-fidelis-2.jpg 984w, https:\/\/s2-g1.glbimg.com\/Piz-HLjEVTUgwQpuL6ZeujrohAc=\/0x0:960x720\/640x0\/smart\/filters:strip_icc()\/i.s3.glbimg.com\/v1\/AUTH_59edd422c0c84a879bd37670ae4f538a\/internal_photos\/bs\/2019\/p\/Z\/lyiemaSAKlU5klOwmiNA\/alessandra-fidelis-2.jpg 640w, https:\/\/s2-g1.glbimg.com\/unMn-dPUotpG6kwz21Q2wQEbzKM=\/0x0:960x720\/600x0\/smart\/filters:strip_icc()\/i.s3.glbimg.com\/v1\/AUTH_59edd422c0c84a879bd37670ae4f538a\/internal_photos\/bs\/2019\/p\/Z\/lyiemaSAKlU5klOwmiNA\/alessandra-fidelis-2.jpg 600w\" alt=\"Muitas herb\u00e1ceas al\u00e9m de rebrotar, tamb\u00e9m florescem um m\u00eas ap\u00f3s o fogo \u2014 Foto: Alessandra Fidelis\/Arquivo Pessoal\" \/><\/figure>\n<\/div>\n<p class=\"content-media__description \">Muitas herb\u00e1ceas al\u00e9m de rebrotar, tamb\u00e9m florescem um m\u00eas ap\u00f3s o fogo \u2014 Foto: Alessandra Fidelis\/Arquivo Pessoal<\/p>\n<\/div>\n<\/div>\n<\/div>\n<div id=\"chunk-a10sr\">\n<div class=\"mc-column content-text active-extra-styles \" data-block-type=\"unstyled\" data-block-weight=\"60\" data-block-id=\"30\">\n<p class=\" content-text__container \" data-track-category=\"Link no Texto\" data-track-links=\"\" data-mrf-recirculation=\"Artigo - Links Texto\">Mesmo com tamanha import\u00e2ncia, a doutora em ecologia n\u00e3o descarta a necessidade de fiscalizar a queima. \u201cSabemos que o fogo \u00e9 um tema pol\u00eamico e todo mundo v\u00ea como destrui\u00e7\u00e3o. Ele passa a ser prejudicial quando queima tipos de vegeta\u00e7\u00e3o que s\u00e3o sens\u00edveis a ele, como matas de galeria, floresta tropical, ou quando \u00e9 feito numa frequ\u00eancia muito alta\u201d, explica.<\/p>\n<\/div>\n<\/div>\n<div id=\"chunk-eu0el\">\n<div class=\"mc-column content-text active-extra-styles \" data-block-type=\"unstyled\" data-block-weight=\"34\" data-block-id=\"31\">\n<p class=\" content-text__container \" data-track-category=\"Link no Texto\" data-track-links=\"\" data-mrf-recirculation=\"Artigo - Links Texto\">\u201cMuito ainda tem que ser feito, por isso, experimentos de longo prazo t\u00eam tamanha import\u00e2ncia. As pesquisas t\u00eam gerado muitos resultados relevantes para o entendimento dos efeitos do fogo no Cerrado\u201d, completa Alessandra.<\/p>\n<\/div>\n<\/div>\n<div id=\"chunk-1jeli\">\n<div class=\"row medium-uncollapsed content-media content-photo\" data-block-type=\"backstage-photo\" data-block-id=\"32\">\n<div class=\" mc-column content-media__container\">\n<div class=\"content-media-container glb-skeleton-box\">\n<figure class=\"content-media-figure\"><img decoding=\"async\" class=\"i-amphtml-fill-content i-amphtml-replaced-content\" src=\"https:\/\/s2-g1.glbimg.com\/j0GKYb4dy62gZEX4C1Lm7fiwCzU=\/0x0:4608x3456\/984x0\/smart\/filters:strip_icc()\/i.s3.glbimg.com\/v1\/AUTH_59edd422c0c84a879bd37670ae4f538a\/internal_photos\/bs\/2019\/V\/u\/esJAISQrGRvPfRommQ0w\/exgnrq1k.jpeg\" sizes=\"(max-width: 1680px) 648px, 100vw\" srcset=\"https:\/\/s2-g1.glbimg.com\/zbgwjrTrjW5bliomiF2ygLAt21k=\/0x0:4608x3456\/1000x0\/smart\/filters:strip_icc()\/i.s3.glbimg.com\/v1\/AUTH_59edd422c0c84a879bd37670ae4f538a\/internal_photos\/bs\/2019\/V\/u\/esJAISQrGRvPfRommQ0w\/exgnrq1k.jpeg 1000w, https:\/\/s2-g1.glbimg.com\/j0GKYb4dy62gZEX4C1Lm7fiwCzU=\/0x0:4608x3456\/984x0\/smart\/filters:strip_icc()\/i.s3.glbimg.com\/v1\/AUTH_59edd422c0c84a879bd37670ae4f538a\/internal_photos\/bs\/2019\/V\/u\/esJAISQrGRvPfRommQ0w\/exgnrq1k.jpeg 984w, https:\/\/s2-g1.glbimg.com\/tTVLgrnvsvxmHc-1fNXZ7BAtPRs=\/0x0:4608x3456\/640x0\/smart\/filters:strip_icc()\/i.s3.glbimg.com\/v1\/AUTH_59edd422c0c84a879bd37670ae4f538a\/internal_photos\/bs\/2019\/V\/u\/esJAISQrGRvPfRommQ0w\/exgnrq1k.jpeg 640w, https:\/\/s2-g1.glbimg.com\/tDEzp95sM5-S2h_8p_MoeOCeLXA=\/0x0:4608x3456\/600x0\/smart\/filters:strip_icc()\/i.s3.glbimg.com\/v1\/AUTH_59edd422c0c84a879bd37670ae4f538a\/internal_photos\/bs\/2019\/V\/u\/esJAISQrGRvPfRommQ0w\/exgnrq1k.jpeg 600w\" alt=\"Os estudos t\u00eam gerado resultados importantes para o entendimento dos efeitos do fogo no bioma \u2014 Foto: Alessandra Fidelis\/Arquivo Pessoal\" \/><\/figure>\n<\/div>\n<p class=\"content-media__description \">Os estudos t\u00eam gerado resultados importantes para o entendimento dos efeitos do fogo no bioma \u2014 Foto: Alessandra Fidelis\/Arquivo Pessoal<\/p>\n<\/div>\n<\/div>\n<\/div>\n<div id=\"chunk-82iid\">\n<div class=\"mc-column content-text active-extra-styles \" data-block-type=\"unstyled\" data-block-weight=\"3\" data-block-id=\"34\">\n<p class=\" content-text__container \" data-track-category=\"Link no Texto\" data-track-links=\"\" data-mrf-recirculation=\"Artigo - Links Texto\"><strong>Novidade na ci\u00eancia<\/strong><\/p>\n<\/div>\n<\/div>\n<div id=\"chunk-7md8r\">\n<div class=\"mc-column content-text active-extra-styles \" data-block-type=\"unstyled\" data-block-weight=\"25\" data-block-id=\"35\">\n<p class=\" content-text__container \" data-track-category=\"Link no Texto\" data-track-links=\"\" data-mrf-recirculation=\"Artigo - Links Texto\">A descoberta da velocidade da flora\u00e7\u00e3o da esp\u00e9cie \u00e9 resultado de experimentos de queima controlada na Reserva Natural Serra do Tombador, em Cavalcante (GO).<\/p>\n<\/div>\n<\/div>\n<div data-track-category=\"multicontent\" data-track-action=\"multicontent\" data-track-noninteraction=\"false\" data-track-scroll=\"ultimo chunk conteudo\" data-track-value=\"view\">\n<div id=\"chunk-5g2d3\">\n<div class=\"mc-column content-text active-extra-styles \" data-block-type=\"unstyled\" data-block-weight=\"27\" data-block-id=\"36\">\n<p class=\" content-text__container \" data-track-category=\"Link no Texto\" data-track-links=\"\" data-mrf-recirculation=\"Artigo - Links Texto\">As informa\u00e7\u00f5es iniciais comp\u00f5em um artigo, publicado este ano, pelos pesquisadores Alessandra Fidelis, Liliane Camargos e Aline Martins, e pelos alunos Patr\u00edcia Rosal\u00e9m e Vagner Zanzarini.<\/p>\n<p data-track-category=\"Link no Texto\" data-track-links=\"\" data-mrf-recirculation=\"Artigo - Links Texto\">Fonte: G1<\/p>\n<\/div>\n<\/div>\n<\/div>\n<\/div>\n<\/article>\n<div id=\"banner_touch_point_subcontent\" class=\"tag-manager-publicidade-container tag-manager-publicidade-banner_touch_point_subcontent tag-manager-publicidade-container--carregado tag-manager-publicidade-container--visivel\" data-google-query-id=\"CIXt3LTEu4kDFdxOuAQdoSUEwQ\"><\/div>\n<\/div>\n","protected":false},"excerpt":{"rendered":"<p>Foto: Jo\u00e9dson Alves\/Ag\u00eancia Brasil Flores de cabelo-de-\u00edndio nascem 24 horas ap\u00f3s queimadas naturais; pesquisadores brasileiros registraram descoberta da mais r\u00e1pida flora\u00e7\u00e3o. 17\/04\/2019 11h10\u00a0Atualizado\u00a0h\u00e1 5 anos Fogo na floresta \u00e9 sinal de alerta? Na maioria das vezes sim, mas no Cerrado o fogo pode ser aliado da biodiversidade. Isso porque \u00e9 esse fator ecol\u00f3gico que, quando [&hellip;]<\/p>\n","protected":false},"author":2,"featured_media":2434,"comment_status":"open","ping_status":"open","sticky":false,"template":"","format":"standard","meta":{"rop_custom_images_group":[],"rop_custom_messages_group":[],"rop_publish_now":"initial","rop_publish_now_accounts":{"twitter_850042665852968960_850042665852968960":""},"rop_publish_now_history":[],"rop_publish_now_status":"pending","footnotes":""},"categories":[15],"tags":[192,87,134,162,191],"class_list":["post-2433","post","type-post","status-publish","format-standard","has-post-thumbnail","hentry","category-destaques","tag-biodiversidade","tag-cerrado","tag-floresta","tag-pesquisadores","tag-queimada"],"yoast_head":"<!-- This site is optimized with the Yoast SEO plugin v27.2 - https:\/\/yoast.com\/product\/yoast-seo-wordpress\/ -->\n<title>Do fogo \u00e0 flor: esp\u00e9cie comum do Cerrado floresce somente ap\u00f3s queimadas - Prefeitos &amp; Gest\u00f5es<\/title>\n<meta name=\"robots\" content=\"index, follow, max-snippet:-1, max-image-preview:large, max-video-preview:-1\" \/>\n<link rel=\"canonical\" href=\"https:\/\/prefeitosegestoes.com.br\/portal\/do-fogo-a-flor-especie-comum-do-cerrado-floresce-somente-apos-queimadas\/\" \/>\n<meta property=\"og:locale\" content=\"pt_BR\" \/>\n<meta property=\"og:type\" content=\"article\" \/>\n<meta property=\"og:title\" content=\"Do fogo \u00e0 flor: esp\u00e9cie comum do Cerrado floresce somente ap\u00f3s queimadas - Prefeitos &amp; Gest\u00f5es\" \/>\n<meta property=\"og:description\" content=\"Foto: Jo\u00e9dson Alves\/Ag\u00eancia Brasil Flores de cabelo-de-\u00edndio nascem 24 horas ap\u00f3s queimadas naturais; pesquisadores brasileiros registraram descoberta da mais r\u00e1pida flora\u00e7\u00e3o. 17\/04\/2019 11h10\u00a0Atualizado\u00a0h\u00e1 5 anos Fogo na floresta \u00e9 sinal de alerta? Na maioria das vezes sim, mas no Cerrado o fogo pode ser aliado da biodiversidade. Isso porque \u00e9 esse fator ecol\u00f3gico que, quando [&hellip;]\" \/>\n<meta property=\"og:url\" content=\"https:\/\/prefeitosegestoes.com.br\/portal\/do-fogo-a-flor-especie-comum-do-cerrado-floresce-somente-apos-queimadas\/\" \/>\n<meta property=\"og:site_name\" content=\"Prefeitos &amp; Gest\u00f5es\" \/>\n<meta property=\"article:publisher\" content=\"https:\/\/www.facebook.com\/prefeitosonline\" \/>\n<meta property=\"article:published_time\" content=\"2024-11-01T16:34:05+00:00\" \/>\n<meta property=\"article:modified_time\" content=\"2024-11-01T16:34:24+00:00\" \/>\n<meta property=\"og:image\" content=\"https:\/\/prefeitosegestoes.com.br\/portal\/wp-content\/uploads\/2024\/11\/ja00310.webp\" \/>\n\t<meta property=\"og:image:width\" content=\"1024\" \/>\n\t<meta property=\"og:image:height\" content=\"768\" \/>\n\t<meta property=\"og:image:type\" content=\"image\/webp\" \/>\n<meta name=\"author\" content=\"Prefeitos &amp; Gest\u00f5es\" \/>\n<meta name=\"twitter:card\" content=\"summary_large_image\" \/>\n<meta name=\"twitter:creator\" content=\"@PrefGestoes\" \/>\n<meta name=\"twitter:site\" content=\"@PrefGestoes\" \/>\n<meta name=\"twitter:label1\" content=\"Escrito por\" \/>\n\t<meta name=\"twitter:data1\" content=\"Prefeitos &amp; Gest\u00f5es\" \/>\n\t<meta name=\"twitter:label2\" content=\"Est. tempo de leitura\" \/>\n\t<meta name=\"twitter:data2\" content=\"5 minutos\" \/>\n<script type=\"application\/ld+json\" class=\"yoast-schema-graph\">{\"@context\":\"https:\/\/schema.org\",\"@graph\":[{\"@type\":\"Article\",\"@id\":\"https:\/\/prefeitosegestoes.com.br\/portal\/do-fogo-a-flor-especie-comum-do-cerrado-floresce-somente-apos-queimadas\/#article\",\"isPartOf\":{\"@id\":\"https:\/\/prefeitosegestoes.com.br\/portal\/do-fogo-a-flor-especie-comum-do-cerrado-floresce-somente-apos-queimadas\/\"},\"author\":{\"name\":\"Prefeitos &amp; Gest\u00f5es\",\"@id\":\"https:\/\/prefeitosegestoes.com.br\/portal\/#\/schema\/person\/d00059f2ec99963e7e1850d448ae94b8\"},\"headline\":\"Do fogo \u00e0 flor: esp\u00e9cie comum do Cerrado floresce somente ap\u00f3s queimadas\",\"datePublished\":\"2024-11-01T16:34:05+00:00\",\"dateModified\":\"2024-11-01T16:34:24+00:00\",\"mainEntityOfPage\":{\"@id\":\"https:\/\/prefeitosegestoes.com.br\/portal\/do-fogo-a-flor-especie-comum-do-cerrado-floresce-somente-apos-queimadas\/\"},\"wordCount\":919,\"commentCount\":0,\"publisher\":{\"@id\":\"https:\/\/prefeitosegestoes.com.br\/portal\/#organization\"},\"image\":{\"@id\":\"https:\/\/prefeitosegestoes.com.br\/portal\/do-fogo-a-flor-especie-comum-do-cerrado-floresce-somente-apos-queimadas\/#primaryimage\"},\"thumbnailUrl\":\"https:\/\/prefeitosegestoes.com.br\/portal\/wp-content\/uploads\/2024\/11\/ja00310.webp\",\"keywords\":[\"Biodiversidade\",\"Cerrado\",\"Floresta\",\"Pesquisadores\",\"Queimada\"],\"articleSection\":[\"Destaques\"],\"inLanguage\":\"pt-BR\",\"potentialAction\":[{\"@type\":\"CommentAction\",\"name\":\"Comment\",\"target\":[\"https:\/\/prefeitosegestoes.com.br\/portal\/do-fogo-a-flor-especie-comum-do-cerrado-floresce-somente-apos-queimadas\/#respond\"]}]},{\"@type\":\"WebPage\",\"@id\":\"https:\/\/prefeitosegestoes.com.br\/portal\/do-fogo-a-flor-especie-comum-do-cerrado-floresce-somente-apos-queimadas\/\",\"url\":\"https:\/\/prefeitosegestoes.com.br\/portal\/do-fogo-a-flor-especie-comum-do-cerrado-floresce-somente-apos-queimadas\/\",\"name\":\"Do fogo \u00e0 flor: esp\u00e9cie comum do Cerrado floresce somente ap\u00f3s queimadas - Prefeitos &amp; Gest\u00f5es\",\"isPartOf\":{\"@id\":\"https:\/\/prefeitosegestoes.com.br\/portal\/#website\"},\"primaryImageOfPage\":{\"@id\":\"https:\/\/prefeitosegestoes.com.br\/portal\/do-fogo-a-flor-especie-comum-do-cerrado-floresce-somente-apos-queimadas\/#primaryimage\"},\"image\":{\"@id\":\"https:\/\/prefeitosegestoes.com.br\/portal\/do-fogo-a-flor-especie-comum-do-cerrado-floresce-somente-apos-queimadas\/#primaryimage\"},\"thumbnailUrl\":\"https:\/\/prefeitosegestoes.com.br\/portal\/wp-content\/uploads\/2024\/11\/ja00310.webp\",\"datePublished\":\"2024-11-01T16:34:05+00:00\",\"dateModified\":\"2024-11-01T16:34:24+00:00\",\"breadcrumb\":{\"@id\":\"https:\/\/prefeitosegestoes.com.br\/portal\/do-fogo-a-flor-especie-comum-do-cerrado-floresce-somente-apos-queimadas\/#breadcrumb\"},\"inLanguage\":\"pt-BR\",\"potentialAction\":[{\"@type\":\"ReadAction\",\"target\":[\"https:\/\/prefeitosegestoes.com.br\/portal\/do-fogo-a-flor-especie-comum-do-cerrado-floresce-somente-apos-queimadas\/\"]}]},{\"@type\":\"ImageObject\",\"inLanguage\":\"pt-BR\",\"@id\":\"https:\/\/prefeitosegestoes.com.br\/portal\/do-fogo-a-flor-especie-comum-do-cerrado-floresce-somente-apos-queimadas\/#primaryimage\",\"url\":\"https:\/\/prefeitosegestoes.com.br\/portal\/wp-content\/uploads\/2024\/11\/ja00310.webp\",\"contentUrl\":\"https:\/\/prefeitosegestoes.com.br\/portal\/wp-content\/uploads\/2024\/11\/ja00310.webp\",\"width\":1024,\"height\":768},{\"@type\":\"BreadcrumbList\",\"@id\":\"https:\/\/prefeitosegestoes.com.br\/portal\/do-fogo-a-flor-especie-comum-do-cerrado-floresce-somente-apos-queimadas\/#breadcrumb\",\"itemListElement\":[{\"@type\":\"ListItem\",\"position\":1,\"name\":\"In\u00edcio\",\"item\":\"https:\/\/prefeitosegestoes.com.br\/portal\/\"},{\"@type\":\"ListItem\",\"position\":2,\"name\":\"Do fogo \u00e0 flor: esp\u00e9cie comum do Cerrado floresce somente ap\u00f3s queimadas\"}]},{\"@type\":\"WebSite\",\"@id\":\"https:\/\/prefeitosegestoes.com.br\/portal\/#website\",\"url\":\"https:\/\/prefeitosegestoes.com.br\/portal\/\",\"name\":\"Prefeitos & Gest\u00f5es\",\"description\":\"\",\"publisher\":{\"@id\":\"https:\/\/prefeitosegestoes.com.br\/portal\/#organization\"},\"potentialAction\":[{\"@type\":\"SearchAction\",\"target\":{\"@type\":\"EntryPoint\",\"urlTemplate\":\"https:\/\/prefeitosegestoes.com.br\/portal\/?s={search_term_string}\"},\"query-input\":{\"@type\":\"PropertyValueSpecification\",\"valueRequired\":true,\"valueName\":\"search_term_string\"}}],\"inLanguage\":\"pt-BR\"},{\"@type\":\"Organization\",\"@id\":\"https:\/\/prefeitosegestoes.com.br\/portal\/#organization\",\"name\":\"Prefeitos & Gest\u00f5es\",\"url\":\"https:\/\/prefeitosegestoes.com.br\/portal\/\",\"logo\":{\"@type\":\"ImageObject\",\"inLanguage\":\"pt-BR\",\"@id\":\"https:\/\/prefeitosegestoes.com.br\/portal\/#\/schema\/logo\/image\/\",\"url\":\"https:\/\/prefeitosegestoes.com.br\/portal\/wp-content\/uploads\/2024\/10\/lg_trans_prefeitos_2024_preto2.png\",\"contentUrl\":\"https:\/\/prefeitosegestoes.com.br\/portal\/wp-content\/uploads\/2024\/10\/lg_trans_prefeitos_2024_preto2.png\",\"width\":199,\"height\":122,\"caption\":\"Prefeitos & Gest\u00f5es\"},\"image\":{\"@id\":\"https:\/\/prefeitosegestoes.com.br\/portal\/#\/schema\/logo\/image\/\"},\"sameAs\":[\"https:\/\/www.facebook.com\/prefeitosonline\",\"https:\/\/x.com\/PrefGestoes\"]},{\"@type\":\"Person\",\"@id\":\"https:\/\/prefeitosegestoes.com.br\/portal\/#\/schema\/person\/d00059f2ec99963e7e1850d448ae94b8\",\"name\":\"Prefeitos &amp; Gest\u00f5es\",\"image\":{\"@type\":\"ImageObject\",\"inLanguage\":\"pt-BR\",\"@id\":\"https:\/\/secure.gravatar.com\/avatar\/738fb281e479212ed32c1a21a4307dda9f3af9292edb6918a16c9ce9fff5f48d?s=96&d=mm&r=g\",\"url\":\"https:\/\/secure.gravatar.com\/avatar\/738fb281e479212ed32c1a21a4307dda9f3af9292edb6918a16c9ce9fff5f48d?s=96&d=mm&r=g\",\"contentUrl\":\"https:\/\/secure.gravatar.com\/avatar\/738fb281e479212ed32c1a21a4307dda9f3af9292edb6918a16c9ce9fff5f48d?s=96&d=mm&r=g\",\"caption\":\"Prefeitos &amp; Gest\u00f5es\"},\"url\":\"https:\/\/prefeitosegestoes.com.br\/portal\/author\/prefeitosegestoes\/\"}]}<\/script>\n<!-- \/ Yoast SEO plugin. -->","yoast_head_json":{"title":"Do fogo \u00e0 flor: esp\u00e9cie comum do Cerrado floresce somente ap\u00f3s queimadas - Prefeitos &amp; Gest\u00f5es","robots":{"index":"index","follow":"follow","max-snippet":"max-snippet:-1","max-image-preview":"max-image-preview:large","max-video-preview":"max-video-preview:-1"},"canonical":"https:\/\/prefeitosegestoes.com.br\/portal\/do-fogo-a-flor-especie-comum-do-cerrado-floresce-somente-apos-queimadas\/","og_locale":"pt_BR","og_type":"article","og_title":"Do fogo \u00e0 flor: esp\u00e9cie comum do Cerrado floresce somente ap\u00f3s queimadas - Prefeitos &amp; Gest\u00f5es","og_description":"Foto: Jo\u00e9dson Alves\/Ag\u00eancia Brasil Flores de cabelo-de-\u00edndio nascem 24 horas ap\u00f3s queimadas naturais; pesquisadores brasileiros registraram descoberta da mais r\u00e1pida flora\u00e7\u00e3o. 17\/04\/2019 11h10\u00a0Atualizado\u00a0h\u00e1 5 anos Fogo na floresta \u00e9 sinal de alerta? Na maioria das vezes sim, mas no Cerrado o fogo pode ser aliado da biodiversidade. Isso porque \u00e9 esse fator ecol\u00f3gico que, quando [&hellip;]","og_url":"https:\/\/prefeitosegestoes.com.br\/portal\/do-fogo-a-flor-especie-comum-do-cerrado-floresce-somente-apos-queimadas\/","og_site_name":"Prefeitos &amp; Gest\u00f5es","article_publisher":"https:\/\/www.facebook.com\/prefeitosonline","article_published_time":"2024-11-01T16:34:05+00:00","article_modified_time":"2024-11-01T16:34:24+00:00","og_image":[{"width":1024,"height":768,"url":"https:\/\/prefeitosegestoes.com.br\/portal\/wp-content\/uploads\/2024\/11\/ja00310.webp","type":"image\/webp"}],"author":"Prefeitos &amp; Gest\u00f5es","twitter_card":"summary_large_image","twitter_creator":"@PrefGestoes","twitter_site":"@PrefGestoes","twitter_misc":{"Escrito por":"Prefeitos &amp; Gest\u00f5es","Est. tempo de leitura":"5 minutos"},"schema":{"@context":"https:\/\/schema.org","@graph":[{"@type":"Article","@id":"https:\/\/prefeitosegestoes.com.br\/portal\/do-fogo-a-flor-especie-comum-do-cerrado-floresce-somente-apos-queimadas\/#article","isPartOf":{"@id":"https:\/\/prefeitosegestoes.com.br\/portal\/do-fogo-a-flor-especie-comum-do-cerrado-floresce-somente-apos-queimadas\/"},"author":{"name":"Prefeitos &amp; Gest\u00f5es","@id":"https:\/\/prefeitosegestoes.com.br\/portal\/#\/schema\/person\/d00059f2ec99963e7e1850d448ae94b8"},"headline":"Do fogo \u00e0 flor: esp\u00e9cie comum do Cerrado floresce somente ap\u00f3s queimadas","datePublished":"2024-11-01T16:34:05+00:00","dateModified":"2024-11-01T16:34:24+00:00","mainEntityOfPage":{"@id":"https:\/\/prefeitosegestoes.com.br\/portal\/do-fogo-a-flor-especie-comum-do-cerrado-floresce-somente-apos-queimadas\/"},"wordCount":919,"commentCount":0,"publisher":{"@id":"https:\/\/prefeitosegestoes.com.br\/portal\/#organization"},"image":{"@id":"https:\/\/prefeitosegestoes.com.br\/portal\/do-fogo-a-flor-especie-comum-do-cerrado-floresce-somente-apos-queimadas\/#primaryimage"},"thumbnailUrl":"https:\/\/prefeitosegestoes.com.br\/portal\/wp-content\/uploads\/2024\/11\/ja00310.webp","keywords":["Biodiversidade","Cerrado","Floresta","Pesquisadores","Queimada"],"articleSection":["Destaques"],"inLanguage":"pt-BR","potentialAction":[{"@type":"CommentAction","name":"Comment","target":["https:\/\/prefeitosegestoes.com.br\/portal\/do-fogo-a-flor-especie-comum-do-cerrado-floresce-somente-apos-queimadas\/#respond"]}]},{"@type":"WebPage","@id":"https:\/\/prefeitosegestoes.com.br\/portal\/do-fogo-a-flor-especie-comum-do-cerrado-floresce-somente-apos-queimadas\/","url":"https:\/\/prefeitosegestoes.com.br\/portal\/do-fogo-a-flor-especie-comum-do-cerrado-floresce-somente-apos-queimadas\/","name":"Do fogo \u00e0 flor: esp\u00e9cie comum do Cerrado floresce somente ap\u00f3s queimadas - Prefeitos &amp; Gest\u00f5es","isPartOf":{"@id":"https:\/\/prefeitosegestoes.com.br\/portal\/#website"},"primaryImageOfPage":{"@id":"https:\/\/prefeitosegestoes.com.br\/portal\/do-fogo-a-flor-especie-comum-do-cerrado-floresce-somente-apos-queimadas\/#primaryimage"},"image":{"@id":"https:\/\/prefeitosegestoes.com.br\/portal\/do-fogo-a-flor-especie-comum-do-cerrado-floresce-somente-apos-queimadas\/#primaryimage"},"thumbnailUrl":"https:\/\/prefeitosegestoes.com.br\/portal\/wp-content\/uploads\/2024\/11\/ja00310.webp","datePublished":"2024-11-01T16:34:05+00:00","dateModified":"2024-11-01T16:34:24+00:00","breadcrumb":{"@id":"https:\/\/prefeitosegestoes.com.br\/portal\/do-fogo-a-flor-especie-comum-do-cerrado-floresce-somente-apos-queimadas\/#breadcrumb"},"inLanguage":"pt-BR","potentialAction":[{"@type":"ReadAction","target":["https:\/\/prefeitosegestoes.com.br\/portal\/do-fogo-a-flor-especie-comum-do-cerrado-floresce-somente-apos-queimadas\/"]}]},{"@type":"ImageObject","inLanguage":"pt-BR","@id":"https:\/\/prefeitosegestoes.com.br\/portal\/do-fogo-a-flor-especie-comum-do-cerrado-floresce-somente-apos-queimadas\/#primaryimage","url":"https:\/\/prefeitosegestoes.com.br\/portal\/wp-content\/uploads\/2024\/11\/ja00310.webp","contentUrl":"https:\/\/prefeitosegestoes.com.br\/portal\/wp-content\/uploads\/2024\/11\/ja00310.webp","width":1024,"height":768},{"@type":"BreadcrumbList","@id":"https:\/\/prefeitosegestoes.com.br\/portal\/do-fogo-a-flor-especie-comum-do-cerrado-floresce-somente-apos-queimadas\/#breadcrumb","itemListElement":[{"@type":"ListItem","position":1,"name":"In\u00edcio","item":"https:\/\/prefeitosegestoes.com.br\/portal\/"},{"@type":"ListItem","position":2,"name":"Do fogo \u00e0 flor: esp\u00e9cie comum do Cerrado floresce somente ap\u00f3s queimadas"}]},{"@type":"WebSite","@id":"https:\/\/prefeitosegestoes.com.br\/portal\/#website","url":"https:\/\/prefeitosegestoes.com.br\/portal\/","name":"Prefeitos & Gest\u00f5es","description":"","publisher":{"@id":"https:\/\/prefeitosegestoes.com.br\/portal\/#organization"},"potentialAction":[{"@type":"SearchAction","target":{"@type":"EntryPoint","urlTemplate":"https:\/\/prefeitosegestoes.com.br\/portal\/?s={search_term_string}"},"query-input":{"@type":"PropertyValueSpecification","valueRequired":true,"valueName":"search_term_string"}}],"inLanguage":"pt-BR"},{"@type":"Organization","@id":"https:\/\/prefeitosegestoes.com.br\/portal\/#organization","name":"Prefeitos & Gest\u00f5es","url":"https:\/\/prefeitosegestoes.com.br\/portal\/","logo":{"@type":"ImageObject","inLanguage":"pt-BR","@id":"https:\/\/prefeitosegestoes.com.br\/portal\/#\/schema\/logo\/image\/","url":"https:\/\/prefeitosegestoes.com.br\/portal\/wp-content\/uploads\/2024\/10\/lg_trans_prefeitos_2024_preto2.png","contentUrl":"https:\/\/prefeitosegestoes.com.br\/portal\/wp-content\/uploads\/2024\/10\/lg_trans_prefeitos_2024_preto2.png","width":199,"height":122,"caption":"Prefeitos & Gest\u00f5es"},"image":{"@id":"https:\/\/prefeitosegestoes.com.br\/portal\/#\/schema\/logo\/image\/"},"sameAs":["https:\/\/www.facebook.com\/prefeitosonline","https:\/\/x.com\/PrefGestoes"]},{"@type":"Person","@id":"https:\/\/prefeitosegestoes.com.br\/portal\/#\/schema\/person\/d00059f2ec99963e7e1850d448ae94b8","name":"Prefeitos &amp; Gest\u00f5es","image":{"@type":"ImageObject","inLanguage":"pt-BR","@id":"https:\/\/secure.gravatar.com\/avatar\/738fb281e479212ed32c1a21a4307dda9f3af9292edb6918a16c9ce9fff5f48d?s=96&d=mm&r=g","url":"https:\/\/secure.gravatar.com\/avatar\/738fb281e479212ed32c1a21a4307dda9f3af9292edb6918a16c9ce9fff5f48d?s=96&d=mm&r=g","contentUrl":"https:\/\/secure.gravatar.com\/avatar\/738fb281e479212ed32c1a21a4307dda9f3af9292edb6918a16c9ce9fff5f48d?s=96&d=mm&r=g","caption":"Prefeitos &amp; Gest\u00f5es"},"url":"https:\/\/prefeitosegestoes.com.br\/portal\/author\/prefeitosegestoes\/"}]}},"_links":{"self":[{"href":"https:\/\/prefeitosegestoes.com.br\/portal\/wp-json\/wp\/v2\/posts\/2433","targetHints":{"allow":["GET"]}}],"collection":[{"href":"https:\/\/prefeitosegestoes.com.br\/portal\/wp-json\/wp\/v2\/posts"}],"about":[{"href":"https:\/\/prefeitosegestoes.com.br\/portal\/wp-json\/wp\/v2\/types\/post"}],"author":[{"embeddable":true,"href":"https:\/\/prefeitosegestoes.com.br\/portal\/wp-json\/wp\/v2\/users\/2"}],"replies":[{"embeddable":true,"href":"https:\/\/prefeitosegestoes.com.br\/portal\/wp-json\/wp\/v2\/comments?post=2433"}],"version-history":[{"count":1,"href":"https:\/\/prefeitosegestoes.com.br\/portal\/wp-json\/wp\/v2\/posts\/2433\/revisions"}],"predecessor-version":[{"id":2435,"href":"https:\/\/prefeitosegestoes.com.br\/portal\/wp-json\/wp\/v2\/posts\/2433\/revisions\/2435"}],"wp:featuredmedia":[{"embeddable":true,"href":"https:\/\/prefeitosegestoes.com.br\/portal\/wp-json\/wp\/v2\/media\/2434"}],"wp:attachment":[{"href":"https:\/\/prefeitosegestoes.com.br\/portal\/wp-json\/wp\/v2\/media?parent=2433"}],"wp:term":[{"taxonomy":"category","embeddable":true,"href":"https:\/\/prefeitosegestoes.com.br\/portal\/wp-json\/wp\/v2\/categories?post=2433"},{"taxonomy":"post_tag","embeddable":true,"href":"https:\/\/prefeitosegestoes.com.br\/portal\/wp-json\/wp\/v2\/tags?post=2433"}],"curies":[{"name":"wp","href":"https:\/\/api.w.org\/{rel}","templated":true}]}}