{"id":2306,"date":"2024-10-25T16:37:42","date_gmt":"2024-10-25T19:37:42","guid":{"rendered":"https:\/\/prefeitosegestoes.com.br\/portal\/?p=2306"},"modified":"2024-10-25T16:37:42","modified_gmt":"2024-10-25T19:37:42","slug":"censo-2022-numero-de-mulheres-que-chefiam-casa-cresceu-10-em-12-anos","status":"publish","type":"post","link":"https:\/\/prefeitosegestoes.com.br\/portal\/censo-2022-numero-de-mulheres-que-chefiam-casa-cresceu-10-em-12-anos\/","title":{"rendered":"Censo 2022: n\u00famero de mulheres que chefiam casa cresceu 10% em 12 anos"},"content":{"rendered":"<header class=\"Grid__Col-sc-owmjhw-2 ivaiSK\">\n<div class=\"HeaderNoticiaWrapper-sc-4exe2y-0 DvlZk  colunas-wrapper\">\n<h1 class=\"Text__TextBase-sc-1d75gww-0 TcJvw\"><\/h1>\n<h6 class=\"Text__TextBase-sc-1d75gww-0 jhEviD noticiaCabecalho__subtitulo\">Cr\u00e9dito foto Devil burns inside us<\/h6>\n<h2 class=\"Text__TextBase-sc-1d75gww-0 jhEviD noticiaCabecalho__subtitulo\">No total, 72.522.372 unidades dom\u00e9sticas do Brasil t\u00eam respons\u00e1veis mulheres. \u00c9 a 1\u00aa vez que o dado se equipara \u00e0 chefia de lares por homens<\/h2>\n<div class=\"HeaderNoticiaWrapper__Autor-sc-4exe2y-2 ghxIAK\"><a href=\"https:\/\/www.metropoles.com\/author\/madu-toledo\" target=\"_top\" rel=\"author noopener\">Madu Toledo<\/a><\/div>\n<p class=\"Text__TextBase-sc-1d75gww-0 hWcrMX\"><time class=\"HeaderNoticiaWrapper__DataPublicacao-sc-4exe2y-3 fEsEap\" datetime=\"2024-10-25 10:40\">25\/10\/2024 10:40,<\/time>\u00a0atualizado\u00a0<time class=\"HeaderNoticiaWrapper__DataPublicacao-sc-4exe2y-3 fEsEap\" datetime=\"2024-10-25 11:08\">25\/10\/2024 11:08<\/time><\/p>\n<\/div>\n<\/header>\n<div class=\"Grid__Col-sc-owmjhw-2 cgtvGh\">\n<div class=\"NoticiaInternaWrapper__ImagemDestaque-sc-481g5p-5 bBlNwq\">\n<div class=\"NoticiaInternaWrapper__WrapperShare-sc-481g5p-8 chexJn\">\n<div class=\"NoticiaInternaWrapper__SocialMedias-sc-481g5p-9 cdSKxH\">\n<div class=\"style__ShareSocialMediaWrapper-sc-f4hti2-0 jOrTzv\">\n<h3 class=\"Text__TextBase-sc-1d75gww-0 cCVwoX\">Compartilhar not\u00edcia<\/h3>\n<div class=\"Grid__Row-sc-owmjhw-1 jJtlyw\"><\/div>\n<\/div>\n<\/div>\n<\/div>\n<\/div>\n<div class=\"ConteudoNoticiaWrapper-sc-19fsm27-0 hIDPRr m-content\">\n<div class=\"ConteudoNoticiaWrapper__Artigo-sc-19fsm27-1 iZYHrO\">\n<p>O n\u00famero de resid\u00eancias chefiadas por mulheres cresceu, aproximadamente, 10% nos \u00faltimos 12 anos, de acordo com a pesquisa Censo Demogr\u00e1fico 2022, realizada pelo <a href=\"https:\/\/www.ibge.gov.br\/\" target=\"_blank\" rel=\"nofollow noopener\">Instituto Brasileiro de Geografia e Estat\u00edstica (IBGE)<\/a>. No total, 72.522.372 unidades dom\u00e9sticas do Brasil t\u00eam como respons\u00e1veis pessoas do sexo feminino.<\/p>\n<p data-gtm-vis-recent-on-screen104869357_94=\"98652\" data-gtm-vis-first-on-screen104869357_94=\"98652\" data-gtm-vis-total-visible-time104869357_94=\"100\" data-gtm-vis-has-fired104869357_94=\"1\">\u00c9 a primeira vez que o dado avan\u00e7a e se equipara \u00e0 chefia de lares por homens. A propor\u00e7\u00e3o representa uma mudan\u00e7a importante em rela\u00e7\u00e3o ao Censo de 2010, quando o percentual de homens respons\u00e1veis (61,3%) era substancialmente maior do que o de mulheres (38,7%).<\/p>\n<p>Em 10 estados, o percentual de mulheres respons\u00e1veis pela unidade dom\u00e9stica foi maior que 50%:\u00a0<a href=\"https:\/\/www.metropoles.com\/tag\/pernambuco\" target=\"_blank\" rel=\"noopener\">Pernambuco<\/a> (53,9%); Sergipe (53,1%); Maranh\u00e3o (53,0%); Amap\u00e1 (52,9%); Cear\u00e1 (52,6%); Rio de Janeiro (52,3%); Alagoas e Para\u00edba (51,7%); Bahia (51,0%); e Piau\u00ed (50,4%)<\/p>\n<p>\u201cOs dados do Censo mostram que a maior parte dessas unidades da Federa\u00e7\u00e3o est\u00e3o concentradas na Regi\u00e3o Nordeste do pa\u00eds. Por outro lado, os menores percentuais s\u00e3o encontrados em Rond\u00f4nia, com 44,3%, e em Santa Catarina, com 44,6%. Percebe-se, de forma geral, que as unidades federativas acompanharam o movimento do pa\u00eds com aumento da propor\u00e7\u00e3o de unidades dom\u00e9sticas nas quais h\u00e1 respons\u00e1veis do sexo feminino\u201d, aponta a analista da divulga\u00e7\u00e3o, Luciene Longo.<\/p>\n<div class=\"m-banner-wrap m-banner-rectangle m-publicity-content-middle\">\n<div id=\"denakop-ad-square-1\">\n<div id=\"denakop-square-7763\" data-google-query-id=\"CN2CvI2bqokDFVRV3QIdUYIb4w\">Fonte: Metr\u00f3poles<\/div>\n<\/div>\n<\/div>\n<\/div>\n<\/div>\n<\/div>\n","protected":false},"excerpt":{"rendered":"<p>Cr\u00e9dito foto Devil burns inside us No total, 72.522.372 unidades dom\u00e9sticas do Brasil t\u00eam respons\u00e1veis mulheres. \u00c9 a 1\u00aa vez que o dado se equipara \u00e0 chefia de lares por homens Madu Toledo 25\/10\/2024 10:40,\u00a0atualizado\u00a025\/10\/2024 11:08 Compartilhar not\u00edcia O n\u00famero de resid\u00eancias chefiadas por mulheres cresceu, aproximadamente, 10% nos \u00faltimos 12 anos, de acordo com [&hellip;]<\/p>\n","protected":false},"author":2,"featured_media":2307,"comment_status":"open","ping_status":"open","sticky":false,"template":"","format":"standard","meta":{"rop_custom_images_group":[],"rop_custom_messages_group":[],"rop_publish_now":"initial","rop_publish_now_accounts":{"twitter_850042665852968960_850042665852968960":""},"rop_publish_now_history":[],"rop_publish_now_status":"pending","footnotes":""},"categories":[15],"tags":[185,186,184,187,183],"class_list":["post-2306","post","type-post","status-publish","format-standard","has-post-thumbnail","hentry","category-destaques","tag-domestica","tag-feminina","tag-ibge","tag-lar","tag-mulher"],"yoast_head":"<!-- This site is optimized with the Yoast SEO plugin v27.2 - https:\/\/yoast.com\/product\/yoast-seo-wordpress\/ -->\n<title>Censo 2022: n\u00famero de mulheres que chefiam casa cresceu 10% em 12 anos - Prefeitos &amp; Gest\u00f5es<\/title>\n<meta name=\"robots\" content=\"index, follow, max-snippet:-1, max-image-preview:large, max-video-preview:-1\" \/>\n<link rel=\"canonical\" href=\"https:\/\/prefeitosegestoes.com.br\/portal\/censo-2022-numero-de-mulheres-que-chefiam-casa-cresceu-10-em-12-anos\/\" \/>\n<meta property=\"og:locale\" content=\"pt_BR\" \/>\n<meta property=\"og:type\" content=\"article\" \/>\n<meta property=\"og:title\" content=\"Censo 2022: n\u00famero de mulheres que chefiam casa cresceu 10% em 12 anos - Prefeitos &amp; Gest\u00f5es\" \/>\n<meta property=\"og:description\" content=\"Cr\u00e9dito foto Devil burns inside us No total, 72.522.372 unidades dom\u00e9sticas do Brasil t\u00eam respons\u00e1veis mulheres. \u00c9 a 1\u00aa vez que o dado se equipara \u00e0 chefia de lares por homens Madu Toledo 25\/10\/2024 10:40,\u00a0atualizado\u00a025\/10\/2024 11:08 Compartilhar not\u00edcia O n\u00famero de resid\u00eancias chefiadas por mulheres cresceu, aproximadamente, 10% nos \u00faltimos 12 anos, de acordo com [&hellip;]\" \/>\n<meta property=\"og:url\" content=\"https:\/\/prefeitosegestoes.com.br\/portal\/censo-2022-numero-de-mulheres-que-chefiam-casa-cresceu-10-em-12-anos\/\" \/>\n<meta property=\"og:site_name\" content=\"Prefeitos &amp; Gest\u00f5es\" \/>\n<meta property=\"article:publisher\" content=\"https:\/\/www.facebook.com\/prefeitosonline\" \/>\n<meta property=\"article:published_time\" content=\"2024-10-25T19:37:42+00:00\" \/>\n<meta property=\"og:image\" content=\"https:\/\/prefeitosegestoes.com.br\/portal\/wp-content\/uploads\/2024\/10\/7057638409_918da0eb2a_k.jpg\" \/>\n\t<meta property=\"og:image:width\" content=\"2048\" \/>\n\t<meta property=\"og:image:height\" content=\"1536\" \/>\n\t<meta property=\"og:image:type\" content=\"image\/jpeg\" \/>\n<meta name=\"author\" content=\"Prefeitos &amp; Gest\u00f5es\" \/>\n<meta name=\"twitter:card\" content=\"summary_large_image\" \/>\n<meta name=\"twitter:creator\" content=\"@PrefGestoes\" \/>\n<meta name=\"twitter:site\" content=\"@PrefGestoes\" \/>\n<meta name=\"twitter:label1\" content=\"Escrito por\" \/>\n\t<meta name=\"twitter:data1\" content=\"Prefeitos &amp; Gest\u00f5es\" \/>\n\t<meta name=\"twitter:label2\" content=\"Est. tempo de leitura\" \/>\n\t<meta name=\"twitter:data2\" content=\"1 minuto\" \/>\n<script type=\"application\/ld+json\" class=\"yoast-schema-graph\">{\"@context\":\"https:\/\/schema.org\",\"@graph\":[{\"@type\":\"Article\",\"@id\":\"https:\/\/prefeitosegestoes.com.br\/portal\/censo-2022-numero-de-mulheres-que-chefiam-casa-cresceu-10-em-12-anos\/#article\",\"isPartOf\":{\"@id\":\"https:\/\/prefeitosegestoes.com.br\/portal\/censo-2022-numero-de-mulheres-que-chefiam-casa-cresceu-10-em-12-anos\/\"},\"author\":{\"name\":\"Prefeitos &amp; Gest\u00f5es\",\"@id\":\"https:\/\/prefeitosegestoes.com.br\/portal\/#\/schema\/person\/d00059f2ec99963e7e1850d448ae94b8\"},\"headline\":\"Censo 2022: n\u00famero de mulheres que chefiam casa cresceu 10% em 12 anos\",\"datePublished\":\"2024-10-25T19:37:42+00:00\",\"mainEntityOfPage\":{\"@id\":\"https:\/\/prefeitosegestoes.com.br\/portal\/censo-2022-numero-de-mulheres-que-chefiam-casa-cresceu-10-em-12-anos\/\"},\"wordCount\":256,\"commentCount\":0,\"publisher\":{\"@id\":\"https:\/\/prefeitosegestoes.com.br\/portal\/#organization\"},\"image\":{\"@id\":\"https:\/\/prefeitosegestoes.com.br\/portal\/censo-2022-numero-de-mulheres-que-chefiam-casa-cresceu-10-em-12-anos\/#primaryimage\"},\"thumbnailUrl\":\"https:\/\/prefeitosegestoes.com.br\/portal\/wp-content\/uploads\/2024\/10\/7057638409_918da0eb2a_k.jpg\",\"keywords\":[\"Dom\u00e9stica\",\"Feminina\",\"IBGE\",\"Lar\",\"Mulher\"],\"articleSection\":[\"Destaques\"],\"inLanguage\":\"pt-BR\",\"potentialAction\":[{\"@type\":\"CommentAction\",\"name\":\"Comment\",\"target\":[\"https:\/\/prefeitosegestoes.com.br\/portal\/censo-2022-numero-de-mulheres-que-chefiam-casa-cresceu-10-em-12-anos\/#respond\"]}]},{\"@type\":\"WebPage\",\"@id\":\"https:\/\/prefeitosegestoes.com.br\/portal\/censo-2022-numero-de-mulheres-que-chefiam-casa-cresceu-10-em-12-anos\/\",\"url\":\"https:\/\/prefeitosegestoes.com.br\/portal\/censo-2022-numero-de-mulheres-que-chefiam-casa-cresceu-10-em-12-anos\/\",\"name\":\"Censo 2022: n\u00famero de mulheres que chefiam casa cresceu 10% em 12 anos - Prefeitos &amp; Gest\u00f5es\",\"isPartOf\":{\"@id\":\"https:\/\/prefeitosegestoes.com.br\/portal\/#website\"},\"primaryImageOfPage\":{\"@id\":\"https:\/\/prefeitosegestoes.com.br\/portal\/censo-2022-numero-de-mulheres-que-chefiam-casa-cresceu-10-em-12-anos\/#primaryimage\"},\"image\":{\"@id\":\"https:\/\/prefeitosegestoes.com.br\/portal\/censo-2022-numero-de-mulheres-que-chefiam-casa-cresceu-10-em-12-anos\/#primaryimage\"},\"thumbnailUrl\":\"https:\/\/prefeitosegestoes.com.br\/portal\/wp-content\/uploads\/2024\/10\/7057638409_918da0eb2a_k.jpg\",\"datePublished\":\"2024-10-25T19:37:42+00:00\",\"breadcrumb\":{\"@id\":\"https:\/\/prefeitosegestoes.com.br\/portal\/censo-2022-numero-de-mulheres-que-chefiam-casa-cresceu-10-em-12-anos\/#breadcrumb\"},\"inLanguage\":\"pt-BR\",\"potentialAction\":[{\"@type\":\"ReadAction\",\"target\":[\"https:\/\/prefeitosegestoes.com.br\/portal\/censo-2022-numero-de-mulheres-que-chefiam-casa-cresceu-10-em-12-anos\/\"]}]},{\"@type\":\"ImageObject\",\"inLanguage\":\"pt-BR\",\"@id\":\"https:\/\/prefeitosegestoes.com.br\/portal\/censo-2022-numero-de-mulheres-que-chefiam-casa-cresceu-10-em-12-anos\/#primaryimage\",\"url\":\"https:\/\/prefeitosegestoes.com.br\/portal\/wp-content\/uploads\/2024\/10\/7057638409_918da0eb2a_k.jpg\",\"contentUrl\":\"https:\/\/prefeitosegestoes.com.br\/portal\/wp-content\/uploads\/2024\/10\/7057638409_918da0eb2a_k.jpg\",\"width\":2048,\"height\":1536},{\"@type\":\"BreadcrumbList\",\"@id\":\"https:\/\/prefeitosegestoes.com.br\/portal\/censo-2022-numero-de-mulheres-que-chefiam-casa-cresceu-10-em-12-anos\/#breadcrumb\",\"itemListElement\":[{\"@type\":\"ListItem\",\"position\":1,\"name\":\"In\u00edcio\",\"item\":\"https:\/\/prefeitosegestoes.com.br\/portal\/\"},{\"@type\":\"ListItem\",\"position\":2,\"name\":\"Censo 2022: n\u00famero de mulheres que chefiam casa cresceu 10% em 12 anos\"}]},{\"@type\":\"WebSite\",\"@id\":\"https:\/\/prefeitosegestoes.com.br\/portal\/#website\",\"url\":\"https:\/\/prefeitosegestoes.com.br\/portal\/\",\"name\":\"Prefeitos & Gest\u00f5es\",\"description\":\"\",\"publisher\":{\"@id\":\"https:\/\/prefeitosegestoes.com.br\/portal\/#organization\"},\"potentialAction\":[{\"@type\":\"SearchAction\",\"target\":{\"@type\":\"EntryPoint\",\"urlTemplate\":\"https:\/\/prefeitosegestoes.com.br\/portal\/?s={search_term_string}\"},\"query-input\":{\"@type\":\"PropertyValueSpecification\",\"valueRequired\":true,\"valueName\":\"search_term_string\"}}],\"inLanguage\":\"pt-BR\"},{\"@type\":\"Organization\",\"@id\":\"https:\/\/prefeitosegestoes.com.br\/portal\/#organization\",\"name\":\"Prefeitos & Gest\u00f5es\",\"url\":\"https:\/\/prefeitosegestoes.com.br\/portal\/\",\"logo\":{\"@type\":\"ImageObject\",\"inLanguage\":\"pt-BR\",\"@id\":\"https:\/\/prefeitosegestoes.com.br\/portal\/#\/schema\/logo\/image\/\",\"url\":\"https:\/\/prefeitosegestoes.com.br\/portal\/wp-content\/uploads\/2024\/10\/lg_trans_prefeitos_2024_preto2.png\",\"contentUrl\":\"https:\/\/prefeitosegestoes.com.br\/portal\/wp-content\/uploads\/2024\/10\/lg_trans_prefeitos_2024_preto2.png\",\"width\":199,\"height\":122,\"caption\":\"Prefeitos & Gest\u00f5es\"},\"image\":{\"@id\":\"https:\/\/prefeitosegestoes.com.br\/portal\/#\/schema\/logo\/image\/\"},\"sameAs\":[\"https:\/\/www.facebook.com\/prefeitosonline\",\"https:\/\/x.com\/PrefGestoes\"]},{\"@type\":\"Person\",\"@id\":\"https:\/\/prefeitosegestoes.com.br\/portal\/#\/schema\/person\/d00059f2ec99963e7e1850d448ae94b8\",\"name\":\"Prefeitos &amp; Gest\u00f5es\",\"image\":{\"@type\":\"ImageObject\",\"inLanguage\":\"pt-BR\",\"@id\":\"https:\/\/secure.gravatar.com\/avatar\/738fb281e479212ed32c1a21a4307dda9f3af9292edb6918a16c9ce9fff5f48d?s=96&d=mm&r=g\",\"url\":\"https:\/\/secure.gravatar.com\/avatar\/738fb281e479212ed32c1a21a4307dda9f3af9292edb6918a16c9ce9fff5f48d?s=96&d=mm&r=g\",\"contentUrl\":\"https:\/\/secure.gravatar.com\/avatar\/738fb281e479212ed32c1a21a4307dda9f3af9292edb6918a16c9ce9fff5f48d?s=96&d=mm&r=g\",\"caption\":\"Prefeitos &amp; Gest\u00f5es\"},\"url\":\"https:\/\/prefeitosegestoes.com.br\/portal\/author\/prefeitosegestoes\/\"}]}<\/script>\n<!-- \/ Yoast SEO plugin. -->","yoast_head_json":{"title":"Censo 2022: n\u00famero de mulheres que chefiam casa cresceu 10% em 12 anos - Prefeitos &amp; Gest\u00f5es","robots":{"index":"index","follow":"follow","max-snippet":"max-snippet:-1","max-image-preview":"max-image-preview:large","max-video-preview":"max-video-preview:-1"},"canonical":"https:\/\/prefeitosegestoes.com.br\/portal\/censo-2022-numero-de-mulheres-que-chefiam-casa-cresceu-10-em-12-anos\/","og_locale":"pt_BR","og_type":"article","og_title":"Censo 2022: n\u00famero de mulheres que chefiam casa cresceu 10% em 12 anos - Prefeitos &amp; Gest\u00f5es","og_description":"Cr\u00e9dito foto Devil burns inside us No total, 72.522.372 unidades dom\u00e9sticas do Brasil t\u00eam respons\u00e1veis mulheres. \u00c9 a 1\u00aa vez que o dado se equipara \u00e0 chefia de lares por homens Madu Toledo 25\/10\/2024 10:40,\u00a0atualizado\u00a025\/10\/2024 11:08 Compartilhar not\u00edcia O n\u00famero de resid\u00eancias chefiadas por mulheres cresceu, aproximadamente, 10% nos \u00faltimos 12 anos, de acordo com [&hellip;]","og_url":"https:\/\/prefeitosegestoes.com.br\/portal\/censo-2022-numero-de-mulheres-que-chefiam-casa-cresceu-10-em-12-anos\/","og_site_name":"Prefeitos &amp; Gest\u00f5es","article_publisher":"https:\/\/www.facebook.com\/prefeitosonline","article_published_time":"2024-10-25T19:37:42+00:00","og_image":[{"width":2048,"height":1536,"url":"https:\/\/prefeitosegestoes.com.br\/portal\/wp-content\/uploads\/2024\/10\/7057638409_918da0eb2a_k.jpg","type":"image\/jpeg"}],"author":"Prefeitos &amp; Gest\u00f5es","twitter_card":"summary_large_image","twitter_creator":"@PrefGestoes","twitter_site":"@PrefGestoes","twitter_misc":{"Escrito por":"Prefeitos &amp; Gest\u00f5es","Est. tempo de leitura":"1 minuto"},"schema":{"@context":"https:\/\/schema.org","@graph":[{"@type":"Article","@id":"https:\/\/prefeitosegestoes.com.br\/portal\/censo-2022-numero-de-mulheres-que-chefiam-casa-cresceu-10-em-12-anos\/#article","isPartOf":{"@id":"https:\/\/prefeitosegestoes.com.br\/portal\/censo-2022-numero-de-mulheres-que-chefiam-casa-cresceu-10-em-12-anos\/"},"author":{"name":"Prefeitos &amp; Gest\u00f5es","@id":"https:\/\/prefeitosegestoes.com.br\/portal\/#\/schema\/person\/d00059f2ec99963e7e1850d448ae94b8"},"headline":"Censo 2022: n\u00famero de mulheres que chefiam casa cresceu 10% em 12 anos","datePublished":"2024-10-25T19:37:42+00:00","mainEntityOfPage":{"@id":"https:\/\/prefeitosegestoes.com.br\/portal\/censo-2022-numero-de-mulheres-que-chefiam-casa-cresceu-10-em-12-anos\/"},"wordCount":256,"commentCount":0,"publisher":{"@id":"https:\/\/prefeitosegestoes.com.br\/portal\/#organization"},"image":{"@id":"https:\/\/prefeitosegestoes.com.br\/portal\/censo-2022-numero-de-mulheres-que-chefiam-casa-cresceu-10-em-12-anos\/#primaryimage"},"thumbnailUrl":"https:\/\/prefeitosegestoes.com.br\/portal\/wp-content\/uploads\/2024\/10\/7057638409_918da0eb2a_k.jpg","keywords":["Dom\u00e9stica","Feminina","IBGE","Lar","Mulher"],"articleSection":["Destaques"],"inLanguage":"pt-BR","potentialAction":[{"@type":"CommentAction","name":"Comment","target":["https:\/\/prefeitosegestoes.com.br\/portal\/censo-2022-numero-de-mulheres-que-chefiam-casa-cresceu-10-em-12-anos\/#respond"]}]},{"@type":"WebPage","@id":"https:\/\/prefeitosegestoes.com.br\/portal\/censo-2022-numero-de-mulheres-que-chefiam-casa-cresceu-10-em-12-anos\/","url":"https:\/\/prefeitosegestoes.com.br\/portal\/censo-2022-numero-de-mulheres-que-chefiam-casa-cresceu-10-em-12-anos\/","name":"Censo 2022: n\u00famero de mulheres que chefiam casa cresceu 10% em 12 anos - Prefeitos &amp; Gest\u00f5es","isPartOf":{"@id":"https:\/\/prefeitosegestoes.com.br\/portal\/#website"},"primaryImageOfPage":{"@id":"https:\/\/prefeitosegestoes.com.br\/portal\/censo-2022-numero-de-mulheres-que-chefiam-casa-cresceu-10-em-12-anos\/#primaryimage"},"image":{"@id":"https:\/\/prefeitosegestoes.com.br\/portal\/censo-2022-numero-de-mulheres-que-chefiam-casa-cresceu-10-em-12-anos\/#primaryimage"},"thumbnailUrl":"https:\/\/prefeitosegestoes.com.br\/portal\/wp-content\/uploads\/2024\/10\/7057638409_918da0eb2a_k.jpg","datePublished":"2024-10-25T19:37:42+00:00","breadcrumb":{"@id":"https:\/\/prefeitosegestoes.com.br\/portal\/censo-2022-numero-de-mulheres-que-chefiam-casa-cresceu-10-em-12-anos\/#breadcrumb"},"inLanguage":"pt-BR","potentialAction":[{"@type":"ReadAction","target":["https:\/\/prefeitosegestoes.com.br\/portal\/censo-2022-numero-de-mulheres-que-chefiam-casa-cresceu-10-em-12-anos\/"]}]},{"@type":"ImageObject","inLanguage":"pt-BR","@id":"https:\/\/prefeitosegestoes.com.br\/portal\/censo-2022-numero-de-mulheres-que-chefiam-casa-cresceu-10-em-12-anos\/#primaryimage","url":"https:\/\/prefeitosegestoes.com.br\/portal\/wp-content\/uploads\/2024\/10\/7057638409_918da0eb2a_k.jpg","contentUrl":"https:\/\/prefeitosegestoes.com.br\/portal\/wp-content\/uploads\/2024\/10\/7057638409_918da0eb2a_k.jpg","width":2048,"height":1536},{"@type":"BreadcrumbList","@id":"https:\/\/prefeitosegestoes.com.br\/portal\/censo-2022-numero-de-mulheres-que-chefiam-casa-cresceu-10-em-12-anos\/#breadcrumb","itemListElement":[{"@type":"ListItem","position":1,"name":"In\u00edcio","item":"https:\/\/prefeitosegestoes.com.br\/portal\/"},{"@type":"ListItem","position":2,"name":"Censo 2022: n\u00famero de mulheres que chefiam casa cresceu 10% em 12 anos"}]},{"@type":"WebSite","@id":"https:\/\/prefeitosegestoes.com.br\/portal\/#website","url":"https:\/\/prefeitosegestoes.com.br\/portal\/","name":"Prefeitos & Gest\u00f5es","description":"","publisher":{"@id":"https:\/\/prefeitosegestoes.com.br\/portal\/#organization"},"potentialAction":[{"@type":"SearchAction","target":{"@type":"EntryPoint","urlTemplate":"https:\/\/prefeitosegestoes.com.br\/portal\/?s={search_term_string}"},"query-input":{"@type":"PropertyValueSpecification","valueRequired":true,"valueName":"search_term_string"}}],"inLanguage":"pt-BR"},{"@type":"Organization","@id":"https:\/\/prefeitosegestoes.com.br\/portal\/#organization","name":"Prefeitos & Gest\u00f5es","url":"https:\/\/prefeitosegestoes.com.br\/portal\/","logo":{"@type":"ImageObject","inLanguage":"pt-BR","@id":"https:\/\/prefeitosegestoes.com.br\/portal\/#\/schema\/logo\/image\/","url":"https:\/\/prefeitosegestoes.com.br\/portal\/wp-content\/uploads\/2024\/10\/lg_trans_prefeitos_2024_preto2.png","contentUrl":"https:\/\/prefeitosegestoes.com.br\/portal\/wp-content\/uploads\/2024\/10\/lg_trans_prefeitos_2024_preto2.png","width":199,"height":122,"caption":"Prefeitos & Gest\u00f5es"},"image":{"@id":"https:\/\/prefeitosegestoes.com.br\/portal\/#\/schema\/logo\/image\/"},"sameAs":["https:\/\/www.facebook.com\/prefeitosonline","https:\/\/x.com\/PrefGestoes"]},{"@type":"Person","@id":"https:\/\/prefeitosegestoes.com.br\/portal\/#\/schema\/person\/d00059f2ec99963e7e1850d448ae94b8","name":"Prefeitos &amp; Gest\u00f5es","image":{"@type":"ImageObject","inLanguage":"pt-BR","@id":"https:\/\/secure.gravatar.com\/avatar\/738fb281e479212ed32c1a21a4307dda9f3af9292edb6918a16c9ce9fff5f48d?s=96&d=mm&r=g","url":"https:\/\/secure.gravatar.com\/avatar\/738fb281e479212ed32c1a21a4307dda9f3af9292edb6918a16c9ce9fff5f48d?s=96&d=mm&r=g","contentUrl":"https:\/\/secure.gravatar.com\/avatar\/738fb281e479212ed32c1a21a4307dda9f3af9292edb6918a16c9ce9fff5f48d?s=96&d=mm&r=g","caption":"Prefeitos &amp; Gest\u00f5es"},"url":"https:\/\/prefeitosegestoes.com.br\/portal\/author\/prefeitosegestoes\/"}]}},"_links":{"self":[{"href":"https:\/\/prefeitosegestoes.com.br\/portal\/wp-json\/wp\/v2\/posts\/2306","targetHints":{"allow":["GET"]}}],"collection":[{"href":"https:\/\/prefeitosegestoes.com.br\/portal\/wp-json\/wp\/v2\/posts"}],"about":[{"href":"https:\/\/prefeitosegestoes.com.br\/portal\/wp-json\/wp\/v2\/types\/post"}],"author":[{"embeddable":true,"href":"https:\/\/prefeitosegestoes.com.br\/portal\/wp-json\/wp\/v2\/users\/2"}],"replies":[{"embeddable":true,"href":"https:\/\/prefeitosegestoes.com.br\/portal\/wp-json\/wp\/v2\/comments?post=2306"}],"version-history":[{"count":1,"href":"https:\/\/prefeitosegestoes.com.br\/portal\/wp-json\/wp\/v2\/posts\/2306\/revisions"}],"predecessor-version":[{"id":2308,"href":"https:\/\/prefeitosegestoes.com.br\/portal\/wp-json\/wp\/v2\/posts\/2306\/revisions\/2308"}],"wp:featuredmedia":[{"embeddable":true,"href":"https:\/\/prefeitosegestoes.com.br\/portal\/wp-json\/wp\/v2\/media\/2307"}],"wp:attachment":[{"href":"https:\/\/prefeitosegestoes.com.br\/portal\/wp-json\/wp\/v2\/media?parent=2306"}],"wp:term":[{"taxonomy":"category","embeddable":true,"href":"https:\/\/prefeitosegestoes.com.br\/portal\/wp-json\/wp\/v2\/categories?post=2306"},{"taxonomy":"post_tag","embeddable":true,"href":"https:\/\/prefeitosegestoes.com.br\/portal\/wp-json\/wp\/v2\/tags?post=2306"}],"curies":[{"name":"wp","href":"https:\/\/api.w.org\/{rel}","templated":true}]}}