{"id":2266,"date":"2024-10-24T14:40:11","date_gmt":"2024-10-24T17:40:11","guid":{"rendered":"https:\/\/prefeitosegestoes.com.br\/portal\/?p=2266"},"modified":"2024-10-24T14:40:11","modified_gmt":"2024-10-24T17:40:11","slug":"fenatran-2024","status":"publish","type":"post","link":"https:\/\/prefeitosegestoes.com.br\/portal\/fenatran-2024\/","title":{"rendered":"FENATRAN 2024"},"content":{"rendered":"<p><span class=\"text--large\">A\u00a0FENATRAN \u00e9 a\u00a0<b>principal feira da Am\u00e9rica Latina no setor de transporte rodovi\u00e1rio de cargas<\/b>, realizada a cada dois anos, \u00e9 considerada o\u00a0maior encontro do setor dedicado \u00e0\u00a0<b>gera\u00e7\u00e3o de neg\u00f3cios, networking\u00a0e experi\u00eancias\u00a0<\/b>e a cada nova edi\u00e7\u00e3o, re\u00fane\u00a0a maior\u00a0<b>comunidade de profissionais qualificados<\/b>\u00a0com os principais players do setor.<\/span><\/p>\n<p><span class=\"text--large\"><a id=\"_Hlk132216227\" name=\"_Hlk132216227\" data-dtm=\"text_body\" data-dtm-attributes=\"{}\"><\/a>As\u00a0<b>montadoras de caminh\u00f5es<\/b>\u00a0e\u00a0<b>fabricantes de implementos<\/b>\u00a0rodovi\u00e1rios juntam-se \u00e0s empresas\u00a0de\u00a0<b>toda a cadeia do transporte,<\/b>\u00a0como\u00a0<b>intralog\u00edstica\u00a0e tecnologia para armaz\u00e9ns<\/b>,\u00a0<a id=\"_Hlk132215730\" name=\"_Hlk132215730\" data-dtm=\"text_body\" data-dtm-attributes=\"{}\"><\/a>representadas pela\u00a0<a href=\"https:\/\/www.expomovimat.com.br\/pt-br\/Sobre-a-Movimat.html\" data-dtm=\"text_body\" data-dtm-attributes=\"{&quot;href&quot;:&quot;https:\/\/www.expomovimat.com.br\/pt-br\/Sobre-a-Movimat.html&quot;,&quot;label&quot;:&quot;movimat&quot;}\"><b><u>Movimat<\/u><\/b><\/a>, at\u00e9\u00a0<b>solu\u00e7\u00f5es para o\u00a0<i>last\u00a0mile<\/i><\/b>\u00a0em centros urbanos.\u200b<\/span><\/p>\n<p><span class=\"text--large\">\u00a0\u200bO evento tamb\u00e9m \u00e9\u00a0<b>refer\u00eancia em conte\u00fado de qualidade, tanto em sua plataforma digital quanto\u00a0durante a feira,<\/b>\u00a0e experi\u00eancia, onde o visitante tem a oportunidade de dirigir ve\u00edculos do setor no\u00a0<i>test-drive<\/i>\u00a0Fenatran\u00a0Experience.<\/span><\/p>\n<p><span class=\"text--large\">A\u00a0FENATRAN \u00e9 a\u00a0<b>principal feira da Am\u00e9rica Latina no setor de transporte rodovi\u00e1rio de cargas<\/b>, realizada a cada dois anos, \u00e9 considerada o\u00a0maior encontro do setor dedicado \u00e0\u00a0<b>gera\u00e7\u00e3o de neg\u00f3cios, networking\u00a0e experi\u00eancias\u00a0<\/b>e a cada nova edi\u00e7\u00e3o, re\u00fane\u00a0a maior\u00a0<b>comunidade de profissionais qualificados<\/b>\u00a0com os principais players do setor.<\/span><\/p>\n<p><span class=\"text--large\"><a id=\"_Hlk132216227\" name=\"_Hlk132216227\" data-dtm=\"text_body\" data-dtm-attributes=\"{}\"><\/a>As\u00a0<b>montadoras de caminh\u00f5es<\/b>\u00a0e\u00a0<b>fabricantes de implementos<\/b>\u00a0rodovi\u00e1rios juntam-se \u00e0s empresas\u00a0de\u00a0<b>toda a cadeia do transporte,<\/b>\u00a0como\u00a0<b>intralog\u00edstica\u00a0e tecnologia para armaz\u00e9ns<\/b>,\u00a0<a id=\"_Hlk132215730\" name=\"_Hlk132215730\" data-dtm=\"text_body\" data-dtm-attributes=\"{}\"><\/a>representadas pela\u00a0<a href=\"https:\/\/www.expomovimat.com.br\/pt-br\/Sobre-a-Movimat.html\" data-dtm=\"text_body\" data-dtm-attributes=\"{&quot;href&quot;:&quot;https:\/\/www.expomovimat.com.br\/pt-br\/Sobre-a-Movimat.html&quot;,&quot;label&quot;:&quot;movimat&quot;}\"><b><u>Movimat<\/u><\/b><\/a>, at\u00e9\u00a0<b>solu\u00e7\u00f5es para o\u00a0<i>last\u00a0mile<\/i><\/b>\u00a0em centros urbanos.\u200b<\/span><\/p>\n<p><span class=\"text--large\">\u00a0\u200bO evento tamb\u00e9m \u00e9\u00a0<b>refer\u00eancia em conte\u00fado de qualidade, tanto em sua plataforma digital quanto\u00a0durante a feira,<\/b>\u00a0e experi\u00eancia, onde o visitante tem a oportunidade de dirigir ve\u00edculos do setor no\u00a0<i>test-drive<\/i>\u00a0Fenatran\u00a0Experience.<\/span><\/p>\n<p>04 a 08 Novembro 2024<\/p>\n<p>S\u00e3o Paulo Expo- SP<\/p>\n<p>Fonte https:\/\/www.fenatran.com.br\/pt-br\/o-evento\/sobre-o-evento.htm<\/p>\n","protected":false},"excerpt":{"rendered":"<p>A\u00a0FENATRAN \u00e9 a\u00a0principal feira da Am\u00e9rica Latina no setor de transporte rodovi\u00e1rio de cargas, realizada a cada dois anos, \u00e9 considerada o\u00a0maior encontro do setor dedicado \u00e0\u00a0gera\u00e7\u00e3o de neg\u00f3cios, networking\u00a0e experi\u00eancias\u00a0e a cada nova edi\u00e7\u00e3o, re\u00fane\u00a0a maior\u00a0comunidade de profissionais qualificados\u00a0com os principais players do setor. As\u00a0montadoras de caminh\u00f5es\u00a0e\u00a0fabricantes de implementos\u00a0rodovi\u00e1rios juntam-se \u00e0s empresas\u00a0de\u00a0toda a cadeia [&hellip;]<\/p>\n","protected":false},"author":2,"featured_media":2267,"comment_status":"open","ping_status":"open","sticky":false,"template":"","format":"standard","meta":{"rop_custom_images_group":[],"rop_custom_messages_group":[],"rop_publish_now":"initial","rop_publish_now_accounts":{"twitter_850042665852968960_850042665852968960":""},"rop_publish_now_history":[],"rop_publish_now_status":"pending","footnotes":""},"categories":[11],"tags":[148,147,149,146,145],"class_list":["post-2266","post","type-post","status-publish","format-standard","has-post-thumbnail","hentry","category-eventos","tag-caminhoes","tag-intralogistica","tag-last-mile","tag-logistica","tag-transporte"],"yoast_head":"<!-- This site is optimized with the Yoast SEO plugin v27.2 - https:\/\/yoast.com\/product\/yoast-seo-wordpress\/ -->\n<title>FENATRAN 2024 - Prefeitos &amp; Gest\u00f5es<\/title>\n<meta name=\"robots\" content=\"index, follow, max-snippet:-1, max-image-preview:large, max-video-preview:-1\" \/>\n<link rel=\"canonical\" href=\"https:\/\/prefeitosegestoes.com.br\/portal\/fenatran-2024\/\" \/>\n<meta property=\"og:locale\" content=\"pt_BR\" \/>\n<meta property=\"og:type\" content=\"article\" \/>\n<meta property=\"og:title\" content=\"FENATRAN 2024 - Prefeitos &amp; Gest\u00f5es\" \/>\n<meta property=\"og:description\" content=\"A\u00a0FENATRAN \u00e9 a\u00a0principal feira da Am\u00e9rica Latina no setor de transporte rodovi\u00e1rio de cargas, realizada a cada dois anos, \u00e9 considerada o\u00a0maior encontro do setor dedicado \u00e0\u00a0gera\u00e7\u00e3o de neg\u00f3cios, networking\u00a0e experi\u00eancias\u00a0e a cada nova edi\u00e7\u00e3o, re\u00fane\u00a0a maior\u00a0comunidade de profissionais qualificados\u00a0com os principais players do setor. As\u00a0montadoras de caminh\u00f5es\u00a0e\u00a0fabricantes de implementos\u00a0rodovi\u00e1rios juntam-se \u00e0s empresas\u00a0de\u00a0toda a cadeia [&hellip;]\" \/>\n<meta property=\"og:url\" content=\"https:\/\/prefeitosegestoes.com.br\/portal\/fenatran-2024\/\" \/>\n<meta property=\"og:site_name\" content=\"Prefeitos &amp; Gest\u00f5es\" \/>\n<meta property=\"article:publisher\" content=\"https:\/\/www.facebook.com\/prefeitosonline\" \/>\n<meta property=\"article:published_time\" content=\"2024-10-24T17:40:11+00:00\" \/>\n<meta property=\"og:image\" content=\"https:\/\/prefeitosegestoes.com.br\/portal\/wp-content\/uploads\/2024\/10\/Blog-Fenatran2024.jpg\" \/>\n\t<meta property=\"og:image:width\" content=\"1280\" \/>\n\t<meta property=\"og:image:height\" content=\"960\" \/>\n\t<meta property=\"og:image:type\" content=\"image\/jpeg\" \/>\n<meta name=\"author\" content=\"Prefeitos &amp; Gest\u00f5es\" \/>\n<meta name=\"twitter:card\" content=\"summary_large_image\" \/>\n<meta name=\"twitter:creator\" content=\"@PrefGestoes\" \/>\n<meta name=\"twitter:site\" content=\"@PrefGestoes\" \/>\n<meta name=\"twitter:label1\" content=\"Escrito por\" \/>\n\t<meta name=\"twitter:data1\" content=\"Prefeitos &amp; Gest\u00f5es\" \/>\n\t<meta name=\"twitter:label2\" content=\"Est. tempo de leitura\" \/>\n\t<meta name=\"twitter:data2\" content=\"1 minuto\" \/>\n<script type=\"application\/ld+json\" class=\"yoast-schema-graph\">{\"@context\":\"https:\/\/schema.org\",\"@graph\":[{\"@type\":\"Article\",\"@id\":\"https:\/\/prefeitosegestoes.com.br\/portal\/fenatran-2024\/#article\",\"isPartOf\":{\"@id\":\"https:\/\/prefeitosegestoes.com.br\/portal\/fenatran-2024\/\"},\"author\":{\"name\":\"Prefeitos &amp; Gest\u00f5es\",\"@id\":\"https:\/\/prefeitosegestoes.com.br\/portal\/#\/schema\/person\/d00059f2ec99963e7e1850d448ae94b8\"},\"headline\":\"FENATRAN 2024\",\"datePublished\":\"2024-10-24T17:40:11+00:00\",\"mainEntityOfPage\":{\"@id\":\"https:\/\/prefeitosegestoes.com.br\/portal\/fenatran-2024\/\"},\"wordCount\":294,\"commentCount\":0,\"publisher\":{\"@id\":\"https:\/\/prefeitosegestoes.com.br\/portal\/#organization\"},\"image\":{\"@id\":\"https:\/\/prefeitosegestoes.com.br\/portal\/fenatran-2024\/#primaryimage\"},\"thumbnailUrl\":\"https:\/\/prefeitosegestoes.com.br\/portal\/wp-content\/uploads\/2024\/10\/Blog-Fenatran2024.jpg\",\"keywords\":[\"Caminh\u00f5es\",\"Intralog\u00edstica\",\"Last Mile\",\"Log\u00edstica\",\"Transporte\"],\"articleSection\":[\"Eventos\"],\"inLanguage\":\"pt-BR\",\"potentialAction\":[{\"@type\":\"CommentAction\",\"name\":\"Comment\",\"target\":[\"https:\/\/prefeitosegestoes.com.br\/portal\/fenatran-2024\/#respond\"]}]},{\"@type\":\"WebPage\",\"@id\":\"https:\/\/prefeitosegestoes.com.br\/portal\/fenatran-2024\/\",\"url\":\"https:\/\/prefeitosegestoes.com.br\/portal\/fenatran-2024\/\",\"name\":\"FENATRAN 2024 - Prefeitos &amp; Gest\u00f5es\",\"isPartOf\":{\"@id\":\"https:\/\/prefeitosegestoes.com.br\/portal\/#website\"},\"primaryImageOfPage\":{\"@id\":\"https:\/\/prefeitosegestoes.com.br\/portal\/fenatran-2024\/#primaryimage\"},\"image\":{\"@id\":\"https:\/\/prefeitosegestoes.com.br\/portal\/fenatran-2024\/#primaryimage\"},\"thumbnailUrl\":\"https:\/\/prefeitosegestoes.com.br\/portal\/wp-content\/uploads\/2024\/10\/Blog-Fenatran2024.jpg\",\"datePublished\":\"2024-10-24T17:40:11+00:00\",\"breadcrumb\":{\"@id\":\"https:\/\/prefeitosegestoes.com.br\/portal\/fenatran-2024\/#breadcrumb\"},\"inLanguage\":\"pt-BR\",\"potentialAction\":[{\"@type\":\"ReadAction\",\"target\":[\"https:\/\/prefeitosegestoes.com.br\/portal\/fenatran-2024\/\"]}]},{\"@type\":\"ImageObject\",\"inLanguage\":\"pt-BR\",\"@id\":\"https:\/\/prefeitosegestoes.com.br\/portal\/fenatran-2024\/#primaryimage\",\"url\":\"https:\/\/prefeitosegestoes.com.br\/portal\/wp-content\/uploads\/2024\/10\/Blog-Fenatran2024.jpg\",\"contentUrl\":\"https:\/\/prefeitosegestoes.com.br\/portal\/wp-content\/uploads\/2024\/10\/Blog-Fenatran2024.jpg\",\"width\":1280,\"height\":960},{\"@type\":\"BreadcrumbList\",\"@id\":\"https:\/\/prefeitosegestoes.com.br\/portal\/fenatran-2024\/#breadcrumb\",\"itemListElement\":[{\"@type\":\"ListItem\",\"position\":1,\"name\":\"In\u00edcio\",\"item\":\"https:\/\/prefeitosegestoes.com.br\/portal\/\"},{\"@type\":\"ListItem\",\"position\":2,\"name\":\"FENATRAN 2024\"}]},{\"@type\":\"WebSite\",\"@id\":\"https:\/\/prefeitosegestoes.com.br\/portal\/#website\",\"url\":\"https:\/\/prefeitosegestoes.com.br\/portal\/\",\"name\":\"Prefeitos & Gest\u00f5es\",\"description\":\"\",\"publisher\":{\"@id\":\"https:\/\/prefeitosegestoes.com.br\/portal\/#organization\"},\"potentialAction\":[{\"@type\":\"SearchAction\",\"target\":{\"@type\":\"EntryPoint\",\"urlTemplate\":\"https:\/\/prefeitosegestoes.com.br\/portal\/?s={search_term_string}\"},\"query-input\":{\"@type\":\"PropertyValueSpecification\",\"valueRequired\":true,\"valueName\":\"search_term_string\"}}],\"inLanguage\":\"pt-BR\"},{\"@type\":\"Organization\",\"@id\":\"https:\/\/prefeitosegestoes.com.br\/portal\/#organization\",\"name\":\"Prefeitos & Gest\u00f5es\",\"url\":\"https:\/\/prefeitosegestoes.com.br\/portal\/\",\"logo\":{\"@type\":\"ImageObject\",\"inLanguage\":\"pt-BR\",\"@id\":\"https:\/\/prefeitosegestoes.com.br\/portal\/#\/schema\/logo\/image\/\",\"url\":\"https:\/\/prefeitosegestoes.com.br\/portal\/wp-content\/uploads\/2024\/10\/lg_trans_prefeitos_2024_preto2.png\",\"contentUrl\":\"https:\/\/prefeitosegestoes.com.br\/portal\/wp-content\/uploads\/2024\/10\/lg_trans_prefeitos_2024_preto2.png\",\"width\":199,\"height\":122,\"caption\":\"Prefeitos & Gest\u00f5es\"},\"image\":{\"@id\":\"https:\/\/prefeitosegestoes.com.br\/portal\/#\/schema\/logo\/image\/\"},\"sameAs\":[\"https:\/\/www.facebook.com\/prefeitosonline\",\"https:\/\/x.com\/PrefGestoes\"]},{\"@type\":\"Person\",\"@id\":\"https:\/\/prefeitosegestoes.com.br\/portal\/#\/schema\/person\/d00059f2ec99963e7e1850d448ae94b8\",\"name\":\"Prefeitos &amp; Gest\u00f5es\",\"image\":{\"@type\":\"ImageObject\",\"inLanguage\":\"pt-BR\",\"@id\":\"https:\/\/secure.gravatar.com\/avatar\/738fb281e479212ed32c1a21a4307dda9f3af9292edb6918a16c9ce9fff5f48d?s=96&d=mm&r=g\",\"url\":\"https:\/\/secure.gravatar.com\/avatar\/738fb281e479212ed32c1a21a4307dda9f3af9292edb6918a16c9ce9fff5f48d?s=96&d=mm&r=g\",\"contentUrl\":\"https:\/\/secure.gravatar.com\/avatar\/738fb281e479212ed32c1a21a4307dda9f3af9292edb6918a16c9ce9fff5f48d?s=96&d=mm&r=g\",\"caption\":\"Prefeitos &amp; Gest\u00f5es\"},\"url\":\"https:\/\/prefeitosegestoes.com.br\/portal\/author\/prefeitosegestoes\/\"}]}<\/script>\n<!-- \/ Yoast SEO plugin. -->","yoast_head_json":{"title":"FENATRAN 2024 - Prefeitos &amp; Gest\u00f5es","robots":{"index":"index","follow":"follow","max-snippet":"max-snippet:-1","max-image-preview":"max-image-preview:large","max-video-preview":"max-video-preview:-1"},"canonical":"https:\/\/prefeitosegestoes.com.br\/portal\/fenatran-2024\/","og_locale":"pt_BR","og_type":"article","og_title":"FENATRAN 2024 - Prefeitos &amp; Gest\u00f5es","og_description":"A\u00a0FENATRAN \u00e9 a\u00a0principal feira da Am\u00e9rica Latina no setor de transporte rodovi\u00e1rio de cargas, realizada a cada dois anos, \u00e9 considerada o\u00a0maior encontro do setor dedicado \u00e0\u00a0gera\u00e7\u00e3o de neg\u00f3cios, networking\u00a0e experi\u00eancias\u00a0e a cada nova edi\u00e7\u00e3o, re\u00fane\u00a0a maior\u00a0comunidade de profissionais qualificados\u00a0com os principais players do setor. As\u00a0montadoras de caminh\u00f5es\u00a0e\u00a0fabricantes de implementos\u00a0rodovi\u00e1rios juntam-se \u00e0s empresas\u00a0de\u00a0toda a cadeia [&hellip;]","og_url":"https:\/\/prefeitosegestoes.com.br\/portal\/fenatran-2024\/","og_site_name":"Prefeitos &amp; Gest\u00f5es","article_publisher":"https:\/\/www.facebook.com\/prefeitosonline","article_published_time":"2024-10-24T17:40:11+00:00","og_image":[{"width":1280,"height":960,"url":"https:\/\/prefeitosegestoes.com.br\/portal\/wp-content\/uploads\/2024\/10\/Blog-Fenatran2024.jpg","type":"image\/jpeg"}],"author":"Prefeitos &amp; Gest\u00f5es","twitter_card":"summary_large_image","twitter_creator":"@PrefGestoes","twitter_site":"@PrefGestoes","twitter_misc":{"Escrito por":"Prefeitos &amp; Gest\u00f5es","Est. tempo de leitura":"1 minuto"},"schema":{"@context":"https:\/\/schema.org","@graph":[{"@type":"Article","@id":"https:\/\/prefeitosegestoes.com.br\/portal\/fenatran-2024\/#article","isPartOf":{"@id":"https:\/\/prefeitosegestoes.com.br\/portal\/fenatran-2024\/"},"author":{"name":"Prefeitos &amp; Gest\u00f5es","@id":"https:\/\/prefeitosegestoes.com.br\/portal\/#\/schema\/person\/d00059f2ec99963e7e1850d448ae94b8"},"headline":"FENATRAN 2024","datePublished":"2024-10-24T17:40:11+00:00","mainEntityOfPage":{"@id":"https:\/\/prefeitosegestoes.com.br\/portal\/fenatran-2024\/"},"wordCount":294,"commentCount":0,"publisher":{"@id":"https:\/\/prefeitosegestoes.com.br\/portal\/#organization"},"image":{"@id":"https:\/\/prefeitosegestoes.com.br\/portal\/fenatran-2024\/#primaryimage"},"thumbnailUrl":"https:\/\/prefeitosegestoes.com.br\/portal\/wp-content\/uploads\/2024\/10\/Blog-Fenatran2024.jpg","keywords":["Caminh\u00f5es","Intralog\u00edstica","Last Mile","Log\u00edstica","Transporte"],"articleSection":["Eventos"],"inLanguage":"pt-BR","potentialAction":[{"@type":"CommentAction","name":"Comment","target":["https:\/\/prefeitosegestoes.com.br\/portal\/fenatran-2024\/#respond"]}]},{"@type":"WebPage","@id":"https:\/\/prefeitosegestoes.com.br\/portal\/fenatran-2024\/","url":"https:\/\/prefeitosegestoes.com.br\/portal\/fenatran-2024\/","name":"FENATRAN 2024 - Prefeitos &amp; Gest\u00f5es","isPartOf":{"@id":"https:\/\/prefeitosegestoes.com.br\/portal\/#website"},"primaryImageOfPage":{"@id":"https:\/\/prefeitosegestoes.com.br\/portal\/fenatran-2024\/#primaryimage"},"image":{"@id":"https:\/\/prefeitosegestoes.com.br\/portal\/fenatran-2024\/#primaryimage"},"thumbnailUrl":"https:\/\/prefeitosegestoes.com.br\/portal\/wp-content\/uploads\/2024\/10\/Blog-Fenatran2024.jpg","datePublished":"2024-10-24T17:40:11+00:00","breadcrumb":{"@id":"https:\/\/prefeitosegestoes.com.br\/portal\/fenatran-2024\/#breadcrumb"},"inLanguage":"pt-BR","potentialAction":[{"@type":"ReadAction","target":["https:\/\/prefeitosegestoes.com.br\/portal\/fenatran-2024\/"]}]},{"@type":"ImageObject","inLanguage":"pt-BR","@id":"https:\/\/prefeitosegestoes.com.br\/portal\/fenatran-2024\/#primaryimage","url":"https:\/\/prefeitosegestoes.com.br\/portal\/wp-content\/uploads\/2024\/10\/Blog-Fenatran2024.jpg","contentUrl":"https:\/\/prefeitosegestoes.com.br\/portal\/wp-content\/uploads\/2024\/10\/Blog-Fenatran2024.jpg","width":1280,"height":960},{"@type":"BreadcrumbList","@id":"https:\/\/prefeitosegestoes.com.br\/portal\/fenatran-2024\/#breadcrumb","itemListElement":[{"@type":"ListItem","position":1,"name":"In\u00edcio","item":"https:\/\/prefeitosegestoes.com.br\/portal\/"},{"@type":"ListItem","position":2,"name":"FENATRAN 2024"}]},{"@type":"WebSite","@id":"https:\/\/prefeitosegestoes.com.br\/portal\/#website","url":"https:\/\/prefeitosegestoes.com.br\/portal\/","name":"Prefeitos & Gest\u00f5es","description":"","publisher":{"@id":"https:\/\/prefeitosegestoes.com.br\/portal\/#organization"},"potentialAction":[{"@type":"SearchAction","target":{"@type":"EntryPoint","urlTemplate":"https:\/\/prefeitosegestoes.com.br\/portal\/?s={search_term_string}"},"query-input":{"@type":"PropertyValueSpecification","valueRequired":true,"valueName":"search_term_string"}}],"inLanguage":"pt-BR"},{"@type":"Organization","@id":"https:\/\/prefeitosegestoes.com.br\/portal\/#organization","name":"Prefeitos & Gest\u00f5es","url":"https:\/\/prefeitosegestoes.com.br\/portal\/","logo":{"@type":"ImageObject","inLanguage":"pt-BR","@id":"https:\/\/prefeitosegestoes.com.br\/portal\/#\/schema\/logo\/image\/","url":"https:\/\/prefeitosegestoes.com.br\/portal\/wp-content\/uploads\/2024\/10\/lg_trans_prefeitos_2024_preto2.png","contentUrl":"https:\/\/prefeitosegestoes.com.br\/portal\/wp-content\/uploads\/2024\/10\/lg_trans_prefeitos_2024_preto2.png","width":199,"height":122,"caption":"Prefeitos & Gest\u00f5es"},"image":{"@id":"https:\/\/prefeitosegestoes.com.br\/portal\/#\/schema\/logo\/image\/"},"sameAs":["https:\/\/www.facebook.com\/prefeitosonline","https:\/\/x.com\/PrefGestoes"]},{"@type":"Person","@id":"https:\/\/prefeitosegestoes.com.br\/portal\/#\/schema\/person\/d00059f2ec99963e7e1850d448ae94b8","name":"Prefeitos &amp; Gest\u00f5es","image":{"@type":"ImageObject","inLanguage":"pt-BR","@id":"https:\/\/secure.gravatar.com\/avatar\/738fb281e479212ed32c1a21a4307dda9f3af9292edb6918a16c9ce9fff5f48d?s=96&d=mm&r=g","url":"https:\/\/secure.gravatar.com\/avatar\/738fb281e479212ed32c1a21a4307dda9f3af9292edb6918a16c9ce9fff5f48d?s=96&d=mm&r=g","contentUrl":"https:\/\/secure.gravatar.com\/avatar\/738fb281e479212ed32c1a21a4307dda9f3af9292edb6918a16c9ce9fff5f48d?s=96&d=mm&r=g","caption":"Prefeitos &amp; Gest\u00f5es"},"url":"https:\/\/prefeitosegestoes.com.br\/portal\/author\/prefeitosegestoes\/"}]}},"_links":{"self":[{"href":"https:\/\/prefeitosegestoes.com.br\/portal\/wp-json\/wp\/v2\/posts\/2266","targetHints":{"allow":["GET"]}}],"collection":[{"href":"https:\/\/prefeitosegestoes.com.br\/portal\/wp-json\/wp\/v2\/posts"}],"about":[{"href":"https:\/\/prefeitosegestoes.com.br\/portal\/wp-json\/wp\/v2\/types\/post"}],"author":[{"embeddable":true,"href":"https:\/\/prefeitosegestoes.com.br\/portal\/wp-json\/wp\/v2\/users\/2"}],"replies":[{"embeddable":true,"href":"https:\/\/prefeitosegestoes.com.br\/portal\/wp-json\/wp\/v2\/comments?post=2266"}],"version-history":[{"count":1,"href":"https:\/\/prefeitosegestoes.com.br\/portal\/wp-json\/wp\/v2\/posts\/2266\/revisions"}],"predecessor-version":[{"id":2268,"href":"https:\/\/prefeitosegestoes.com.br\/portal\/wp-json\/wp\/v2\/posts\/2266\/revisions\/2268"}],"wp:featuredmedia":[{"embeddable":true,"href":"https:\/\/prefeitosegestoes.com.br\/portal\/wp-json\/wp\/v2\/media\/2267"}],"wp:attachment":[{"href":"https:\/\/prefeitosegestoes.com.br\/portal\/wp-json\/wp\/v2\/media?parent=2266"}],"wp:term":[{"taxonomy":"category","embeddable":true,"href":"https:\/\/prefeitosegestoes.com.br\/portal\/wp-json\/wp\/v2\/categories?post=2266"},{"taxonomy":"post_tag","embeddable":true,"href":"https:\/\/prefeitosegestoes.com.br\/portal\/wp-json\/wp\/v2\/tags?post=2266"}],"curies":[{"name":"wp","href":"https:\/\/api.w.org\/{rel}","templated":true}]}}