{"id":2263,"date":"2024-10-24T14:29:10","date_gmt":"2024-10-24T17:29:10","guid":{"rendered":"https:\/\/prefeitosegestoes.com.br\/portal\/?p=2263"},"modified":"2024-10-24T14:29:10","modified_gmt":"2024-10-24T17:29:10","slug":"primeiro-censo-do-parque-de-iluminacao-publica-do-brasil","status":"publish","type":"post","link":"https:\/\/prefeitosegestoes.com.br\/portal\/primeiro-censo-do-parque-de-iluminacao-publica-do-brasil\/","title":{"rendered":"PRIMEIRO CENSO DO PARQUE DE ILUMINA\u00c7\u00c3O P\u00daBLICA DO BRASIL"},"content":{"rendered":"<p>Em 11 de setembro de 2024, \u00e0s 15h, a ABCIP \u2013 Associa\u00e7\u00e3o Brasileira de Concession\u00e1rias de Ilumina\u00e7\u00e3o P\u00fablica lan\u00e7ou o <strong>Censo da Ilumina\u00e7\u00e3o P\u00fablica no Brasil \u2013 Base 2023<\/strong>, estudo in\u00e9dito que utiliza dados fornecidos pelas concession\u00e1rias de energia \u00e0 ANEEL \u2013 Ag\u00eancia Nacional de Energia El\u00e9trica \u2013 o BDGD \u2013 Base de Dados Geogr\u00e1fica da Distribuidora \u2013 com o prop\u00f3sito de orientar tanto os gestores p\u00fablicos quanto as concession\u00e1rias em rela\u00e7\u00e3o \u00e0s tomadas de decis\u00e3o acerca da presta\u00e7\u00e3o dos servi\u00e7os de Ilumina\u00e7\u00e3o p\u00fablica.<\/p>\n<p>Participar\u00e3o do evento de lan\u00e7amento do estudo Marcus Cavalcanti, titular da SEPPI \u2013 Secretaria Especial do Programa de Parcerias e Investimentos da Casa Civil da Presid\u00eancia da Rep\u00fablica, Manoel Renato Machado Filho, secret\u00e1rio adjunto da SEPPI, Sandoval Feitosa de Ara\u00fajo Neto, diretor geral da ANEEL, Carlos Tom\u00e9, titular da SNDUM \u2013 Secretaria Nacional de Desenvolvimento Urbano e Metropolitano, do Minist\u00e9rio das Cidades, e Pedro Vicente Iacovino, presidente da ABCIP, al\u00e9m de representantes de \u00f3rg\u00e3os federais, entidades e profissionais do setor.<\/p>\n<p>Fonte ABCIP<\/p>\n<div class=\"mom-social-share ss-horizontal border-box php-share\" data-id=\"11964\">\n<div class=\"ss-icon linkedin\"><\/div>\n<div class=\"ss-icon pinterest\"><\/div>\n<\/div>\n","protected":false},"excerpt":{"rendered":"<p>Em 11 de setembro de 2024, \u00e0s 15h, a ABCIP \u2013 Associa\u00e7\u00e3o Brasileira de Concession\u00e1rias de Ilumina\u00e7\u00e3o P\u00fablica lan\u00e7ou o Censo da Ilumina\u00e7\u00e3o P\u00fablica no Brasil \u2013 Base 2023, estudo in\u00e9dito que utiliza dados fornecidos pelas concession\u00e1rias de energia \u00e0 ANEEL \u2013 Ag\u00eancia Nacional de Energia El\u00e9trica \u2013 o BDGD \u2013 Base de Dados Geogr\u00e1fica [&hellip;]<\/p>\n","protected":false},"author":2,"featured_media":2264,"comment_status":"open","ping_status":"open","sticky":false,"template":"","format":"standard","meta":{"rop_custom_images_group":[],"rop_custom_messages_group":[],"rop_publish_now":"initial","rop_publish_now_accounts":{"twitter_850042665852968960_850042665852968960":""},"rop_publish_now_history":[],"rop_publish_now_status":"pending","footnotes":""},"categories":[11],"tags":[143,140,141,142,144],"class_list":["post-2263","post","type-post","status-publish","format-standard","has-post-thumbnail","hentry","category-eventos","tag-circulacao-de-pessoas","tag-iluminacao-publica","tag-luminarias","tag-pontos-de-luz","tag-ppps"],"yoast_head":"<!-- This site is optimized with the Yoast SEO plugin v27.2 - https:\/\/yoast.com\/product\/yoast-seo-wordpress\/ -->\n<title>PRIMEIRO CENSO DO PARQUE DE ILUMINA\u00c7\u00c3O P\u00daBLICA DO BRASIL - Prefeitos &amp; Gest\u00f5es<\/title>\n<meta name=\"robots\" content=\"index, follow, max-snippet:-1, max-image-preview:large, max-video-preview:-1\" \/>\n<link rel=\"canonical\" href=\"https:\/\/prefeitosegestoes.com.br\/portal\/primeiro-censo-do-parque-de-iluminacao-publica-do-brasil\/\" \/>\n<meta property=\"og:locale\" content=\"pt_BR\" \/>\n<meta property=\"og:type\" content=\"article\" \/>\n<meta property=\"og:title\" content=\"PRIMEIRO CENSO DO PARQUE DE ILUMINA\u00c7\u00c3O P\u00daBLICA DO BRASIL - Prefeitos &amp; Gest\u00f5es\" \/>\n<meta property=\"og:description\" content=\"Em 11 de setembro de 2024, \u00e0s 15h, a ABCIP \u2013 Associa\u00e7\u00e3o Brasileira de Concession\u00e1rias de Ilumina\u00e7\u00e3o P\u00fablica lan\u00e7ou o Censo da Ilumina\u00e7\u00e3o P\u00fablica no Brasil \u2013 Base 2023, estudo in\u00e9dito que utiliza dados fornecidos pelas concession\u00e1rias de energia \u00e0 ANEEL \u2013 Ag\u00eancia Nacional de Energia El\u00e9trica \u2013 o BDGD \u2013 Base de Dados Geogr\u00e1fica [&hellip;]\" \/>\n<meta property=\"og:url\" content=\"https:\/\/prefeitosegestoes.com.br\/portal\/primeiro-censo-do-parque-de-iluminacao-publica-do-brasil\/\" \/>\n<meta property=\"og:site_name\" content=\"Prefeitos &amp; Gest\u00f5es\" \/>\n<meta property=\"article:publisher\" content=\"https:\/\/www.facebook.com\/prefeitosonline\" \/>\n<meta property=\"article:published_time\" content=\"2024-10-24T17:29:10+00:00\" \/>\n<meta property=\"og:image\" content=\"https:\/\/prefeitosegestoes.com.br\/portal\/wp-content\/uploads\/2024\/10\/download.jpeg\" \/>\n\t<meta property=\"og:image:width\" content=\"180\" \/>\n\t<meta property=\"og:image:height\" content=\"168\" \/>\n\t<meta property=\"og:image:type\" content=\"image\/jpeg\" \/>\n<meta name=\"author\" content=\"Prefeitos &amp; Gest\u00f5es\" \/>\n<meta name=\"twitter:card\" content=\"summary_large_image\" \/>\n<meta name=\"twitter:creator\" content=\"@PrefGestoes\" \/>\n<meta name=\"twitter:site\" content=\"@PrefGestoes\" \/>\n<meta name=\"twitter:label1\" content=\"Escrito por\" \/>\n\t<meta name=\"twitter:data1\" content=\"Prefeitos &amp; Gest\u00f5es\" \/>\n\t<meta name=\"twitter:label2\" content=\"Est. tempo de leitura\" \/>\n\t<meta name=\"twitter:data2\" content=\"1 minuto\" \/>\n<script type=\"application\/ld+json\" class=\"yoast-schema-graph\">{\"@context\":\"https:\/\/schema.org\",\"@graph\":[{\"@type\":\"Article\",\"@id\":\"https:\/\/prefeitosegestoes.com.br\/portal\/primeiro-censo-do-parque-de-iluminacao-publica-do-brasil\/#article\",\"isPartOf\":{\"@id\":\"https:\/\/prefeitosegestoes.com.br\/portal\/primeiro-censo-do-parque-de-iluminacao-publica-do-brasil\/\"},\"author\":{\"name\":\"Prefeitos &amp; Gest\u00f5es\",\"@id\":\"https:\/\/prefeitosegestoes.com.br\/portal\/#\/schema\/person\/d00059f2ec99963e7e1850d448ae94b8\"},\"headline\":\"PRIMEIRO CENSO DO PARQUE DE ILUMINA\u00c7\u00c3O P\u00daBLICA DO BRASIL\",\"datePublished\":\"2024-10-24T17:29:10+00:00\",\"mainEntityOfPage\":{\"@id\":\"https:\/\/prefeitosegestoes.com.br\/portal\/primeiro-censo-do-parque-de-iluminacao-publica-do-brasil\/\"},\"wordCount\":195,\"commentCount\":0,\"publisher\":{\"@id\":\"https:\/\/prefeitosegestoes.com.br\/portal\/#organization\"},\"image\":{\"@id\":\"https:\/\/prefeitosegestoes.com.br\/portal\/primeiro-censo-do-parque-de-iluminacao-publica-do-brasil\/#primaryimage\"},\"thumbnailUrl\":\"https:\/\/prefeitosegestoes.com.br\/portal\/wp-content\/uploads\/2024\/10\/download.jpeg\",\"keywords\":[\"Circula\u00e7\u00e3o de Pessoas\",\"Ilumina\u00e7\u00e3o P\u00fablica\",\"Lumin\u00e1rias\",\"Pontos de Luz\",\"PPPs\"],\"articleSection\":[\"Eventos\"],\"inLanguage\":\"pt-BR\",\"potentialAction\":[{\"@type\":\"CommentAction\",\"name\":\"Comment\",\"target\":[\"https:\/\/prefeitosegestoes.com.br\/portal\/primeiro-censo-do-parque-de-iluminacao-publica-do-brasil\/#respond\"]}]},{\"@type\":\"WebPage\",\"@id\":\"https:\/\/prefeitosegestoes.com.br\/portal\/primeiro-censo-do-parque-de-iluminacao-publica-do-brasil\/\",\"url\":\"https:\/\/prefeitosegestoes.com.br\/portal\/primeiro-censo-do-parque-de-iluminacao-publica-do-brasil\/\",\"name\":\"PRIMEIRO CENSO DO PARQUE DE ILUMINA\u00c7\u00c3O P\u00daBLICA DO BRASIL - Prefeitos &amp; Gest\u00f5es\",\"isPartOf\":{\"@id\":\"https:\/\/prefeitosegestoes.com.br\/portal\/#website\"},\"primaryImageOfPage\":{\"@id\":\"https:\/\/prefeitosegestoes.com.br\/portal\/primeiro-censo-do-parque-de-iluminacao-publica-do-brasil\/#primaryimage\"},\"image\":{\"@id\":\"https:\/\/prefeitosegestoes.com.br\/portal\/primeiro-censo-do-parque-de-iluminacao-publica-do-brasil\/#primaryimage\"},\"thumbnailUrl\":\"https:\/\/prefeitosegestoes.com.br\/portal\/wp-content\/uploads\/2024\/10\/download.jpeg\",\"datePublished\":\"2024-10-24T17:29:10+00:00\",\"breadcrumb\":{\"@id\":\"https:\/\/prefeitosegestoes.com.br\/portal\/primeiro-censo-do-parque-de-iluminacao-publica-do-brasil\/#breadcrumb\"},\"inLanguage\":\"pt-BR\",\"potentialAction\":[{\"@type\":\"ReadAction\",\"target\":[\"https:\/\/prefeitosegestoes.com.br\/portal\/primeiro-censo-do-parque-de-iluminacao-publica-do-brasil\/\"]}]},{\"@type\":\"ImageObject\",\"inLanguage\":\"pt-BR\",\"@id\":\"https:\/\/prefeitosegestoes.com.br\/portal\/primeiro-censo-do-parque-de-iluminacao-publica-do-brasil\/#primaryimage\",\"url\":\"https:\/\/prefeitosegestoes.com.br\/portal\/wp-content\/uploads\/2024\/10\/download.jpeg\",\"contentUrl\":\"https:\/\/prefeitosegestoes.com.br\/portal\/wp-content\/uploads\/2024\/10\/download.jpeg\",\"width\":180,\"height\":168},{\"@type\":\"BreadcrumbList\",\"@id\":\"https:\/\/prefeitosegestoes.com.br\/portal\/primeiro-censo-do-parque-de-iluminacao-publica-do-brasil\/#breadcrumb\",\"itemListElement\":[{\"@type\":\"ListItem\",\"position\":1,\"name\":\"In\u00edcio\",\"item\":\"https:\/\/prefeitosegestoes.com.br\/portal\/\"},{\"@type\":\"ListItem\",\"position\":2,\"name\":\"PRIMEIRO CENSO DO PARQUE DE ILUMINA\u00c7\u00c3O P\u00daBLICA DO BRASIL\"}]},{\"@type\":\"WebSite\",\"@id\":\"https:\/\/prefeitosegestoes.com.br\/portal\/#website\",\"url\":\"https:\/\/prefeitosegestoes.com.br\/portal\/\",\"name\":\"Prefeitos & Gest\u00f5es\",\"description\":\"\",\"publisher\":{\"@id\":\"https:\/\/prefeitosegestoes.com.br\/portal\/#organization\"},\"potentialAction\":[{\"@type\":\"SearchAction\",\"target\":{\"@type\":\"EntryPoint\",\"urlTemplate\":\"https:\/\/prefeitosegestoes.com.br\/portal\/?s={search_term_string}\"},\"query-input\":{\"@type\":\"PropertyValueSpecification\",\"valueRequired\":true,\"valueName\":\"search_term_string\"}}],\"inLanguage\":\"pt-BR\"},{\"@type\":\"Organization\",\"@id\":\"https:\/\/prefeitosegestoes.com.br\/portal\/#organization\",\"name\":\"Prefeitos & Gest\u00f5es\",\"url\":\"https:\/\/prefeitosegestoes.com.br\/portal\/\",\"logo\":{\"@type\":\"ImageObject\",\"inLanguage\":\"pt-BR\",\"@id\":\"https:\/\/prefeitosegestoes.com.br\/portal\/#\/schema\/logo\/image\/\",\"url\":\"https:\/\/prefeitosegestoes.com.br\/portal\/wp-content\/uploads\/2024\/10\/lg_trans_prefeitos_2024_preto2.png\",\"contentUrl\":\"https:\/\/prefeitosegestoes.com.br\/portal\/wp-content\/uploads\/2024\/10\/lg_trans_prefeitos_2024_preto2.png\",\"width\":199,\"height\":122,\"caption\":\"Prefeitos & Gest\u00f5es\"},\"image\":{\"@id\":\"https:\/\/prefeitosegestoes.com.br\/portal\/#\/schema\/logo\/image\/\"},\"sameAs\":[\"https:\/\/www.facebook.com\/prefeitosonline\",\"https:\/\/x.com\/PrefGestoes\"]},{\"@type\":\"Person\",\"@id\":\"https:\/\/prefeitosegestoes.com.br\/portal\/#\/schema\/person\/d00059f2ec99963e7e1850d448ae94b8\",\"name\":\"Prefeitos &amp; Gest\u00f5es\",\"image\":{\"@type\":\"ImageObject\",\"inLanguage\":\"pt-BR\",\"@id\":\"https:\/\/secure.gravatar.com\/avatar\/738fb281e479212ed32c1a21a4307dda9f3af9292edb6918a16c9ce9fff5f48d?s=96&d=mm&r=g\",\"url\":\"https:\/\/secure.gravatar.com\/avatar\/738fb281e479212ed32c1a21a4307dda9f3af9292edb6918a16c9ce9fff5f48d?s=96&d=mm&r=g\",\"contentUrl\":\"https:\/\/secure.gravatar.com\/avatar\/738fb281e479212ed32c1a21a4307dda9f3af9292edb6918a16c9ce9fff5f48d?s=96&d=mm&r=g\",\"caption\":\"Prefeitos &amp; Gest\u00f5es\"},\"url\":\"https:\/\/prefeitosegestoes.com.br\/portal\/author\/prefeitosegestoes\/\"}]}<\/script>\n<!-- \/ Yoast SEO plugin. -->","yoast_head_json":{"title":"PRIMEIRO CENSO DO PARQUE DE ILUMINA\u00c7\u00c3O P\u00daBLICA DO BRASIL - Prefeitos &amp; Gest\u00f5es","robots":{"index":"index","follow":"follow","max-snippet":"max-snippet:-1","max-image-preview":"max-image-preview:large","max-video-preview":"max-video-preview:-1"},"canonical":"https:\/\/prefeitosegestoes.com.br\/portal\/primeiro-censo-do-parque-de-iluminacao-publica-do-brasil\/","og_locale":"pt_BR","og_type":"article","og_title":"PRIMEIRO CENSO DO PARQUE DE ILUMINA\u00c7\u00c3O P\u00daBLICA DO BRASIL - Prefeitos &amp; Gest\u00f5es","og_description":"Em 11 de setembro de 2024, \u00e0s 15h, a ABCIP \u2013 Associa\u00e7\u00e3o Brasileira de Concession\u00e1rias de Ilumina\u00e7\u00e3o P\u00fablica lan\u00e7ou o Censo da Ilumina\u00e7\u00e3o P\u00fablica no Brasil \u2013 Base 2023, estudo in\u00e9dito que utiliza dados fornecidos pelas concession\u00e1rias de energia \u00e0 ANEEL \u2013 Ag\u00eancia Nacional de Energia El\u00e9trica \u2013 o BDGD \u2013 Base de Dados Geogr\u00e1fica [&hellip;]","og_url":"https:\/\/prefeitosegestoes.com.br\/portal\/primeiro-censo-do-parque-de-iluminacao-publica-do-brasil\/","og_site_name":"Prefeitos &amp; Gest\u00f5es","article_publisher":"https:\/\/www.facebook.com\/prefeitosonline","article_published_time":"2024-10-24T17:29:10+00:00","og_image":[{"width":180,"height":168,"url":"https:\/\/prefeitosegestoes.com.br\/portal\/wp-content\/uploads\/2024\/10\/download.jpeg","type":"image\/jpeg"}],"author":"Prefeitos &amp; Gest\u00f5es","twitter_card":"summary_large_image","twitter_creator":"@PrefGestoes","twitter_site":"@PrefGestoes","twitter_misc":{"Escrito por":"Prefeitos &amp; Gest\u00f5es","Est. tempo de leitura":"1 minuto"},"schema":{"@context":"https:\/\/schema.org","@graph":[{"@type":"Article","@id":"https:\/\/prefeitosegestoes.com.br\/portal\/primeiro-censo-do-parque-de-iluminacao-publica-do-brasil\/#article","isPartOf":{"@id":"https:\/\/prefeitosegestoes.com.br\/portal\/primeiro-censo-do-parque-de-iluminacao-publica-do-brasil\/"},"author":{"name":"Prefeitos &amp; Gest\u00f5es","@id":"https:\/\/prefeitosegestoes.com.br\/portal\/#\/schema\/person\/d00059f2ec99963e7e1850d448ae94b8"},"headline":"PRIMEIRO CENSO DO PARQUE DE ILUMINA\u00c7\u00c3O P\u00daBLICA DO BRASIL","datePublished":"2024-10-24T17:29:10+00:00","mainEntityOfPage":{"@id":"https:\/\/prefeitosegestoes.com.br\/portal\/primeiro-censo-do-parque-de-iluminacao-publica-do-brasil\/"},"wordCount":195,"commentCount":0,"publisher":{"@id":"https:\/\/prefeitosegestoes.com.br\/portal\/#organization"},"image":{"@id":"https:\/\/prefeitosegestoes.com.br\/portal\/primeiro-censo-do-parque-de-iluminacao-publica-do-brasil\/#primaryimage"},"thumbnailUrl":"https:\/\/prefeitosegestoes.com.br\/portal\/wp-content\/uploads\/2024\/10\/download.jpeg","keywords":["Circula\u00e7\u00e3o de Pessoas","Ilumina\u00e7\u00e3o P\u00fablica","Lumin\u00e1rias","Pontos de Luz","PPPs"],"articleSection":["Eventos"],"inLanguage":"pt-BR","potentialAction":[{"@type":"CommentAction","name":"Comment","target":["https:\/\/prefeitosegestoes.com.br\/portal\/primeiro-censo-do-parque-de-iluminacao-publica-do-brasil\/#respond"]}]},{"@type":"WebPage","@id":"https:\/\/prefeitosegestoes.com.br\/portal\/primeiro-censo-do-parque-de-iluminacao-publica-do-brasil\/","url":"https:\/\/prefeitosegestoes.com.br\/portal\/primeiro-censo-do-parque-de-iluminacao-publica-do-brasil\/","name":"PRIMEIRO CENSO DO PARQUE DE ILUMINA\u00c7\u00c3O P\u00daBLICA DO BRASIL - Prefeitos &amp; Gest\u00f5es","isPartOf":{"@id":"https:\/\/prefeitosegestoes.com.br\/portal\/#website"},"primaryImageOfPage":{"@id":"https:\/\/prefeitosegestoes.com.br\/portal\/primeiro-censo-do-parque-de-iluminacao-publica-do-brasil\/#primaryimage"},"image":{"@id":"https:\/\/prefeitosegestoes.com.br\/portal\/primeiro-censo-do-parque-de-iluminacao-publica-do-brasil\/#primaryimage"},"thumbnailUrl":"https:\/\/prefeitosegestoes.com.br\/portal\/wp-content\/uploads\/2024\/10\/download.jpeg","datePublished":"2024-10-24T17:29:10+00:00","breadcrumb":{"@id":"https:\/\/prefeitosegestoes.com.br\/portal\/primeiro-censo-do-parque-de-iluminacao-publica-do-brasil\/#breadcrumb"},"inLanguage":"pt-BR","potentialAction":[{"@type":"ReadAction","target":["https:\/\/prefeitosegestoes.com.br\/portal\/primeiro-censo-do-parque-de-iluminacao-publica-do-brasil\/"]}]},{"@type":"ImageObject","inLanguage":"pt-BR","@id":"https:\/\/prefeitosegestoes.com.br\/portal\/primeiro-censo-do-parque-de-iluminacao-publica-do-brasil\/#primaryimage","url":"https:\/\/prefeitosegestoes.com.br\/portal\/wp-content\/uploads\/2024\/10\/download.jpeg","contentUrl":"https:\/\/prefeitosegestoes.com.br\/portal\/wp-content\/uploads\/2024\/10\/download.jpeg","width":180,"height":168},{"@type":"BreadcrumbList","@id":"https:\/\/prefeitosegestoes.com.br\/portal\/primeiro-censo-do-parque-de-iluminacao-publica-do-brasil\/#breadcrumb","itemListElement":[{"@type":"ListItem","position":1,"name":"In\u00edcio","item":"https:\/\/prefeitosegestoes.com.br\/portal\/"},{"@type":"ListItem","position":2,"name":"PRIMEIRO CENSO DO PARQUE DE ILUMINA\u00c7\u00c3O P\u00daBLICA DO BRASIL"}]},{"@type":"WebSite","@id":"https:\/\/prefeitosegestoes.com.br\/portal\/#website","url":"https:\/\/prefeitosegestoes.com.br\/portal\/","name":"Prefeitos & Gest\u00f5es","description":"","publisher":{"@id":"https:\/\/prefeitosegestoes.com.br\/portal\/#organization"},"potentialAction":[{"@type":"SearchAction","target":{"@type":"EntryPoint","urlTemplate":"https:\/\/prefeitosegestoes.com.br\/portal\/?s={search_term_string}"},"query-input":{"@type":"PropertyValueSpecification","valueRequired":true,"valueName":"search_term_string"}}],"inLanguage":"pt-BR"},{"@type":"Organization","@id":"https:\/\/prefeitosegestoes.com.br\/portal\/#organization","name":"Prefeitos & Gest\u00f5es","url":"https:\/\/prefeitosegestoes.com.br\/portal\/","logo":{"@type":"ImageObject","inLanguage":"pt-BR","@id":"https:\/\/prefeitosegestoes.com.br\/portal\/#\/schema\/logo\/image\/","url":"https:\/\/prefeitosegestoes.com.br\/portal\/wp-content\/uploads\/2024\/10\/lg_trans_prefeitos_2024_preto2.png","contentUrl":"https:\/\/prefeitosegestoes.com.br\/portal\/wp-content\/uploads\/2024\/10\/lg_trans_prefeitos_2024_preto2.png","width":199,"height":122,"caption":"Prefeitos & Gest\u00f5es"},"image":{"@id":"https:\/\/prefeitosegestoes.com.br\/portal\/#\/schema\/logo\/image\/"},"sameAs":["https:\/\/www.facebook.com\/prefeitosonline","https:\/\/x.com\/PrefGestoes"]},{"@type":"Person","@id":"https:\/\/prefeitosegestoes.com.br\/portal\/#\/schema\/person\/d00059f2ec99963e7e1850d448ae94b8","name":"Prefeitos &amp; Gest\u00f5es","image":{"@type":"ImageObject","inLanguage":"pt-BR","@id":"https:\/\/secure.gravatar.com\/avatar\/738fb281e479212ed32c1a21a4307dda9f3af9292edb6918a16c9ce9fff5f48d?s=96&d=mm&r=g","url":"https:\/\/secure.gravatar.com\/avatar\/738fb281e479212ed32c1a21a4307dda9f3af9292edb6918a16c9ce9fff5f48d?s=96&d=mm&r=g","contentUrl":"https:\/\/secure.gravatar.com\/avatar\/738fb281e479212ed32c1a21a4307dda9f3af9292edb6918a16c9ce9fff5f48d?s=96&d=mm&r=g","caption":"Prefeitos &amp; Gest\u00f5es"},"url":"https:\/\/prefeitosegestoes.com.br\/portal\/author\/prefeitosegestoes\/"}]}},"_links":{"self":[{"href":"https:\/\/prefeitosegestoes.com.br\/portal\/wp-json\/wp\/v2\/posts\/2263","targetHints":{"allow":["GET"]}}],"collection":[{"href":"https:\/\/prefeitosegestoes.com.br\/portal\/wp-json\/wp\/v2\/posts"}],"about":[{"href":"https:\/\/prefeitosegestoes.com.br\/portal\/wp-json\/wp\/v2\/types\/post"}],"author":[{"embeddable":true,"href":"https:\/\/prefeitosegestoes.com.br\/portal\/wp-json\/wp\/v2\/users\/2"}],"replies":[{"embeddable":true,"href":"https:\/\/prefeitosegestoes.com.br\/portal\/wp-json\/wp\/v2\/comments?post=2263"}],"version-history":[{"count":1,"href":"https:\/\/prefeitosegestoes.com.br\/portal\/wp-json\/wp\/v2\/posts\/2263\/revisions"}],"predecessor-version":[{"id":2265,"href":"https:\/\/prefeitosegestoes.com.br\/portal\/wp-json\/wp\/v2\/posts\/2263\/revisions\/2265"}],"wp:featuredmedia":[{"embeddable":true,"href":"https:\/\/prefeitosegestoes.com.br\/portal\/wp-json\/wp\/v2\/media\/2264"}],"wp:attachment":[{"href":"https:\/\/prefeitosegestoes.com.br\/portal\/wp-json\/wp\/v2\/media?parent=2263"}],"wp:term":[{"taxonomy":"category","embeddable":true,"href":"https:\/\/prefeitosegestoes.com.br\/portal\/wp-json\/wp\/v2\/categories?post=2263"},{"taxonomy":"post_tag","embeddable":true,"href":"https:\/\/prefeitosegestoes.com.br\/portal\/wp-json\/wp\/v2\/tags?post=2263"}],"curies":[{"name":"wp","href":"https:\/\/api.w.org\/{rel}","templated":true}]}}