{"id":2241,"date":"2024-10-24T12:25:12","date_gmt":"2024-10-24T15:25:12","guid":{"rendered":"https:\/\/prefeitosegestoes.com.br\/portal\/?p=2241"},"modified":"2024-10-24T12:49:25","modified_gmt":"2024-10-24T15:49:25","slug":"2241-2","status":"publish","type":"post","link":"https:\/\/prefeitosegestoes.com.br\/portal\/2241-2\/","title":{"rendered":"Atilio Rulli, Vice-Presidente RP da Huawei"},"content":{"rendered":"<h6><\/h6>\n<h6><strong>Foto pelo entrevistado<\/strong><\/h6>\n<p><strong>Estrat\u00e9gia da<\/strong><strong>cedida\u00a0<\/strong><strong>\u00a0Huawei para Transforma\u00e7\u00e3o Digital na Am\u00e9rica Latina<\/strong><\/p>\n<p>Atilio Rulli, Vice-Presidente de Rela\u00e7\u00f5es P\u00fablicas da Huawei Am\u00e9rica Latina e Caribe, revela como a empresa est\u00e1 impulsionando a ado\u00e7\u00e3o de tecnologias avan\u00e7adas e promovendo cidades inteligentes na regi\u00e3o<\/p>\n<p>A Huawei, gigante global em tecnologia, tem desempenhado um papel crucial na transforma\u00e7\u00e3o digital da Am\u00e9rica Latina. Em entrevista exclusiva \u00e0 Revista Prefeitos &amp; Gest\u00f5es, Atilio Rulli, vice-presidente de Rela\u00e7\u00f5es P\u00fablicas da Huawei Am\u00e9rica Latina e Caribe, compartilhou insights sobre as iniciativas da empresa para promover cidades inteligentes, a import\u00e2ncia da conectividade em \u00e1reas urbanas e as estrat\u00e9gias para enfrentar os desafios da digitaliza\u00e7\u00e3o. Confira a entrevista completa.<\/p>\n<p><strong><em>P&amp;G: Como a Huawei aborda a gest\u00e3o de tr\u00e2nsito e mobilidade urbana por meio de tecnologias inteligentes?<\/em><\/strong><\/p>\n<p><strong>Atilio Rulli: <\/strong>Quando falamos de cidades inteligentes, estamos falando de um conjunto de tecnologias da informa\u00e7\u00e3o e da comunica\u00e7\u00e3o aplicadas ao espa\u00e7o urbano pelo poder p\u00fablico em suas diferentes \u00e1reas de a\u00e7\u00e3o, como sa\u00fade, educa\u00e7\u00e3o, mobilidade urbana, seguran\u00e7a, zeladoria e muitos outros servi\u00e7os oferecidos \u00e0 popula\u00e7\u00e3o.<\/p>\n<p>Atualmente, a transforma\u00e7\u00e3o digital dos servi\u00e7os p\u00fablicos est\u00e1 no centro dos debates sobre cidades inteligentes. Ela acelera a efici\u00eancia dos servi\u00e7os, tornando processos e produtos mais inteligentes, mais \u00e1geis, mais din\u00e2micos, otimizando recursos e levando \u00e0 popula\u00e7\u00e3o mais cidadania e mais qualidade de vida.<\/p>\n<p>A Huawei entende que a transforma\u00e7\u00e3o digital dos servi\u00e7os p\u00fablicos &#8211; incluindo o de transporte e de mobilidade urbana &#8211; \u00e9 essencial para a cria\u00e7\u00e3o de cidades inteligentes. Por\u00e9m, mais do que isso, a Huawei participa ativamente na expans\u00e3o da infraestrutura de conectividade dos munic\u00edpios, fator essencial para que a transforma\u00e7\u00e3o digital aconte\u00e7a.<\/p>\n<p>Dentro desse escopo, os projetos de mobilidade urbana e gest\u00e3o de tr\u00e2nsito est\u00e3o hoje entre as prioridades da Huawei, que tem investido em pesquisa e desenvolvimento de solu\u00e7\u00f5es especialmente para esse fim. Na China, as tecnologias da informa\u00e7\u00e3o e da comunica\u00e7\u00e3o s\u00e3o intensamente utilizadas na administra\u00e7\u00e3o de aeroportos, sistemas de metr\u00f4 e ferrovias, transporte urbano, estradas e no desenvolvimento de dire\u00e7\u00e3o aut\u00f4noma.<\/p>\n<p>Existem exemplos muito bons hoje em dia. Shenzhen, cidade chinesa onde a Huawei foi fundada em 1988, usa sistemas de automa\u00e7\u00e3o baseados em nuvem no aeroporto e no metr\u00f4. O uso de nuvem, de sensores e de solu\u00e7\u00f5es de armazenamento e an\u00e1lise de dados em tempo real permite a tomada de decis\u00f5es mais r\u00e1pidas, ganhos exponenciais em efici\u00eancia, redu\u00e7\u00e3o de custos operacionais e de manuten\u00e7\u00e3o, maior sustentabilidade, al\u00e9m da cria\u00e7\u00e3o de novas modalidades de servi\u00e7os e neg\u00f3cios.<\/p>\n<p>No aeroporto de Shenzhen, com aplicativos de mensagens comuns, os passageiros podem fazer uma s\u00e9rie de servi\u00e7os como check in, deixar a bagagem ou achar o port\u00e3o de embarque sem filas e atrasos. Com as novas tecnologias, tamb\u00e9m foram fortalecidas a gest\u00e3o de seguran\u00e7a e as opera\u00e7\u00f5es aeroportu\u00e1rias.<\/p>\n<p>No \u00e2mbito das ruas e avenidas, h\u00e1 solu\u00e7\u00f5es inteligentes para administrar e aliviar congestionamentos, desde o monitoramento em tempo real de centenas de sem\u00e1foros que podem ser programados para operar automaticamente conforme o fluxo. S\u00e3o ferramentas que tamb\u00e9m utilizam armazenamento de dados em nuvem, al\u00e9m de algoritmos de intelig\u00eancia artificial (IA) e de Internet das Coisas (IoT). O objetivo \u00e9 a constru\u00e7\u00e3o de um sistema abrangente de gest\u00e3o da mobilidade urbana, definida pela integra\u00e7\u00e3o da IA com a conectividade de banda ultra larga (5G) e seus diferentes usos. Esse exemplo tamb\u00e9m leva em considera\u00e7\u00e3o a conectividade do autom\u00f3vel que pode trocar informa\u00e7\u00f5es em tempo real com a malha vi\u00e1ria, al\u00e9m da dire\u00e7\u00e3o aut\u00f4noma.<\/p>\n<p>Para finalizar, vale tamb\u00e9m citar que, no Brasil, h\u00e1 um amplo programa de conectividade das estradas, fruto do leil\u00e3o do 5G, que visa levar banda larga 4G e 5G a 36 mil quil\u00f4metros de rodovias do pa\u00eds at\u00e9 2029. Esse alcance atingir\u00e1 in\u00fameros munic\u00edpios e deixar\u00e1 as estradas mais seguras para os usu\u00e1rios. Prevemos, por exemplo, uma mudan\u00e7a completa da cobran\u00e7a de ped\u00e1gio. As cabines de cobran\u00e7a poder\u00e3o se tornar desnecess\u00e1rias. Tempo, condi\u00e7\u00f5es de tr\u00e1fego, mapas interativos, tur\u00edsticos e de pontos de parada podem enriquecer a experi\u00eancia dos que viajam e trabalham, al\u00e9m de facilitar as opera\u00e7\u00f5es dessas grandes vias integradoras do pa\u00eds.<\/p>\n<p><strong><em>P&amp;G: Quais s\u00e3o os casos de sucesso de cidades inteligentes no Brasil que contaram com a participa\u00e7\u00e3o da Huawei?<\/em><\/strong><\/p>\n<p><strong>Atilio Rulli: <\/strong>No Brasil, a Huawei atua por meio de parcerias com empresas distribuidoras e operadoras de telefonia com foco em oferecer solu\u00e7\u00f5es para as diversas ind\u00fastrias e para os governos. S\u00e3o esses parceiros que instalam a infraestrutura da Huawei e que s\u00e3o a base da cria\u00e7\u00e3o de servi\u00e7os p\u00fablicos mais inteligentes. Podemos dizer que, hoje, cerca de 95% da popula\u00e7\u00e3o brasileira utiliza a infraestrutura da Huawei por meio de sua operadora de celular, provedor de internet e outros.<\/p>\n<p>Temos acompanhado a evolu\u00e7\u00e3o das cidades inteligentes no Brasil e acreditamos que esse \u00e9 um fator extremamente importante no atual momento de renova\u00e7\u00e3o das casas legislativas e executivas com as elei\u00e7\u00f5es. Podemos ser categ\u00f3ricos em afirmar que a prosperidade dos munic\u00edpios e de seus habitantes est\u00e1 vinculada, hoje, \u00e0 capacidade dos mesmos de instalar uma robusta infraestrutura de conectividade banda larga. Por isso, essa a\u00e7\u00e3o deve constar dos programas dos governos que buscam desenvolver de maneira exponencial a economia de seus munic\u00edpios, como tamb\u00e9m ser parte de pol\u00edticas integradas de \u00e2mbito federal e estadual.<\/p>\n<p>Temos acompanhado a evolu\u00e7\u00e3o do tema cidades inteligentes no Brasil e percebemos cada vez mais interesse. Em novembro \u00faltimo, por exemplo, Curitiba foi eleita a Cidade Mais Inteligente do Mundo de 2023. O pr\u00eamio foi entregue no World Smart City Awards, que aconteceu em Barcelona, Espanha, em reconhecimento \u00e0s a\u00e7\u00f5es e aos programas de planejamento urbano inteligentes voltados ao crescimento socioecon\u00f4mico e \u00e0 sustentabilidade ambiental. Entre os projetos, encontram-se hubs de inova\u00e7\u00e3o, acesso gratuito \u00e0 internet, servi\u00e7os p\u00fablicos digitais, transporte inteligente e muitos outros.<\/p>\n<p>Belo Horizonte foi outra capital que obteve reconhecimento internacional como cidade inteligente no ano passado. O Programa Belo Horizonte Cidade Inteligente (BHCI) foi reconhecido no \u201cSmart Cities Study 2023\u201d, um estudo mundial realizado pela organiza\u00e7\u00e3o internacional Cidades e Governos Locais Unidos (CGLU). A capital mineira foi a \u00fanica cidade brasileira selecionada para compor o estudo, que englobou resultados em quatro campos de atua\u00e7\u00e3o em governan\u00e7a: transpar\u00eancia, governo digital, administra\u00e7\u00e3o digital e dados abertos. Os projetos mostram formas inovadoras de executar pol\u00edticas p\u00fablicas, monitorar o espa\u00e7o urbano e atender \u00e0s necessidades dos mais de 2,7 milh\u00f5es de habitantes da regi\u00e3o metropolitana.<\/p>\n<p>Isso mostra que o tema das cidades inteligentes est\u00e1 gerando cada vez mais interesse no Brasil e, engana-se quem pensa que ele est\u00e1 restrito aos grandes centros urbanos. Ao contr\u00e1rio, os grandes munic\u00edpios rurais do pa\u00eds tamb\u00e9m t\u00eam muito a ganhar com o 5G.<\/p>\n<p><strong><em>P&amp;G: Como a Huawei lida com quest\u00f5es de seguran\u00e7a p\u00fablica e privacidade nas suas solu\u00e7\u00f5es para cidades?<\/em><\/strong><\/p>\n<p><strong>Atilio Rulli: <\/strong>A seguran\u00e7a p\u00fablica \u00e9, com certeza, um tema muito importante quando falamos de cidades inteligentes. Empresas e munic\u00edpios podem construir sistemas integrados que combinam postes de luz, mini esta\u00e7\u00f5es base e c\u00e2meras de vigil\u00e2ncia, para que todas as \u00e1reas com ilumina\u00e7\u00e3o p\u00fablica sejam monitoradas, diminuindo em muito ocorr\u00eancias como roubos. Entre as vantagens da conectividade, est\u00e1 a transmiss\u00e3o de imagens de policiais equipados com c\u00e2meras vest\u00edveis ao vivo em redes sem fio, permitindo o controle total de uma opera\u00e7\u00e3o por um centro de comando.<\/p>\n<p>Nas cidades totalmente conectadas, a banda larga \u00e9 r\u00e1pida e onipresente, permitindo que espa\u00e7os p\u00fablicos sejam cobertos por equipamentos de vigil\u00e2ncia, com plataformas unificadas incorporando informa\u00e7\u00f5es de uma variedade de fontes, incluindo equipamentos de monitoramento ambiental, c\u00e2meras de vigil\u00e2ncia rodovi\u00e1ria e sistemas de seguran\u00e7a de bairros e resid\u00eancias. Centros de controle usam essas informa\u00e7\u00f5es para ajudar a realizar um policiamento mais eficiente e racional, focando os recursos escassos &#8211; como policiais e viaturas &#8211; em locais realmente necess\u00e1rios. Essas diretivas s\u00e3o adapt\u00e1veis de acordo com a cidade em um determinado momento, otimizando custos e criando maior efici\u00eancia.<\/p>\n<p>O uso de tecnologias de reconhecimento inteligente est\u00e1 sendo incorporada \u00e0s c\u00e2meras, com capacidades de reconhecimento facial e an\u00e1lise de comportamentos espec\u00edficos em tempo real. Obviamente que enquanto o uso desses dispositivos pelos \u00f3rg\u00e3os de seguran\u00e7a p\u00fablica e pelo poder judici\u00e1rio aumentam, \u00e9 necess\u00e1rio s\u00e9ria observ\u00e2ncia \u00e0s leis de prote\u00e7\u00e3o de privacidade. Isso \u00e9 t\u00e3o importante quanto o uso de equipamentos mais sofisticados para aumento da seguran\u00e7a nas cidades.<\/p>\n<p>Por outro lado, a Huawei faz da seguran\u00e7a cibern\u00e9tica e da prote\u00e7\u00e3o de dados \u00e1reas estrat\u00e9gicas. A empresa possui um sistema de garantia de seguran\u00e7a cibern\u00e9tica robusto e resiliente, que cobre todos os processos produtivos de ponta a ponta. Todos os seus produtos e solu\u00e7\u00f5es s\u00e3o sempre testados por laborat\u00f3rios independentes antes de serem lan\u00e7ados no mercado, o que faz da Huawei uma das empresas mais bem avaliadas do mundo.<\/p>\n<p>A Huawei participa de mais de 360 organiza\u00e7\u00f5es de padroniza\u00e7\u00e3o da ind\u00fastria e ocupa cargos importantes nessas organiza\u00e7\u00f5es, submetendo ativamente propostas e fazendo contribui\u00e7\u00f5es significativas para o desenvolvimento de normas de seguran\u00e7a; emprega mais de 3.800 funcion\u00e1rios dedicados \u00e0 governan\u00e7a de ciberseguran\u00e7a e privacidade; e investe 5% de sua verba anual de pesquisa e desenvolvimento em iniciativas de seguran\u00e7a cibern\u00e9tica e prote\u00e7\u00e3o de privacidade, o que lhe permite oferecer garantias reconhecidas internacionalmente.<\/p>\n<p><strong><em>P&amp;G: Quais s\u00e3o os indicadores utilizados pela Huawei para avaliar o progresso das cidades inteligentes?<\/em><\/strong><\/p>\n<p><strong>Atilio Rulli: <\/strong>No Brasil, a Huawei atualmente est\u00e1 focada na amplia\u00e7\u00e3o da conectividade 5G em todo territ\u00f3rio nacional. Acreditamos que esse \u00e9 o grande desafio do pa\u00eds. Segundo a Anatel, atualmente, 4.134 munic\u00edpios est\u00e3o aptos a utilizar a quinta gera\u00e7\u00e3o do servi\u00e7o m\u00f3vel. No entanto, apenas 729 munic\u00edpios t\u00eam leis atualizadas. Como esses munic\u00edpios est\u00e3o entre os maiores do pa\u00eds, cerca de 53% da popula\u00e7\u00e3o brasileira j\u00e1 est\u00e1 contemplada. No entanto, ainda faltam pol\u00edticas para o novo mundo digital, como educa\u00e7\u00e3o para o digital e acesso a dispositivos m\u00f3veis mais baratos.<\/p>\n<p>\u00c9 importante entender que o pa\u00eds est\u00e1 na vanguarda de v\u00e1rios produtos e servi\u00e7os que precisam atender todas as pessoas, n\u00e3o importa onde estejam. Posso dar como exemplo o Pix. Com ele, podemos fazer transa\u00e7\u00f5es banc\u00e1rias em instantes. Ele \u00e9 um case de sucesso que est\u00e1 sendo levado a outras partes do mundo. No entanto, o Pix depende de internet banda larga segura, ub\u00edqua e de alta qualidade, al\u00e9m do acesso a dispositivos m\u00f3veis mais baratos. Ao mesmo tempo, nas grandes extens\u00f5es rurais do pa\u00eds, a minera\u00e7\u00e3o, a pecu\u00e1ria e a agricultura inteligentes precisam tamb\u00e9m de conectividade est\u00e1vel e ultrarr\u00e1pida. As novas tecnologias reduzem as diferen\u00e7as entre o rural e urbano pela inclus\u00e3o e pela facilidade de acesso a servi\u00e7os digitais antes inimagin\u00e1veis.<\/p>\n<p><strong><em>P&amp;G: A Huawei promove a inclus\u00e3o digital e a conectividade nas \u00e1reas urbanas?<\/em><\/strong><\/p>\n<p><strong>Atilio Rulli: <\/strong>A Huawei \u00e9 uma empresa que investe intensamente em projetos de inclus\u00e3o digital. Alguns desses projetos s\u00e3o:<\/p>\n<ul>\n<li>ICT Academy: por meio desse projeto educacional online e gratuito, universidades parceiras oferecem aos estudantes cursos com certifica\u00e7\u00e3o da Huawei reconhecidos pela ind\u00fastria. O programa funciona como uma ponte entre empresas e a academia para construir um ecossistema de talentos para o setor de TIC. No Brasil, s\u00e3o mais de 200 institui\u00e7\u00f5es parceiras e mais de 15.000 estudantes treinados somente no ano de 2023.<\/li>\n<li>ICT Competition : \u00e9 uma iniciativa que visa fomentar o desenvolvimento de talentos na \u00e1rea de TIC por meio de uma competi\u00e7\u00e3o entre universidades de alcance global. No Brasil, anualmente, participam cerca de 90 institui\u00e7\u00f5es.<\/li>\n<li>Seeds for the Future: projeto de interc\u00e2mbio que oferece a estudantes brasileiros treinamento te\u00f3rico e pr\u00e1tico em \u00e1reas estrat\u00e9gicas, como 5G, cloud e IA, e mentorias nos t\u00f3picos de lideran\u00e7a, inova\u00e7\u00e3o e desenvolvimento sustent\u00e1vel.<\/li>\n<li>Women in Tech: iniciativa que tem como objetivo impulsionar a carreira de lideran\u00e7as femininas na tecnologia.<\/li>\n<li>Amaz\u00f4nia Conectada: no final de 2022, a parceria entre a Huawei e a operadora Veloso NET, do Amazonas, permitiu a instala\u00e7\u00e3o de banda larga 4G e 5G nas comunidades ribeirinhas e cidades situadas ao longo do curso do rio Solim\u00f5es, que tem uma extens\u00e3o de 1.700 quil\u00f4metros, de Tabatinga, cidade que faz fronteira com a Col\u00f4mbia, at\u00e9 Manaus. Em 2023, a parceria alcan\u00e7ou a meta de levar conectividade de qualidade para mais 12 cidades e 18 comunidades ribeirinhas.<\/li>\n<\/ul>\n<p><strong><em>P&amp;G: Quais s\u00e3o os desafios espec\u00edficos enfrentados pela Huawei ao implementar projetos de cidades inteligentes?<\/em><\/strong><\/p>\n<p><strong>Atilio Rulli: <\/strong>A implementa\u00e7\u00e3o de projetos de cidades inteligentes depende de alguns fatores, mas o principal deles \u00e9 a conscientiza\u00e7\u00e3o dos gestores p\u00fablicos sobre a import\u00e2ncia do tema para o avan\u00e7o econ\u00f4mico e social dos munic\u00edpios.<\/p>\n<p>Estamos vivendo uma era disruptiva na qual uma enorme janela de oportunidades est\u00e1 aberta e n\u00e3o pode ser desperdi\u00e7ada. Esse \u00e9 o recado que gostaria de deixar: est\u00e1 nas m\u00e3os dos gestores p\u00fablicos brasileiros o avan\u00e7o no desenvolvimento econ\u00f4mico do pa\u00eds com as tecnologias digitais. Como empresa, estamos aqui para ajudar.<\/p>\n<p>Precisamos acelerar esse processo, visto que ele n\u00e3o para. Estamos falando do 5G, mas o 5.5G j\u00e1 est\u00e1 sendo oferecido de forma comercial na China. At\u00e9 o final da d\u00e9cada a conectividade chegar\u00e1 ao 6G. N\u00e3o \u00e9 poss\u00edvel ficar de fora dessa revolu\u00e7\u00e3o tecnol\u00f3gica que afeta todos n\u00f3s.<\/p>\n<p><strong><em>P&amp;G: Como a empresa colabora com outras institui\u00e7\u00f5es para acelerar a intelig\u00eancia urbana?<\/em><\/strong><\/p>\n<p>A Huawei realiza parcerias com governos, institui\u00e7\u00f5es e empresas para propor solu\u00e7\u00f5es para as demandas que surgem. Cada projeto tem sua especificidade e auxiliamos as institui\u00e7\u00f5es a implementarem a melhor solu\u00e7\u00e3o de acordo com suas necessidades.<\/p>\n<p><strong><em>P&amp;G: Quais s\u00e3o os pr\u00f3ximos passos da Huawei no desenvolvimento de tecnologias e plataformas inteligentes no Brasil?<\/em><\/strong><\/p>\n<p><strong>Atilio Rulli: <\/strong>A Huawei \u00e9 a 4\u00aa empresa que mais investe em pesquisa e desenvolvimento no mundo, segundo a EU Joint Research Center. Ocupa o primeiro lugar no registro de patentes, com mais de 120.000 patentes registradas.<\/p>\n<p>Nos \u00faltimos 10 anos, foram mais de mais CNY 1,11 trilh\u00e3o (US$ 153,4 bilh\u00f5es) investidos somente em pesquisa e desenvolvimento. Cada vez mais, o avan\u00e7o da tecnologia ser\u00e1 exponencial. Assim, posso garantir que a empresa continuar\u00e1 levando ao mercado solu\u00e7\u00f5es inovadoras que s\u00e3o fruto desse intenso trabalho de desenvolvimento.<\/p>\n<p><strong><em>P&amp;G: Como a plataforma de solu\u00e7\u00f5es da Huawei beneficia profissionais e poderes p\u00fablicos no desenvolvimento de munic\u00edpios tecnologicamente inteligentes?<\/em><\/strong><\/p>\n<p><strong>Atilio Rulli: <\/strong>As solu\u00e7\u00f5es da Huawei podem ser adaptadas \u00e0s mais variadas necessidades e alavancar servi\u00e7os p\u00fablicos mais inteligentes de acordo com as caracter\u00edsticas e peculiaridades de cada munic\u00edpio e de acordo com seu pr\u00f3prio momento na jornada de transforma\u00e7\u00e3o digital. O importante \u00e9 compreender e come\u00e7ar.<\/p>\n<p>Revista Prefeitos e Gest\u00f5es<\/p>\n<p>&nbsp;<\/p>\n<p>&nbsp;<\/p>\n","protected":false},"excerpt":{"rendered":"<p>Foto pelo entrevistado Estrat\u00e9gia dacedida\u00a0\u00a0Huawei para Transforma\u00e7\u00e3o Digital na Am\u00e9rica Latina Atilio Rulli, Vice-Presidente de Rela\u00e7\u00f5es P\u00fablicas da Huawei Am\u00e9rica Latina e Caribe, revela como a empresa est\u00e1 impulsionando a ado\u00e7\u00e3o de tecnologias avan\u00e7adas e promovendo cidades inteligentes na regi\u00e3o A Huawei, gigante global em tecnologia, tem desempenhado um papel crucial na transforma\u00e7\u00e3o digital da [&hellip;]<\/p>\n","protected":false},"author":2,"featured_media":2250,"comment_status":"open","ping_status":"open","sticky":false,"template":"","format":"standard","meta":{"rop_custom_images_group":[],"rop_custom_messages_group":[],"rop_publish_now":"initial","rop_publish_now_accounts":{"twitter_850042665852968960_850042665852968960":""},"rop_publish_now_history":[],"rop_publish_now_status":"pending","footnotes":""},"categories":[14],"tags":[74,125,124],"class_list":["post-2241","post","type-post","status-publish","format-standard","has-post-thumbnail","hentry","category-entrevistas","tag-cidades-inteligentes","tag-mobilidade-urbana","tag-transformacao-digital"],"yoast_head":"<!-- This site is optimized with the Yoast SEO plugin v27.2 - https:\/\/yoast.com\/product\/yoast-seo-wordpress\/ -->\n<title>Atilio Rulli, Vice-Presidente RP da Huawei - Prefeitos &amp; Gest\u00f5es<\/title>\n<meta name=\"robots\" content=\"index, follow, max-snippet:-1, max-image-preview:large, max-video-preview:-1\" \/>\n<link rel=\"canonical\" href=\"https:\/\/prefeitosegestoes.com.br\/portal\/2241-2\/\" \/>\n<meta property=\"og:locale\" content=\"pt_BR\" \/>\n<meta property=\"og:type\" content=\"article\" \/>\n<meta property=\"og:title\" content=\"Atilio Rulli, Vice-Presidente RP da Huawei - Prefeitos &amp; Gest\u00f5es\" \/>\n<meta property=\"og:description\" content=\"Foto pelo entrevistado Estrat\u00e9gia dacedida\u00a0\u00a0Huawei para Transforma\u00e7\u00e3o Digital na Am\u00e9rica Latina Atilio Rulli, Vice-Presidente de Rela\u00e7\u00f5es P\u00fablicas da Huawei Am\u00e9rica Latina e Caribe, revela como a empresa est\u00e1 impulsionando a ado\u00e7\u00e3o de tecnologias avan\u00e7adas e promovendo cidades inteligentes na regi\u00e3o A Huawei, gigante global em tecnologia, tem desempenhado um papel crucial na transforma\u00e7\u00e3o digital da [&hellip;]\" \/>\n<meta property=\"og:url\" content=\"https:\/\/prefeitosegestoes.com.br\/portal\/2241-2\/\" \/>\n<meta property=\"og:site_name\" content=\"Prefeitos &amp; Gest\u00f5es\" \/>\n<meta property=\"article:publisher\" content=\"https:\/\/www.facebook.com\/prefeitosonline\" \/>\n<meta property=\"article:published_time\" content=\"2024-10-24T15:25:12+00:00\" \/>\n<meta property=\"article:modified_time\" content=\"2024-10-24T15:49:25+00:00\" \/>\n<meta property=\"og:image\" content=\"https:\/\/prefeitosegestoes.com.br\/portal\/wp-content\/uploads\/2024\/10\/Legenda-Atilio-Rulli-Vice-Presidente-de-Relacoes-Publicas-da-Huawei-America-Latina-e-Caribe-Foto-cedida-pelo-entrevistado-Copia-2.jpg\" \/>\n\t<meta property=\"og:image:width\" content=\"2411\" \/>\n\t<meta property=\"og:image:height\" content=\"1448\" \/>\n\t<meta property=\"og:image:type\" content=\"image\/jpeg\" \/>\n<meta name=\"author\" content=\"Prefeitos &amp; Gest\u00f5es\" \/>\n<meta name=\"twitter:card\" content=\"summary_large_image\" \/>\n<meta name=\"twitter:creator\" content=\"@PrefGestoes\" \/>\n<meta name=\"twitter:site\" content=\"@PrefGestoes\" \/>\n<meta name=\"twitter:label1\" content=\"Escrito por\" \/>\n\t<meta name=\"twitter:data1\" content=\"Prefeitos &amp; Gest\u00f5es\" \/>\n\t<meta name=\"twitter:label2\" content=\"Est. tempo de leitura\" \/>\n\t<meta name=\"twitter:data2\" content=\"13 minutos\" \/>\n<script type=\"application\/ld+json\" class=\"yoast-schema-graph\">{\"@context\":\"https:\/\/schema.org\",\"@graph\":[{\"@type\":\"Article\",\"@id\":\"https:\/\/prefeitosegestoes.com.br\/portal\/2241-2\/#article\",\"isPartOf\":{\"@id\":\"https:\/\/prefeitosegestoes.com.br\/portal\/2241-2\/\"},\"author\":{\"name\":\"Prefeitos &amp; Gest\u00f5es\",\"@id\":\"https:\/\/prefeitosegestoes.com.br\/portal\/#\/schema\/person\/d00059f2ec99963e7e1850d448ae94b8\"},\"headline\":\"Atilio Rulli, Vice-Presidente RP da Huawei\",\"datePublished\":\"2024-10-24T15:25:12+00:00\",\"dateModified\":\"2024-10-24T15:49:25+00:00\",\"mainEntityOfPage\":{\"@id\":\"https:\/\/prefeitosegestoes.com.br\/portal\/2241-2\/\"},\"wordCount\":2670,\"commentCount\":0,\"publisher\":{\"@id\":\"https:\/\/prefeitosegestoes.com.br\/portal\/#organization\"},\"image\":{\"@id\":\"https:\/\/prefeitosegestoes.com.br\/portal\/2241-2\/#primaryimage\"},\"thumbnailUrl\":\"https:\/\/prefeitosegestoes.com.br\/portal\/wp-content\/uploads\/2024\/10\/Legenda-Atilio-Rulli-Vice-Presidente-de-Relacoes-Publicas-da-Huawei-America-Latina-e-Caribe-Foto-cedida-pelo-entrevistado-Copia-2.jpg\",\"keywords\":[\"Cidades Inteligentes\",\"Mobilidade Urbana\",\"Transforma\u00e7\u00e3o Digital\"],\"articleSection\":[\"Entrevistas\"],\"inLanguage\":\"pt-BR\",\"potentialAction\":[{\"@type\":\"CommentAction\",\"name\":\"Comment\",\"target\":[\"https:\/\/prefeitosegestoes.com.br\/portal\/2241-2\/#respond\"]}]},{\"@type\":\"WebPage\",\"@id\":\"https:\/\/prefeitosegestoes.com.br\/portal\/2241-2\/\",\"url\":\"https:\/\/prefeitosegestoes.com.br\/portal\/2241-2\/\",\"name\":\"Atilio Rulli, Vice-Presidente RP da Huawei - Prefeitos &amp; Gest\u00f5es\",\"isPartOf\":{\"@id\":\"https:\/\/prefeitosegestoes.com.br\/portal\/#website\"},\"primaryImageOfPage\":{\"@id\":\"https:\/\/prefeitosegestoes.com.br\/portal\/2241-2\/#primaryimage\"},\"image\":{\"@id\":\"https:\/\/prefeitosegestoes.com.br\/portal\/2241-2\/#primaryimage\"},\"thumbnailUrl\":\"https:\/\/prefeitosegestoes.com.br\/portal\/wp-content\/uploads\/2024\/10\/Legenda-Atilio-Rulli-Vice-Presidente-de-Relacoes-Publicas-da-Huawei-America-Latina-e-Caribe-Foto-cedida-pelo-entrevistado-Copia-2.jpg\",\"datePublished\":\"2024-10-24T15:25:12+00:00\",\"dateModified\":\"2024-10-24T15:49:25+00:00\",\"breadcrumb\":{\"@id\":\"https:\/\/prefeitosegestoes.com.br\/portal\/2241-2\/#breadcrumb\"},\"inLanguage\":\"pt-BR\",\"potentialAction\":[{\"@type\":\"ReadAction\",\"target\":[\"https:\/\/prefeitosegestoes.com.br\/portal\/2241-2\/\"]}]},{\"@type\":\"ImageObject\",\"inLanguage\":\"pt-BR\",\"@id\":\"https:\/\/prefeitosegestoes.com.br\/portal\/2241-2\/#primaryimage\",\"url\":\"https:\/\/prefeitosegestoes.com.br\/portal\/wp-content\/uploads\/2024\/10\/Legenda-Atilio-Rulli-Vice-Presidente-de-Relacoes-Publicas-da-Huawei-America-Latina-e-Caribe-Foto-cedida-pelo-entrevistado-Copia-2.jpg\",\"contentUrl\":\"https:\/\/prefeitosegestoes.com.br\/portal\/wp-content\/uploads\/2024\/10\/Legenda-Atilio-Rulli-Vice-Presidente-de-Relacoes-Publicas-da-Huawei-America-Latina-e-Caribe-Foto-cedida-pelo-entrevistado-Copia-2.jpg\",\"width\":2411,\"height\":1448},{\"@type\":\"BreadcrumbList\",\"@id\":\"https:\/\/prefeitosegestoes.com.br\/portal\/2241-2\/#breadcrumb\",\"itemListElement\":[{\"@type\":\"ListItem\",\"position\":1,\"name\":\"In\u00edcio\",\"item\":\"https:\/\/prefeitosegestoes.com.br\/portal\/\"},{\"@type\":\"ListItem\",\"position\":2,\"name\":\"Atilio Rulli, Vice-Presidente RP da Huawei\"}]},{\"@type\":\"WebSite\",\"@id\":\"https:\/\/prefeitosegestoes.com.br\/portal\/#website\",\"url\":\"https:\/\/prefeitosegestoes.com.br\/portal\/\",\"name\":\"Prefeitos & Gest\u00f5es\",\"description\":\"\",\"publisher\":{\"@id\":\"https:\/\/prefeitosegestoes.com.br\/portal\/#organization\"},\"potentialAction\":[{\"@type\":\"SearchAction\",\"target\":{\"@type\":\"EntryPoint\",\"urlTemplate\":\"https:\/\/prefeitosegestoes.com.br\/portal\/?s={search_term_string}\"},\"query-input\":{\"@type\":\"PropertyValueSpecification\",\"valueRequired\":true,\"valueName\":\"search_term_string\"}}],\"inLanguage\":\"pt-BR\"},{\"@type\":\"Organization\",\"@id\":\"https:\/\/prefeitosegestoes.com.br\/portal\/#organization\",\"name\":\"Prefeitos & Gest\u00f5es\",\"url\":\"https:\/\/prefeitosegestoes.com.br\/portal\/\",\"logo\":{\"@type\":\"ImageObject\",\"inLanguage\":\"pt-BR\",\"@id\":\"https:\/\/prefeitosegestoes.com.br\/portal\/#\/schema\/logo\/image\/\",\"url\":\"https:\/\/prefeitosegestoes.com.br\/portal\/wp-content\/uploads\/2024\/10\/lg_trans_prefeitos_2024_preto2.png\",\"contentUrl\":\"https:\/\/prefeitosegestoes.com.br\/portal\/wp-content\/uploads\/2024\/10\/lg_trans_prefeitos_2024_preto2.png\",\"width\":199,\"height\":122,\"caption\":\"Prefeitos & Gest\u00f5es\"},\"image\":{\"@id\":\"https:\/\/prefeitosegestoes.com.br\/portal\/#\/schema\/logo\/image\/\"},\"sameAs\":[\"https:\/\/www.facebook.com\/prefeitosonline\",\"https:\/\/x.com\/PrefGestoes\"]},{\"@type\":\"Person\",\"@id\":\"https:\/\/prefeitosegestoes.com.br\/portal\/#\/schema\/person\/d00059f2ec99963e7e1850d448ae94b8\",\"name\":\"Prefeitos &amp; Gest\u00f5es\",\"image\":{\"@type\":\"ImageObject\",\"inLanguage\":\"pt-BR\",\"@id\":\"https:\/\/secure.gravatar.com\/avatar\/738fb281e479212ed32c1a21a4307dda9f3af9292edb6918a16c9ce9fff5f48d?s=96&d=mm&r=g\",\"url\":\"https:\/\/secure.gravatar.com\/avatar\/738fb281e479212ed32c1a21a4307dda9f3af9292edb6918a16c9ce9fff5f48d?s=96&d=mm&r=g\",\"contentUrl\":\"https:\/\/secure.gravatar.com\/avatar\/738fb281e479212ed32c1a21a4307dda9f3af9292edb6918a16c9ce9fff5f48d?s=96&d=mm&r=g\",\"caption\":\"Prefeitos &amp; Gest\u00f5es\"},\"url\":\"https:\/\/prefeitosegestoes.com.br\/portal\/author\/prefeitosegestoes\/\"}]}<\/script>\n<!-- \/ Yoast SEO plugin. -->","yoast_head_json":{"title":"Atilio Rulli, Vice-Presidente RP da Huawei - Prefeitos &amp; Gest\u00f5es","robots":{"index":"index","follow":"follow","max-snippet":"max-snippet:-1","max-image-preview":"max-image-preview:large","max-video-preview":"max-video-preview:-1"},"canonical":"https:\/\/prefeitosegestoes.com.br\/portal\/2241-2\/","og_locale":"pt_BR","og_type":"article","og_title":"Atilio Rulli, Vice-Presidente RP da Huawei - Prefeitos &amp; Gest\u00f5es","og_description":"Foto pelo entrevistado Estrat\u00e9gia dacedida\u00a0\u00a0Huawei para Transforma\u00e7\u00e3o Digital na Am\u00e9rica Latina Atilio Rulli, Vice-Presidente de Rela\u00e7\u00f5es P\u00fablicas da Huawei Am\u00e9rica Latina e Caribe, revela como a empresa est\u00e1 impulsionando a ado\u00e7\u00e3o de tecnologias avan\u00e7adas e promovendo cidades inteligentes na regi\u00e3o A Huawei, gigante global em tecnologia, tem desempenhado um papel crucial na transforma\u00e7\u00e3o digital da [&hellip;]","og_url":"https:\/\/prefeitosegestoes.com.br\/portal\/2241-2\/","og_site_name":"Prefeitos &amp; Gest\u00f5es","article_publisher":"https:\/\/www.facebook.com\/prefeitosonline","article_published_time":"2024-10-24T15:25:12+00:00","article_modified_time":"2024-10-24T15:49:25+00:00","og_image":[{"width":2411,"height":1448,"url":"https:\/\/prefeitosegestoes.com.br\/portal\/wp-content\/uploads\/2024\/10\/Legenda-Atilio-Rulli-Vice-Presidente-de-Relacoes-Publicas-da-Huawei-America-Latina-e-Caribe-Foto-cedida-pelo-entrevistado-Copia-2.jpg","type":"image\/jpeg"}],"author":"Prefeitos &amp; Gest\u00f5es","twitter_card":"summary_large_image","twitter_creator":"@PrefGestoes","twitter_site":"@PrefGestoes","twitter_misc":{"Escrito por":"Prefeitos &amp; Gest\u00f5es","Est. tempo de leitura":"13 minutos"},"schema":{"@context":"https:\/\/schema.org","@graph":[{"@type":"Article","@id":"https:\/\/prefeitosegestoes.com.br\/portal\/2241-2\/#article","isPartOf":{"@id":"https:\/\/prefeitosegestoes.com.br\/portal\/2241-2\/"},"author":{"name":"Prefeitos &amp; Gest\u00f5es","@id":"https:\/\/prefeitosegestoes.com.br\/portal\/#\/schema\/person\/d00059f2ec99963e7e1850d448ae94b8"},"headline":"Atilio Rulli, Vice-Presidente RP da Huawei","datePublished":"2024-10-24T15:25:12+00:00","dateModified":"2024-10-24T15:49:25+00:00","mainEntityOfPage":{"@id":"https:\/\/prefeitosegestoes.com.br\/portal\/2241-2\/"},"wordCount":2670,"commentCount":0,"publisher":{"@id":"https:\/\/prefeitosegestoes.com.br\/portal\/#organization"},"image":{"@id":"https:\/\/prefeitosegestoes.com.br\/portal\/2241-2\/#primaryimage"},"thumbnailUrl":"https:\/\/prefeitosegestoes.com.br\/portal\/wp-content\/uploads\/2024\/10\/Legenda-Atilio-Rulli-Vice-Presidente-de-Relacoes-Publicas-da-Huawei-America-Latina-e-Caribe-Foto-cedida-pelo-entrevistado-Copia-2.jpg","keywords":["Cidades Inteligentes","Mobilidade Urbana","Transforma\u00e7\u00e3o Digital"],"articleSection":["Entrevistas"],"inLanguage":"pt-BR","potentialAction":[{"@type":"CommentAction","name":"Comment","target":["https:\/\/prefeitosegestoes.com.br\/portal\/2241-2\/#respond"]}]},{"@type":"WebPage","@id":"https:\/\/prefeitosegestoes.com.br\/portal\/2241-2\/","url":"https:\/\/prefeitosegestoes.com.br\/portal\/2241-2\/","name":"Atilio Rulli, Vice-Presidente RP da Huawei - Prefeitos &amp; Gest\u00f5es","isPartOf":{"@id":"https:\/\/prefeitosegestoes.com.br\/portal\/#website"},"primaryImageOfPage":{"@id":"https:\/\/prefeitosegestoes.com.br\/portal\/2241-2\/#primaryimage"},"image":{"@id":"https:\/\/prefeitosegestoes.com.br\/portal\/2241-2\/#primaryimage"},"thumbnailUrl":"https:\/\/prefeitosegestoes.com.br\/portal\/wp-content\/uploads\/2024\/10\/Legenda-Atilio-Rulli-Vice-Presidente-de-Relacoes-Publicas-da-Huawei-America-Latina-e-Caribe-Foto-cedida-pelo-entrevistado-Copia-2.jpg","datePublished":"2024-10-24T15:25:12+00:00","dateModified":"2024-10-24T15:49:25+00:00","breadcrumb":{"@id":"https:\/\/prefeitosegestoes.com.br\/portal\/2241-2\/#breadcrumb"},"inLanguage":"pt-BR","potentialAction":[{"@type":"ReadAction","target":["https:\/\/prefeitosegestoes.com.br\/portal\/2241-2\/"]}]},{"@type":"ImageObject","inLanguage":"pt-BR","@id":"https:\/\/prefeitosegestoes.com.br\/portal\/2241-2\/#primaryimage","url":"https:\/\/prefeitosegestoes.com.br\/portal\/wp-content\/uploads\/2024\/10\/Legenda-Atilio-Rulli-Vice-Presidente-de-Relacoes-Publicas-da-Huawei-America-Latina-e-Caribe-Foto-cedida-pelo-entrevistado-Copia-2.jpg","contentUrl":"https:\/\/prefeitosegestoes.com.br\/portal\/wp-content\/uploads\/2024\/10\/Legenda-Atilio-Rulli-Vice-Presidente-de-Relacoes-Publicas-da-Huawei-America-Latina-e-Caribe-Foto-cedida-pelo-entrevistado-Copia-2.jpg","width":2411,"height":1448},{"@type":"BreadcrumbList","@id":"https:\/\/prefeitosegestoes.com.br\/portal\/2241-2\/#breadcrumb","itemListElement":[{"@type":"ListItem","position":1,"name":"In\u00edcio","item":"https:\/\/prefeitosegestoes.com.br\/portal\/"},{"@type":"ListItem","position":2,"name":"Atilio Rulli, Vice-Presidente RP da Huawei"}]},{"@type":"WebSite","@id":"https:\/\/prefeitosegestoes.com.br\/portal\/#website","url":"https:\/\/prefeitosegestoes.com.br\/portal\/","name":"Prefeitos & Gest\u00f5es","description":"","publisher":{"@id":"https:\/\/prefeitosegestoes.com.br\/portal\/#organization"},"potentialAction":[{"@type":"SearchAction","target":{"@type":"EntryPoint","urlTemplate":"https:\/\/prefeitosegestoes.com.br\/portal\/?s={search_term_string}"},"query-input":{"@type":"PropertyValueSpecification","valueRequired":true,"valueName":"search_term_string"}}],"inLanguage":"pt-BR"},{"@type":"Organization","@id":"https:\/\/prefeitosegestoes.com.br\/portal\/#organization","name":"Prefeitos & Gest\u00f5es","url":"https:\/\/prefeitosegestoes.com.br\/portal\/","logo":{"@type":"ImageObject","inLanguage":"pt-BR","@id":"https:\/\/prefeitosegestoes.com.br\/portal\/#\/schema\/logo\/image\/","url":"https:\/\/prefeitosegestoes.com.br\/portal\/wp-content\/uploads\/2024\/10\/lg_trans_prefeitos_2024_preto2.png","contentUrl":"https:\/\/prefeitosegestoes.com.br\/portal\/wp-content\/uploads\/2024\/10\/lg_trans_prefeitos_2024_preto2.png","width":199,"height":122,"caption":"Prefeitos & Gest\u00f5es"},"image":{"@id":"https:\/\/prefeitosegestoes.com.br\/portal\/#\/schema\/logo\/image\/"},"sameAs":["https:\/\/www.facebook.com\/prefeitosonline","https:\/\/x.com\/PrefGestoes"]},{"@type":"Person","@id":"https:\/\/prefeitosegestoes.com.br\/portal\/#\/schema\/person\/d00059f2ec99963e7e1850d448ae94b8","name":"Prefeitos &amp; Gest\u00f5es","image":{"@type":"ImageObject","inLanguage":"pt-BR","@id":"https:\/\/secure.gravatar.com\/avatar\/738fb281e479212ed32c1a21a4307dda9f3af9292edb6918a16c9ce9fff5f48d?s=96&d=mm&r=g","url":"https:\/\/secure.gravatar.com\/avatar\/738fb281e479212ed32c1a21a4307dda9f3af9292edb6918a16c9ce9fff5f48d?s=96&d=mm&r=g","contentUrl":"https:\/\/secure.gravatar.com\/avatar\/738fb281e479212ed32c1a21a4307dda9f3af9292edb6918a16c9ce9fff5f48d?s=96&d=mm&r=g","caption":"Prefeitos &amp; Gest\u00f5es"},"url":"https:\/\/prefeitosegestoes.com.br\/portal\/author\/prefeitosegestoes\/"}]}},"_links":{"self":[{"href":"https:\/\/prefeitosegestoes.com.br\/portal\/wp-json\/wp\/v2\/posts\/2241","targetHints":{"allow":["GET"]}}],"collection":[{"href":"https:\/\/prefeitosegestoes.com.br\/portal\/wp-json\/wp\/v2\/posts"}],"about":[{"href":"https:\/\/prefeitosegestoes.com.br\/portal\/wp-json\/wp\/v2\/types\/post"}],"author":[{"embeddable":true,"href":"https:\/\/prefeitosegestoes.com.br\/portal\/wp-json\/wp\/v2\/users\/2"}],"replies":[{"embeddable":true,"href":"https:\/\/prefeitosegestoes.com.br\/portal\/wp-json\/wp\/v2\/comments?post=2241"}],"version-history":[{"count":5,"href":"https:\/\/prefeitosegestoes.com.br\/portal\/wp-json\/wp\/v2\/posts\/2241\/revisions"}],"predecessor-version":[{"id":2248,"href":"https:\/\/prefeitosegestoes.com.br\/portal\/wp-json\/wp\/v2\/posts\/2241\/revisions\/2248"}],"wp:featuredmedia":[{"embeddable":true,"href":"https:\/\/prefeitosegestoes.com.br\/portal\/wp-json\/wp\/v2\/media\/2250"}],"wp:attachment":[{"href":"https:\/\/prefeitosegestoes.com.br\/portal\/wp-json\/wp\/v2\/media?parent=2241"}],"wp:term":[{"taxonomy":"category","embeddable":true,"href":"https:\/\/prefeitosegestoes.com.br\/portal\/wp-json\/wp\/v2\/categories?post=2241"},{"taxonomy":"post_tag","embeddable":true,"href":"https:\/\/prefeitosegestoes.com.br\/portal\/wp-json\/wp\/v2\/tags?post=2241"}],"curies":[{"name":"wp","href":"https:\/\/api.w.org\/{rel}","templated":true}]}}